{"id":4002,"date":"2018-05-24T19:13:58","date_gmt":"2018-05-24T17:13:58","guid":{"rendered":"http:\/\/blogs.elcomercio.es\/explorando-paraiso-moto\/?p=4002"},"modified":"2018-05-24T19:22:32","modified_gmt":"2018-05-24T17:22:32","slug":"santa-maria-del-naranco","status":"publish","type":"post","link":"https:\/\/blogs.elcomercio.es\/explorando-paraiso-moto\/2018\/05\/24\/santa-maria-del-naranco\/","title":{"rendered":"Santa Mar\u00eda del Naranco"},"content":{"rendered":"<p>Siguiendo mi periplo por el Prerrom\u00e1nico Asturiano, declarado Patrimonio de la Humanidad el 6 de diciembre de 1.985, en esta ocasi\u00f3n nos vamos hasta Oviedo para hacer una peque\u00f1a visita a uno de los edificios ubicado en la falda del monte Naranco. Quiz\u00e1s, el m\u00e1s representativo de este arte. Una singular construcci\u00f3n, sin una finalidad muy clara(palacio, iglesia, aula regia,..). Seguramente muchos ya habr\u00e1n adivinado su nombre: Santa Mar\u00eda del Naranco.<\/p>\n<p>&nbsp;<\/p>\n<p><a href=\"https:\/\/static-blogs.elcomercio.es\/wp-content\/uploads\/sites\/13\/2018\/05\/P5250082.jpg\"><img loading=\"lazy\" class=\"size-full wp-image-4004\" src=\"https:\/\/static-blogs.elcomercio.es\/wp-content\/uploads\/sites\/13\/2018\/05\/P5250082.jpg\" alt=\"OLYMPUS DIGITAL CAMERA\" width=\"600\" height=\"450\" srcset=\"https:\/\/static-blogs.elcomercio.es\/wp-content\/uploads\/sites\/13\/2018\/05\/P5250082.jpg 600w, https:\/\/static-blogs.elcomercio.es\/wp-content\/uploads\/sites\/13\/2018\/05\/P5250082-300x225.jpg 300w\" sizes=\"(max-width: 600px) 100vw, 600px\" \/><\/a><\/p>\n<p><!--more--><\/p>\n<p>&nbsp;<\/p>\n<p>Situado en la Avenida de los Monumentos en la capital asturiana, una visita hasta esta zona vendr\u00e1 siempre cargada de sorpresas. Por un lado, el entorno con el que nos encontraremos, se convierte en un\u00a0 pedacito de alfombra del para\u00edso. Por otro, viajaremos hasta la \u00e9poca de Ramiro I(S.IX) y exploraremos uno de los edificios mejor conservados de un arte \u00fanico en el mundo.<\/p>\n<p>&nbsp;<\/p>\n<p><a href=\"https:\/\/static-blogs.elcomercio.es\/wp-content\/uploads\/sites\/13\/2018\/05\/IMG_20150525_114723.jpg\"><img loading=\"lazy\" class=\"alignnone size-full wp-image-3988\" src=\"https:\/\/static-blogs.elcomercio.es\/wp-content\/uploads\/sites\/13\/2018\/05\/IMG_20150525_114723.jpg\" alt=\"santa maria del naranco\" width=\"600\" height=\"450\" srcset=\"https:\/\/static-blogs.elcomercio.es\/wp-content\/uploads\/sites\/13\/2018\/05\/IMG_20150525_114723.jpg 600w, https:\/\/static-blogs.elcomercio.es\/wp-content\/uploads\/sites\/13\/2018\/05\/IMG_20150525_114723-300x225.jpg 300w\" sizes=\"(max-width: 600px) 100vw, 600px\" \/><\/a><\/p>\n<p>&nbsp;<\/p>\n<p>Atravesando Oviedo en medio de un tr\u00e1fico poco fluido( al que, por cuestiones laborales, estoy m\u00e1s que acostumbrada), llego hasta el aparcamiento habilitado para la visita a San Miguel de Lillo y Santa Mar\u00eda. El cielo\u00a0 amenazaba lluvias pero, a pesar de ello y, consciente de que esto es Asturias, esa tarde &#8220;Trailera&#8221; y yo salimos a explorar a sabiendas de que, en cualquier momento, podr\u00edamos vernos inmersas en un aut\u00e9ntico chaparr\u00f3n.<\/p>\n<p>&nbsp;<\/p>\n<p><a href=\"https:\/\/static-blogs.elcomercio.es\/wp-content\/uploads\/sites\/13\/2018\/05\/IMG_20150525_104516.jpg\"><img loading=\"lazy\" class=\"alignnone size-full wp-image-3982\" src=\"https:\/\/static-blogs.elcomercio.es\/wp-content\/uploads\/sites\/13\/2018\/05\/IMG_20150525_104516.jpg\" alt=\"santa maria del naranco\" width=\"600\" height=\"450\" srcset=\"https:\/\/static-blogs.elcomercio.es\/wp-content\/uploads\/sites\/13\/2018\/05\/IMG_20150525_104516.jpg 600w, https:\/\/static-blogs.elcomercio.es\/wp-content\/uploads\/sites\/13\/2018\/05\/IMG_20150525_104516-300x225.jpg 300w\" sizes=\"(max-width: 600px) 100vw, 600px\" \/><\/a><\/p>\n<p>&nbsp;<\/p>\n<p><a href=\"https:\/\/static-blogs.elcomercio.es\/wp-content\/uploads\/sites\/13\/2018\/05\/IMG_20150525_104501.jpg\"><img loading=\"lazy\" class=\"alignnone size-full wp-image-3981\" src=\"https:\/\/static-blogs.elcomercio.es\/wp-content\/uploads\/sites\/13\/2018\/05\/IMG_20150525_104501.jpg\" alt=\"santa maria del naranco\" width=\"550\" height=\"412\" srcset=\"https:\/\/static-blogs.elcomercio.es\/wp-content\/uploads\/sites\/13\/2018\/05\/IMG_20150525_104501.jpg 550w, https:\/\/static-blogs.elcomercio.es\/wp-content\/uploads\/sites\/13\/2018\/05\/IMG_20150525_104501-300x225.jpg 300w\" sizes=\"(max-width: 550px) 100vw, 550px\" \/><\/a><\/p>\n<p>&nbsp;<\/p>\n<p><a href=\"https:\/\/static-blogs.elcomercio.es\/wp-content\/uploads\/sites\/13\/2018\/05\/IMG_20150525_104912.jpg\"><img loading=\"lazy\" class=\"alignnone size-full wp-image-3983\" src=\"https:\/\/static-blogs.elcomercio.es\/wp-content\/uploads\/sites\/13\/2018\/05\/IMG_20150525_104912.jpg\" alt=\"santa maria del naranco\" width=\"400\" height=\"533\" srcset=\"https:\/\/static-blogs.elcomercio.es\/wp-content\/uploads\/sites\/13\/2018\/05\/IMG_20150525_104912.jpg 400w, https:\/\/static-blogs.elcomercio.es\/wp-content\/uploads\/sites\/13\/2018\/05\/IMG_20150525_104912-225x300.jpg 225w\" sizes=\"(max-width: 400px) 100vw, 400px\" \/><\/a><\/p>\n<p>&nbsp;<\/p>\n<p>Como no pod\u00eda ser de otra forma y algo bastante usual, era compartir el momento con alg\u00fan que otro grupo de turistas disfrutando de esta belleza.<\/p>\n<p>&nbsp;<\/p>\n<p><a href=\"https:\/\/static-blogs.elcomercio.es\/wp-content\/uploads\/sites\/13\/2018\/05\/IMG_20150525_114116.jpg\"><img loading=\"lazy\" class=\"alignnone size-full wp-image-3987\" src=\"https:\/\/static-blogs.elcomercio.es\/wp-content\/uploads\/sites\/13\/2018\/05\/IMG_20150525_114116.jpg\" alt=\"santa maria del naranco\" width=\"350\" height=\"466\" srcset=\"https:\/\/static-blogs.elcomercio.es\/wp-content\/uploads\/sites\/13\/2018\/05\/IMG_20150525_114116.jpg 350w, https:\/\/static-blogs.elcomercio.es\/wp-content\/uploads\/sites\/13\/2018\/05\/IMG_20150525_114116-225x300.jpg 225w\" sizes=\"(max-width: 350px) 100vw, 350px\" \/><\/a><\/p>\n<p>&nbsp;<\/p>\n<p>Es destacable su verticalidad(11 metros de altura) y, ante tal grandiosidad, lo normal es sentirse diminuta.<\/p>\n<p>&nbsp;<\/p>\n<p><a href=\"https:\/\/static-blogs.elcomercio.es\/wp-content\/uploads\/sites\/13\/2018\/05\/P5250070.jpg\"><img loading=\"lazy\" class=\"size-full wp-image-3992\" src=\"https:\/\/static-blogs.elcomercio.es\/wp-content\/uploads\/sites\/13\/2018\/05\/P5250070.jpg\" alt=\"santa maria del naranco\" width=\"650\" height=\"487\" srcset=\"https:\/\/static-blogs.elcomercio.es\/wp-content\/uploads\/sites\/13\/2018\/05\/P5250070.jpg 650w, https:\/\/static-blogs.elcomercio.es\/wp-content\/uploads\/sites\/13\/2018\/05\/P5250070-300x225.jpg 300w\" sizes=\"(max-width: 650px) 100vw, 650px\" \/><\/a><\/p>\n<p>&nbsp;<\/p>\n<p><a href=\"https:\/\/static-blogs.elcomercio.es\/wp-content\/uploads\/sites\/13\/2018\/05\/IMG_20150525_112800.jpg\"><img loading=\"lazy\" class=\"alignnone size-full wp-image-3984\" src=\"https:\/\/static-blogs.elcomercio.es\/wp-content\/uploads\/sites\/13\/2018\/05\/IMG_20150525_112800.jpg\" alt=\"SANTA MARIA DEL NARANCO\" width=\"600\" height=\"450\" srcset=\"https:\/\/static-blogs.elcomercio.es\/wp-content\/uploads\/sites\/13\/2018\/05\/IMG_20150525_112800.jpg 600w, https:\/\/static-blogs.elcomercio.es\/wp-content\/uploads\/sites\/13\/2018\/05\/IMG_20150525_112800-300x225.jpg 300w\" sizes=\"(max-width: 600px) 100vw, 600px\" \/><\/a><\/p>\n<p>&nbsp;<\/p>\n<p>Para la informaci\u00f3n acerca de su construcci\u00f3n, caracter\u00edsticas, estilo,&#8230;les dejo el siguiente enlace:<a href=\"http:\/\/www.turismo-prerromanico.com\/monumento\/santa-maria-del-naranco-20130115191257\/#ad-image-0\" target=\"_blank\" rel=\"external nofollow\"> Turismo Prerrom\u00e1nico<\/a>.<\/p>\n<p>Detalles que no pueden pasar desapercibidos,&#8230;<\/p>\n<p>&nbsp;<\/p>\n<p><a href=\"https:\/\/static-blogs.elcomercio.es\/wp-content\/uploads\/sites\/13\/2018\/05\/P5250087.jpg\"><img loading=\"lazy\" class=\"size-full wp-image-3997\" src=\"https:\/\/static-blogs.elcomercio.es\/wp-content\/uploads\/sites\/13\/2018\/05\/P5250087.jpg\" alt=\"santa maria del naranco\" width=\"650\" height=\"487\" srcset=\"https:\/\/static-blogs.elcomercio.es\/wp-content\/uploads\/sites\/13\/2018\/05\/P5250087.jpg 650w, https:\/\/static-blogs.elcomercio.es\/wp-content\/uploads\/sites\/13\/2018\/05\/P5250087-300x225.jpg 300w\" sizes=\"(max-width: 650px) 100vw, 650px\" \/><\/a><\/p>\n<p>&nbsp;<\/p>\n<p><a href=\"https:\/\/static-blogs.elcomercio.es\/wp-content\/uploads\/sites\/13\/2018\/05\/P5250084.jpg\"><img loading=\"lazy\" class=\"size-full wp-image-3996\" src=\"https:\/\/static-blogs.elcomercio.es\/wp-content\/uploads\/sites\/13\/2018\/05\/P5250084.jpg\" alt=\"santa maria del naranco\" width=\"550\" height=\"412\" srcset=\"https:\/\/static-blogs.elcomercio.es\/wp-content\/uploads\/sites\/13\/2018\/05\/P5250084.jpg 550w, https:\/\/static-blogs.elcomercio.es\/wp-content\/uploads\/sites\/13\/2018\/05\/P5250084-300x225.jpg 300w\" sizes=\"(max-width: 550px) 100vw, 550px\" \/><\/a><\/p>\n<p>&nbsp;<\/p>\n<p><a href=\"https:\/\/static-blogs.elcomercio.es\/wp-content\/uploads\/sites\/13\/2018\/05\/P5250079.jpg\"><img loading=\"lazy\" class=\"size-full wp-image-3995\" src=\"https:\/\/static-blogs.elcomercio.es\/wp-content\/uploads\/sites\/13\/2018\/05\/P5250079.jpg\" alt=\"santa maria del naranco\" width=\"600\" height=\"450\" srcset=\"https:\/\/static-blogs.elcomercio.es\/wp-content\/uploads\/sites\/13\/2018\/05\/P5250079.jpg 600w, https:\/\/static-blogs.elcomercio.es\/wp-content\/uploads\/sites\/13\/2018\/05\/P5250079-300x225.jpg 300w\" sizes=\"(max-width: 600px) 100vw, 600px\" \/><\/a><\/p>\n<p>&nbsp;<\/p>\n<p>Desde aqu\u00ed gozaremos de unas impresionantes vistas de la capital,..<\/p>\n<p>&nbsp;<\/p>\n<p><a href=\"https:\/\/static-blogs.elcomercio.es\/wp-content\/uploads\/sites\/13\/2018\/05\/IMG_20150525_113336.jpg\"><img loading=\"lazy\" class=\"size-full wp-image-3986\" src=\"https:\/\/static-blogs.elcomercio.es\/wp-content\/uploads\/sites\/13\/2018\/05\/IMG_20150525_113336.jpg\" alt=\"santa maria del naranco\" width=\"350\" height=\"466\" srcset=\"https:\/\/static-blogs.elcomercio.es\/wp-content\/uploads\/sites\/13\/2018\/05\/IMG_20150525_113336.jpg 350w, https:\/\/static-blogs.elcomercio.es\/wp-content\/uploads\/sites\/13\/2018\/05\/IMG_20150525_113336-225x300.jpg 225w\" sizes=\"(max-width: 350px) 100vw, 350px\" \/><\/a><\/p>\n<p>&nbsp;<\/p>\n<p><a href=\"https:\/\/static-blogs.elcomercio.es\/wp-content\/uploads\/sites\/13\/2018\/05\/IMG_20150525_113307.jpg\"><img loading=\"lazy\" class=\"alignnone size-full wp-image-3985\" src=\"https:\/\/static-blogs.elcomercio.es\/wp-content\/uploads\/sites\/13\/2018\/05\/IMG_20150525_113307.jpg\" alt=\"santa maria del naranco\" width=\"350\" height=\"466\" srcset=\"https:\/\/static-blogs.elcomercio.es\/wp-content\/uploads\/sites\/13\/2018\/05\/IMG_20150525_113307.jpg 350w, https:\/\/static-blogs.elcomercio.es\/wp-content\/uploads\/sites\/13\/2018\/05\/IMG_20150525_113307-225x300.jpg 225w\" sizes=\"(max-width: 350px) 100vw, 350px\" \/><\/a><\/p>\n<p>&nbsp;<\/p>\n<p>En las proximidades, un pajarito adorna el silencio con su cantar y decido alejarme un poquito para poder apreciar mejor el lugar,&#8230;<\/p>\n<p>&nbsp;<\/p>\n<p><a href=\"https:\/\/static-blogs.elcomercio.es\/wp-content\/uploads\/sites\/13\/2018\/05\/P5250062.jpg\"><img loading=\"lazy\" class=\"size-full wp-image-3991\" src=\"https:\/\/static-blogs.elcomercio.es\/wp-content\/uploads\/sites\/13\/2018\/05\/P5250062.jpg\" alt=\"santa maria del naranco\" width=\"600\" height=\"450\" srcset=\"https:\/\/static-blogs.elcomercio.es\/wp-content\/uploads\/sites\/13\/2018\/05\/P5250062.jpg 600w, https:\/\/static-blogs.elcomercio.es\/wp-content\/uploads\/sites\/13\/2018\/05\/P5250062-300x225.jpg 300w\" sizes=\"(max-width: 600px) 100vw, 600px\" \/><\/a><\/p>\n<p>&nbsp;<\/p>\n<p>Para poder volver a acercarme y fotografiar un edificio, que es todo un s\u00edmbolo de nuestra tierrina y cuya visita recomiendo porque, si por algo somos afortunados, es por tener algo \u00fanico, tan al alcance de nuestras manos.<\/p>\n<p>Espero que os haya gustado. V\u00b4SSSS.<\/p>\n<p>&nbsp;<\/p>\n<!-- AddThis Advanced Settings generic via filter on the_content --><!-- AddThis Share Buttons generic via filter on the_content -->","protected":false},"excerpt":{"rendered":"<p>Siguiendo mi periplo por el Prerrom\u00e1nico Asturiano, declarado Patrimonio de la Humanidad el 6 de diciembre de 1.985, en esta ocasi\u00f3n nos vamos hasta Oviedo para hacer una peque\u00f1a visita a uno de los edificios ubicado en la falda del monte Naranco. Quiz\u00e1s, el m\u00e1s representativo de este arte. Una singular construcci\u00f3n, sin una finalidad [&hellip;]<!-- AddThis Advanced Settings generic via filter on get_the_excerpt --><!-- AddThis Share Buttons generic via filter on get_the_excerpt --><\/p>\n","protected":false},"author":14,"featured_media":3992,"comment_status":"open","ping_status":"closed","sticky":false,"template":"","format":"standard","meta":[],"categories":[49],"tags":[430,638,691,763,872,916],"_links":{"self":[{"href":"https:\/\/blogs.elcomercio.es\/explorando-paraiso-moto\/wp-json\/wp\/v2\/posts\/4002"}],"collection":[{"href":"https:\/\/blogs.elcomercio.es\/explorando-paraiso-moto\/wp-json\/wp\/v2\/posts"}],"about":[{"href":"https:\/\/blogs.elcomercio.es\/explorando-paraiso-moto\/wp-json\/wp\/v2\/types\/post"}],"author":[{"embeddable":true,"href":"https:\/\/blogs.elcomercio.es\/explorando-paraiso-moto\/wp-json\/wp\/v2\/users\/14"}],"replies":[{"embeddable":true,"href":"https:\/\/blogs.elcomercio.es\/explorando-paraiso-moto\/wp-json\/wp\/v2\/comments?post=4002"}],"version-history":[{"count":6,"href":"https:\/\/blogs.elcomercio.es\/explorando-paraiso-moto\/wp-json\/wp\/v2\/posts\/4002\/revisions"}],"predecessor-version":[{"id":4009,"href":"https:\/\/blogs.elcomercio.es\/explorando-paraiso-moto\/wp-json\/wp\/v2\/posts\/4002\/revisions\/4009"}],"wp:featuredmedia":[{"embeddable":true,"href":"https:\/\/blogs.elcomercio.es\/explorando-paraiso-moto\/wp-json\/wp\/v2\/media\/3992"}],"wp:attachment":[{"href":"https:\/\/blogs.elcomercio.es\/explorando-paraiso-moto\/wp-json\/wp\/v2\/media?parent=4002"}],"wp:term":[{"taxonomy":"category","embeddable":true,"href":"https:\/\/blogs.elcomercio.es\/explorando-paraiso-moto\/wp-json\/wp\/v2\/categories?post=4002"},{"taxonomy":"post_tag","embeddable":true,"href":"https:\/\/blogs.elcomercio.es\/explorando-paraiso-moto\/wp-json\/wp\/v2\/tags?post=4002"}],"curies":[{"name":"wp","href":"https:\/\/api.w.org\/{rel}","templated":true}]}}