{"id":4129,"date":"2018-10-04T13:42:12","date_gmt":"2018-10-04T11:42:12","guid":{"rendered":"https:\/\/blogs.elcomercio.es\/explorando-paraiso-moto\/?p=4129"},"modified":"2018-10-04T22:46:04","modified_gmt":"2018-10-04T20:46:04","slug":"bezanes-en-el-corazon-de-redes","status":"publish","type":"post","link":"https:\/\/blogs.elcomercio.es\/explorando-paraiso-moto\/2018\/10\/04\/bezanes-en-el-corazon-de-redes\/","title":{"rendered":"Bezanes, en el coraz\u00f3n de Redes"},"content":{"rendered":"<hr \/>\n<p>Con el silencio como protagonista, el olor a madera y el taconeo de las\u00a0 madre\u00f1as de un anciano lugare\u00f1o, inici\u00e9 una ruta, o m\u00e1s bien, un peque\u00f1o paseo por uno de los lugares que m\u00e1s me ha causado expectaci\u00f3n y sorpresa a la hora de explorarlo. De dimensiones mucho m\u00e1s amplias de lo que, a primera vista se puede apreciar desde la carretera AS-117, a cuya vera se encuentra, esta joya del Parque Natural de Redes, declarado Reserva de la Biosfera desde el a\u00f1o 2.001, me recibi\u00f3 aprisionada por un sofocante calor en pleno mes de septiembre.<\/p>\n<p>&nbsp;<\/p>\n<p><a href=\"https:\/\/static-blogs.elcomercio.es\/wp-content\/uploads\/sites\/13\/2018\/09\/IMG_20180910_125929.jpg\"><img loading=\"lazy\" class=\"alignnone size-full wp-image-4126\" src=\"https:\/\/static-blogs.elcomercio.es\/wp-content\/uploads\/sites\/13\/2018\/09\/IMG_20180910_125929.jpg\" alt=\"Bezanes\" width=\"722\" height=\"547\" srcset=\"https:\/\/static-blogs.elcomercio.es\/wp-content\/uploads\/sites\/13\/2018\/09\/IMG_20180910_125929.jpg 722w, https:\/\/static-blogs.elcomercio.es\/wp-content\/uploads\/sites\/13\/2018\/09\/IMG_20180910_125929-300x227.jpg 300w\" sizes=\"(max-width: 722px) 100vw, 722px\" \/><\/a><\/p>\n<p><!--more--><\/p>\n<p>&nbsp;<\/p>\n<p>Elevadas temperaturas y la hora de la siesta, la cual, algunos no quisieron perderse,&#8230;<\/p>\n<p>&nbsp;<\/p>\n<p><a href=\"https:\/\/static-blogs.elcomercio.es\/wp-content\/uploads\/sites\/13\/2018\/09\/IMG_0848.jpg\"><img loading=\"lazy\" class=\"alignnone size-full wp-image-4121\" src=\"https:\/\/static-blogs.elcomercio.es\/wp-content\/uploads\/sites\/13\/2018\/09\/IMG_0848.jpg\" alt=\"Bezanes\" width=\"620\" height=\"420\" srcset=\"https:\/\/static-blogs.elcomercio.es\/wp-content\/uploads\/sites\/13\/2018\/09\/IMG_0848.jpg 620w, https:\/\/static-blogs.elcomercio.es\/wp-content\/uploads\/sites\/13\/2018\/09\/IMG_0848-300x203.jpg 300w\" sizes=\"(max-width: 620px) 100vw, 620px\" \/><\/a><\/p>\n<p>&nbsp;<\/p>\n<p><a href=\"https:\/\/static-blogs.elcomercio.es\/wp-content\/uploads\/sites\/13\/2018\/09\/IMG_0808.jpg\"><img loading=\"lazy\" class=\"alignnone size-full wp-image-4106\" src=\"https:\/\/static-blogs.elcomercio.es\/wp-content\/uploads\/sites\/13\/2018\/09\/IMG_0808.jpg\" alt=\"Bezanes\" width=\"620\" height=\"420\" srcset=\"https:\/\/static-blogs.elcomercio.es\/wp-content\/uploads\/sites\/13\/2018\/09\/IMG_0808.jpg 620w, https:\/\/static-blogs.elcomercio.es\/wp-content\/uploads\/sites\/13\/2018\/09\/IMG_0808-300x203.jpg 300w\" sizes=\"(max-width: 620px) 100vw, 620px\" \/><\/a><\/p>\n<p>&nbsp;<\/p>\n<p>Su plaza, hoy, est\u00e1 vac\u00eda,&#8230;<\/p>\n<p>&nbsp;<\/p>\n<p><a href=\"https:\/\/static-blogs.elcomercio.es\/wp-content\/uploads\/sites\/13\/2018\/09\/IMG_0849.jpg\"><img loading=\"lazy\" class=\"alignnone size-full wp-image-4122\" src=\"https:\/\/static-blogs.elcomercio.es\/wp-content\/uploads\/sites\/13\/2018\/09\/IMG_0849.jpg\" alt=\"Bezanes\" width=\"620\" height=\"420\" srcset=\"https:\/\/static-blogs.elcomercio.es\/wp-content\/uploads\/sites\/13\/2018\/09\/IMG_0849.jpg 620w, https:\/\/static-blogs.elcomercio.es\/wp-content\/uploads\/sites\/13\/2018\/09\/IMG_0849-300x203.jpg 300w\" sizes=\"(max-width: 620px) 100vw, 620px\" \/><\/a><\/p>\n<p>&nbsp;<\/p>\n<p>A pocos metros, unas mujeres murmullan sobre mi presencia. No tard\u00f3 en arrimarse un se\u00f1or que, recalcando que vive en Madrid pero que pasa unos meses en Bezanes, deber\u00eda haber estado por el pueblo el mes pasado para haber disfrutado en primera persona de la vidilla que ahora mismo, no parec\u00eda tener. Sobre los tejados, asomaba la extraordinaria belleza de un lugar m\u00e1gico,&#8230;<\/p>\n<p>&nbsp;<\/p>\n<p><a href=\"https:\/\/static-blogs.elcomercio.es\/wp-content\/uploads\/sites\/13\/2018\/09\/IMG_0853.jpg\"><img loading=\"lazy\" class=\"alignnone size-full wp-image-4125\" src=\"https:\/\/static-blogs.elcomercio.es\/wp-content\/uploads\/sites\/13\/2018\/09\/IMG_0853.jpg\" alt=\"Bezanes\" width=\"620\" height=\"420\" srcset=\"https:\/\/static-blogs.elcomercio.es\/wp-content\/uploads\/sites\/13\/2018\/09\/IMG_0853.jpg 620w, https:\/\/static-blogs.elcomercio.es\/wp-content\/uploads\/sites\/13\/2018\/09\/IMG_0853-300x203.jpg 300w\" sizes=\"(max-width: 620px) 100vw, 620px\" \/><\/a><\/p>\n<p>&nbsp;<\/p>\n<p><a href=\"https:\/\/static-blogs.elcomercio.es\/wp-content\/uploads\/sites\/13\/2018\/09\/IMG_0832.jpg\"><img loading=\"lazy\" class=\"alignnone size-full wp-image-4117\" src=\"https:\/\/static-blogs.elcomercio.es\/wp-content\/uploads\/sites\/13\/2018\/09\/IMG_0832.jpg\" alt=\"Bezanes\" width=\"620\" height=\"420\" srcset=\"https:\/\/static-blogs.elcomercio.es\/wp-content\/uploads\/sites\/13\/2018\/09\/IMG_0832.jpg 620w, https:\/\/static-blogs.elcomercio.es\/wp-content\/uploads\/sites\/13\/2018\/09\/IMG_0832-300x203.jpg 300w\" sizes=\"(max-width: 620px) 100vw, 620px\" \/><\/a><\/p>\n<p>&nbsp;<\/p>\n<p>Y, mientras, all\u00ed estaba yo, espiando y tratando de empaparme del tesoro que escond\u00eda ese amplio p\u00e1rking en el cual estacion\u00e9 a mi &#8220;Trailera&#8221; &#8230;<\/p>\n<p>&nbsp;<\/p>\n<p><a href=\"https:\/\/static-blogs.elcomercio.es\/wp-content\/uploads\/sites\/13\/2018\/09\/IMG_20180910_131004-crop.jpg\"><img loading=\"lazy\" class=\"alignnone size-full wp-image-4128\" src=\"https:\/\/static-blogs.elcomercio.es\/wp-content\/uploads\/sites\/13\/2018\/09\/IMG_20180910_131004-crop.jpg\" alt=\"bezanes\" width=\"473\" height=\"357\" srcset=\"https:\/\/static-blogs.elcomercio.es\/wp-content\/uploads\/sites\/13\/2018\/09\/IMG_20180910_131004-crop.jpg 473w, https:\/\/static-blogs.elcomercio.es\/wp-content\/uploads\/sites\/13\/2018\/09\/IMG_20180910_131004-crop-300x226.jpg 300w\" sizes=\"(max-width: 473px) 100vw, 473px\" \/><\/a><\/p>\n<p>&nbsp;<\/p>\n<p>Algunos son previsores y les gusta ir prepar\u00e1ndose ya para el invierno,..<\/p>\n<p>&nbsp;<\/p>\n<p><a href=\"https:\/\/static-blogs.elcomercio.es\/wp-content\/uploads\/sites\/13\/2018\/09\/IMG_0829.jpg\"><img loading=\"lazy\" class=\"alignnone size-full wp-image-4116\" src=\"https:\/\/static-blogs.elcomercio.es\/wp-content\/uploads\/sites\/13\/2018\/09\/IMG_0829.jpg\" alt=\"Bezanes\" width=\"620\" height=\"420\" srcset=\"https:\/\/static-blogs.elcomercio.es\/wp-content\/uploads\/sites\/13\/2018\/09\/IMG_0829.jpg 620w, https:\/\/static-blogs.elcomercio.es\/wp-content\/uploads\/sites\/13\/2018\/09\/IMG_0829-300x203.jpg 300w\" sizes=\"(max-width: 620px) 100vw, 620px\" \/><\/a><\/p>\n<p>&nbsp;<\/p>\n<p>Otros, en cambio, prefieren seguir disfrutando de los d\u00edas soleados y nos recuerdan que a\u00fan es tiempo de flores,&#8230;<\/p>\n<p>&nbsp;<\/p>\n<p><a href=\"https:\/\/static-blogs.elcomercio.es\/wp-content\/uploads\/sites\/13\/2018\/09\/IMG_0841.jpg\"><img loading=\"lazy\" class=\"alignnone size-full wp-image-4119\" src=\"https:\/\/static-blogs.elcomercio.es\/wp-content\/uploads\/sites\/13\/2018\/09\/IMG_0841.jpg\" alt=\"Bezanes\" width=\"620\" height=\"420\" srcset=\"https:\/\/static-blogs.elcomercio.es\/wp-content\/uploads\/sites\/13\/2018\/09\/IMG_0841.jpg 620w, https:\/\/static-blogs.elcomercio.es\/wp-content\/uploads\/sites\/13\/2018\/09\/IMG_0841-300x203.jpg 300w\" sizes=\"(max-width: 620px) 100vw, 620px\" \/><\/a><\/p>\n<p>&nbsp;<\/p>\n<p><a href=\"https:\/\/static-blogs.elcomercio.es\/wp-content\/uploads\/sites\/13\/2018\/09\/IMG_0789.jpg\"><img loading=\"lazy\" class=\"alignnone size-full wp-image-4102\" src=\"https:\/\/static-blogs.elcomercio.es\/wp-content\/uploads\/sites\/13\/2018\/09\/IMG_0789.jpg\" alt=\"Bezanes\" width=\"620\" height=\"420\" srcset=\"https:\/\/static-blogs.elcomercio.es\/wp-content\/uploads\/sites\/13\/2018\/09\/IMG_0789.jpg 620w, https:\/\/static-blogs.elcomercio.es\/wp-content\/uploads\/sites\/13\/2018\/09\/IMG_0789-300x203.jpg 300w\" sizes=\"(max-width: 620px) 100vw, 620px\" \/><\/a><\/p>\n<p>&nbsp;<\/p>\n<p>Son abundantes los ejemplos de arquitectura tradicional,&#8230;<\/p>\n<p>&nbsp;<\/p>\n<p><a href=\"https:\/\/static-blogs.elcomercio.es\/wp-content\/uploads\/sites\/13\/2018\/09\/IMG_0827.jpg\"><img loading=\"lazy\" class=\"alignnone size-full wp-image-4114\" src=\"https:\/\/static-blogs.elcomercio.es\/wp-content\/uploads\/sites\/13\/2018\/09\/IMG_0827.jpg\" alt=\"Bezanes\" width=\"620\" height=\"420\" srcset=\"https:\/\/static-blogs.elcomercio.es\/wp-content\/uploads\/sites\/13\/2018\/09\/IMG_0827.jpg 620w, https:\/\/static-blogs.elcomercio.es\/wp-content\/uploads\/sites\/13\/2018\/09\/IMG_0827-300x203.jpg 300w\" sizes=\"(max-width: 620px) 100vw, 620px\" \/><\/a><\/p>\n<p>&nbsp;<\/p>\n<p><a href=\"https:\/\/static-blogs.elcomercio.es\/wp-content\/uploads\/sites\/13\/2018\/09\/IMG_0828.jpg\"><img loading=\"lazy\" class=\"alignnone size-full wp-image-4115\" src=\"https:\/\/static-blogs.elcomercio.es\/wp-content\/uploads\/sites\/13\/2018\/09\/IMG_0828.jpg\" alt=\"Bezanes\" width=\"620\" height=\"420\" srcset=\"https:\/\/static-blogs.elcomercio.es\/wp-content\/uploads\/sites\/13\/2018\/09\/IMG_0828.jpg 620w, https:\/\/static-blogs.elcomercio.es\/wp-content\/uploads\/sites\/13\/2018\/09\/IMG_0828-300x203.jpg 300w\" sizes=\"(max-width: 620px) 100vw, 620px\" \/><\/a><\/p>\n<p>&nbsp;<\/p>\n<p>Y cada rinc\u00f3n es \u00fanico,.. Una peque\u00f1a muestra de nuestro para\u00edso asturiano,..<\/p>\n<p>&nbsp;<\/p>\n<p><a href=\"https:\/\/static-blogs.elcomercio.es\/wp-content\/uploads\/sites\/13\/2018\/09\/IMG_0821.jpg\"><img loading=\"lazy\" class=\"alignnone size-full wp-image-4112\" src=\"https:\/\/static-blogs.elcomercio.es\/wp-content\/uploads\/sites\/13\/2018\/09\/IMG_0821.jpg\" alt=\"Bezanes\" width=\"620\" height=\"420\" srcset=\"https:\/\/static-blogs.elcomercio.es\/wp-content\/uploads\/sites\/13\/2018\/09\/IMG_0821.jpg 620w, https:\/\/static-blogs.elcomercio.es\/wp-content\/uploads\/sites\/13\/2018\/09\/IMG_0821-300x203.jpg 300w\" sizes=\"(max-width: 620px) 100vw, 620px\" \/><\/a><\/p>\n<p>&nbsp;<\/p>\n<p><a href=\"https:\/\/static-blogs.elcomercio.es\/wp-content\/uploads\/sites\/13\/2018\/09\/IMG_0811.jpg\"><img loading=\"lazy\" class=\"alignnone size-full wp-image-4108\" src=\"https:\/\/static-blogs.elcomercio.es\/wp-content\/uploads\/sites\/13\/2018\/09\/IMG_0811.jpg\" alt=\"Bezanes\" width=\"620\" height=\"420\" srcset=\"https:\/\/static-blogs.elcomercio.es\/wp-content\/uploads\/sites\/13\/2018\/09\/IMG_0811.jpg 620w, https:\/\/static-blogs.elcomercio.es\/wp-content\/uploads\/sites\/13\/2018\/09\/IMG_0811-300x203.jpg 300w\" sizes=\"(max-width: 620px) 100vw, 620px\" \/><\/a><\/p>\n<p>&nbsp;<\/p>\n<p><a href=\"https:\/\/static-blogs.elcomercio.es\/wp-content\/uploads\/sites\/13\/2018\/09\/IMG_0839.jpg\"><img loading=\"lazy\" class=\"alignnone size-full wp-image-4118\" src=\"https:\/\/static-blogs.elcomercio.es\/wp-content\/uploads\/sites\/13\/2018\/09\/IMG_0839.jpg\" alt=\"Bezanes\" width=\"620\" height=\"420\" srcset=\"https:\/\/static-blogs.elcomercio.es\/wp-content\/uploads\/sites\/13\/2018\/09\/IMG_0839.jpg 620w, https:\/\/static-blogs.elcomercio.es\/wp-content\/uploads\/sites\/13\/2018\/09\/IMG_0839-300x203.jpg 300w\" sizes=\"(max-width: 620px) 100vw, 620px\" \/><\/a><\/p>\n<p>&nbsp;<\/p>\n<p><a href=\"https:\/\/static-blogs.elcomercio.es\/wp-content\/uploads\/sites\/13\/2018\/09\/IMG_0845.jpg\"><img loading=\"lazy\" class=\"alignnone size-full wp-image-4120\" src=\"https:\/\/static-blogs.elcomercio.es\/wp-content\/uploads\/sites\/13\/2018\/09\/IMG_0845.jpg\" alt=\"Bezanes\" width=\"620\" height=\"420\" srcset=\"https:\/\/static-blogs.elcomercio.es\/wp-content\/uploads\/sites\/13\/2018\/09\/IMG_0845.jpg 620w, https:\/\/static-blogs.elcomercio.es\/wp-content\/uploads\/sites\/13\/2018\/09\/IMG_0845-300x203.jpg 300w\" sizes=\"(max-width: 620px) 100vw, 620px\" \/><\/a><\/p>\n<p>&nbsp;<\/p>\n<p>No pueden faltar los detalles que siempre trato de encontrar en los pueblos de la tierrina,..<\/p>\n<p>&nbsp;<\/p>\n<p><a href=\"https:\/\/static-blogs.elcomercio.es\/wp-content\/uploads\/sites\/13\/2018\/09\/IMG_0817.jpg\"><img loading=\"lazy\" class=\"alignnone size-full wp-image-4111\" src=\"https:\/\/static-blogs.elcomercio.es\/wp-content\/uploads\/sites\/13\/2018\/09\/IMG_0817.jpg\" alt=\"Bezanes\" width=\"620\" height=\"420\" srcset=\"https:\/\/static-blogs.elcomercio.es\/wp-content\/uploads\/sites\/13\/2018\/09\/IMG_0817.jpg 620w, https:\/\/static-blogs.elcomercio.es\/wp-content\/uploads\/sites\/13\/2018\/09\/IMG_0817-300x203.jpg 300w\" sizes=\"(max-width: 620px) 100vw, 620px\" \/><\/a><\/p>\n<p>&nbsp;<\/p>\n<p><a href=\"https:\/\/static-blogs.elcomercio.es\/wp-content\/uploads\/sites\/13\/2018\/09\/IMG_0794.jpg\"><img loading=\"lazy\" class=\"alignnone size-full wp-image-4104\" src=\"https:\/\/static-blogs.elcomercio.es\/wp-content\/uploads\/sites\/13\/2018\/09\/IMG_0794.jpg\" alt=\"Bezanes\" width=\"620\" height=\"420\" srcset=\"https:\/\/static-blogs.elcomercio.es\/wp-content\/uploads\/sites\/13\/2018\/09\/IMG_0794.jpg 620w, https:\/\/static-blogs.elcomercio.es\/wp-content\/uploads\/sites\/13\/2018\/09\/IMG_0794-300x203.jpg 300w\" sizes=\"(max-width: 620px) 100vw, 620px\" \/><\/a><\/p>\n<p>&nbsp;<\/p>\n<p>Aunque, sorprendentemente, encontr\u00e9 unos que me llamaron mucho la atenci\u00f3n y que, poco despu\u00e9s, descubrir\u00eda(gracias a Tinosyn)\u00a0 que fueron colocados all\u00ed por Marcos A.Castro, un &#8220;overlander&#8221; al que el mundo se le est\u00e1 quedando peque\u00f1o y para el cual no existen fronteras, solo sue\u00f1os, viajes.<\/p>\n<p>&nbsp;<\/p>\n<p><a href=\"https:\/\/static-blogs.elcomercio.es\/wp-content\/uploads\/sites\/13\/2018\/09\/IMG_0815.jpg\"><img loading=\"lazy\" class=\"alignnone size-full wp-image-4109\" src=\"https:\/\/static-blogs.elcomercio.es\/wp-content\/uploads\/sites\/13\/2018\/09\/IMG_0815.jpg\" alt=\"Bezanes\" width=\"620\" height=\"420\" srcset=\"https:\/\/static-blogs.elcomercio.es\/wp-content\/uploads\/sites\/13\/2018\/09\/IMG_0815.jpg 620w, https:\/\/static-blogs.elcomercio.es\/wp-content\/uploads\/sites\/13\/2018\/09\/IMG_0815-300x203.jpg 300w\" sizes=\"(max-width: 620px) 100vw, 620px\" \/><\/a><\/p>\n<p>&nbsp;<\/p>\n<p>Y es que en este bello pueblo de Caso, sus habitantes parecen ser muy internacionales,..Y as\u00ed nos lo hacen saber,&#8230;<\/p>\n<p>&nbsp;<\/p>\n<p><a href=\"https:\/\/static-blogs.elcomercio.es\/wp-content\/uploads\/sites\/13\/2018\/09\/IMG_0816.jpg\"><img loading=\"lazy\" class=\"alignnone size-full wp-image-4110\" src=\"https:\/\/static-blogs.elcomercio.es\/wp-content\/uploads\/sites\/13\/2018\/09\/IMG_0816.jpg\" alt=\"Bezanes\" width=\"220\" height=\"320\" srcset=\"https:\/\/static-blogs.elcomercio.es\/wp-content\/uploads\/sites\/13\/2018\/09\/IMG_0816.jpg 220w, https:\/\/static-blogs.elcomercio.es\/wp-content\/uploads\/sites\/13\/2018\/09\/IMG_0816-206x300.jpg 206w\" sizes=\"(max-width: 220px) 100vw, 220px\" \/><\/a><\/p>\n<p>&nbsp;<\/p>\n<p>Punto de inicio hacia la <a href=\"http:\/\/branagallones.com\/\" target=\"_blank\" rel=\"external nofollow\">Vega de Bra\u00f1agallones<\/a>, a la entrada del pueblo encontraremos un cartel con la descripci\u00f3n de la ruta,&#8230; No hay cabida para el aburrimiento,&#8230;<\/p>\n<p>&nbsp;<\/p>\n<p><a href=\"https:\/\/static-blogs.elcomercio.es\/wp-content\/uploads\/sites\/13\/2018\/09\/IMG_0779.jpg\"><img loading=\"lazy\" class=\"alignnone size-full wp-image-4101\" src=\"https:\/\/static-blogs.elcomercio.es\/wp-content\/uploads\/sites\/13\/2018\/09\/IMG_0779.jpg\" alt=\"Bezanes\" width=\"620\" height=\"420\" srcset=\"https:\/\/static-blogs.elcomercio.es\/wp-content\/uploads\/sites\/13\/2018\/09\/IMG_0779.jpg 620w, https:\/\/static-blogs.elcomercio.es\/wp-content\/uploads\/sites\/13\/2018\/09\/IMG_0779-300x203.jpg 300w\" sizes=\"(max-width: 620px) 100vw, 620px\" \/><\/a><\/p>\n<p>&nbsp;<\/p>\n<p><a href=\"https:\/\/static-blogs.elcomercio.es\/wp-content\/uploads\/sites\/13\/2018\/09\/IMG_0823.jpg\"><img loading=\"lazy\" class=\"alignnone size-full wp-image-4113\" src=\"https:\/\/static-blogs.elcomercio.es\/wp-content\/uploads\/sites\/13\/2018\/09\/IMG_0823.jpg\" alt=\"Bezanes\" width=\"620\" height=\"420\" srcset=\"https:\/\/static-blogs.elcomercio.es\/wp-content\/uploads\/sites\/13\/2018\/09\/IMG_0823.jpg 620w, https:\/\/static-blogs.elcomercio.es\/wp-content\/uploads\/sites\/13\/2018\/09\/IMG_0823-300x203.jpg 300w\" sizes=\"(max-width: 620px) 100vw, 620px\" \/><\/a><\/p>\n<p>&nbsp;<\/p>\n<p>No s\u00e9 si habr\u00e1 alguno o no de cuatro hojas, pero yo, con todo lo que me llevo de Bezanes, de sus recovecos y de sus gentes, ya me siento muy afortunada. Al fin y al cabo, esto es lo que me hace feliz, explorar el para\u00edso en moto.<\/p>\n<p>&nbsp;<\/p>\n<p><a href=\"https:\/\/static-blogs.elcomercio.es\/wp-content\/uploads\/sites\/13\/2018\/09\/IMG_0795.jpg\"><img loading=\"lazy\" class=\"alignnone size-full wp-image-4105\" src=\"https:\/\/static-blogs.elcomercio.es\/wp-content\/uploads\/sites\/13\/2018\/09\/IMG_0795.jpg\" alt=\"Bezanes\" width=\"620\" height=\"420\" srcset=\"https:\/\/static-blogs.elcomercio.es\/wp-content\/uploads\/sites\/13\/2018\/09\/IMG_0795.jpg 620w, https:\/\/static-blogs.elcomercio.es\/wp-content\/uploads\/sites\/13\/2018\/09\/IMG_0795-300x203.jpg 300w\" sizes=\"(max-width: 620px) 100vw, 620px\" \/><\/a><\/p>\n<p>&nbsp;<\/p>\n<p>Espero que os haya gustado. V\u00b4SSSS.<\/p>\n<!-- AddThis Advanced Settings generic via filter on the_content --><!-- AddThis Share Buttons generic via filter on the_content -->","protected":false},"excerpt":{"rendered":"<p>Con el silencio como protagonista, el olor a madera y el taconeo de las\u00a0 madre\u00f1as de un anciano lugare\u00f1o, inici\u00e9 una ruta, o m\u00e1s bien, un peque\u00f1o paseo por uno de los lugares que m\u00e1s me ha causado expectaci\u00f3n y sorpresa a la hora de explorarlo. De dimensiones mucho m\u00e1s amplias de lo que, a [&hellip;]<!-- AddThis Advanced Settings generic via filter on get_the_excerpt --><!-- AddThis Share Buttons generic via filter on get_the_excerpt --><\/p>\n","protected":false},"author":14,"featured_media":4126,"comment_status":"open","ping_status":"closed","sticky":false,"template":"","format":"standard","meta":[],"categories":[15],"tags":[1097,311,430,638,691,694,1098,916],"_links":{"self":[{"href":"https:\/\/blogs.elcomercio.es\/explorando-paraiso-moto\/wp-json\/wp\/v2\/posts\/4129"}],"collection":[{"href":"https:\/\/blogs.elcomercio.es\/explorando-paraiso-moto\/wp-json\/wp\/v2\/posts"}],"about":[{"href":"https:\/\/blogs.elcomercio.es\/explorando-paraiso-moto\/wp-json\/wp\/v2\/types\/post"}],"author":[{"embeddable":true,"href":"https:\/\/blogs.elcomercio.es\/explorando-paraiso-moto\/wp-json\/wp\/v2\/users\/14"}],"replies":[{"embeddable":true,"href":"https:\/\/blogs.elcomercio.es\/explorando-paraiso-moto\/wp-json\/wp\/v2\/comments?post=4129"}],"version-history":[{"count":11,"href":"https:\/\/blogs.elcomercio.es\/explorando-paraiso-moto\/wp-json\/wp\/v2\/posts\/4129\/revisions"}],"predecessor-version":[{"id":4276,"href":"https:\/\/blogs.elcomercio.es\/explorando-paraiso-moto\/wp-json\/wp\/v2\/posts\/4129\/revisions\/4276"}],"wp:featuredmedia":[{"embeddable":true,"href":"https:\/\/blogs.elcomercio.es\/explorando-paraiso-moto\/wp-json\/wp\/v2\/media\/4126"}],"wp:attachment":[{"href":"https:\/\/blogs.elcomercio.es\/explorando-paraiso-moto\/wp-json\/wp\/v2\/media?parent=4129"}],"wp:term":[{"taxonomy":"category","embeddable":true,"href":"https:\/\/blogs.elcomercio.es\/explorando-paraiso-moto\/wp-json\/wp\/v2\/categories?post=4129"},{"taxonomy":"post_tag","embeddable":true,"href":"https:\/\/blogs.elcomercio.es\/explorando-paraiso-moto\/wp-json\/wp\/v2\/tags?post=4129"}],"curies":[{"name":"wp","href":"https:\/\/api.w.org\/{rel}","templated":true}]}}