{"id":4775,"date":"2019-04-11T05:51:23","date_gmt":"2019-04-11T03:51:23","guid":{"rendered":"https:\/\/blogs.elcomercio.es\/explorando-paraiso-moto\/?p=4775"},"modified":"2019-04-11T05:51:23","modified_gmt":"2019-04-11T03:51:23","slug":"ruta-motera-de-los-pueblos-ejemplares-del-noroccidente-de-asturias","status":"publish","type":"post","link":"https:\/\/blogs.elcomercio.es\/explorando-paraiso-moto\/2019\/04\/11\/ruta-motera-de-los-pueblos-ejemplares-del-noroccidente-de-asturias\/","title":{"rendered":"Ruta Motera de los Pueblos Ejemplares del Noroccidente de Asturias"},"content":{"rendered":"<p style=\"text-align: left\">\u00a0 \u00a0Tomando como punto de partida la pintoresca villa marinera de <a href=\"http:\/\/www.naviaturismo.com\/PuertodeVega\" target=\"_blank\" rel=\"external nofollow\">Puerto de Vega<\/a> (Navia) comenzaremos esta m\u00e1gica ruta por los Pueblos Ejemplares del noroccidente asturiano convirtiendo nuestros kil\u00f3metros en un divertido y did\u00e1ctico juego en el que iremos en busca de la ubicaci\u00f3n de las placas que les otorgan tan merecida distinci\u00f3n. Nos rodearemos de casas de piedra y tejados de pizarra, de verdes prader\u00edas en las que el ganado campa a sus anchas sin apenas enturbiar su silencio a nuestro paso. Subiremos puertos desde los cuales nuestra vista apenas pueda alcanzar el lejano horizonte en el cual se dibuja el perfil de las monta\u00f1as. Surcaremos serpenteantes trazados de impresionante asfalto y ser\u00e1 imposible no hacer varios altos en el camino para disfrutar de la inimitable belleza de una zona que pide a gritos que la escuchemos. As\u00ed que, sin m\u00e1s demora, sub\u00e1monos a nuestras monturas, metamos la primera y&#8230; \u00a1arranquemos!<\/p>\n<p>&nbsp;<\/p>\n<p><a href=\"https:\/\/static-blogs.elcomercio.es\/wp-content\/uploads\/sites\/13\/2019\/04\/IMG_4143.jpg\"><img loading=\"lazy\" class=\"alignnone size-full wp-image-4755\" src=\"https:\/\/static-blogs.elcomercio.es\/wp-content\/uploads\/sites\/13\/2019\/04\/IMG_4143.jpg\" alt=\"Ruta motera de los Pueblos Ejemplares del noroccidente asturiano\" width=\"532\" height=\"462\" srcset=\"https:\/\/static-blogs.elcomercio.es\/wp-content\/uploads\/sites\/13\/2019\/04\/IMG_4143.jpg 532w, https:\/\/static-blogs.elcomercio.es\/wp-content\/uploads\/sites\/13\/2019\/04\/IMG_4143-300x261.jpg 300w\" sizes=\"(max-width: 532px) 100vw, 532px\" \/><\/a><\/p>\n<p><!--more--><\/p>\n<p>&nbsp;<\/p>\n<p style=\"text-align: left\">\u00a0 \u00a0Nuestro primer objetivo, en la citada villa y bastante f\u00e1cil de localizar, se encuentra en la Avenida Juan P\u00e9rez Villamil, nacido all\u00ed en 1754 y redactor del c\u00e9lebre Bando de M\u00f3stoles, que dio inicio a la Guerra de Independencia de 1808. Delante de la fachada de la Biblioteca \u00b4Jovellanos\u00b4 colocaremos nuestras motos para inmortalizar nuestra primera placa en la cual reza la inscripci\u00f3n:<br \/>\n\u201d <em>S.A.R el Pr\u00edncipe de Asturias visit\u00f3 Puerto de Vega con motivo de la entrega del premio al Pueblo Ejemplar de Asturias mil novecientos noventa y cinco. 28-10.95<\/em>\u201d.<\/p>\n<p>&nbsp;<\/p>\n<p><a href=\"https:\/\/static-blogs.elcomercio.es\/wp-content\/uploads\/sites\/13\/2019\/04\/IMG_4127.jpg\"><img loading=\"lazy\" class=\"alignnone size-full wp-image-4754\" src=\"https:\/\/static-blogs.elcomercio.es\/wp-content\/uploads\/sites\/13\/2019\/04\/IMG_4127.jpg\" alt=\"Ruta motera de los Pueblos Ejemplares del noroccidente asturiano\" width=\"507\" height=\"403\" srcset=\"https:\/\/static-blogs.elcomercio.es\/wp-content\/uploads\/sites\/13\/2019\/04\/IMG_4127.jpg 507w, https:\/\/static-blogs.elcomercio.es\/wp-content\/uploads\/sites\/13\/2019\/04\/IMG_4127-300x238.jpg 300w\" sizes=\"(max-width: 507px) 100vw, 507px\" \/><\/a><\/p>\n<p>&nbsp;<\/p>\n<p><a href=\"https:\/\/static-blogs.elcomercio.es\/wp-content\/uploads\/sites\/13\/2019\/04\/IMG_4121.jpg\"><img loading=\"lazy\" class=\"alignnone size-full wp-image-4753\" src=\"https:\/\/static-blogs.elcomercio.es\/wp-content\/uploads\/sites\/13\/2019\/04\/IMG_4121.jpg\" alt=\"Ruta motera de los Pueblos Ejemplares del noroccidente asturiano(Puerto de Vega)\" width=\"486\" height=\"425\" srcset=\"https:\/\/static-blogs.elcomercio.es\/wp-content\/uploads\/sites\/13\/2019\/04\/IMG_4121.jpg 486w, https:\/\/static-blogs.elcomercio.es\/wp-content\/uploads\/sites\/13\/2019\/04\/IMG_4121-300x262.jpg 300w\" sizes=\"(max-width: 486px) 100vw, 486px\" \/><\/a><\/p>\n<p>&nbsp;<\/p>\n<p style=\"text-align: left\">\u00a0 \u00a0No podemos irnos sin visitar su puerto y es que, descender hasta \u00e9l, es impregnarnos de olor a mar. Con bastante facilidad lograremos capturar el momento en el que alg\u00fan barco pesquero haga su entrada rodeado de hambrientas y bulliciosas gaviotas. Y la cercan\u00eda del edificio de la lonja nos recordar\u00e1 que fue un importante puerto comercial y ballenero. Cambiar de perspectiva no nos resultar\u00e1 nada dif\u00edcil si subimos hasta el mirador del Baluarte (en el cual descansan ca\u00f1ones del S.XVIII) y, si ascendemos a\u00fan m\u00e1s, hasta la Ermita de la Atalaya, nuestro escenario se ampliar\u00e1 abarcando irregulares acantilados. Estamos ante una de las Puertas de entrada al territorio del Parque Hist\u00f3rico del Navia. As\u00ed que, abr\u00e1mosla y sigamos descubriendo sus innumerables tesoros.<\/p>\n<p style=\"text-align: left\">\u00a0 \u00a0Avanzamos por la N-634 y, aproximadamente a unos 13 kil\u00f3metros, despu\u00e9s de un desv\u00edo opcional, llegaremos hasta el Cabo de San Agust\u00edn, en Ortiguera (Coa\u00f1a), en el cual su fotog\u00e9nico Faro, de unos 20 metros de altura, nos recibir\u00e1 acompa\u00f1ado de una estupenda panor\u00e1mica del mar Cant\u00e1brico que, en ocasiones golpea y, en otras, acaricia, la costa asturiana.<\/p>\n<p>&nbsp;<\/p>\n<p><a href=\"https:\/\/static-blogs.elcomercio.es\/wp-content\/uploads\/sites\/13\/2019\/04\/IMG_4150.jpg\"><img loading=\"lazy\" class=\"alignnone size-full wp-image-4756\" src=\"https:\/\/static-blogs.elcomercio.es\/wp-content\/uploads\/sites\/13\/2019\/04\/IMG_4150.jpg\" alt=\"Ruta motera de los Pueblos Ejemplares del noroccidente asturiano(Ortiguera)\" width=\"600\" height=\"400\" srcset=\"https:\/\/static-blogs.elcomercio.es\/wp-content\/uploads\/sites\/13\/2019\/04\/IMG_4150.jpg 600w, https:\/\/static-blogs.elcomercio.es\/wp-content\/uploads\/sites\/13\/2019\/04\/IMG_4150-300x200.jpg 300w\" sizes=\"(max-width: 600px) 100vw, 600px\" \/><\/a><\/p>\n<p>&nbsp;<\/p>\n<p style=\"text-align: left\">\u00a0 \u00a0Unos 30 kil\u00f3metros nos separan de la Plaza del Cruzadero (Castropol), en donde se encuentra nuestra siguiente placa. Una empinada calle nos llevar\u00e1 hasta ella y, a medida que ascendemos, dejaremos a nuestra derecha unas impresionantes vistas de la R\u00eda del Eo y es que<a href=\"https:\/\/www.castropol.es\/\" target=\"_blank\" rel=\"external nofollow\"> Castropol<\/a> duerme aletargado sobre una de sus orillas testigo mudo del paso del tiempo que, en este pueblo, parece haberse detenido. Elegido Pueblo Ejemplar en 1997 y declarado Bien de Inter\u00e9s Cultural en 2004, en este hermoso lugar destaca un mural de cer\u00e1mica realizado por Javier Cancio y ser\u00eda de agradecer un peque\u00f1o paseo por su casco hist\u00f3rico, de gran inter\u00e9s, en el cual se pueden contemplar ejemplos de arquitectura indiana. En sus calles se respira tranquilidad y paz. En fin, toda una invitaci\u00f3n a quienes quieran huir del mundanal ruido.<\/p>\n<p>&nbsp;<\/p>\n<p><a href=\"https:\/\/static-blogs.elcomercio.es\/wp-content\/uploads\/sites\/13\/2019\/04\/IMG_4219.jpg\"><img loading=\"lazy\" class=\"alignnone size-full wp-image-4759\" src=\"https:\/\/static-blogs.elcomercio.es\/wp-content\/uploads\/sites\/13\/2019\/04\/IMG_4219.jpg\" alt=\"Ruta motera de los Pueblos Ejemplares del noroccidente asturiano(Castropol)\" width=\"520\" height=\"366\" srcset=\"https:\/\/static-blogs.elcomercio.es\/wp-content\/uploads\/sites\/13\/2019\/04\/IMG_4219.jpg 520w, https:\/\/static-blogs.elcomercio.es\/wp-content\/uploads\/sites\/13\/2019\/04\/IMG_4219-300x211.jpg 300w\" sizes=\"(max-width: 520px) 100vw, 520px\" \/><\/a><\/p>\n<p>&nbsp;<\/p>\n<p><a href=\"https:\/\/static-blogs.elcomercio.es\/wp-content\/uploads\/sites\/13\/2019\/04\/IMG_4199.jpg\"><img loading=\"lazy\" class=\"alignnone size-full wp-image-4757\" src=\"https:\/\/static-blogs.elcomercio.es\/wp-content\/uploads\/sites\/13\/2019\/04\/IMG_4199.jpg\" alt=\"Ruta motera de los Pueblos Ejemplares del noroccidente asturiano(Castropol)\" width=\"478\" height=\"398\" srcset=\"https:\/\/static-blogs.elcomercio.es\/wp-content\/uploads\/sites\/13\/2019\/04\/IMG_4199.jpg 478w, https:\/\/static-blogs.elcomercio.es\/wp-content\/uploads\/sites\/13\/2019\/04\/IMG_4199-300x250.jpg 300w\" sizes=\"(max-width: 478px) 100vw, 478px\" \/><\/a><\/p>\n<p>&nbsp;<\/p>\n<p><a href=\"https:\/\/static-blogs.elcomercio.es\/wp-content\/uploads\/sites\/13\/2019\/04\/IMG_4200.jpg\"><img loading=\"lazy\" class=\"alignnone size-full wp-image-4758\" src=\"https:\/\/static-blogs.elcomercio.es\/wp-content\/uploads\/sites\/13\/2019\/04\/IMG_4200.jpg\" alt=\"Ruta motera de los Pueblos Ejemplares del noroccidente asturiano(Castropol)\" width=\"533\" height=\"385\" srcset=\"https:\/\/static-blogs.elcomercio.es\/wp-content\/uploads\/sites\/13\/2019\/04\/IMG_4200.jpg 533w, https:\/\/static-blogs.elcomercio.es\/wp-content\/uploads\/sites\/13\/2019\/04\/IMG_4200-300x217.jpg 300w\" sizes=\"(max-width: 533px) 100vw, 533px\" \/><\/a><\/p>\n<p>&nbsp;<\/p>\n<p style=\"text-align: left\">\u00a0 \u00a0Continuamos ahora por la N-640 la cual, durante gran parte del trayecto, unos 22 kil\u00f3metros, hacia <a href=\"https:\/\/www.santirsodeabres.es\/\" target=\"_blank\" rel=\"external nofollow\">San Tirso de Abres <\/a>(San Tiso d\u00b4Abres) ir\u00e1 perfilando un peculiar trazado que vendr\u00e1 determinado por los propios meandros del rio Eo.<\/p>\n<p style=\"text-align: left\">\u00a0 \u00a0Rodaremos apenas unos 9 kil\u00f3metros por territorio lucense para, tras ellos, volver a entrar de nuevo en territorio asturiano. Ser\u00e1 en Vegadeo donde un cartel nos dar\u00e1 la \u201c<em>Bienvenida a la Mancomunidad Oscos-Eo<\/em>\u201d y, ser\u00e1 precisamente, al salir de esta poblaci\u00f3n, donde un peque\u00f1o mirador natural nos sirva para deleitarnos con la belleza de un paisaje modelado por el agua.<\/p>\n<p style=\"text-align: left\">\u00a0 \u00a0La comunidad vecinal de San Tirso recibi\u00f3 en el a\u00f1o 2011 el premio al Pueblo Ejemplar y, los entonces Pr\u00edncipes, descubrieron una placa colocada sobre un casta\u00f1o f\u00f3sil tallada por un artesano santirse\u00f1o.<\/p>\n<p>&nbsp;<\/p>\n<p><a href=\"https:\/\/static-blogs.elcomercio.es\/wp-content\/uploads\/sites\/13\/2019\/04\/IMG_4228.jpg\"><img loading=\"lazy\" class=\"alignnone size-full wp-image-4760\" src=\"https:\/\/static-blogs.elcomercio.es\/wp-content\/uploads\/sites\/13\/2019\/04\/IMG_4228.jpg\" alt=\"Ruta motera de los Pueblos Ejemplares del noroccidente asturiano(San Tirso de Abres)\" width=\"440\" height=\"394\" srcset=\"https:\/\/static-blogs.elcomercio.es\/wp-content\/uploads\/sites\/13\/2019\/04\/IMG_4228.jpg 440w, https:\/\/static-blogs.elcomercio.es\/wp-content\/uploads\/sites\/13\/2019\/04\/IMG_4228-300x269.jpg 300w\" sizes=\"(max-width: 440px) 100vw, 440px\" \/><\/a><\/p>\n<p>&nbsp;<\/p>\n<p><a href=\"https:\/\/static-blogs.elcomercio.es\/wp-content\/uploads\/sites\/13\/2019\/04\/IMG_4230.jpg\"><img loading=\"lazy\" class=\"alignnone size-full wp-image-4761\" src=\"https:\/\/static-blogs.elcomercio.es\/wp-content\/uploads\/sites\/13\/2019\/04\/IMG_4230.jpg\" alt=\"Ruta motera de los Pueblos Ejemplares del noroccidente asturiano(SanTirso de Abres)\" width=\"600\" height=\"400\" srcset=\"https:\/\/static-blogs.elcomercio.es\/wp-content\/uploads\/sites\/13\/2019\/04\/IMG_4230.jpg 600w, https:\/\/static-blogs.elcomercio.es\/wp-content\/uploads\/sites\/13\/2019\/04\/IMG_4230-300x200.jpg 300w\" sizes=\"(max-width: 600px) 100vw, 600px\" \/><\/a><\/p>\n<p>&nbsp;<\/p>\n<p><a href=\"https:\/\/static-blogs.elcomercio.es\/wp-content\/uploads\/sites\/13\/2019\/04\/IMG_4237.jpg\"><img loading=\"lazy\" class=\"alignnone size-full wp-image-4762\" src=\"https:\/\/static-blogs.elcomercio.es\/wp-content\/uploads\/sites\/13\/2019\/04\/IMG_4237.jpg\" alt=\"Ruta motera de los Pueblos Ejemplares del noroccidente asturiano(San Tirso de Abres)\" width=\"539\" height=\"400\" srcset=\"https:\/\/static-blogs.elcomercio.es\/wp-content\/uploads\/sites\/13\/2019\/04\/IMG_4237.jpg 539w, https:\/\/static-blogs.elcomercio.es\/wp-content\/uploads\/sites\/13\/2019\/04\/IMG_4237-300x223.jpg 300w\" sizes=\"(max-width: 539px) 100vw, 539px\" \/><\/a><\/p>\n<p>&nbsp;<\/p>\n<p style=\"text-align: left\">\u00a0 \u00a0Las tallas muestran las actividades, oficios artesanales y elementos caracter\u00edsticos del concejo y podremos admirarlas delante del Ayuntamiento, en la Avenida de Galicia. La proximidad de un \u00e1rea recreativa nos ayudar\u00e1 para recuperar fuerzas y continuar con nuestra divertida b\u00fasqueda.<\/p>\n<p>&nbsp;<\/p>\n<p><a href=\"https:\/\/static-blogs.elcomercio.es\/wp-content\/uploads\/sites\/13\/2019\/04\/IMG_4242.jpg\"><img loading=\"lazy\" class=\"alignnone size-full wp-image-4764\" src=\"https:\/\/static-blogs.elcomercio.es\/wp-content\/uploads\/sites\/13\/2019\/04\/IMG_4242.jpg\" alt=\"Ruta motera de los Pueblos Ejemplares del noroccidente asturiano(San Tirso de Abres)\" width=\"600\" height=\"400\" srcset=\"https:\/\/static-blogs.elcomercio.es\/wp-content\/uploads\/sites\/13\/2019\/04\/IMG_4242.jpg 600w, https:\/\/static-blogs.elcomercio.es\/wp-content\/uploads\/sites\/13\/2019\/04\/IMG_4242-300x200.jpg 300w\" sizes=\"(max-width: 600px) 100vw, 600px\" \/><\/a><\/p>\n<p>&nbsp;<\/p>\n<p><a href=\"https:\/\/static-blogs.elcomercio.es\/wp-content\/uploads\/sites\/13\/2019\/04\/IMG_4241.jpg\"><img loading=\"lazy\" class=\"alignnone size-full wp-image-4763\" src=\"https:\/\/static-blogs.elcomercio.es\/wp-content\/uploads\/sites\/13\/2019\/04\/IMG_4241.jpg\" alt=\"Ruta motera de los Pueblos Ejemplares del noroccidente asturiano(San tirso de Abres)\" width=\"600\" height=\"400\" srcset=\"https:\/\/static-blogs.elcomercio.es\/wp-content\/uploads\/sites\/13\/2019\/04\/IMG_4241.jpg 600w, https:\/\/static-blogs.elcomercio.es\/wp-content\/uploads\/sites\/13\/2019\/04\/IMG_4241-300x200.jpg 300w\" sizes=\"(max-width: 600px) 100vw, 600px\" \/><\/a><\/p>\n<p>&nbsp;<\/p>\n<p style=\"text-align: left\">\u00a0 \u00a0Ser\u00e1n 14 los kil\u00f3metros de buen firme, durante los cuales nos colmaremos de curvas y atractivos bosques, los que servir\u00e1n de antesala a Taramundi en donde, de nuevo, nos encontraremos con una amplia oferta tur\u00edstica por la cual, f\u00e1cilmente, nos dejaremos seducir. Nuestro encuentro con la AS-<span style=\"font-size: 14pt\">11<\/span><span style=\"font-size: 14pt\">\u00a0<\/span>no nos dejar\u00e1 indiferentes y es que, ser\u00e1 ah\u00ed cuando iniciemos nuestra subida a todo un \u00b4coloso\u00b4 en el mundo de las dos ruedas. Hablamos del Alto de la Garganta y desde su cima podremos contemplar una ventana al paradis\u00edaco occidente asturiano. El descenso hacia<a href=\"https:\/\/www.santaeulaliadeoscos.es\/\" target=\"_blank\" rel=\"external nofollow\"> Santa Eulalia de Oscos <\/a>(Santalla) durante unos 13 kil\u00f3metros recorriendo la AS-27 no tiene desperdicio alguno. De nuevo, las panor\u00e1micas paisaj\u00edsticas de las que podremos disfrutar dejar\u00e1n boquiabiertos a cualquiera. En la Plaza de Sargadelos, nuestra cuarta placa de Pueblo Ejemplar nos espera.<\/p>\n<p>&nbsp;<\/p>\n<p><a href=\"https:\/\/static-blogs.elcomercio.es\/wp-content\/uploads\/sites\/13\/2019\/04\/IMG_4252.jpg\"><img loading=\"lazy\" class=\"alignnone size-full wp-image-4765\" src=\"https:\/\/static-blogs.elcomercio.es\/wp-content\/uploads\/sites\/13\/2019\/04\/IMG_4252.jpg\" alt=\"Ruta motera de los Pueblos Ejemplares del noroccidente asturiano(Santa Eulalia de Oscos\/Santalla)\" width=\"600\" height=\"542\" srcset=\"https:\/\/static-blogs.elcomercio.es\/wp-content\/uploads\/sites\/13\/2019\/04\/IMG_4252.jpg 600w, https:\/\/static-blogs.elcomercio.es\/wp-content\/uploads\/sites\/13\/2019\/04\/IMG_4252-300x271.jpg 300w\" sizes=\"(max-width: 600px) 100vw, 600px\" \/><\/a><\/p>\n<p>&nbsp;<\/p>\n<p><a href=\"https:\/\/static-blogs.elcomercio.es\/wp-content\/uploads\/sites\/13\/2019\/04\/IMG_4258.jpg\"><img loading=\"lazy\" class=\"alignnone size-full wp-image-4773\" src=\"https:\/\/static-blogs.elcomercio.es\/wp-content\/uploads\/sites\/13\/2019\/04\/IMG_4258.jpg\" alt=\"Ruta motera de los Pueblos Ejemplares del noroccidente asturiano(Santa Eulalia de Oscos\/Santalla)\" width=\"562\" height=\"640\" srcset=\"https:\/\/static-blogs.elcomercio.es\/wp-content\/uploads\/sites\/13\/2019\/04\/IMG_4258.jpg 562w, https:\/\/static-blogs.elcomercio.es\/wp-content\/uploads\/sites\/13\/2019\/04\/IMG_4258-263x300.jpg 263w\" sizes=\"(max-width: 562px) 100vw, 562px\" \/><\/a><\/p>\n<p>&nbsp;<\/p>\n<p style=\"text-align: left\">\u00a0 \u00a0Habiendo recibido esta honor\u00edfica distinci\u00f3n la comarca de los Oscos (integrada por Santa Eulalia, Villanueva y San Mart\u00edn de Oscos) en el a\u00f1o 2016, ha pasado a formar parte de la Reserva de la Biosfera del R\u00edo Eo, Oscos y Terras de Bur\u00f3n. En Santalla no hay cabida para el aburrimiento y las ofertas tur\u00edsticas son realmente variadas: Conjunto Etnogr\u00e1fico de Mazonovo (un mazo del S.XVII que hoy d\u00eda sigue en funcionamiento), telares artesanos, la Casa Natal del Marqu\u00e9s de Sargadelos o artesanos de navajas, podr\u00edan completar nuestra visita.<\/p>\n<p style=\"text-align: left\">\u00a0 \u00a0Estamos en una zona en la que cobran gran importancia los trabajos artesanales y precisamente en el IX Encuentro de <em>ferreiros<\/em> realizaron una \u00b4vaca motera\u00b4 junto a la cual haremos nuestra foto de rigor y que hallaremos en la Plaza de Ayuntamiento.<\/p>\n<p style=\"text-align: left\">\u00a0 \u00a0Continuamos nuestra ruta y, a unos 10 kil\u00f3metros nos espera <a href=\"https:\/\/www.villanuevadeoscos.es\/\" target=\"_blank\" rel=\"external nofollow\">Villanueva de Oscos<\/a> (Vilanova). El envidiable asfalto de la AS-33 nos sorprende con algunas zonas sombr\u00edas en las cuales las hayas se visten de intenso musgo para colorear un aut\u00e9ntico escenario de cuento de hadas. Como curiosidad, poco antes de llegar, encontraremos el Ecomuseo del Pan, en Santa Eufemia, cuyo conjunto ofrece un importante atractivo visual y, por supuesto, did\u00e1ctico. Ser\u00e1 delante de la fachada del Monasterio de Santa Mar\u00eda, declarado Bien de Inter\u00e9s Cultural en 1991, donde podremos encontrar nuestro siguiente objetivo. Erigido en el S.XII (a\u00f1o 1182) el edificio primitivo aloj\u00f3 primero a los monjes de la Orden Benedictina y, posteriormente, a los Cistercienses.<\/p>\n<p>&nbsp;<\/p>\n<p><a href=\"https:\/\/static-blogs.elcomercio.es\/wp-content\/uploads\/sites\/13\/2019\/04\/IMG_4280.jpg\"><img loading=\"lazy\" class=\"alignnone size-full wp-image-4772\" src=\"https:\/\/static-blogs.elcomercio.es\/wp-content\/uploads\/sites\/13\/2019\/04\/IMG_4280.jpg\" alt=\"Ruta motera de los Pueblos Ejemplares del noroccidente asturiano(Villanueva de Oscos\/Vilanova)\" width=\"600\" height=\"421\" srcset=\"https:\/\/static-blogs.elcomercio.es\/wp-content\/uploads\/sites\/13\/2019\/04\/IMG_4280.jpg 600w, https:\/\/static-blogs.elcomercio.es\/wp-content\/uploads\/sites\/13\/2019\/04\/IMG_4280-300x211.jpg 300w\" sizes=\"(max-width: 600px) 100vw, 600px\" \/><\/a><\/p>\n<p>&nbsp;<\/p>\n<p><a href=\"https:\/\/static-blogs.elcomercio.es\/wp-content\/uploads\/sites\/13\/2019\/04\/IMG_4285.jpg\"><img loading=\"lazy\" class=\"alignnone size-full wp-image-4766\" src=\"https:\/\/static-blogs.elcomercio.es\/wp-content\/uploads\/sites\/13\/2019\/04\/IMG_4285.jpg\" alt=\"Ruta motera de los Pueblos Ejemplares del noroccidente asturiano(Villanueva de Oscos\/Vilanova)\" width=\"600\" height=\"565\" srcset=\"https:\/\/static-blogs.elcomercio.es\/wp-content\/uploads\/sites\/13\/2019\/04\/IMG_4285.jpg 600w, https:\/\/static-blogs.elcomercio.es\/wp-content\/uploads\/sites\/13\/2019\/04\/IMG_4285-300x283.jpg 300w\" sizes=\"(max-width: 600px) 100vw, 600px\" \/><\/a><\/p>\n<p>&nbsp;<\/p>\n<p style=\"text-align: left\">\u00a0 \u00a0Hasta la Plaza de las Infantas, ya en <a href=\"https:\/\/www.sanmartindeoscos.es\/\" target=\"_blank\" rel=\"external nofollow\">San Mart\u00edn de Oscos<\/a> (Samart\u00edn), nos separan 8 kil\u00f3metros. En un lateral de la misma y muy accesible, pr\u00f3xima a la AS-13, encontraremos el monumento con la Placa de Pueblo Ejemplar.<\/p>\n<p>&nbsp;<\/p>\n<p><a href=\"https:\/\/static-blogs.elcomercio.es\/wp-content\/uploads\/sites\/13\/2019\/04\/IMG_4298.jpg\"><img loading=\"lazy\" class=\"alignnone size-full wp-image-4767\" src=\"https:\/\/static-blogs.elcomercio.es\/wp-content\/uploads\/sites\/13\/2019\/04\/IMG_4298.jpg\" alt=\"Ruta motera de los Pueblos Ejemplares del noroccidente asturiano(San Mart\u00edn de Oscos\/Samart\u00edn)\" width=\"600\" height=\"490\" srcset=\"https:\/\/static-blogs.elcomercio.es\/wp-content\/uploads\/sites\/13\/2019\/04\/IMG_4298.jpg 600w, https:\/\/static-blogs.elcomercio.es\/wp-content\/uploads\/sites\/13\/2019\/04\/IMG_4298-300x245.jpg 300w\" sizes=\"(max-width: 600px) 100vw, 600px\" \/><\/a><\/p>\n<p>&nbsp;<\/p>\n<p><a href=\"https:\/\/static-blogs.elcomercio.es\/wp-content\/uploads\/sites\/13\/2019\/04\/IMG_4302.jpg\"><img loading=\"lazy\" class=\"alignnone size-full wp-image-4768\" src=\"https:\/\/static-blogs.elcomercio.es\/wp-content\/uploads\/sites\/13\/2019\/04\/IMG_4302.jpg\" alt=\"Ruta motera de los Pueblos Ejemplares del noroccidente asturiano(San Mart\u00edn de Oscos\/Samart\u00edn)\" width=\"600\" height=\"499\" srcset=\"https:\/\/static-blogs.elcomercio.es\/wp-content\/uploads\/sites\/13\/2019\/04\/IMG_4302.jpg 600w, https:\/\/static-blogs.elcomercio.es\/wp-content\/uploads\/sites\/13\/2019\/04\/IMG_4302-300x250.jpg 300w\" sizes=\"(max-width: 600px) 100vw, 600px\" \/><\/a><\/p>\n<p>&nbsp;<\/p>\n<p style=\"text-align: left\">\u00a0 \u00a0No pasa desapercibida la monumentalidad de su iglesia parroquial, as\u00ed como el h\u00f3rreo de San Mart\u00edn que se encuentra muy pr\u00f3ximo a ella y que constituye una construcci\u00f3n complementaria perteneciente a la llamada Casa Cur\u00f3n. Su aspecto caracter\u00edstico se compone de cubierta a base de pizarra sobre la cual se superponen los manojos de paja de centeno entretejidos, con el fin de evitar que el agua de lluvia penetre en el h\u00f3rreo.<\/p>\n<p style=\"text-align: left\">\u00a0 \u00a0Con seis de las ocho placas en nuestras c\u00e1maras, nos disponemos ahora a rodar hasta <a href=\"http:\/\/www.grandasdesalime.es\/\" target=\"_blank\" rel=\"external nofollow\">Grandas de Salime<\/a>, por la AS-13 primero hasta Pesoz y, a partir de aqu\u00ed por la AS-12 disfrutando de un sinuoso trazado que, sin duda, se convertir\u00e1 en la delicia de cualquier motero.<\/p>\n<p>&nbsp;<\/p>\n<p><a href=\"https:\/\/static-blogs.elcomercio.es\/wp-content\/uploads\/sites\/13\/2019\/04\/IMG_4311.jpg\"><img loading=\"lazy\" class=\"alignnone size-full wp-image-4774\" src=\"https:\/\/static-blogs.elcomercio.es\/wp-content\/uploads\/sites\/13\/2019\/04\/IMG_4311.jpg\" alt=\"Ruta motera de los Pueblos Ejemplares del noroccidente asturiano(Grandas de Salime)\" width=\"640\" height=\"583\" srcset=\"https:\/\/static-blogs.elcomercio.es\/wp-content\/uploads\/sites\/13\/2019\/04\/IMG_4311.jpg 640w, https:\/\/static-blogs.elcomercio.es\/wp-content\/uploads\/sites\/13\/2019\/04\/IMG_4311-300x273.jpg 300w\" sizes=\"(max-width: 640px) 100vw, 640px\" \/><\/a><\/p>\n<p>&nbsp;<\/p>\n<p><a href=\"https:\/\/static-blogs.elcomercio.es\/wp-content\/uploads\/sites\/13\/2019\/04\/IMG_4316.jpg\"><img loading=\"lazy\" class=\"alignnone size-full wp-image-4769\" src=\"https:\/\/static-blogs.elcomercio.es\/wp-content\/uploads\/sites\/13\/2019\/04\/IMG_4316.jpg\" alt=\"Ruta motera de los Pueblos Ejemplares del noroccidente asturiano(Grandas de Salime)\" width=\"577\" height=\"600\" srcset=\"https:\/\/static-blogs.elcomercio.es\/wp-content\/uploads\/sites\/13\/2019\/04\/IMG_4316.jpg 577w, https:\/\/static-blogs.elcomercio.es\/wp-content\/uploads\/sites\/13\/2019\/04\/IMG_4316-289x300.jpg 289w\" sizes=\"(max-width: 577px) 100vw, 577px\" \/><\/a><\/p>\n<p>&nbsp;<\/p>\n<p style=\"text-align: left\">\u00a0 \u00a0No tendremos p\u00e9rdida alguna puesto que ser\u00e1 la propia carretera la que nos lleve a encontrarnos con el Ayuntamiento, en la Plaza de la Constituci\u00f3n, en cuya fachada se encuentra nuestro objetivo y en la que puede leerse:\u201d<em> S.A.R el Pr\u00edncipe de Asturias visit\u00f3 Grandas de Salime con motivo de la entrega del premio al Pueblo Ejemplar de Asturias mil novecientos noventa y tres<\/em>\u201d. Hablar de Grandas es hablar de su <a href=\"http:\/\/www.museodegrandas.es\/\" target=\"_blank\" rel=\"external nofollow\">Museo Etnogr\u00e1fico<\/a> y de Jos\u00e9 Mar\u00eda Naveiras Escanlar (Pepe el ferreiro) que fue quien decidi\u00f3 hacer de aquella colecci\u00f3n etnogr\u00e1fica algo p\u00fablico para que pudi\u00e9semos disfrutar de aquello que, durante a\u00f1os, llevaba recopilando. Y es que para disfrutarlo realmente, deber\u00edamos olvidarnos del reloj puesto que en \u00e9l, el tiempo se ha detenido.<\/p>\n<p style=\"text-align: left\">\u00a0 \u00a0El trayecto hacia <a href=\"http:\/\/www.boal.es\/\" target=\"_blank\" rel=\"external nofollow\">Boal<\/a> (Bual) discurre, en algunos tramos, surcando el rio Navia y, desde alguno de los miradores naturales del valle, como el de San Esteban de los Buitres (Illano), podremos asomarnos a contemplar sus aguas que dormitan a los pies de laderas arboladas. Un \u00b4sube y baja\u00b4 a modo de monta\u00f1a rusa que convertir\u00e1 nuestros kil\u00f3metros en un vaiv\u00e9n de diversi\u00f3n asegurada. Dejaremos atr\u00e1s lugares como el Alto del Folgueir\u00f3u o el Embalse de Doiras para que, una vez en el pueblo, en la Avenida de Asturias, junto al parque de los Emigrantes, podamos fotografiar nuestra \u00faltima placa de Pueblo Ejemplar que, curiosamente, fue la primera para Felipe VI en el a\u00f1o 2014.<\/p>\n<p>&nbsp;<\/p>\n<p><a href=\"https:\/\/static-blogs.elcomercio.es\/wp-content\/uploads\/sites\/13\/2019\/04\/IMG_4319.jpg\"><img loading=\"lazy\" class=\"alignnone size-full wp-image-4770\" src=\"https:\/\/static-blogs.elcomercio.es\/wp-content\/uploads\/sites\/13\/2019\/04\/IMG_4319.jpg\" alt=\"Ruta motera de los Pueblos Ejemplares del noroccidente asturiano(Boal\/Bual)\" width=\"509\" height=\"600\" srcset=\"https:\/\/static-blogs.elcomercio.es\/wp-content\/uploads\/sites\/13\/2019\/04\/IMG_4319.jpg 509w, https:\/\/static-blogs.elcomercio.es\/wp-content\/uploads\/sites\/13\/2019\/04\/IMG_4319-255x300.jpg 255w\" sizes=\"(max-width: 509px) 100vw, 509px\" \/><\/a><\/p>\n<p>&nbsp;<\/p>\n<p><a href=\"https:\/\/static-blogs.elcomercio.es\/wp-content\/uploads\/sites\/13\/2019\/04\/IMG_4327.jpg\"><img loading=\"lazy\" class=\"alignnone size-full wp-image-4771\" src=\"https:\/\/static-blogs.elcomercio.es\/wp-content\/uploads\/sites\/13\/2019\/04\/IMG_4327.jpg\" alt=\"Ruta motera de los Pueblos Ejemplares del noroccidente asturiano(Boal\/Bual)\" width=\"600\" height=\"400\" srcset=\"https:\/\/static-blogs.elcomercio.es\/wp-content\/uploads\/sites\/13\/2019\/04\/IMG_4327.jpg 600w, https:\/\/static-blogs.elcomercio.es\/wp-content\/uploads\/sites\/13\/2019\/04\/IMG_4327-300x200.jpg 300w\" sizes=\"(max-width: 600px) 100vw, 600px\" \/><\/a><\/p>\n<p>&nbsp;<\/p>\n<p style=\"text-align: left\">\u00a0 \u00a0Esta es una ruta que conjuga un gran n\u00famero de factores que buscamos los moteros a la hora de salir a explorar nuevos territorios: carreteras solitarias, paisajes de infarto, asfalto en buen estado&#8230;<\/p>\n<p style=\"text-align: left\">\u00a0 \u00a0Seguramente despertaremos la atenci\u00f3n de m\u00e1s de un lugare\u00f1o a nuestro paso y, casi con seguridad, alguno se dar\u00e1 la vuelta o alzar\u00e1 su mano para saludarnos porque as\u00ed es la entra\u00f1able gente del occidente asturiano, un territorio \u00e1vido de ser saboreado. Disfrutaremos m\u00e1s del camino que del propio destino y rescataremos del olvido parajes de los que, sin apenas esfuerzo, nos enamoraremos con el coraz\u00f3n abierto. As\u00ed que, no perdamos algo tan valioso como es nuestro tiempo, y dispong\u00e1monos a descubrir estos rincones del para\u00edso asturiano de una de las mejores maneras posibles: en moto.<\/p>\n<p>&nbsp;<\/p>\n<p><strong>Para m\u00e1s informaci\u00f3n<\/strong>: <a href=\"http:\/\/www.parquehistorico.org\/\" target=\"_blank\" rel=\"external nofollow\">Fundaci\u00f3n Parque Hist\u00f3rico del Navia<\/a>.<\/p>\n<p><strong>Trazado de la ruta<\/strong>: <a href=\"https:\/\/www.google.es\/maps\/dir\/Biblioteca+P%C3%BAblica+Municipal+Jovellanos\/Monumento+al+Pueblo+Ejemplar\/Av.+Galicia,+33774+San+Tirso+de+Abres,+Asturias\/Taramundi\/Ayuntamiento+de+Santa+Eulalia+de+Oscos\/Monasterio+de+Santa+Mar%C3%ADa+de+Villanueva+de+Oscos\/Plaza+de+las+Infantas,+San+Mart%C3%ADn+de+Oscos\/Ayuntamiento+de+Grandas+de+Salime,+Plaza+de+la+Constituci%C3%B3n,+Grandas+de+Salime,+Asturias\/Av.+Asturias,+33720+Boal,+Asturias\/@43.390454,-7.1774713,10z\/data=!3m1!4b1!4m58!4m57!1m5!1m1!1s0xd3158debf63ba19:0xab051933a6eda225!2m2!1d-6.6470899!2d43.5634203!1m5!1m1!1s0xd317eed5864ab43:0xd3a09bc9fed6bb0d!2m2!1d-7.0291561!2d43.5270639!1m5!1m1!1s0xd319cd1101e719b:0x4c480d83006241fa!2m2!1d-7.1439282!2d43.4080392!1m5!1m1!1s0xd319d937d76c495:0x622507e5305df11a!2m2!1d-7.1083458!2d43.3603936!1m5!1m1!1s0xd31790208c2a731:0xdfbe2296fb57a53a!2m2!1d-7.0201245!2d43.2589011!1m5!1m1!1s0xd31739f7aeb1af5:0xfef5a538a66713f1!2m2!1d-6.9859277!2d43.3120026!1m5!1m1!1s0xd310d2852b2df2f:0x6f6323de45365dee!2m2!1d-6.9618066!2d43.2648244!1m5!1m1!1s0xd3113ca92adba1b:0x35784ba55a8d114a!2m2!1d-6.875709!2d43.2175086!1m5!1m1!1s0xd3168a3f51058cd:0x61b55df1f000441e!2m2!1d-6.8187016!2d43.4285001!2m1!1b1!3e0?hl=es\" target=\"_blank\" rel=\"external nofollow\">Descubriendo en moto los Pueblos Ejemplares del noroccidente asturiano<\/a>.<\/p>\n<p><strong>Credencial del Motero<\/strong>:<\/p>\n<p>Descarga e imprime esta Credencial del Motero para sellarla en las Oficinas de Turismo, museos o establecimientos de los Pueblos Ejemplares de esta ruta y obt\u00e9n el &#8220;Diploma de Motero Ejemplar&#8221;.<br \/>\n<a title=\"Descargar el Credencial del Motero en formato PDF - Se abre en ventana nueva\" href=\"http:\/\/www.parquehistorico.org\/rutasmoteras\/images\/credencial_moteroejemplar.pdf\" target=\"_blank\" rel=\"external nofollow\">Descargar el Credencial del Motero en formato PDF<\/a><\/p>\n<p>&nbsp;<\/p>\n<p lang=\"es-ES\"><span style=\"color: #000000\"><span style=\"font-family: Calibri, sans-serif\"><span style=\"font-size: small\"><span style=\"font-family: 'Times New Roman', serif\"><span style=\"font-size: medium\">\u00a0<\/span><\/span><\/span><\/span><\/span><\/p>\n<!-- AddThis Advanced Settings generic via filter on the_content --><!-- AddThis Share Buttons generic via filter on the_content -->","protected":false},"excerpt":{"rendered":"<p>\u00a0 \u00a0Tomando como punto de partida la pintoresca villa marinera de Puerto de Vega (Navia) comenzaremos esta m\u00e1gica ruta por los Pueblos Ejemplares del noroccidente asturiano convirtiendo nuestros kil\u00f3metros en un divertido y did\u00e1ctico juego en el que iremos en busca de la ubicaci\u00f3n de las placas que les otorgan tan merecida distinci\u00f3n. Nos rodearemos [&hellip;]<!-- AddThis Advanced Settings generic via filter on get_the_excerpt --><!-- AddThis Share Buttons generic via filter on get_the_excerpt --><\/p>\n","protected":false},"author":14,"featured_media":0,"comment_status":"open","ping_status":"closed","sticky":false,"template":"","format":"standard","meta":[],"categories":[5,17,29,46,68,70,71,85],"tags":[225,1135,430,1139,691,1133,1134,1132,1142,1138,1136,1083,1140,1141,1137],"_links":{"self":[{"href":"https:\/\/blogs.elcomercio.es\/explorando-paraiso-moto\/wp-json\/wp\/v2\/posts\/4775"}],"collection":[{"href":"https:\/\/blogs.elcomercio.es\/explorando-paraiso-moto\/wp-json\/wp\/v2\/posts"}],"about":[{"href":"https:\/\/blogs.elcomercio.es\/explorando-paraiso-moto\/wp-json\/wp\/v2\/types\/post"}],"author":[{"embeddable":true,"href":"https:\/\/blogs.elcomercio.es\/explorando-paraiso-moto\/wp-json\/wp\/v2\/users\/14"}],"replies":[{"embeddable":true,"href":"https:\/\/blogs.elcomercio.es\/explorando-paraiso-moto\/wp-json\/wp\/v2\/comments?post=4775"}],"version-history":[{"count":28,"href":"https:\/\/blogs.elcomercio.es\/explorando-paraiso-moto\/wp-json\/wp\/v2\/posts\/4775\/revisions"}],"predecessor-version":[{"id":4804,"href":"https:\/\/blogs.elcomercio.es\/explorando-paraiso-moto\/wp-json\/wp\/v2\/posts\/4775\/revisions\/4804"}],"wp:attachment":[{"href":"https:\/\/blogs.elcomercio.es\/explorando-paraiso-moto\/wp-json\/wp\/v2\/media?parent=4775"}],"wp:term":[{"taxonomy":"category","embeddable":true,"href":"https:\/\/blogs.elcomercio.es\/explorando-paraiso-moto\/wp-json\/wp\/v2\/categories?post=4775"},{"taxonomy":"post_tag","embeddable":true,"href":"https:\/\/blogs.elcomercio.es\/explorando-paraiso-moto\/wp-json\/wp\/v2\/tags?post=4775"}],"curies":[{"name":"wp","href":"https:\/\/api.w.org\/{rel}","templated":true}]}}