{"id":4954,"date":"2019-08-12T21:13:18","date_gmt":"2019-08-12T19:13:18","guid":{"rendered":"https:\/\/blogs.elcomercio.es\/explorando-paraiso-moto\/?p=4954"},"modified":"2019-08-12T21:13:45","modified_gmt":"2019-08-12T19:13:45","slug":"explorando-el-concejo-de-ibias-riodeporcos","status":"publish","type":"post","link":"https:\/\/blogs.elcomercio.es\/explorando-paraiso-moto\/2019\/08\/12\/explorando-el-concejo-de-ibias-riodeporcos\/","title":{"rendered":"Explorando en moto el concejo de Ibias: Riodeporcos"},"content":{"rendered":"<p>Huyendo,como de costumbre, de las t\u00edpicas multitudes de un d\u00eda festivo, escog\u00ed en esta ocasi\u00f3n un concejo al que llevo tiempo sin asomarme, Ibias, y un pueblo al que, como curiosidad, se accede atravesando un puente colgante. As\u00ed que os sugiero que me agarr\u00e9is de la mano, lo atravesemos y descubramos juntos un diamante en bruto del para\u00edso asturiano: Riodeporcos.<\/p>\n<p>&nbsp;<\/p>\n<p><a href=\"https:\/\/static-blogs.elcomercio.es\/wp-content\/uploads\/sites\/13\/2019\/05\/IMG_20190501_154417-01.jpeg\"><img loading=\"lazy\" class=\"alignnone size-full wp-image-4953\" src=\"https:\/\/static-blogs.elcomercio.es\/wp-content\/uploads\/sites\/13\/2019\/05\/IMG_20190501_154417-01.jpeg\" alt=\"R\u00edo de Porcos\" width=\"606\" height=\"456\" srcset=\"https:\/\/static-blogs.elcomercio.es\/wp-content\/uploads\/sites\/13\/2019\/05\/IMG_20190501_154417-01.jpeg 606w, https:\/\/static-blogs.elcomercio.es\/wp-content\/uploads\/sites\/13\/2019\/05\/IMG_20190501_154417-01-300x226.jpeg 300w\" sizes=\"(max-width: 606px) 100vw, 606px\" \/><\/a><\/p>\n<p><!--more--><\/p>\n<p>Mayo se inicia con tiempo inestable, cielos nubosos y temperaturas que suben y bajan sin saber muy bien d\u00f3nde quedarse.\u00a0 \u00a0 Hace a\u00f1os que sigo el\u00a0 blog de Slow Rider, que muchos conocer\u00e9is, &#8220;<a href=\"http:\/\/5000curvas.blogspot.com\/\" target=\"_blank\" rel=\"external nofollow\">5000 curvas.blogspot.com<\/a>&#8221; . Fue, precisamente ah\u00ed, donde le\u00ed por primera vez el nombre de este pueblo al que, si no hab\u00e9is ido a\u00fan, recomiendo que lo hag\u00e1is porque no solo su acceso es impresionante, el viaje re\u00fane todas las cualidades necesarias\u00a0 para que disfrut\u00e9is de vuestras motos rodeados de paisajes a\u00fan m\u00e1s bellos.<\/p>\n<p>Sin prisa pero sin pausa, sal\u00ed aquella ma\u00f1ana con mi &#8220;Trailera&#8221; con la err\u00f3nea idea de que ser\u00eda un d\u00eda soleado pero lejos de eso, el Pozo de las Mujeres Muertas presentaba un aspecto que invitaba poco a quedarse. El paisaje se ocultaba detr\u00e1s de la espesa y molesta niebla y los 3 grados de temperatura hicieron que mis manos comenzaran a temblar.<\/p>\n<p>&nbsp;<\/p>\n<p><a href=\"https:\/\/static-blogs.elcomercio.es\/wp-content\/uploads\/sites\/13\/2019\/05\/IMG_20190501_133011.jpg\"><img loading=\"lazy\" class=\"alignnone size-full wp-image-4945\" src=\"https:\/\/static-blogs.elcomercio.es\/wp-content\/uploads\/sites\/13\/2019\/05\/IMG_20190501_133011.jpg\" alt=\"Pozo de las Mujeres Muertas\" width=\"606\" height=\"456\" srcset=\"https:\/\/static-blogs.elcomercio.es\/wp-content\/uploads\/sites\/13\/2019\/05\/IMG_20190501_133011.jpg 606w, https:\/\/static-blogs.elcomercio.es\/wp-content\/uploads\/sites\/13\/2019\/05\/IMG_20190501_133011-300x226.jpg 300w\" sizes=\"(max-width: 606px) 100vw, 606px\" \/><\/a><\/p>\n<p>&nbsp;<\/p>\n<p><a href=\"https:\/\/static-blogs.elcomercio.es\/wp-content\/uploads\/sites\/13\/2019\/05\/IMG_20190501_133022.jpg\"><img loading=\"lazy\" class=\"alignnone size-full wp-image-4946\" src=\"https:\/\/static-blogs.elcomercio.es\/wp-content\/uploads\/sites\/13\/2019\/05\/IMG_20190501_133022.jpg\" alt=\"Pozo de las mujeres Muertas\" width=\"606\" height=\"456\" srcset=\"https:\/\/static-blogs.elcomercio.es\/wp-content\/uploads\/sites\/13\/2019\/05\/IMG_20190501_133022.jpg 606w, https:\/\/static-blogs.elcomercio.es\/wp-content\/uploads\/sites\/13\/2019\/05\/IMG_20190501_133022-300x226.jpg 300w\" sizes=\"(max-width: 606px) 100vw, 606px\" \/><\/a><\/p>\n<p>&nbsp;<\/p>\n<p><a href=\"https:\/\/static-blogs.elcomercio.es\/wp-content\/uploads\/sites\/13\/2019\/05\/IMG_20190501_133140.jpg\"><img loading=\"lazy\" class=\"alignnone size-full wp-image-4947\" src=\"https:\/\/static-blogs.elcomercio.es\/wp-content\/uploads\/sites\/13\/2019\/05\/IMG_20190501_133140.jpg\" alt=\"Pozo de las mujeres Muertas\" width=\"606\" height=\"456\" srcset=\"https:\/\/static-blogs.elcomercio.es\/wp-content\/uploads\/sites\/13\/2019\/05\/IMG_20190501_133140.jpg 606w, https:\/\/static-blogs.elcomercio.es\/wp-content\/uploads\/sites\/13\/2019\/05\/IMG_20190501_133140-300x226.jpg 300w\" sizes=\"(max-width: 606px) 100vw, 606px\" \/><\/a><\/p>\n<p>&nbsp;<\/p>\n<p>Paulatinamente la niebla fue disip\u00e1ndose y la extraordinaria belleza del para\u00edso qued\u00f3 al descubierto..<\/p>\n<p>&nbsp;<\/p>\n<p><a href=\"https:\/\/static-blogs.elcomercio.es\/wp-content\/uploads\/sites\/13\/2019\/05\/IMG_20190501_134106.jpg\"><img loading=\"lazy\" class=\"alignnone size-full wp-image-4948\" src=\"https:\/\/static-blogs.elcomercio.es\/wp-content\/uploads\/sites\/13\/2019\/05\/IMG_20190501_134106.jpg\" alt=\"Pozo de las Mujeres Muertas\" width=\"606\" height=\"456\" srcset=\"https:\/\/static-blogs.elcomercio.es\/wp-content\/uploads\/sites\/13\/2019\/05\/IMG_20190501_134106.jpg 606w, https:\/\/static-blogs.elcomercio.es\/wp-content\/uploads\/sites\/13\/2019\/05\/IMG_20190501_134106-300x226.jpg 300w\" sizes=\"(max-width: 606px) 100vw, 606px\" \/><\/a><\/p>\n<p>&nbsp;<\/p>\n<p>Tras una breve pero pintoresca excursi\u00f3n por carreteras lucenses rodando por las LU- 702 Y LU-P-1910,&#8230;<\/p>\n<p>&nbsp;<\/p>\n<p><a href=\"https:\/\/static-blogs.elcomercio.es\/wp-content\/uploads\/sites\/13\/2019\/05\/IMG_20190501_141452.jpg\"><img loading=\"lazy\" class=\"alignnone size-full wp-image-4949\" src=\"https:\/\/static-blogs.elcomercio.es\/wp-content\/uploads\/sites\/13\/2019\/05\/IMG_20190501_141452.jpg\" alt=\"R\u00edo de Porcos\" width=\"606\" height=\"287\" srcset=\"https:\/\/static-blogs.elcomercio.es\/wp-content\/uploads\/sites\/13\/2019\/05\/IMG_20190501_141452.jpg 606w, https:\/\/static-blogs.elcomercio.es\/wp-content\/uploads\/sites\/13\/2019\/05\/IMG_20190501_141452-300x142.jpg 300w\" sizes=\"(max-width: 606px) 100vw, 606px\" \/><\/a><\/p>\n<p>&nbsp;<\/p>\n<p>&#8220;Trailera&#8221; y yo llegamos hasta la entrada del pueblo al cual ella no podr\u00e1 acompa\u00f1arme. Eso s\u00ed, la dejo en un id\u00edlico entorno en el que la paz y el silencio son los protagonistas.<\/p>\n<p>&nbsp;<\/p>\n<p><a href=\"https:\/\/static-blogs.elcomercio.es\/wp-content\/uploads\/sites\/13\/2019\/05\/IMG_20190501_142620-01.jpeg\"><img loading=\"lazy\" class=\"alignnone size-full wp-image-4950\" src=\"https:\/\/static-blogs.elcomercio.es\/wp-content\/uploads\/sites\/13\/2019\/05\/IMG_20190501_142620-01.jpeg\" alt=\"R\u00edo de Porcos\" width=\"606\" height=\"456\" srcset=\"https:\/\/static-blogs.elcomercio.es\/wp-content\/uploads\/sites\/13\/2019\/05\/IMG_20190501_142620-01.jpeg 606w, https:\/\/static-blogs.elcomercio.es\/wp-content\/uploads\/sites\/13\/2019\/05\/IMG_20190501_142620-01-300x226.jpeg 300w\" sizes=\"(max-width: 606px) 100vw, 606px\" \/><\/a><\/p>\n<p>&nbsp;<\/p>\n<p><a href=\"https:\/\/static-blogs.elcomercio.es\/wp-content\/uploads\/sites\/13\/2019\/05\/IMG_0825.jpg\"><img loading=\"lazy\" class=\"alignnone size-full wp-image-4923\" src=\"https:\/\/static-blogs.elcomercio.es\/wp-content\/uploads\/sites\/13\/2019\/05\/IMG_0825.jpg\" alt=\"R\u00edo de Porcos\" width=\"606\" height=\"406\" srcset=\"https:\/\/static-blogs.elcomercio.es\/wp-content\/uploads\/sites\/13\/2019\/05\/IMG_0825.jpg 606w, https:\/\/static-blogs.elcomercio.es\/wp-content\/uploads\/sites\/13\/2019\/05\/IMG_0825-300x201.jpg 300w\" sizes=\"(max-width: 606px) 100vw, 606px\" \/><\/a><\/p>\n<p>&nbsp;<\/p>\n<p><a href=\"https:\/\/static-blogs.elcomercio.es\/wp-content\/uploads\/sites\/13\/2019\/05\/IMG_0828.jpg\"><img loading=\"lazy\" class=\"alignnone size-full wp-image-4924\" src=\"https:\/\/static-blogs.elcomercio.es\/wp-content\/uploads\/sites\/13\/2019\/05\/IMG_0828.jpg\" alt=\"R\u00edo de Porcos\" width=\"606\" height=\"406\" srcset=\"https:\/\/static-blogs.elcomercio.es\/wp-content\/uploads\/sites\/13\/2019\/05\/IMG_0828.jpg 606w, https:\/\/static-blogs.elcomercio.es\/wp-content\/uploads\/sites\/13\/2019\/05\/IMG_0828-300x201.jpg 300w\" sizes=\"(max-width: 606px) 100vw, 606px\" \/><\/a><\/p>\n<p>&nbsp;<\/p>\n<p><a href=\"https:\/\/static-blogs.elcomercio.es\/wp-content\/uploads\/sites\/13\/2019\/05\/IMG_0838-01-01.jpeg\"><img loading=\"lazy\" class=\"alignnone size-full wp-image-4925\" src=\"https:\/\/static-blogs.elcomercio.es\/wp-content\/uploads\/sites\/13\/2019\/05\/IMG_0838-01-01.jpeg\" alt=\"R\u00edo de Porcos\" width=\"339\" height=\"506\" srcset=\"https:\/\/static-blogs.elcomercio.es\/wp-content\/uploads\/sites\/13\/2019\/05\/IMG_0838-01-01.jpeg 339w, https:\/\/static-blogs.elcomercio.es\/wp-content\/uploads\/sites\/13\/2019\/05\/IMG_0838-01-01-201x300.jpeg 201w\" sizes=\"(max-width: 339px) 100vw, 339px\" \/><\/a><\/p>\n<p>&nbsp;<\/p>\n<p>Una peque\u00f1a subida por un camino de tierra nos llevar\u00e1 hasta el pueblo al cual accedo a trav\u00e9s de unos arcos de bienvenida que parecen recibir al visitante..<\/p>\n<p>&nbsp;<\/p>\n<p><a href=\"https:\/\/static-blogs.elcomercio.es\/wp-content\/uploads\/sites\/13\/2019\/05\/IMG_0846.jpg\"><img loading=\"lazy\" class=\"alignnone size-full wp-image-4927\" src=\"https:\/\/static-blogs.elcomercio.es\/wp-content\/uploads\/sites\/13\/2019\/05\/IMG_0846.jpg\" alt=\"R\u00edo de Porcos\" width=\"606\" height=\"406\" srcset=\"https:\/\/static-blogs.elcomercio.es\/wp-content\/uploads\/sites\/13\/2019\/05\/IMG_0846.jpg 606w, https:\/\/static-blogs.elcomercio.es\/wp-content\/uploads\/sites\/13\/2019\/05\/IMG_0846-300x201.jpg 300w\" sizes=\"(max-width: 606px) 100vw, 606px\" \/><\/a><\/p>\n<p>&nbsp;<\/p>\n<p><a href=\"https:\/\/static-blogs.elcomercio.es\/wp-content\/uploads\/sites\/13\/2019\/05\/IMG_0844.jpg\"><img loading=\"lazy\" class=\"alignnone size-full wp-image-4926\" src=\"https:\/\/static-blogs.elcomercio.es\/wp-content\/uploads\/sites\/13\/2019\/05\/IMG_0844.jpg\" alt=\"R\u00edo de Porcos\" width=\"606\" height=\"406\" srcset=\"https:\/\/static-blogs.elcomercio.es\/wp-content\/uploads\/sites\/13\/2019\/05\/IMG_0844.jpg 606w, https:\/\/static-blogs.elcomercio.es\/wp-content\/uploads\/sites\/13\/2019\/05\/IMG_0844-300x201.jpg 300w\" sizes=\"(max-width: 606px) 100vw, 606px\" \/><\/a><\/p>\n<p>&nbsp;<\/p>\n<p>Ascendemos y la perspectiva cambia,.. La capilla de San Roque, solitaria, queda enmarcada en un paisaje de gran valor natural.<\/p>\n<p>&nbsp;<\/p>\n<p><a href=\"https:\/\/static-blogs.elcomercio.es\/wp-content\/uploads\/sites\/13\/2019\/05\/IMG_0870.jpg\"><img loading=\"lazy\" class=\"alignnone size-full wp-image-4935\" src=\"https:\/\/static-blogs.elcomercio.es\/wp-content\/uploads\/sites\/13\/2019\/05\/IMG_0870.jpg\" alt=\"R\u00edo de Porcos\" width=\"606\" height=\"406\" srcset=\"https:\/\/static-blogs.elcomercio.es\/wp-content\/uploads\/sites\/13\/2019\/05\/IMG_0870.jpg 606w, https:\/\/static-blogs.elcomercio.es\/wp-content\/uploads\/sites\/13\/2019\/05\/IMG_0870-300x201.jpg 300w\" sizes=\"(max-width: 606px) 100vw, 606px\" \/><\/a><\/p>\n<p>&nbsp;<\/p>\n<p>No nos faltar\u00e1 un lugar donde sentarnos,..<\/p>\n<p>&nbsp;<\/p>\n<p><a href=\"https:\/\/static-blogs.elcomercio.es\/wp-content\/uploads\/sites\/13\/2019\/05\/IMG_0855.jpg\"><img loading=\"lazy\" class=\"alignnone size-full wp-image-4931\" src=\"https:\/\/static-blogs.elcomercio.es\/wp-content\/uploads\/sites\/13\/2019\/05\/IMG_0855.jpg\" alt=\"R\u00edo de Porcos\" width=\"606\" height=\"406\" srcset=\"https:\/\/static-blogs.elcomercio.es\/wp-content\/uploads\/sites\/13\/2019\/05\/IMG_0855.jpg 606w, https:\/\/static-blogs.elcomercio.es\/wp-content\/uploads\/sites\/13\/2019\/05\/IMG_0855-300x201.jpg 300w\" sizes=\"(max-width: 606px) 100vw, 606px\" \/><\/a><\/p>\n<p>&nbsp;<\/p>\n<p><a href=\"https:\/\/static-blogs.elcomercio.es\/wp-content\/uploads\/sites\/13\/2019\/05\/IMG_0904-02.jpeg\"><img loading=\"lazy\" class=\"alignnone size-full wp-image-4943\" src=\"https:\/\/static-blogs.elcomercio.es\/wp-content\/uploads\/sites\/13\/2019\/05\/IMG_0904-02.jpeg\" alt=\"Rio de Porcos\" width=\"606\" height=\"406\" srcset=\"https:\/\/static-blogs.elcomercio.es\/wp-content\/uploads\/sites\/13\/2019\/05\/IMG_0904-02.jpeg 606w, https:\/\/static-blogs.elcomercio.es\/wp-content\/uploads\/sites\/13\/2019\/05\/IMG_0904-02-300x201.jpeg 300w\" sizes=\"(max-width: 606px) 100vw, 606px\" \/><\/a><\/p>\n<p>&nbsp;<\/p>\n<p>Ni miradores a los que asomarnos.<\/p>\n<p>&nbsp;<\/p>\n<p><a href=\"https:\/\/static-blogs.elcomercio.es\/wp-content\/uploads\/sites\/13\/2019\/05\/IMG_0899-01.jpeg\"><img loading=\"lazy\" class=\"alignnone size-full wp-image-4942\" src=\"https:\/\/static-blogs.elcomercio.es\/wp-content\/uploads\/sites\/13\/2019\/05\/IMG_0899-01.jpeg\" alt=\"R\u00edo de Porcos\" width=\"606\" height=\"406\" srcset=\"https:\/\/static-blogs.elcomercio.es\/wp-content\/uploads\/sites\/13\/2019\/05\/IMG_0899-01.jpeg 606w, https:\/\/static-blogs.elcomercio.es\/wp-content\/uploads\/sites\/13\/2019\/05\/IMG_0899-01-300x201.jpeg 300w\" sizes=\"(max-width: 606px) 100vw, 606px\" \/><\/a><\/p>\n<p>&nbsp;<\/p>\n<p>Ir en solitario tiene algunas desventajas, pero al final los resultados merecen la pena,..<\/p>\n<p>&nbsp;<\/p>\n<p><a href=\"https:\/\/static-blogs.elcomercio.es\/wp-content\/uploads\/sites\/13\/2019\/05\/IMG_20190501_151747.jpg\"><img loading=\"lazy\" class=\"alignnone size-full wp-image-4951\" src=\"https:\/\/static-blogs.elcomercio.es\/wp-content\/uploads\/sites\/13\/2019\/05\/IMG_20190501_151747.jpg\" alt=\"Rio de Porcos\" width=\"606\" height=\"456\" srcset=\"https:\/\/static-blogs.elcomercio.es\/wp-content\/uploads\/sites\/13\/2019\/05\/IMG_20190501_151747.jpg 606w, https:\/\/static-blogs.elcomercio.es\/wp-content\/uploads\/sites\/13\/2019\/05\/IMG_20190501_151747-300x226.jpg 300w\" sizes=\"(max-width: 606px) 100vw, 606px\" \/><\/a><\/p>\n<p>&nbsp;<\/p>\n<p>Los verdes se entremezclan con los\u00a0 p\u00farpuras y amarillos dando lugar a un paisaje con una amplia gama crom\u00e1tica. Todo un espect\u00e1culo visual del que fui \u00fanico testigo.<\/p>\n<p>&nbsp;<\/p>\n<p><a href=\"https:\/\/static-blogs.elcomercio.es\/wp-content\/uploads\/sites\/13\/2019\/05\/IMG_0888-01.jpeg\"><img loading=\"lazy\" class=\"alignnone size-full wp-image-4940\" src=\"https:\/\/static-blogs.elcomercio.es\/wp-content\/uploads\/sites\/13\/2019\/05\/IMG_0888-01.jpeg\" alt=\"R\u00edo de Porcos\" width=\"606\" height=\"406\" srcset=\"https:\/\/static-blogs.elcomercio.es\/wp-content\/uploads\/sites\/13\/2019\/05\/IMG_0888-01.jpeg 606w, https:\/\/static-blogs.elcomercio.es\/wp-content\/uploads\/sites\/13\/2019\/05\/IMG_0888-01-300x201.jpeg 300w\" sizes=\"(max-width: 606px) 100vw, 606px\" \/><\/a><\/p>\n<p>&nbsp;<\/p>\n<p><a href=\"https:\/\/static-blogs.elcomercio.es\/wp-content\/uploads\/sites\/13\/2019\/05\/IMG_0889.jpg\"><img loading=\"lazy\" class=\"alignnone size-full wp-image-4941\" src=\"https:\/\/static-blogs.elcomercio.es\/wp-content\/uploads\/sites\/13\/2019\/05\/IMG_0889.jpg\" alt=\"R\u00edo de Porcos\" width=\"606\" height=\"406\" srcset=\"https:\/\/static-blogs.elcomercio.es\/wp-content\/uploads\/sites\/13\/2019\/05\/IMG_0889.jpg 606w, https:\/\/static-blogs.elcomercio.es\/wp-content\/uploads\/sites\/13\/2019\/05\/IMG_0889-300x201.jpg 300w\" sizes=\"(max-width: 606px) 100vw, 606px\" \/><\/a><\/p>\n<p>&nbsp;<\/p>\n<p><a href=\"https:\/\/static-blogs.elcomercio.es\/wp-content\/uploads\/sites\/13\/2019\/05\/IMG_0913.jpg\"><img loading=\"lazy\" class=\"alignnone size-full wp-image-4944\" src=\"https:\/\/static-blogs.elcomercio.es\/wp-content\/uploads\/sites\/13\/2019\/05\/IMG_0913.jpg\" alt=\"Rio de Porcos\" width=\"606\" height=\"406\" srcset=\"https:\/\/static-blogs.elcomercio.es\/wp-content\/uploads\/sites\/13\/2019\/05\/IMG_0913.jpg 606w, https:\/\/static-blogs.elcomercio.es\/wp-content\/uploads\/sites\/13\/2019\/05\/IMG_0913-300x201.jpg 300w\" sizes=\"(max-width: 606px) 100vw, 606px\" \/><\/a><\/p>\n<p>&nbsp;<\/p>\n<p>Siempre digo que bajarse de &#8220;Trailera&#8221;, en ocasiones tiene su recompensa,&#8230;<\/p>\n<p>&nbsp;<\/p>\n<p><a href=\"https:\/\/static-blogs.elcomercio.es\/wp-content\/uploads\/sites\/13\/2019\/05\/IMG_0859.jpg\"><img loading=\"lazy\" class=\"alignnone size-full wp-image-4933\" src=\"https:\/\/static-blogs.elcomercio.es\/wp-content\/uploads\/sites\/13\/2019\/05\/IMG_0859.jpg\" alt=\"R\u00edo de Porcos\" width=\"606\" height=\"406\" srcset=\"https:\/\/static-blogs.elcomercio.es\/wp-content\/uploads\/sites\/13\/2019\/05\/IMG_0859.jpg 606w, https:\/\/static-blogs.elcomercio.es\/wp-content\/uploads\/sites\/13\/2019\/05\/IMG_0859-300x201.jpg 300w\" sizes=\"(max-width: 606px) 100vw, 606px\" \/><\/a><\/p>\n<p>&nbsp;<\/p>\n<p><a href=\"https:\/\/static-blogs.elcomercio.es\/wp-content\/uploads\/sites\/13\/2019\/05\/IMG_0851.jpg\"><img loading=\"lazy\" class=\"alignnone size-full wp-image-4929\" src=\"https:\/\/static-blogs.elcomercio.es\/wp-content\/uploads\/sites\/13\/2019\/05\/IMG_0851.jpg\" alt=\"R\u00edo de Porcos\" width=\"606\" height=\"406\" srcset=\"https:\/\/static-blogs.elcomercio.es\/wp-content\/uploads\/sites\/13\/2019\/05\/IMG_0851.jpg 606w, https:\/\/static-blogs.elcomercio.es\/wp-content\/uploads\/sites\/13\/2019\/05\/IMG_0851-300x201.jpg 300w\" sizes=\"(max-width: 606px) 100vw, 606px\" \/><\/a><\/p>\n<p>&nbsp;<\/p>\n<p><a href=\"https:\/\/static-blogs.elcomercio.es\/wp-content\/uploads\/sites\/13\/2019\/05\/IMG_0850.jpg\"><img loading=\"lazy\" class=\"alignnone size-full wp-image-4928\" src=\"https:\/\/static-blogs.elcomercio.es\/wp-content\/uploads\/sites\/13\/2019\/05\/IMG_0850.jpg\" alt=\"R\u00edo de Porcos\" width=\"606\" height=\"406\" srcset=\"https:\/\/static-blogs.elcomercio.es\/wp-content\/uploads\/sites\/13\/2019\/05\/IMG_0850.jpg 606w, https:\/\/static-blogs.elcomercio.es\/wp-content\/uploads\/sites\/13\/2019\/05\/IMG_0850-300x201.jpg 300w\" sizes=\"(max-width: 606px) 100vw, 606px\" \/><\/a><\/p>\n<p>&nbsp;<\/p>\n<p><a href=\"https:\/\/static-blogs.elcomercio.es\/wp-content\/uploads\/sites\/13\/2019\/05\/IMG_0877.jpg\"><img loading=\"lazy\" class=\"alignnone size-full wp-image-4939\" src=\"https:\/\/static-blogs.elcomercio.es\/wp-content\/uploads\/sites\/13\/2019\/05\/IMG_0877.jpg\" alt=\"R\u00edo de Porcos\" width=\"606\" height=\"406\" srcset=\"https:\/\/static-blogs.elcomercio.es\/wp-content\/uploads\/sites\/13\/2019\/05\/IMG_0877.jpg 606w, https:\/\/static-blogs.elcomercio.es\/wp-content\/uploads\/sites\/13\/2019\/05\/IMG_0877-300x201.jpg 300w\" sizes=\"(max-width: 606px) 100vw, 606px\" \/><\/a><\/p>\n<p>&nbsp;<\/p>\n<p>Y, aunque suelo ser de esas personas que van al rev\u00e9s de lo que dice el mundo, en esta ocasi\u00f3n, hice caso a las se\u00f1ales,&#8230;<\/p>\n<p>&nbsp;<\/p>\n<p><a href=\"https:\/\/static-blogs.elcomercio.es\/wp-content\/uploads\/sites\/13\/2019\/05\/IMG_0863.jpg\"><img loading=\"lazy\" class=\"alignnone size-full wp-image-4934\" src=\"https:\/\/static-blogs.elcomercio.es\/wp-content\/uploads\/sites\/13\/2019\/05\/IMG_0863.jpg\" alt=\"R\u00edo de Porcos\" width=\"606\" height=\"406\" srcset=\"https:\/\/static-blogs.elcomercio.es\/wp-content\/uploads\/sites\/13\/2019\/05\/IMG_0863.jpg 606w, https:\/\/static-blogs.elcomercio.es\/wp-content\/uploads\/sites\/13\/2019\/05\/IMG_0863-300x201.jpg 300w\" sizes=\"(max-width: 606px) 100vw, 606px\" \/><\/a><\/p>\n<p>&nbsp;<\/p>\n<p><a href=\"https:\/\/static-blogs.elcomercio.es\/wp-content\/uploads\/sites\/13\/2019\/05\/IMG_0872.jpg\"><img loading=\"lazy\" class=\"alignnone size-full wp-image-4937\" src=\"https:\/\/static-blogs.elcomercio.es\/wp-content\/uploads\/sites\/13\/2019\/05\/IMG_0872.jpg\" alt=\"R\u00edo de Porcos\" width=\"606\" height=\"406\" srcset=\"https:\/\/static-blogs.elcomercio.es\/wp-content\/uploads\/sites\/13\/2019\/05\/IMG_0872.jpg 606w, https:\/\/static-blogs.elcomercio.es\/wp-content\/uploads\/sites\/13\/2019\/05\/IMG_0872-300x201.jpg 300w\" sizes=\"(max-width: 606px) 100vw, 606px\" \/><\/a><\/p>\n<p>&nbsp;<\/p>\n<p><a href=\"https:\/\/static-blogs.elcomercio.es\/wp-content\/uploads\/sites\/13\/2019\/05\/IMG_0874.jpg\"><img loading=\"lazy\" class=\"alignnone size-full wp-image-4938\" src=\"https:\/\/static-blogs.elcomercio.es\/wp-content\/uploads\/sites\/13\/2019\/05\/IMG_0874.jpg\" alt=\"R\u00edo de Porcos\" width=\"606\" height=\"406\" srcset=\"https:\/\/static-blogs.elcomercio.es\/wp-content\/uploads\/sites\/13\/2019\/05\/IMG_0874.jpg 606w, https:\/\/static-blogs.elcomercio.es\/wp-content\/uploads\/sites\/13\/2019\/05\/IMG_0874-300x201.jpg 300w\" sizes=\"(max-width: 606px) 100vw, 606px\" \/><\/a><\/p>\n<p>&nbsp;<\/p>\n<p>El tiempo en el pueblo se ha detenido. Ven\u00eda buscando estar sola y lo he encontrado.. En realidad, el silencio me ha encontrado a m\u00ed. Y, no se me ocurre mejor manera de terminar la ruta que disfrutando del lugar junto a mi moto y, por supuesto, sin prisa.<\/p>\n<p>&nbsp;<\/p>\n<p><a href=\"https:\/\/static-blogs.elcomercio.es\/wp-content\/uploads\/sites\/13\/2019\/05\/IMG_0815.jpg\"><img loading=\"lazy\" class=\"alignnone size-full wp-image-4922\" src=\"https:\/\/static-blogs.elcomercio.es\/wp-content\/uploads\/sites\/13\/2019\/05\/IMG_0815.jpg\" alt=\"R\u00edo de Porcos\" width=\"606\" height=\"406\" srcset=\"https:\/\/static-blogs.elcomercio.es\/wp-content\/uploads\/sites\/13\/2019\/05\/IMG_0815.jpg 606w, https:\/\/static-blogs.elcomercio.es\/wp-content\/uploads\/sites\/13\/2019\/05\/IMG_0815-300x201.jpg 300w\" sizes=\"(max-width: 606px) 100vw, 606px\" \/><\/a><\/p>\n<p>&nbsp;<\/p>\n<p>Espero que os haya gustado. V\u00b4SSS.<\/p>\n<p>&nbsp;<\/p>\n<!-- AddThis Advanced Settings generic via filter on the_content --><!-- AddThis Share Buttons generic via filter on the_content -->","protected":false},"excerpt":{"rendered":"<p>Huyendo,como de costumbre, de las t\u00edpicas multitudes de un d\u00eda festivo, escog\u00ed en esta ocasi\u00f3n un concejo al que llevo tiempo sin asomarme, Ibias, y un pueblo al que, como curiosidad, se accede atravesando un puente colgante. As\u00ed que os sugiero que me agarr\u00e9is de la mano, lo atravesemos y descubramos juntos un diamante en [&hellip;]<!-- AddThis Advanced Settings generic via filter on get_the_excerpt --><!-- AddThis Share Buttons generic via filter on get_the_excerpt --><\/p>\n","protected":false},"author":14,"featured_media":4950,"comment_status":"open","ping_status":"closed","sticky":false,"template":"","format":"standard","meta":[],"categories":[30],"tags":[430,1147,638,691,1148],"_links":{"self":[{"href":"https:\/\/blogs.elcomercio.es\/explorando-paraiso-moto\/wp-json\/wp\/v2\/posts\/4954"}],"collection":[{"href":"https:\/\/blogs.elcomercio.es\/explorando-paraiso-moto\/wp-json\/wp\/v2\/posts"}],"about":[{"href":"https:\/\/blogs.elcomercio.es\/explorando-paraiso-moto\/wp-json\/wp\/v2\/types\/post"}],"author":[{"embeddable":true,"href":"https:\/\/blogs.elcomercio.es\/explorando-paraiso-moto\/wp-json\/wp\/v2\/users\/14"}],"replies":[{"embeddable":true,"href":"https:\/\/blogs.elcomercio.es\/explorando-paraiso-moto\/wp-json\/wp\/v2\/comments?post=4954"}],"version-history":[{"count":4,"href":"https:\/\/blogs.elcomercio.es\/explorando-paraiso-moto\/wp-json\/wp\/v2\/posts\/4954\/revisions"}],"predecessor-version":[{"id":5403,"href":"https:\/\/blogs.elcomercio.es\/explorando-paraiso-moto\/wp-json\/wp\/v2\/posts\/4954\/revisions\/5403"}],"wp:featuredmedia":[{"embeddable":true,"href":"https:\/\/blogs.elcomercio.es\/explorando-paraiso-moto\/wp-json\/wp\/v2\/media\/4950"}],"wp:attachment":[{"href":"https:\/\/blogs.elcomercio.es\/explorando-paraiso-moto\/wp-json\/wp\/v2\/media?parent=4954"}],"wp:term":[{"taxonomy":"category","embeddable":true,"href":"https:\/\/blogs.elcomercio.es\/explorando-paraiso-moto\/wp-json\/wp\/v2\/categories?post=4954"},{"taxonomy":"post_tag","embeddable":true,"href":"https:\/\/blogs.elcomercio.es\/explorando-paraiso-moto\/wp-json\/wp\/v2\/tags?post=4954"}],"curies":[{"name":"wp","href":"https:\/\/api.w.org\/{rel}","templated":true}]}}