{"id":5245,"date":"2019-05-30T07:07:12","date_gmt":"2019-05-30T05:07:12","guid":{"rendered":"https:\/\/blogs.elcomercio.es\/explorando-paraiso-moto\/?p=5245"},"modified":"2019-05-30T07:33:41","modified_gmt":"2019-05-30T05:33:41","slug":"ruta-motera-de-los-miradores-del-parque-historico-del-navia","status":"publish","type":"post","link":"https:\/\/blogs.elcomercio.es\/explorando-paraiso-moto\/2019\/05\/30\/ruta-motera-de-los-miradores-del-parque-historico-del-navia\/","title":{"rendered":"Ruta Motera de los Miradores del Parque Hist\u00f3rico del Navia"},"content":{"rendered":"<p><span style=\"font-size: 14pt\"><span style=\"color: #000000\"><span style=\"font-family: 'Times New Roman', serif\"><span lang=\"es-ES\"><span style=\"font-family: 'Times New Roman', serif\">\u00a0 \u00a0All\u00ed donde se abrazan el mar y las monta\u00f1as, donde las nubes acarician el cielo y el agua brota a modo de manantiales y cascadas cristalinas. All\u00ed donde los prados se visten de un inimitable manto de color verde y el trinar de los p\u00e1jaros se convierte en la \u00fanica m\u00fasica para nuestros o\u00eddos, se extiende el territorio que abarca el <\/span><a href=\"http:\/\/www.parquehistorico.org\/\" target=\"_blank\" rel=\"external nofollow\">Parque Hist\u00f3rico del Navia<\/a><\/span><\/span><\/span><span style=\"color: #000000\"><span style=\"font-family: 'Times New Roman', serif\"><span lang=\"es-ES\">. Nos asomaremos a aut\u00e9nticos balcones al para\u00edso en los que disfrutaremos de impresionantes obras de ingenier\u00eda y, desde los cuales, seremos testigos de las formas caprichosas a las que da lugar la Naturaleza.<\/span><\/span><\/span><\/span><\/p>\n<p lang=\"es-ES\"><span style=\"color: #000000;font-size: 14pt\"><span style=\"font-family: 'Times New Roman', serif\">\u00a0 \u00a0Descubriremos paisajes que parecen sacados de una postal y, sobre nuestras motos, deseosos de explorar esta zona del desconocido occidente asturiano, nos impregnaremos de la belleza incalculable de un para\u00edso que tiene mucho que ense\u00f1arnos.<\/span><\/span><\/p>\n<p><span style=\"font-size: 14pt\">\u00a0\u00a0<a name=\"_Hlt6991357\"><\/a><a name=\"_Hlt6991356\"><\/a><span style=\"color: #000000\"><span style=\"font-family: 'Times New Roman', serif\"><span lang=\"es-ES\">Nuestros dos primeros miradores los encontraremos en la villa marinera de <a href=\"http:\/\/www.tapiadecasariego.es\/\" target=\"_blank\" rel=\"external nofollow\"><u>Tapia de Casariego<\/u><\/a><\/span><\/span><\/span><span style=\"color: #000000\"><span style=\"font-family: 'Times New Roman', serif\"><span lang=\"es-ES\">\u00a0y hasta ellos podremos acceder, entre otras alternativas, desde la calle Francisco Gonz\u00e1lez Villamil.<\/span><\/span><\/span><\/span><\/p>\n<p><span style=\"color: #000000;font-size: 14pt\"><span style=\"font-family: 'Times New Roman', serif\"><span lang=\"es-ES\">\u00a0 \u00a0Estamos ante una de las puertas de entrada al Parque Hist\u00f3rico del Navia. As\u00ed que, abr\u00e1mosla, y dispong\u00e1monos a entrar en un espacio m\u00e1gico.<\/span><\/span><\/span><\/p>\n<p>&nbsp;<\/p>\n<p><a href=\"https:\/\/static-blogs.elcomercio.es\/wp-content\/uploads\/sites\/13\/2019\/05\/mirador-de-la-Ribeir\u00eda.jpg\"><img loading=\"lazy\" class=\"alignnone size-full wp-image-5236\" src=\"https:\/\/static-blogs.elcomercio.es\/wp-content\/uploads\/sites\/13\/2019\/05\/mirador-de-la-Ribeir\u00eda.jpg\" alt=\"mirador-de-la-ribeiria\" width=\"600\" height=\"400\" srcset=\"https:\/\/static-blogs.elcomercio.es\/wp-content\/uploads\/sites\/13\/2019\/05\/mirador-de-la-Ribeir\u00eda.jpg 600w, https:\/\/static-blogs.elcomercio.es\/wp-content\/uploads\/sites\/13\/2019\/05\/mirador-de-la-Ribeir\u00eda-300x200.jpg 300w\" sizes=\"(max-width: 600px) 100vw, 600px\" \/><\/a><\/p>\n<p>&nbsp;<\/p>\n<p><span style=\"color: #000000;font-size: 14pt\"><span style=\"font-family: 'Times New Roman', serif\"><span lang=\"es-ES\">\u00a0 En el de A Ribeir\u00eda, con vistas a la playa del mismo nombre, bien podremos apoyar nuestros brazos sobre su barandilla de madera y abrir nuestros ojos para disfrutar de lo que tenemos ante nosotros, o bien sentarnos sobre la verde moqueta de hierba que lo cubre y respirar el aroma del mar cuyas olas rompen contra las rocas dando lugar a una melod\u00eda poco acompasada.<\/span><\/span><\/span><\/p>\n<p><span style=\"color: #000000;font-size: 14pt\"><span style=\"font-family: 'Times New Roman', serif\"><span lang=\"es-ES\">\u00a0 \u00a0Muy pr\u00f3ximo, el mirador de Os Ca\u00f1\u00f3is, se convierte en toda una atalaya al Cant\u00e1brico y desde \u00e9l podremos gozar de unas fotog\u00e9nicas vistas del faro de Tapia, una prodigiosa panor\u00e1mica de todo el litoral m\u00e1s occidental de Asturias, los acantilados salpicados de islotes e, incluso en d\u00edas despejados, de la mari\u00f1a lucense.<\/span><\/span><\/span><\/p>\n<p>&nbsp;<\/p>\n<p><a href=\"https:\/\/static-blogs.elcomercio.es\/wp-content\/uploads\/sites\/13\/2019\/05\/mirador-Os-Ca\u00f1\u00f3isTapia-de-Casariego-2.jpg\"><img loading=\"lazy\" class=\"alignnone size-full wp-image-5257\" src=\"https:\/\/static-blogs.elcomercio.es\/wp-content\/uploads\/sites\/13\/2019\/05\/mirador-Os-Ca\u00f1\u00f3isTapia-de-Casariego-2.jpg\" alt=\"mirador-os-canoistapia-de-casariego-2\" width=\"600\" height=\"400\" srcset=\"https:\/\/static-blogs.elcomercio.es\/wp-content\/uploads\/sites\/13\/2019\/05\/mirador-Os-Ca\u00f1\u00f3isTapia-de-Casariego-2.jpg 600w, https:\/\/static-blogs.elcomercio.es\/wp-content\/uploads\/sites\/13\/2019\/05\/mirador-Os-Ca\u00f1\u00f3isTapia-de-Casariego-2-300x200.jpg 300w\" sizes=\"(max-width: 600px) 100vw, 600px\" \/><\/a><\/p>\n<p>&nbsp;<\/p>\n<p><a href=\"https:\/\/static-blogs.elcomercio.es\/wp-content\/uploads\/sites\/13\/2019\/05\/mirador-Os-Ca\u00f1\u00f3isTapia-de-Casariego.jpg\"><img loading=\"lazy\" class=\"alignnone size-full wp-image-5259\" src=\"https:\/\/static-blogs.elcomercio.es\/wp-content\/uploads\/sites\/13\/2019\/05\/mirador-Os-Ca\u00f1\u00f3isTapia-de-Casariego.jpg\" alt=\"mirador-os-canoistapia-de-casariego\" width=\"600\" height=\"400\" srcset=\"https:\/\/static-blogs.elcomercio.es\/wp-content\/uploads\/sites\/13\/2019\/05\/mirador-Os-Ca\u00f1\u00f3isTapia-de-Casariego.jpg 600w, https:\/\/static-blogs.elcomercio.es\/wp-content\/uploads\/sites\/13\/2019\/05\/mirador-Os-Ca\u00f1\u00f3isTapia-de-Casariego-300x200.jpg 300w\" sizes=\"(max-width: 600px) 100vw, 600px\" \/><\/a><\/p>\n<p>&nbsp;<\/p>\n<p><span style=\"color: #000000;font-size: 14pt\"><span style=\"font-family: 'Times New Roman', serif\"><span lang=\"es-ES\"> Desde el S.XVI las mejoras en la composici\u00f3n de la p\u00f3lvora y una mayor variedad en las bocas de disparo llevar\u00edan a mayores alcances, lo que impulsar\u00eda hasta el S.XVIII tambi\u00e9n la evoluci\u00f3n en la forma de los fuertes. La instalaci\u00f3n de \u00e9stos sobre los acantilados permit\u00eda el control de la artiller\u00eda sobre los lugares de f\u00e1cil desembarco y acceso tierra adentro. En Tapia, al igual que en otras villas y enclaves costeros, la instalaci\u00f3n en el a\u00f1o 1780 de un fuerte con artiller\u00eda en la punta de Os Ca\u00f1\u00f3is, permit\u00eda el control sobre el puerto y la playa. De ah\u00ed el porqu\u00e9 de este tipo de elementos en este lugar.<\/span><\/span><\/span><\/p>\n<p lang=\"es-ES\"><span style=\"color: #000000;font-size: 14pt\"><span style=\"font-family: 'Times New Roman', serif\">\u00a0 \u00a0En medio de ambos miradores llama la atenci\u00f3n la piscina de agua marina construida sobre una antigua cet\u00e1rea y que, sin duda, es uno de los grandes atractivos del verano tapiego.<\/span><\/span><\/p>\n<p lang=\"es-ES\"><a href=\"https:\/\/static-blogs.elcomercio.es\/wp-content\/uploads\/sites\/13\/2019\/05\/piscinas-de-agua-salada-de-Tapia-de-Casariego.jpg\"><img loading=\"lazy\" class=\"alignnone size-full wp-image-5258\" src=\"https:\/\/static-blogs.elcomercio.es\/wp-content\/uploads\/sites\/13\/2019\/05\/piscinas-de-agua-salada-de-Tapia-de-Casariego.jpg\" alt=\"piscinas-de-agua-salada-de-tapia-de-casariego\" width=\"600\" height=\"400\" srcset=\"https:\/\/static-blogs.elcomercio.es\/wp-content\/uploads\/sites\/13\/2019\/05\/piscinas-de-agua-salada-de-Tapia-de-Casariego.jpg 600w, https:\/\/static-blogs.elcomercio.es\/wp-content\/uploads\/sites\/13\/2019\/05\/piscinas-de-agua-salada-de-Tapia-de-Casariego-300x200.jpg 300w\" sizes=\"(max-width: 600px) 100vw, 600px\" \/><\/a><\/p>\n<p><span style=\"font-size: 14pt\"><span style=\"color: #000000\"><span style=\"font-family: 'Times New Roman', serif\"><span lang=\"es-ES\"><span style=\"color: #000000\">\u00a0 \u00a0<\/span><\/span><\/span><\/span><\/span><\/p>\n<p><span style=\"font-size: 14pt\"><span style=\"color: #000000\"><span style=\"font-family: 'Times New Roman', serif\"><span lang=\"es-ES\"><span style=\"color: #000000\">Recorriendo durante 13 kil\u00f3metros la N-634 llegaremos hasta el mirador de A Talaya, en Viav\u00e9lez (<a href=\"http:\/\/www.elfranco.es\/\" target=\"_blank\" rel=\"external nofollow\">El Franco<\/a>).\u00a0<\/span><\/span><\/span><\/span><span style=\"color: #000000\"><span style=\"font-family: 'Times New Roman', serif\"><span lang=\"es-ES\">Situado en un alto, la panor\u00e1mica que ofrece tanto del pueblo como de su pintoresco puerto, no deja indiferente a nadie. No ser\u00eda extra\u00f1o contemplar una estampa frecuente en la que el mar arremete a golpes contra su espig\u00f3n bufando contra los acantilados que lo escoltan.<\/span><\/span><\/span><\/span><\/p>\n<p>&nbsp;<\/p>\n<p><a href=\"https:\/\/static-blogs.elcomercio.es\/wp-content\/uploads\/sites\/13\/2019\/05\/mirador-de-la-AtalayaViav\u00e9lez.jpg\"><img loading=\"lazy\" class=\"alignnone size-full wp-image-5233\" src=\"https:\/\/static-blogs.elcomercio.es\/wp-content\/uploads\/sites\/13\/2019\/05\/mirador-de-la-AtalayaViav\u00e9lez.jpg\" alt=\"mirador-de-la-atalayaviavelez\" width=\"600\" height=\"400\" srcset=\"https:\/\/static-blogs.elcomercio.es\/wp-content\/uploads\/sites\/13\/2019\/05\/mirador-de-la-AtalayaViav\u00e9lez.jpg 600w, https:\/\/static-blogs.elcomercio.es\/wp-content\/uploads\/sites\/13\/2019\/05\/mirador-de-la-AtalayaViav\u00e9lez-300x200.jpg 300w\" sizes=\"(max-width: 600px) 100vw, 600px\" \/><\/a><\/p>\n<p>&nbsp;<\/p>\n<p><a href=\"https:\/\/static-blogs.elcomercio.es\/wp-content\/uploads\/sites\/13\/2019\/05\/mirador-de-la-AtalayaViav\u00e9lez-2.jpg\"><img loading=\"lazy\" class=\"alignnone size-full wp-image-5232\" src=\"https:\/\/static-blogs.elcomercio.es\/wp-content\/uploads\/sites\/13\/2019\/05\/mirador-de-la-AtalayaViav\u00e9lez-2.jpg\" alt=\"mirador-de-la-atalayaviavelez-2\" width=\"600\" height=\"400\" srcset=\"https:\/\/static-blogs.elcomercio.es\/wp-content\/uploads\/sites\/13\/2019\/05\/mirador-de-la-AtalayaViav\u00e9lez-2.jpg 600w, https:\/\/static-blogs.elcomercio.es\/wp-content\/uploads\/sites\/13\/2019\/05\/mirador-de-la-AtalayaViav\u00e9lez-2-300x200.jpg 300w\" sizes=\"(max-width: 600px) 100vw, 600px\" \/><\/a><\/p>\n<p>&nbsp;<\/p>\n<p><span style=\"color: #000000;font-size: 14pt\"><span style=\"font-family: 'Times New Roman', serif\"><span lang=\"es-ES\">\u00a0 \u00a0Frente a nosotros y, de nuevo, sobre una loma, el mirador de El Porto presidido por una escultura de Ernesto Knorr conocida como \u201cLitoral\u201d en la que, como en todas sus obras, se conjugan cuatro factores: el equilibrio, la tensi\u00f3n, el movimiento y el contraste.<\/span><\/span><\/span><\/p>\n<p>&nbsp;<\/p>\n<p><a href=\"https:\/\/static-blogs.elcomercio.es\/wp-content\/uploads\/sites\/13\/2019\/05\/mirador-El-PortoViav\u00e9lez.jpg\"><img loading=\"lazy\" class=\"alignnone size-full wp-image-5260\" src=\"https:\/\/static-blogs.elcomercio.es\/wp-content\/uploads\/sites\/13\/2019\/05\/mirador-El-PortoViav\u00e9lez.jpg\" alt=\"mirador-el-portoviavelez\" width=\"640\" height=\"427\" srcset=\"https:\/\/static-blogs.elcomercio.es\/wp-content\/uploads\/sites\/13\/2019\/05\/mirador-El-PortoViav\u00e9lez.jpg 640w, https:\/\/static-blogs.elcomercio.es\/wp-content\/uploads\/sites\/13\/2019\/05\/mirador-El-PortoViav\u00e9lez-300x200.jpg 300w\" sizes=\"(max-width: 640px) 100vw, 640px\" \/><\/a><\/p>\n<p>&nbsp;<\/p>\n<p><span style=\"color: #000000;font-size: 14pt\"><span style=\"font-family: 'Times New Roman', serif\"><span lang=\"es-ES\"> Para acceder a ella estacionaremos nuestras monturas en el mismo puerto de Viav\u00e9lez del cual obtendremos diferentes perspectivas gracias a un inexcusable paseo por sus empinadas calles. Estamos en una villa marinera que goza de gran sabor literario, cuna de la famosa escritora Cor\u00edn Tellado, cuya casa natal podremos encontrar en la calle que lleva su nombre.<\/span><\/span><\/span><\/p>\n<p><span style=\"font-size: 14pt\"><span style=\"color: #000000\"><span style=\"font-family: 'Times New Roman', serif\"><span lang=\"es-ES\">\u00a0 \u00a0Abandonamos la costa para ir, poco a poco, adentr\u00e1ndonos hacia el interior. La carretera FR-1 ser\u00e1 la que, en un continuo ascenso de unos 20 kil\u00f3metros, que iniciaremos en A Carid\u00e1, nos lleve hasta Rozadas donde podr\u00edamos visitar el <\/span><\/span><\/span><a href=\"http:\/\/www.parquehistorico.org\/recorrido_casaspalacio.php?codigo=152\" target=\"_blank\" rel=\"external nofollow\"><span lang=\"es-ES\">Centro de Interpretaci\u00f3n de la Artesan\u00eda del Hierro <\/span><\/a><span style=\"color: #000000\"><span style=\"font-family: 'Times New Roman', serif\"><span lang=\"es-ES\">as\u00ed como una colecci\u00f3n museogr\u00e1fica, previa reserva.<\/span><\/span><\/span><\/span><\/p>\n<p><span style=\"font-size: 14pt\"><span style=\"color: #000000\"><span style=\"font-family: 'Times New Roman', serif\"><span lang=\"es-ES\"><span style=\"font-family: 'Times New Roman', serif\">\u00a0 \u00a0El Alto de Penouta (<\/span><a href=\"http:\/\/www.boal.es\/\" target=\"_blank\" rel=\"external nofollow\">Boal<\/a>)<\/span><\/span><\/span><span style=\"color: #000000\"><span style=\"font-family: 'Times New Roman', serif\"><span lang=\"es-ES\">, al cual llegaremos rodando despu\u00e9s de unos 5 kil\u00f3metros por el excelente asfalto de la AS-22, con sus 780 metros y, junto al cual, se encuentra un \u00e1rea recreativa, es todo un mirador por s\u00ed mismo. <\/span><\/span><\/span><\/span><\/p>\n<p>&nbsp;<\/p>\n<p><a href=\"https:\/\/static-blogs.elcomercio.es\/wp-content\/uploads\/sites\/13\/2019\/05\/\u00e1rea-recreativa-en-el-Alto-de-PenoutaBoal.jpg\"><img loading=\"lazy\" class=\"alignnone size-full wp-image-5226\" src=\"https:\/\/static-blogs.elcomercio.es\/wp-content\/uploads\/sites\/13\/2019\/05\/\u00e1rea-recreativa-en-el-Alto-de-PenoutaBoal.jpg\" alt=\"area-recreativa-en-el-alto-de-penoutaboal\" width=\"600\" height=\"400\" srcset=\"https:\/\/static-blogs.elcomercio.es\/wp-content\/uploads\/sites\/13\/2019\/05\/\u00e1rea-recreativa-en-el-Alto-de-PenoutaBoal.jpg 600w, https:\/\/static-blogs.elcomercio.es\/wp-content\/uploads\/sites\/13\/2019\/05\/\u00e1rea-recreativa-en-el-Alto-de-PenoutaBoal-300x200.jpg 300w\" sizes=\"(max-width: 600px) 100vw, 600px\" \/><\/a><\/p>\n<p>&nbsp;<\/p>\n<p><span style=\"font-size: 14pt\"><span style=\"color: #000000\"><span style=\"font-family: 'Times New Roman', serif\"><span lang=\"es-ES\">Con amplios pinares en su parte baja, en su zona m\u00e1s elevada la ausencia de arbolado nos permitir\u00e1 ampliar nuestro campo de visi\u00f3n. Pero si lo que queremos es subir hasta el s\u00e9ptimo cielo, ascenderemos hasta los dos miradores que llevan su nombre y que nos mostrar\u00e1n, por un lado, los dominios de Poseid\u00f3n o, lo que es lo mismo, el mar (mirador de Penouta Costa) o bien, por otro lado, adentrarnos en el coraz\u00f3n de un valle en el cual las monta\u00f1as dibujan un id\u00edlico escenario en el que se conjugan diferentes tonalidades de verdes y que no podr\u00edan darse m\u00e1s que en este m\u00e1gico rinc\u00f3n asturiano (mirador de Penouta Interior). Para alcanzar el primero de ellos, viajaremos acompa\u00f1ados de la atenta mirada de los gigantes e\u00f3licos que, con sus enormes aspas, dibujan una silueta caracter\u00edstica en el horizonte.<\/span><\/span><\/span><\/span><\/p>\n<p>&nbsp;<\/p>\n<p><a href=\"https:\/\/static-blogs.elcomercio.es\/wp-content\/uploads\/sites\/13\/2019\/05\/Subida-al-mirador-de-la-CostaBoal.jpg\"><img loading=\"lazy\" class=\"alignnone size-full wp-image-5244\" src=\"https:\/\/static-blogs.elcomercio.es\/wp-content\/uploads\/sites\/13\/2019\/05\/Subida-al-mirador-de-la-CostaBoal.jpg\" alt=\"subida-al-mirador-de-la-costaboal\" width=\"600\" height=\"400\" srcset=\"https:\/\/static-blogs.elcomercio.es\/wp-content\/uploads\/sites\/13\/2019\/05\/Subida-al-mirador-de-la-CostaBoal.jpg 600w, https:\/\/static-blogs.elcomercio.es\/wp-content\/uploads\/sites\/13\/2019\/05\/Subida-al-mirador-de-la-CostaBoal-300x200.jpg 300w\" sizes=\"(max-width: 600px) 100vw, 600px\" \/><\/a><\/p>\n<p>&nbsp;<\/p>\n<p><span style=\"font-size: 14pt\"><span style=\"color: #000000\"><span style=\"font-family: 'Times New Roman', serif\"><span lang=\"es-ES\"> En las afeitadas prader\u00edas, los caballos pastan a sus anchas sin importarles nuestra presencia.<\/span><\/span><\/span><\/span><\/p>\n<p>&nbsp;<\/p>\n<p><a href=\"https:\/\/static-blogs.elcomercio.es\/wp-content\/uploads\/sites\/13\/2019\/05\/Alto-de-PenoutaBoal.jpg\"><img loading=\"lazy\" class=\"alignnone size-full wp-image-5225\" src=\"https:\/\/static-blogs.elcomercio.es\/wp-content\/uploads\/sites\/13\/2019\/05\/Alto-de-PenoutaBoal.jpg\" alt=\"alto-de-penoutaboal\" width=\"600\" height=\"477\" srcset=\"https:\/\/static-blogs.elcomercio.es\/wp-content\/uploads\/sites\/13\/2019\/05\/Alto-de-PenoutaBoal.jpg 600w, https:\/\/static-blogs.elcomercio.es\/wp-content\/uploads\/sites\/13\/2019\/05\/Alto-de-PenoutaBoal-300x239.jpg 300w\" sizes=\"(max-width: 600px) 100vw, 600px\" \/><\/a><\/p>\n<p>&nbsp;<\/p>\n<p><span style=\"font-size: 14pt\"><span style=\"color: #000000\"><span style=\"font-family: 'Times New Roman', serif\"><span lang=\"es-ES\">Y una vez alcanzado nuestro objetivo, desde el peque\u00f1o banco de pizarra con vistas al para\u00edso, seremos testigos de c\u00f3mo tierra y mar llegan a hermanarse dando lugar al binomio perfecto. Con suerte, podremos navegar con nuestras miradas sobre un mar de nubes y sentirnos capitanes de un barco que viaja sin rumbo a donde nuestra vista nos lleve. <\/span><\/span><\/span><\/span><\/p>\n<p>&nbsp;<\/p>\n<p><a href=\"https:\/\/static-blogs.elcomercio.es\/wp-content\/uploads\/sites\/13\/2019\/05\/mirador-de-la-CostaBoal.jpg\"><img loading=\"lazy\" class=\"alignnone size-full wp-image-5235\" src=\"https:\/\/static-blogs.elcomercio.es\/wp-content\/uploads\/sites\/13\/2019\/05\/mirador-de-la-CostaBoal.jpg\" alt=\"mirador-de-la-costaboal\" width=\"600\" height=\"400\" srcset=\"https:\/\/static-blogs.elcomercio.es\/wp-content\/uploads\/sites\/13\/2019\/05\/mirador-de-la-CostaBoal.jpg 600w, https:\/\/static-blogs.elcomercio.es\/wp-content\/uploads\/sites\/13\/2019\/05\/mirador-de-la-CostaBoal-300x200.jpg 300w\" sizes=\"(max-width: 600px) 100vw, 600px\" \/><\/a><\/p>\n<p>&nbsp;<\/p>\n<p><a href=\"https:\/\/static-blogs.elcomercio.es\/wp-content\/uploads\/sites\/13\/2019\/05\/mirador-de-la-CostaBoal-2.jpg\"><img loading=\"lazy\" class=\"alignnone size-full wp-image-5234\" src=\"https:\/\/static-blogs.elcomercio.es\/wp-content\/uploads\/sites\/13\/2019\/05\/mirador-de-la-CostaBoal-2.jpg\" alt=\"mirador-de-la-costaboal-2\" width=\"600\" height=\"400\" srcset=\"https:\/\/static-blogs.elcomercio.es\/wp-content\/uploads\/sites\/13\/2019\/05\/mirador-de-la-CostaBoal-2.jpg 600w, https:\/\/static-blogs.elcomercio.es\/wp-content\/uploads\/sites\/13\/2019\/05\/mirador-de-la-CostaBoal-2-300x200.jpg 300w\" sizes=\"(max-width: 600px) 100vw, 600px\" \/><\/a><\/p>\n<p>&nbsp;<\/p>\n<p><span style=\"font-size: 14pt\"><span style=\"color: #000000\"><span style=\"font-family: 'Times New Roman', serif\"><span lang=\"es-ES\">Una pista de tierra ser\u00e1 la que tendremos que seguir para alcanzar el mirador de Penouta Interior, en el \u00e1rea recreativa de Pena Queimada, dentro de la cual podremos ver un t\u00famulo o <\/span><\/span><\/span><span style=\"color: #000000\"><span style=\"font-family: 'Times New Roman', serif\"><span lang=\"es-ES\"><i>mamoa<\/i><\/span><\/span><\/span><span style=\"color: #000000\"><span style=\"font-family: 'Times New Roman', serif\"><span lang=\"es-ES\"> se\u00f1alizado. \u00c9stos, son los elementos de mayor antig\u00fcedad documentados en el concejo y la manifestaci\u00f3n m\u00e1s evidente de arquitectura funeraria del per\u00edodo Neol\u00edtico. Desde este mirador podremos obtener una visi\u00f3n de todo el Parque Hist\u00f3rico, desde las cercan\u00edas del mar Cant\u00e1brico al norte, hasta la Cordillera del mismo nombre al sur. Alcanzaremos a divisar las Sierras de A Bobia, la de Panondres, Carondio y Muriellos, la villa de Boal, El Valledor e incluso, en el horizonte m\u00e1s lejano, las cumbres del Aramo, Ubi\u00f1a y Somiedo.<\/span><\/span><\/span><\/span><\/p>\n<p>&nbsp;<\/p>\n<p><a href=\"https:\/\/static-blogs.elcomercio.es\/wp-content\/uploads\/sites\/13\/2019\/05\/mirador-de-Penouta-InteriorBoal-2-1.jpg\"><img loading=\"lazy\" class=\"alignnone size-full wp-image-5264\" src=\"https:\/\/static-blogs.elcomercio.es\/wp-content\/uploads\/sites\/13\/2019\/05\/mirador-de-Penouta-InteriorBoal-2-1.jpg\" alt=\"mirador-de-penouta-interiorboal-2\" width=\"600\" height=\"400\" srcset=\"https:\/\/static-blogs.elcomercio.es\/wp-content\/uploads\/sites\/13\/2019\/05\/mirador-de-Penouta-InteriorBoal-2-1.jpg 600w, https:\/\/static-blogs.elcomercio.es\/wp-content\/uploads\/sites\/13\/2019\/05\/mirador-de-Penouta-InteriorBoal-2-1-300x200.jpg 300w\" sizes=\"(max-width: 600px) 100vw, 600px\" \/><\/a><\/p>\n<p>&nbsp;<\/p>\n<p><a href=\"https:\/\/static-blogs.elcomercio.es\/wp-content\/uploads\/sites\/13\/2019\/05\/mirador-de-Penouta-InteriorBoal-1.jpg\"><img loading=\"lazy\" class=\"alignnone size-full wp-image-5265\" src=\"https:\/\/static-blogs.elcomercio.es\/wp-content\/uploads\/sites\/13\/2019\/05\/mirador-de-Penouta-InteriorBoal-1.jpg\" alt=\"mirador-de-penouta-interiorboal\" width=\"600\" height=\"400\" srcset=\"https:\/\/static-blogs.elcomercio.es\/wp-content\/uploads\/sites\/13\/2019\/05\/mirador-de-Penouta-InteriorBoal-1.jpg 600w, https:\/\/static-blogs.elcomercio.es\/wp-content\/uploads\/sites\/13\/2019\/05\/mirador-de-Penouta-InteriorBoal-1-300x200.jpg 300w\" sizes=\"(max-width: 600px) 100vw, 600px\" \/><\/a><\/p>\n<p>&nbsp;<\/p>\n<p><span style=\"font-size: 14pt\"><span style=\"color: #000000\"><span style=\"font-family: 'Times New Roman', serif\"><span lang=\"es-ES\"><span style=\"color: #000000\">\u00a0 \u00a0Descenderemos hacia Boal <\/span><span style=\"color: #000000\">, elegido Pueblo Ejemplar en el a\u00f1o 2014, y lo atravesaremos por la Avenida de Asturias dejando a nuestra izquierda, junto al Parque de los Emigrantes, el Monumento con su Placa conmemorativa de tan honor\u00edfica distinci\u00f3n. Ser\u00e1 precisamente al salir del pueblo cuando nos encontremos con la se\u00f1al que podr\u00eda indicarnos una posible parada en el <a href=\"http:\/\/www.boal.es\/index.php?M1=3&amp;M2=40&amp;M3=28\" target=\"_blank\" rel=\"external nofollow\">Centro de la Emigraci\u00f3n e Instrucci\u00f3n P\u00fablica<\/a><\/span><\/span><\/span><\/span><span style=\"color: #000000\"><span lang=\"es-ES\">, <\/span><\/span><span style=\"color: #000000\"><span style=\"font-family: 'Times New Roman', serif\"><span lang=\"es-ES\">en San Llougu\u00eds (San Luis).<\/span><\/span><\/span> <span style=\"color: #000000\"><span style=\"font-family: 'Times New Roman', serif\"><span lang=\"es-ES\">Sin abandonar la AS-12 se inicia ahora el trazado m\u00e1s zigzagueante de esta ruta en la cual durante varios kil\u00f3metros rodaremos acompa\u00f1ados por el r\u00edo Navia. Ser\u00e1n 25 aproximadamente los que nos separen de San Esteban de los Buitres (Illano), nuestro siguiente mirador.<\/span><\/span><\/span><\/span><\/p>\n<p>&nbsp;<\/p>\n<p><a href=\"https:\/\/static-blogs.elcomercio.es\/wp-content\/uploads\/sites\/13\/2019\/05\/San-Esteban-de-los-Buitres.jpg\"><img loading=\"lazy\" class=\"alignnone size-full wp-image-5243\" src=\"https:\/\/static-blogs.elcomercio.es\/wp-content\/uploads\/sites\/13\/2019\/05\/San-Esteban-de-los-Buitres.jpg\" alt=\"san-esteban-de-los-buitres\" width=\"640\" height=\"427\" srcset=\"https:\/\/static-blogs.elcomercio.es\/wp-content\/uploads\/sites\/13\/2019\/05\/San-Esteban-de-los-Buitres.jpg 640w, https:\/\/static-blogs.elcomercio.es\/wp-content\/uploads\/sites\/13\/2019\/05\/San-Esteban-de-los-Buitres-300x200.jpg 300w\" sizes=\"(max-width: 640px) 100vw, 640px\" \/><\/a><\/p>\n<p>&nbsp;<\/p>\n<p><a href=\"https:\/\/static-blogs.elcomercio.es\/wp-content\/uploads\/sites\/13\/2019\/05\/San-esteban-de-los-Buitres-2.jpg\"><img loading=\"lazy\" class=\"alignnone size-full wp-image-5242\" src=\"https:\/\/static-blogs.elcomercio.es\/wp-content\/uploads\/sites\/13\/2019\/05\/San-esteban-de-los-Buitres-2.jpg\" alt=\"san-esteban-de-los-buitres-2\" width=\"640\" height=\"427\" srcset=\"https:\/\/static-blogs.elcomercio.es\/wp-content\/uploads\/sites\/13\/2019\/05\/San-esteban-de-los-Buitres-2.jpg 640w, https:\/\/static-blogs.elcomercio.es\/wp-content\/uploads\/sites\/13\/2019\/05\/San-esteban-de-los-Buitres-2-300x200.jpg 300w\" sizes=\"(max-width: 640px) 100vw, 640px\" \/><\/a><\/p>\n<p>&nbsp;<\/p>\n<p><span style=\"font-size: 14pt\"><span style=\"color: #000000\"><span style=\"font-family: 'Times New Roman', serif\"><span lang=\"es-ES\">Extremaremos la precauci\u00f3n en los alrededores de las zonas sombr\u00edas que rodean el Embalse de Doiras en las cuales no ser\u00eda de extra\u00f1ar encontrarnos con tramos h\u00famedos de calzada y, en \u00e9pocas de lluvias, poco antes de culminar el Alto del Folgueir\u00f3u, podremos ser testigos de un espect\u00e1culo visual y natural de gran relevancia que deber\u00edamos aprovechar haciendo un alto en el camino: las Cascadas del Ferrado (Illano). Para aquellos amantes del agua y, sin abandonar el territorio del Parque Hist\u00f3rico del Navia, ser\u00eda recomendable una inexcusable visita hasta un concejo que se nos muestra como un placer para los sentidos: <\/span><\/span><\/span><a href=\"http:\/\/www.villayon.es\/\" target=\"_blank\" rel=\"external nofollow\"><span lang=\"es-ES\"><u>Villay\u00f3n<\/u><\/span><\/a><span style=\"color: #000000\"><span style=\"font-family: 'Times New Roman', serif\"><span lang=\"es-ES\">. All\u00ed, podremos deleitarnos con el Monumento Natural de las Cascadas de Oneta, en el pueblo del mismo nombre, el Pozo Mouro, a pie de la carretera AS-25 en un id\u00edlico entorno que invita a la relajaci\u00f3n y, por supuesto, la Cascada y Cueva del P\u00edmpano de impresionante belleza en un escondido paraje que parece sacado de un cuento de hadas.<\/span><\/span><\/span><\/span><\/p>\n<p><span style=\"font-size: 14pt\"><a name=\"_Hlt6996210\"><\/a><a name=\"_Hlt6996209\"><\/a> <span style=\"color: #000000\"><span style=\"font-family: 'Times New Roman', serif\"><span lang=\"es-ES\">San Esteban de los Buitres (<\/span><\/span><\/span><span style=\"color: #0000ff\"><span style=\"font-family: 'Times New Roman', serif\"><span lang=\"es-ES\"><u><a href=\"https:\/\/www.illano.es\/\" target=\"_top\" rel=\"external nofollow\">Ill<\/a><a href=\"https:\/\/www.illano.es\/\" target=\"_top\" rel=\"external nofollow\">a<\/a><a href=\"https:\/\/www.illano.es\/\" target=\"_blank\" rel=\"external nofollow\">no<\/a><\/u><\/span><\/span><\/span><span style=\"color: #000000\"><span style=\"font-family: 'Times New Roman', serif\"><span lang=\"es-ES\">) no necesita barandilla de ning\u00fan tipo para que podamos asomarnos a un paisaje en el que el r\u00edo Navia discurre encajado en un molde creado por la propia Naturaleza. Situado en una escarpada ladera, un paseo por sus calles nos lleva a un viaje al pasado puesto que aqu\u00ed, a\u00fan se conserva de forma ejemplar su caser\u00edo tradicional, lo cual le ha llevado a que Patrimonio lo declarara &#8220;Conjunto Hist\u00f3rico&#8221; en el a\u00f1o 2014.<\/span><\/span><\/span><\/span><\/p>\n<p><span style=\"font-size: 14pt\"><a name=\"_Hlt6996304\"><\/a> <span style=\"color: #000000\"><span style=\"font-family: 'Times New Roman', serif\"><span lang=\"es-ES\">Nos impregnaremos de Historia en nuestro siguiente destino: mirador de A Paicega (<\/span><\/span><\/span><span style=\"color: #0000ff\"><span style=\"font-family: 'Times New Roman', serif\"><span lang=\"es-ES\"><u><a href=\"http:\/\/www.pesoz.es\/\" target=\"_top\" rel=\"external nofollow\">Pes<\/a><a href=\"http:\/\/www.pesoz.es\/\" target=\"_top\" rel=\"external nofollow\">o<\/a><a href=\"http:\/\/www.pesoz.es\/\" target=\"_blank\" rel=\"external nofollow\">z<\/a><\/u><\/span><\/span><\/span><span style=\"color: #000000\"><span style=\"font-family: 'Times New Roman', serif\"><span lang=\"es-ES\">) del cual solo nos separan 15 kil\u00f3metros, gran parte de los cuales seguiremos por la AS-12. En la aldea de Sanzo, a solo 2 kil\u00f3metros del desv\u00edo, alg\u00fan perro suelto en el camino y, quiz\u00e1s tambi\u00e9n alg\u00fan lugare\u00f1o, vengan a recibirnos. Y es que hasta aqu\u00ed llega el asfalto puesto que ser\u00e1 una pista de algo m\u00e1s de 1 kil\u00f3metro la que tendremos que recorrer para llegar hasta este mirador que lleva el mismo nombre del pueblo en el que se ubica y cuyo origen se remonta a un antiguo poblado construido a mediados del S.XX con el fin de albergar a los obreros empleados en levantar la Presa de Salime.<\/span><\/span><\/span><\/span><\/p>\n<p>&nbsp;<\/p>\n<p><a href=\"https:\/\/static-blogs.elcomercio.es\/wp-content\/uploads\/sites\/13\/2019\/05\/miradores_apaicega.jpg\"><img loading=\"lazy\" class=\"alignnone size-full wp-image-5268\" src=\"https:\/\/static-blogs.elcomercio.es\/wp-content\/uploads\/sites\/13\/2019\/05\/miradores_apaicega.jpg\" alt=\"miradores_apaicega\" width=\"600\" height=\"399\" srcset=\"https:\/\/static-blogs.elcomercio.es\/wp-content\/uploads\/sites\/13\/2019\/05\/miradores_apaicega.jpg 600w, https:\/\/static-blogs.elcomercio.es\/wp-content\/uploads\/sites\/13\/2019\/05\/miradores_apaicega-300x200.jpg 300w\" sizes=\"(max-width: 600px) 100vw, 600px\" \/><\/a><\/p>\n<p>&nbsp;<\/p>\n<p><span style=\"font-size: 14pt\"><span style=\"color: #000000\"><span style=\"font-family: 'Times New Roman', serif\"><span lang=\"es-ES\"><span style=\"color: #000000\">\u00a0 \u00a0En la actualidad, se encuentra en estado de abandono aunque a\u00fan podemos diferenciar algunas construcciones entre las cuales es muy llamativa su iglesia. Volvemos sobre nuestros pasos para regresar a la AS-12 y no tardaremos en entrar en un concejo, <a href=\"http:\/\/www.grandasdesalime.es\/\" target=\"_blank\" rel=\"external nofollow\">Grandas de Salime<\/a>,\u00a0<\/span><\/span><\/span><\/span><span style=\"color: #000000\"><span style=\"font-family: 'Times New Roman', serif\"><span lang=\"es-ES\">cuya Comunidad Vecinal fue elegida Pueblo Ejemplar de Asturias en el a\u00f1o 1993, que nos recibir\u00e1 con los brazos abiertos. Descenderemos hasta el mirador del Embalse de Salime por la AS-14 durante poco m\u00e1s de 4 kil\u00f3metros, muy accesible y a pie de carretera, pero no sin antes visitar El P\u00e9njamo.<\/span><\/span><\/span><\/span><\/p>\n<p>&nbsp;<\/p>\n<p><a href=\"https:\/\/static-blogs.elcomercio.es\/wp-content\/uploads\/sites\/13\/2019\/05\/mirador-del-P\u00e9njamoGS-1.jpg\"><img loading=\"lazy\" class=\"alignnone size-full wp-image-5241\" src=\"https:\/\/static-blogs.elcomercio.es\/wp-content\/uploads\/sites\/13\/2019\/05\/mirador-del-P\u00e9njamoGS-1.jpg\" alt=\"mirador-del-penjamogs-1\" width=\"600\" height=\"400\" srcset=\"https:\/\/static-blogs.elcomercio.es\/wp-content\/uploads\/sites\/13\/2019\/05\/mirador-del-P\u00e9njamoGS-1.jpg 600w, https:\/\/static-blogs.elcomercio.es\/wp-content\/uploads\/sites\/13\/2019\/05\/mirador-del-P\u00e9njamoGS-1-300x200.jpg 300w\" sizes=\"(max-width: 600px) 100vw, 600px\" \/><\/a><\/p>\n<p>&nbsp;<\/p>\n<p><a href=\"https:\/\/static-blogs.elcomercio.es\/wp-content\/uploads\/sites\/13\/2019\/05\/mirador-del-P\u00e9njamo.jpg\"><img loading=\"lazy\" class=\"alignnone size-full wp-image-5269\" src=\"https:\/\/static-blogs.elcomercio.es\/wp-content\/uploads\/sites\/13\/2019\/05\/mirador-del-P\u00e9njamo.jpg\" alt=\"mirador-del-penjamo\" width=\"600\" height=\"400\" srcset=\"https:\/\/static-blogs.elcomercio.es\/wp-content\/uploads\/sites\/13\/2019\/05\/mirador-del-P\u00e9njamo.jpg 600w, https:\/\/static-blogs.elcomercio.es\/wp-content\/uploads\/sites\/13\/2019\/05\/mirador-del-P\u00e9njamo-300x200.jpg 300w\" sizes=\"(max-width: 600px) 100vw, 600px\" \/><\/a><\/p>\n<p>&nbsp;<\/p>\n<p><span style=\"color: #000000;font-size: 14pt\"><span style=\"font-family: 'Times New Roman', serif\"><span lang=\"es-ES\">\u00a0 \u00a0Accederemos a \u00e9l por la GS-1 y, despu\u00e9s de dos \u201chorquillas\u201d y un continuado descenso, podremos acariciar las aguas del r\u00edo Navia y disfrutar de un lugar en el cual el silencio es el \u00fanico sonido. Parada obligada es el mirador del Embalse de Salime, desde el cual contemplaremos esta colosal obra maestra que fue inaugurada el 24 de agosto de 1955 y que forma parte de los 100 Elementos del Patrimonio Industrial de Espa\u00f1a. Un peque\u00f1o p\u00falpito de piedra al que accederemos subiendo unos pelda\u00f1os da forma a un mirador en el que obtener una buena fotograf\u00eda no ser\u00e1 nada complicado.<\/span><\/span><\/span><\/p>\n<p>&nbsp;<\/p>\n<p><a href=\"https:\/\/static-blogs.elcomercio.es\/wp-content\/uploads\/sites\/13\/2019\/05\/mirador-del-Embalse-de-SalimeGrandas-de-Salime.jpg\"><img loading=\"lazy\" class=\"alignnone size-full wp-image-5240\" src=\"https:\/\/static-blogs.elcomercio.es\/wp-content\/uploads\/sites\/13\/2019\/05\/mirador-del-Embalse-de-SalimeGrandas-de-Salime.jpg\" alt=\"mirador-del-embalse-de-salimegrandas-de-salime\" width=\"600\" height=\"400\" srcset=\"https:\/\/static-blogs.elcomercio.es\/wp-content\/uploads\/sites\/13\/2019\/05\/mirador-del-Embalse-de-SalimeGrandas-de-Salime.jpg 600w, https:\/\/static-blogs.elcomercio.es\/wp-content\/uploads\/sites\/13\/2019\/05\/mirador-del-Embalse-de-SalimeGrandas-de-Salime-300x200.jpg 300w\" sizes=\"(max-width: 600px) 100vw, 600px\" \/><\/a><\/p>\n<p>&nbsp;<\/p>\n<p><a href=\"https:\/\/static-blogs.elcomercio.es\/wp-content\/uploads\/sites\/13\/2019\/05\/mirador-del-Embalse-de-SalimeGrandas-de-Salime-2.jpg\"><img loading=\"lazy\" class=\"alignnone size-full wp-image-5239\" src=\"https:\/\/static-blogs.elcomercio.es\/wp-content\/uploads\/sites\/13\/2019\/05\/mirador-del-Embalse-de-SalimeGrandas-de-Salime-2.jpg\" alt=\"mirador-del-embalse-de-salimegrandas-de-salime-2\" width=\"600\" height=\"400\" srcset=\"https:\/\/static-blogs.elcomercio.es\/wp-content\/uploads\/sites\/13\/2019\/05\/mirador-del-Embalse-de-SalimeGrandas-de-Salime-2.jpg 600w, https:\/\/static-blogs.elcomercio.es\/wp-content\/uploads\/sites\/13\/2019\/05\/mirador-del-Embalse-de-SalimeGrandas-de-Salime-2-300x200.jpg 300w\" sizes=\"(max-width: 600px) 100vw, 600px\" \/><\/a><\/p>\n<p>&nbsp;<\/p>\n<p><span style=\"color: #000000;font-size: 14pt\"><span style=\"font-family: 'Times New Roman', serif\"><span lang=\"es-ES\">Y si lo que deseamos es hacernos con una buena panor\u00e1mica del mismo escenario en el que nos encontramos y unas impresionantes vistas de la Presa no tendremos m\u00e1s que continuar la carretera la cual, sin p\u00e9rdida alguna, nos llevar\u00e1 hasta la otra ladera y a un mirador al que accederemos a trav\u00e9s de un t\u00fanel horadado en la roca dise\u00f1ado por Joaqu\u00edn Vaquero: el mirador Boca de la Ballena, con una forma muy peculiar que es por lo que recibe este nombre.<\/span><\/span><\/span><\/p>\n<p>&nbsp;<\/p>\n<p><a href=\"https:\/\/static-blogs.elcomercio.es\/wp-content\/uploads\/sites\/13\/2019\/05\/Miardor-Boca-de-la-BallenaGrandas-de-Salime.jpg\"><img loading=\"lazy\" class=\"alignnone size-full wp-image-5228\" src=\"https:\/\/static-blogs.elcomercio.es\/wp-content\/uploads\/sites\/13\/2019\/05\/Miardor-Boca-de-la-BallenaGrandas-de-Salime.jpg\" alt=\"miardor-boca-de-la-ballenagrandas-de-salime\" width=\"600\" height=\"400\" srcset=\"https:\/\/static-blogs.elcomercio.es\/wp-content\/uploads\/sites\/13\/2019\/05\/Miardor-Boca-de-la-BallenaGrandas-de-Salime.jpg 600w, https:\/\/static-blogs.elcomercio.es\/wp-content\/uploads\/sites\/13\/2019\/05\/Miardor-Boca-de-la-BallenaGrandas-de-Salime-300x200.jpg 300w\" sizes=\"(max-width: 600px) 100vw, 600px\" \/><\/a><\/p>\n<p>&nbsp;<\/p>\n<p><a href=\"https:\/\/static-blogs.elcomercio.es\/wp-content\/uploads\/sites\/13\/2019\/05\/mirador-Boca-de-la-BallenaGrandas-de-Salime-3.jpg\"><img loading=\"lazy\" class=\"alignnone size-full wp-image-5230\" src=\"https:\/\/static-blogs.elcomercio.es\/wp-content\/uploads\/sites\/13\/2019\/05\/mirador-Boca-de-la-BallenaGrandas-de-Salime-3.jpg\" alt=\"mirador-boca-de-la-ballenagrandas-de-salime-3\" width=\"600\" height=\"400\" srcset=\"https:\/\/static-blogs.elcomercio.es\/wp-content\/uploads\/sites\/13\/2019\/05\/mirador-Boca-de-la-BallenaGrandas-de-Salime-3.jpg 600w, https:\/\/static-blogs.elcomercio.es\/wp-content\/uploads\/sites\/13\/2019\/05\/mirador-Boca-de-la-BallenaGrandas-de-Salime-3-300x200.jpg 300w\" sizes=\"(max-width: 600px) 100vw, 600px\" \/><\/a><\/p>\n<p>&nbsp;<\/p>\n<p><a href=\"https:\/\/static-blogs.elcomercio.es\/wp-content\/uploads\/sites\/13\/2019\/05\/mirador-Boca-de-la-BallenaGrandas-de-Salime.jpg\"><img loading=\"lazy\" class=\"alignnone size-full wp-image-5231\" src=\"https:\/\/static-blogs.elcomercio.es\/wp-content\/uploads\/sites\/13\/2019\/05\/mirador-Boca-de-la-BallenaGrandas-de-Salime.jpg\" alt=\"mirador-boca-de-la-ballenagrandas-de-salime\" width=\"600\" height=\"400\" srcset=\"https:\/\/static-blogs.elcomercio.es\/wp-content\/uploads\/sites\/13\/2019\/05\/mirador-Boca-de-la-BallenaGrandas-de-Salime.jpg 600w, https:\/\/static-blogs.elcomercio.es\/wp-content\/uploads\/sites\/13\/2019\/05\/mirador-Boca-de-la-BallenaGrandas-de-Salime-300x200.jpg 300w\" sizes=\"(max-width: 600px) 100vw, 600px\" \/><\/a><\/p>\n<p>&nbsp;<\/p>\n<p><span style=\"color: #000000;font-size: 14pt\"><span style=\"font-family: 'Times New Roman', serif\"><span lang=\"es-ES\">\u00a0 \u00a0Hasta aqu\u00ed los miradores que abarcan el territorio del Parque Hist\u00f3rico del Navia. Ser\u00e1, precisamente, a partir de este \u00faltimo cuando se nos abra un abanico de posibilidades para continuar nuestro viaje. Aquellos que a\u00fan sigan sedientos por descubrir nuevas atalayas al para\u00edso, podr\u00e1n escaparse hasta el pueblo de Berducedo (<a href=\"https:\/\/www.allande.es\/\" target=\"_blank\" rel=\"external nofollow\">Allande<\/a>) donde disfrutar\u00e1n de las ofertas tur\u00edsticas y hoteleras que el lugar nos ofrece antes de culminar en el colosal Puerto del Palo, todo un mito en el mundo de las dos ruedas y, cuyas panor\u00e1micas, nos dejar\u00e1n boquiabiertos, sin ninguna duda.<\/span><\/span><\/span><\/p>\n<p><span style=\"color: #000000;font-size: 14pt\"><span style=\"font-family: 'Times New Roman', serif\"><span lang=\"es-ES\">\u00a0 \u00a0El Puerto del Acebo, a tan solo 19 kil\u00f3metros del Mirador Boca de la Ballena, se nos brinda como otra de las posibilidades y, hasta \u00e9l, llegaremos rodando por la AS-28. Y, finalmente, para aquellos moteros que decidan encumbrar la ruta de la misma manera que la comenzaron, es decir, mirando al mar, cuyo atractivo es todo un im\u00e1n para cualquier viajero, podr\u00e1n ir en su b\u00fasqueda siguiendo la AS-12 rumbo a Navia.<\/span><\/span><\/span><\/p>\n<p><span style=\"color: #000000;font-size: 14pt\"><span style=\"font-family: 'Times New Roman', serif\"><span lang=\"es-ES\">\u00a0 \u00a0Tres posibles broches de oro para una ruta, la de los Miradores del Parque Hist\u00f3rico del Navia, que nos dejar\u00e1 enganchados a su descomunal belleza.<\/span><\/span><\/span><\/p>\n<p lang=\"es-ES\"><span style=\"color: #000000;font-size: 14pt\"><span style=\"font-family: 'Times New Roman', serif\">\u00a0 \u00a0As\u00ed que, sint\u00e1monos afortunados de poder disfrutar con nuestras motos de una zona que conjuga todo lo necesario para que disfrutemos intensamente de nuestra afici\u00f3n. Porque, en ocasiones, buscamos fuera lo que tenemos al lado de casa, en Asturias.<\/span><\/span><\/p>\n<p lang=\"es-ES\"><strong><br \/>\n<\/strong><span style=\"color: #000000;font-size: 14pt\"><span style=\"font-family: 'Times New Roman', serif\"><b>Credencial Miradores Moteros<\/b>: Podr\u00e1s obtener tu Diploma \u201cMiradores Moteros\u201d remitiendo tus fotos en los Miradores junto con esta Credencial cumplimentada con tus datos personales, al correo info@parquehistorico@org.<\/span><\/span><\/p>\n<p lang=\"es-ES\"><a href=\"http:\/\/www.parquehistorico.org\/rutasmoteras\/images\/credencial_miradores.pdf\" target=\"_blank\" rel=\"external nofollow\">Descargar la Credencial Miradores Moteros en formato PDF<\/a>.<\/p>\n<p>&nbsp;<\/p>\n<p><span style=\"color: #000000\"><span style=\"font-family: 'Times New Roman', serif\"><span lang=\"es-ES\"><span style=\"font-size: 14pt\">Para m\u00e1s informaci\u00f3n:<a href=\"http:\/\/www.parquehistorico.org\/\" target=\"_blank\" rel=\"external nofollow\"> Fundaci\u00f3n del Parque Hist\u00f3rico del Navia<\/a><\/span>.<\/span><\/span><\/span><\/p>\n<p><span style=\"font-size: 14pt\"><span style=\"color: #000000\"><span style=\"font-family: 'Times New Roman', serif\"><span lang=\"es-ES\">\u00a0<\/span><\/span><\/span><\/span><\/p>\n<p><span style=\"font-size: 14pt\">Trazado de la ruta: <a href=\"https:\/\/www.google.com\/maps\/d\/viewer?mid=1ahZdMBzqBcWrU07PCjzqNmKqaszjza0r&amp;ll=43.38529078194588%2C-6.87876499999993&amp;z=10\" target=\"_blank\">Descubriendo en moto los Miradores del Parque Hist\u00f3rico del Navia<\/a><\/span>.<\/p>\n<!-- AddThis Advanced Settings generic via filter on the_content --><!-- AddThis Share Buttons generic via filter on the_content -->","protected":false},"excerpt":{"rendered":"<p>\u00a0 \u00a0All\u00ed donde se abrazan el mar y las monta\u00f1as, donde las nubes acarician el cielo y el agua brota a modo de manantiales y cascadas cristalinas. All\u00ed donde los prados se visten de un inimitable manto de color verde y el trinar de los p\u00e1jaros se convierte en la \u00fanica m\u00fasica para nuestros o\u00eddos, [&hellip;]<!-- AddThis Advanced Settings generic via filter on get_the_excerpt --><!-- AddThis Share Buttons generic via filter on get_the_excerpt --><\/p>\n","protected":false},"author":14,"featured_media":0,"comment_status":"open","ping_status":"closed","sticky":false,"template":"","format":"standard","meta":[],"categories":[5,24,29,31,46,53,79,87],"tags":[1173,1179,1176,1170,430,1175,1139,1172,1171,1167,1169,1177,1178,1166,1168,638,1163,691,1165,1174,1162,916,1120],"_links":{"self":[{"href":"https:\/\/blogs.elcomercio.es\/explorando-paraiso-moto\/wp-json\/wp\/v2\/posts\/5245"}],"collection":[{"href":"https:\/\/blogs.elcomercio.es\/explorando-paraiso-moto\/wp-json\/wp\/v2\/posts"}],"about":[{"href":"https:\/\/blogs.elcomercio.es\/explorando-paraiso-moto\/wp-json\/wp\/v2\/types\/post"}],"author":[{"embeddable":true,"href":"https:\/\/blogs.elcomercio.es\/explorando-paraiso-moto\/wp-json\/wp\/v2\/users\/14"}],"replies":[{"embeddable":true,"href":"https:\/\/blogs.elcomercio.es\/explorando-paraiso-moto\/wp-json\/wp\/v2\/comments?post=5245"}],"version-history":[{"count":36,"href":"https:\/\/blogs.elcomercio.es\/explorando-paraiso-moto\/wp-json\/wp\/v2\/posts\/5245\/revisions"}],"predecessor-version":[{"id":5289,"href":"https:\/\/blogs.elcomercio.es\/explorando-paraiso-moto\/wp-json\/wp\/v2\/posts\/5245\/revisions\/5289"}],"wp:attachment":[{"href":"https:\/\/blogs.elcomercio.es\/explorando-paraiso-moto\/wp-json\/wp\/v2\/media?parent=5245"}],"wp:term":[{"taxonomy":"category","embeddable":true,"href":"https:\/\/blogs.elcomercio.es\/explorando-paraiso-moto\/wp-json\/wp\/v2\/categories?post=5245"},{"taxonomy":"post_tag","embeddable":true,"href":"https:\/\/blogs.elcomercio.es\/explorando-paraiso-moto\/wp-json\/wp\/v2\/tags?post=5245"}],"curies":[{"name":"wp","href":"https:\/\/api.w.org\/{rel}","templated":true}]}}