{"id":5355,"date":"2019-07-17T19:58:47","date_gmt":"2019-07-17T17:58:47","guid":{"rendered":"https:\/\/blogs.elcomercio.es\/explorando-paraiso-moto\/?p=5355"},"modified":"2019-07-17T20:10:47","modified_gmt":"2019-07-17T18:10:47","slug":"rincones-de-belmonte-aguera","status":"publish","type":"post","link":"https:\/\/blogs.elcomercio.es\/explorando-paraiso-moto\/2019\/07\/17\/rincones-de-belmonte-aguera\/","title":{"rendered":"Rincones de Belmonte: Ag\u00fcera"},"content":{"rendered":"<p>Julio se despide con buenas temperaturas y cielos encapotados. &#8220;Trailera&#8221;, reci\u00e9n salida del taller <a href=\"http:\/\/www.paginasdelprincipado.es\/ficha\/cj-motos\" target=\"_blank\" rel=\"external nofollow\">C.J.Motos<\/a> donde Jos\u00e9 Antonio, como siempre, la ha tratado con mucho mimo, esperaba ansiosa para salir a explorar la tierrina. No han sido pocas las veces que he pasado por este peque\u00f1o pueblo del concejo de Belmonte de Miranda ubicado a pie de la carretera AS-227. \u00bfNos vamos a conocerlo?.<\/p>\n<p>&nbsp;<\/p>\n<p><a href=\"https:\/\/static-blogs.elcomercio.es\/wp-content\/uploads\/sites\/13\/2019\/07\/IMG_1274-crop.jpg\"><img loading=\"lazy\" class=\"alignnone size-full wp-image-5351\" src=\"https:\/\/static-blogs.elcomercio.es\/wp-content\/uploads\/sites\/13\/2019\/07\/IMG_1274-crop.jpg\" alt=\"Aguera\" width=\"646\" height=\"506\" srcset=\"https:\/\/static-blogs.elcomercio.es\/wp-content\/uploads\/sites\/13\/2019\/07\/IMG_1274-crop.jpg 646w, https:\/\/static-blogs.elcomercio.es\/wp-content\/uploads\/sites\/13\/2019\/07\/IMG_1274-crop-300x235.jpg 300w\" sizes=\"(max-width: 646px) 100vw, 646px\" \/><\/a><\/p>\n<p><!--more--><\/p>\n<p>&nbsp;<\/p>\n<p>Mi compa\u00f1era de rutas esperar\u00e1 estacionada a la vera de la casa en la que Raquel y Justo suelen pasar unos cuatro meses al a\u00f1o porque, habitualmente, quien reside en ella es su hijo. Les explico el porqu\u00e9 de mi presencia por la zona y Raquel, con su pausada voz me comenta que a los 7 a\u00f1os tuvo que emigrar a Madrid, en donde viven en la actualidad, pero que no por ello se siente menos asturiana. Para Justo, venir hasta este peque\u00f1o pueblo le sienta genial porque le encantan las comidas que le prepara su mujer y aqu\u00ed, no como en la capital, camina unos cuantos kil\u00f3metros al d\u00eda y, seg\u00fan \u00e9l, no para un segundo, siempre est\u00e1 activo(doy fe de ello, pues en el tiempo que estuve apenas descans\u00f3). Reformas en casa,.. E incluso prepar\u00f3 un coqueto rinc\u00f3n para que sus nietos corten las nueces,&#8230;<\/p>\n<p>&nbsp;<\/p>\n<p><a href=\"https:\/\/static-blogs.elcomercio.es\/wp-content\/uploads\/sites\/13\/2019\/07\/IMG_1195.jpg\"><img loading=\"lazy\" class=\"alignnone size-full wp-image-5329\" src=\"https:\/\/static-blogs.elcomercio.es\/wp-content\/uploads\/sites\/13\/2019\/07\/IMG_1195.jpg\" alt=\"Aguera\" width=\"273\" height=\"406\" srcset=\"https:\/\/static-blogs.elcomercio.es\/wp-content\/uploads\/sites\/13\/2019\/07\/IMG_1195.jpg 273w, https:\/\/static-blogs.elcomercio.es\/wp-content\/uploads\/sites\/13\/2019\/07\/IMG_1195-202x300.jpg 202w\" sizes=\"(max-width: 273px) 100vw, 273px\" \/><\/a><\/p>\n<p>&nbsp;<\/p>\n<p>Durante pocos minutos, se sienta en un banco y con su Braniff en la boca me habla de sus vidas y de la existencia de una se\u00f1ora, ahora ya fallecida, que si estuviera all\u00ed me hubiera contado un mont\u00f3n de historias del pueblo y sus habitantes. Al verme con mi moto me sugiere que si alg\u00fan d\u00eda tengo alg\u00fan problema, en el pueblo los fines de semana hay un chico que es mec\u00e1nico(est\u00e1 muy bien saberlo, aunque espero no tener que avisarle, tambi\u00e9n es cierto). Por un instante, les dejo en su casa, a la cual Raquel me invit\u00f3 incluso a tomar un caf\u00e9, y\u00a0 me voy a explorar el pueblo hacia el cual ya se dirigen dos de sus habitantes.<\/p>\n<p>&nbsp;<\/p>\n<p><a href=\"https:\/\/static-blogs.elcomercio.es\/wp-content\/uploads\/sites\/13\/2019\/07\/IMG_1198.jpg\"><img loading=\"lazy\" class=\"alignnone size-full wp-image-5330\" src=\"https:\/\/static-blogs.elcomercio.es\/wp-content\/uploads\/sites\/13\/2019\/07\/IMG_1198.jpg\" alt=\"Aguera\" width=\"646\" height=\"433\" srcset=\"https:\/\/static-blogs.elcomercio.es\/wp-content\/uploads\/sites\/13\/2019\/07\/IMG_1198.jpg 646w, https:\/\/static-blogs.elcomercio.es\/wp-content\/uploads\/sites\/13\/2019\/07\/IMG_1198-300x201.jpg 300w\" sizes=\"(max-width: 646px) 100vw, 646px\" \/><\/a><\/p>\n<p>&nbsp;<\/p>\n<p>En la carretera general, llama la atenci\u00f3n una caja sobre un \u00e1rbol. Parece ser, seg\u00fan me cont\u00f3 Raquel, que se utilizaba hace tiempo para que el panadero dejara all\u00ed el pan(muy ingenioso).<\/p>\n<p>&nbsp;<\/p>\n<p><a href=\"https:\/\/static-blogs.elcomercio.es\/wp-content\/uploads\/sites\/13\/2019\/07\/IMG_1199.jpg\"><img loading=\"lazy\" class=\"alignnone size-full wp-image-5331\" src=\"https:\/\/static-blogs.elcomercio.es\/wp-content\/uploads\/sites\/13\/2019\/07\/IMG_1199.jpg\" alt=\"Aguera\" width=\"646\" height=\"433\" srcset=\"https:\/\/static-blogs.elcomercio.es\/wp-content\/uploads\/sites\/13\/2019\/07\/IMG_1199.jpg 646w, https:\/\/static-blogs.elcomercio.es\/wp-content\/uploads\/sites\/13\/2019\/07\/IMG_1199-300x201.jpg 300w\" sizes=\"(max-width: 646px) 100vw, 646px\" \/><\/a><\/p>\n<p>&nbsp;<\/p>\n<p>A esto se le llama &#8220;deformaci\u00f3n profesional&#8221;&#8230;.<\/p>\n<p>&nbsp;<\/p>\n<p><a href=\"https:\/\/static-blogs.elcomercio.es\/wp-content\/uploads\/sites\/13\/2019\/07\/IMG_1271.jpg\"><img loading=\"lazy\" class=\"alignnone size-full wp-image-5350\" src=\"https:\/\/static-blogs.elcomercio.es\/wp-content\/uploads\/sites\/13\/2019\/07\/IMG_1271.jpg\" alt=\"Aguera\" width=\"646\" height=\"433\" srcset=\"https:\/\/static-blogs.elcomercio.es\/wp-content\/uploads\/sites\/13\/2019\/07\/IMG_1271.jpg 646w, https:\/\/static-blogs.elcomercio.es\/wp-content\/uploads\/sites\/13\/2019\/07\/IMG_1271-300x201.jpg 300w\" sizes=\"(max-width: 646px) 100vw, 646px\" \/><\/a><\/p>\n<p>&nbsp;<\/p>\n<p>Si hab\u00eda un motivo por el que, especialmente, me llamaba la atenci\u00f3n este pueblo, es su iglesia, la de San Andr\u00e9s,la cual sobresale entre las casas y es, f\u00e1cilmente visible desde la carretera.<\/p>\n<p>&nbsp;<\/p>\n<p><a href=\"https:\/\/static-blogs.elcomercio.es\/wp-content\/uploads\/sites\/13\/2019\/07\/IMG_1202.jpg\"><img loading=\"lazy\" class=\"alignnone size-full wp-image-5333\" src=\"https:\/\/static-blogs.elcomercio.es\/wp-content\/uploads\/sites\/13\/2019\/07\/IMG_1202.jpg\" alt=\"Aguera\" width=\"646\" height=\"433\" srcset=\"https:\/\/static-blogs.elcomercio.es\/wp-content\/uploads\/sites\/13\/2019\/07\/IMG_1202.jpg 646w, https:\/\/static-blogs.elcomercio.es\/wp-content\/uploads\/sites\/13\/2019\/07\/IMG_1202-300x201.jpg 300w\" sizes=\"(max-width: 646px) 100vw, 646px\" \/><\/a><\/p>\n<p>&nbsp;<\/p>\n<p><a href=\"https:\/\/static-blogs.elcomercio.es\/wp-content\/uploads\/sites\/13\/2019\/07\/IMG_1214.jpg\"><img loading=\"lazy\" class=\"alignnone size-full wp-image-5337\" src=\"https:\/\/static-blogs.elcomercio.es\/wp-content\/uploads\/sites\/13\/2019\/07\/IMG_1214.jpg\" alt=\"Aguera\" width=\"339\" height=\"506\" srcset=\"https:\/\/static-blogs.elcomercio.es\/wp-content\/uploads\/sites\/13\/2019\/07\/IMG_1214.jpg 339w, https:\/\/static-blogs.elcomercio.es\/wp-content\/uploads\/sites\/13\/2019\/07\/IMG_1214-201x300.jpg 201w\" sizes=\"(max-width: 339px) 100vw, 339px\" \/><\/a><\/p>\n<p>&nbsp;<\/p>\n<p><a href=\"https:\/\/static-blogs.elcomercio.es\/wp-content\/uploads\/sites\/13\/2019\/07\/IMG_1216.jpg\"><img loading=\"lazy\" class=\"alignnone size-full wp-image-5338\" src=\"https:\/\/static-blogs.elcomercio.es\/wp-content\/uploads\/sites\/13\/2019\/07\/IMG_1216.jpg\" alt=\"Aguera\" width=\"646\" height=\"433\" srcset=\"https:\/\/static-blogs.elcomercio.es\/wp-content\/uploads\/sites\/13\/2019\/07\/IMG_1216.jpg 646w, https:\/\/static-blogs.elcomercio.es\/wp-content\/uploads\/sites\/13\/2019\/07\/IMG_1216-300x201.jpg 300w\" sizes=\"(max-width: 646px) 100vw, 646px\" \/><\/a><\/p>\n<p>&nbsp;<\/p>\n<p>Ubicada en la peque\u00f1a plaza del pueblo en la que se encuentra descansando Tina junto a su guardi\u00e1n,..<\/p>\n<p>&nbsp;<\/p>\n<p><a href=\"https:\/\/static-blogs.elcomercio.es\/wp-content\/uploads\/sites\/13\/2019\/07\/IMG_1266.jpg\"><img loading=\"lazy\" class=\"alignnone size-full wp-image-5349\" src=\"https:\/\/static-blogs.elcomercio.es\/wp-content\/uploads\/sites\/13\/2019\/07\/IMG_1266.jpg\" alt=\"Aguera\" width=\"646\" height=\"433\" srcset=\"https:\/\/static-blogs.elcomercio.es\/wp-content\/uploads\/sites\/13\/2019\/07\/IMG_1266.jpg 646w, https:\/\/static-blogs.elcomercio.es\/wp-content\/uploads\/sites\/13\/2019\/07\/IMG_1266-300x201.jpg 300w\" sizes=\"(max-width: 646px) 100vw, 646px\" \/><\/a><\/p>\n<p>&nbsp;<\/p>\n<p>\u00bfO hab\u00eda m\u00e1s de uno?..<\/p>\n<p>&nbsp;<\/p>\n<p><a href=\"https:\/\/static-blogs.elcomercio.es\/wp-content\/uploads\/sites\/13\/2019\/07\/IMG_1263.jpg\"><img loading=\"lazy\" class=\"alignnone size-full wp-image-5354\" src=\"https:\/\/static-blogs.elcomercio.es\/wp-content\/uploads\/sites\/13\/2019\/07\/IMG_1263.jpg\" alt=\"Aguera\" width=\"646\" height=\"433\" srcset=\"https:\/\/static-blogs.elcomercio.es\/wp-content\/uploads\/sites\/13\/2019\/07\/IMG_1263.jpg 646w, https:\/\/static-blogs.elcomercio.es\/wp-content\/uploads\/sites\/13\/2019\/07\/IMG_1263-300x201.jpg 300w\" sizes=\"(max-width: 646px) 100vw, 646px\" \/><\/a><\/p>\n<p>&nbsp;<\/p>\n<p>Un coche acaba de llegar. Es Mar\u00eda Jos\u00e9, la hija de Tina que, amablemente, me abri\u00f3 la puerta de la iglesia, la cual, sorprendentemente, est\u00e1 mucho mejor conservada de lo que pensaba.<\/p>\n<p>&nbsp;<\/p>\n<p><a href=\"https:\/\/static-blogs.elcomercio.es\/wp-content\/uploads\/sites\/13\/2019\/07\/IMG_1246.jpg\"><img loading=\"lazy\" class=\"alignnone size-full wp-image-5346\" src=\"https:\/\/static-blogs.elcomercio.es\/wp-content\/uploads\/sites\/13\/2019\/07\/IMG_1246.jpg\" alt=\"Aguera\" width=\"646\" height=\"433\" srcset=\"https:\/\/static-blogs.elcomercio.es\/wp-content\/uploads\/sites\/13\/2019\/07\/IMG_1246.jpg 646w, https:\/\/static-blogs.elcomercio.es\/wp-content\/uploads\/sites\/13\/2019\/07\/IMG_1246-300x201.jpg 300w\" sizes=\"(max-width: 646px) 100vw, 646px\" \/><\/a><\/p>\n<p>&nbsp;<\/p>\n<p><a href=\"https:\/\/static-blogs.elcomercio.es\/wp-content\/uploads\/sites\/13\/2019\/07\/IMG_1233.jpg\"><img loading=\"lazy\" class=\"alignnone size-full wp-image-5343\" src=\"https:\/\/static-blogs.elcomercio.es\/wp-content\/uploads\/sites\/13\/2019\/07\/IMG_1233.jpg\" alt=\"Aguera\" width=\"273\" height=\"406\" srcset=\"https:\/\/static-blogs.elcomercio.es\/wp-content\/uploads\/sites\/13\/2019\/07\/IMG_1233.jpg 273w, https:\/\/static-blogs.elcomercio.es\/wp-content\/uploads\/sites\/13\/2019\/07\/IMG_1233-202x300.jpg 202w\" sizes=\"(max-width: 273px) 100vw, 273px\" \/><\/a><\/p>\n<p>&nbsp;<\/p>\n<p><a href=\"https:\/\/static-blogs.elcomercio.es\/wp-content\/uploads\/sites\/13\/2019\/07\/IMG_1235.jpg\"><img loading=\"lazy\" class=\"alignnone size-full wp-image-5344\" src=\"https:\/\/static-blogs.elcomercio.es\/wp-content\/uploads\/sites\/13\/2019\/07\/IMG_1235.jpg\" alt=\"Aguera\" width=\"646\" height=\"433\" srcset=\"https:\/\/static-blogs.elcomercio.es\/wp-content\/uploads\/sites\/13\/2019\/07\/IMG_1235.jpg 646w, https:\/\/static-blogs.elcomercio.es\/wp-content\/uploads\/sites\/13\/2019\/07\/IMG_1235-300x201.jpg 300w\" sizes=\"(max-width: 646px) 100vw, 646px\" \/><\/a><\/p>\n<p>&nbsp;<\/p>\n<p>El problema principal radica en que hace falta retejar el tejado(algo que ya Justo me hab\u00eda comentado). No se ofician servicios religiosos pero, sin duda, merece la pena verla. Resulta curioso comprobar lo peque\u00f1o que es el mundo cuando Mar\u00eda Jos\u00e9 y yo entre palabras, descubrimos que tenemos amistades en com\u00fan. &#8220;El mundo es un pa\u00f1uelo&#8221; me coment\u00f3. No lo dudo, no lo dudo,.. Salimos ahora de la iglesia a conocer sus rincones,..<\/p>\n<p>&nbsp;<\/p>\n<p><a href=\"https:\/\/static-blogs.elcomercio.es\/wp-content\/uploads\/sites\/13\/2019\/07\/IMG_1236.jpg\"><img loading=\"lazy\" class=\"alignnone size-full wp-image-5345\" src=\"https:\/\/static-blogs.elcomercio.es\/wp-content\/uploads\/sites\/13\/2019\/07\/IMG_1236.jpg\" alt=\"Aguera\" width=\"646\" height=\"433\" srcset=\"https:\/\/static-blogs.elcomercio.es\/wp-content\/uploads\/sites\/13\/2019\/07\/IMG_1236.jpg 646w, https:\/\/static-blogs.elcomercio.es\/wp-content\/uploads\/sites\/13\/2019\/07\/IMG_1236-300x201.jpg 300w\" sizes=\"(max-width: 646px) 100vw, 646px\" \/><\/a><\/p>\n<p>&nbsp;<\/p>\n<p><a href=\"https:\/\/static-blogs.elcomercio.es\/wp-content\/uploads\/sites\/13\/2019\/07\/IMG_1208.jpg\"><img loading=\"lazy\" class=\"alignnone size-full wp-image-5335\" src=\"https:\/\/static-blogs.elcomercio.es\/wp-content\/uploads\/sites\/13\/2019\/07\/IMG_1208.jpg\" alt=\"Aguera\" width=\"646\" height=\"433\" srcset=\"https:\/\/static-blogs.elcomercio.es\/wp-content\/uploads\/sites\/13\/2019\/07\/IMG_1208.jpg 646w, https:\/\/static-blogs.elcomercio.es\/wp-content\/uploads\/sites\/13\/2019\/07\/IMG_1208-300x201.jpg 300w\" sizes=\"(max-width: 646px) 100vw, 646px\" \/><\/a><\/p>\n<p>&nbsp;<\/p>\n<p><a href=\"https:\/\/static-blogs.elcomercio.es\/wp-content\/uploads\/sites\/13\/2019\/07\/IMG_1231.jpg\"><img loading=\"lazy\" class=\"alignnone size-full wp-image-5342\" src=\"https:\/\/static-blogs.elcomercio.es\/wp-content\/uploads\/sites\/13\/2019\/07\/IMG_1231.jpg\" alt=\"Aguera\" width=\"646\" height=\"433\" srcset=\"https:\/\/static-blogs.elcomercio.es\/wp-content\/uploads\/sites\/13\/2019\/07\/IMG_1231.jpg 646w, https:\/\/static-blogs.elcomercio.es\/wp-content\/uploads\/sites\/13\/2019\/07\/IMG_1231-300x201.jpg 300w\" sizes=\"(max-width: 646px) 100vw, 646px\" \/><\/a><\/p>\n<p>&nbsp;<\/p>\n<p><a href=\"https:\/\/static-blogs.elcomercio.es\/wp-content\/uploads\/sites\/13\/2019\/07\/IMG_1210.jpg\"><img loading=\"lazy\" class=\"alignnone size-full wp-image-5336\" src=\"https:\/\/static-blogs.elcomercio.es\/wp-content\/uploads\/sites\/13\/2019\/07\/IMG_1210.jpg\" alt=\"Aguera\" width=\"646\" height=\"433\" srcset=\"https:\/\/static-blogs.elcomercio.es\/wp-content\/uploads\/sites\/13\/2019\/07\/IMG_1210.jpg 646w, https:\/\/static-blogs.elcomercio.es\/wp-content\/uploads\/sites\/13\/2019\/07\/IMG_1210-300x201.jpg 300w\" sizes=\"(max-width: 646px) 100vw, 646px\" \/><\/a><\/p>\n<p>&nbsp;<\/p>\n<p><a href=\"https:\/\/static-blogs.elcomercio.es\/wp-content\/uploads\/sites\/13\/2019\/07\/IMG_1207.jpg\"><img loading=\"lazy\" class=\"alignnone size-full wp-image-5334\" src=\"https:\/\/static-blogs.elcomercio.es\/wp-content\/uploads\/sites\/13\/2019\/07\/IMG_1207.jpg\" alt=\"Aguera\" width=\"646\" height=\"433\" srcset=\"https:\/\/static-blogs.elcomercio.es\/wp-content\/uploads\/sites\/13\/2019\/07\/IMG_1207.jpg 646w, https:\/\/static-blogs.elcomercio.es\/wp-content\/uploads\/sites\/13\/2019\/07\/IMG_1207-300x201.jpg 300w\" sizes=\"(max-width: 646px) 100vw, 646px\" \/><\/a><\/p>\n<p>&nbsp;<\/p>\n<p><a href=\"https:\/\/static-blogs.elcomercio.es\/wp-content\/uploads\/sites\/13\/2019\/07\/IMG_1217.jpg\"><img loading=\"lazy\" class=\"alignnone size-full wp-image-5339\" src=\"https:\/\/static-blogs.elcomercio.es\/wp-content\/uploads\/sites\/13\/2019\/07\/IMG_1217.jpg\" alt=\"Aguera\" width=\"646\" height=\"433\" srcset=\"https:\/\/static-blogs.elcomercio.es\/wp-content\/uploads\/sites\/13\/2019\/07\/IMG_1217.jpg 646w, https:\/\/static-blogs.elcomercio.es\/wp-content\/uploads\/sites\/13\/2019\/07\/IMG_1217-300x201.jpg 300w\" sizes=\"(max-width: 646px) 100vw, 646px\" \/><\/a><\/p>\n<p>&nbsp;<\/p>\n<p>Y, por supuesto, los detalles,&#8230;<\/p>\n<p>&nbsp;<\/p>\n<p><a href=\"https:\/\/static-blogs.elcomercio.es\/wp-content\/uploads\/sites\/13\/2019\/07\/IMG_1229.jpg\"><img loading=\"lazy\" class=\"alignnone size-full wp-image-5341\" src=\"https:\/\/static-blogs.elcomercio.es\/wp-content\/uploads\/sites\/13\/2019\/07\/IMG_1229.jpg\" alt=\"Aguera\" width=\"646\" height=\"433\" srcset=\"https:\/\/static-blogs.elcomercio.es\/wp-content\/uploads\/sites\/13\/2019\/07\/IMG_1229.jpg 646w, https:\/\/static-blogs.elcomercio.es\/wp-content\/uploads\/sites\/13\/2019\/07\/IMG_1229-300x201.jpg 300w\" sizes=\"(max-width: 646px) 100vw, 646px\" \/><\/a><\/p>\n<p>&nbsp;<\/p>\n<p>Un toque de color a un d\u00eda nublado y gris,..<\/p>\n<p>&nbsp;<\/p>\n<p><a href=\"https:\/\/static-blogs.elcomercio.es\/wp-content\/uploads\/sites\/13\/2019\/07\/IMG_1254.jpg\"><img loading=\"lazy\" class=\"alignnone size-full wp-image-5347\" src=\"https:\/\/static-blogs.elcomercio.es\/wp-content\/uploads\/sites\/13\/2019\/07\/IMG_1254.jpg\" alt=\"Aguera\" width=\"646\" height=\"433\" srcset=\"https:\/\/static-blogs.elcomercio.es\/wp-content\/uploads\/sites\/13\/2019\/07\/IMG_1254.jpg 646w, https:\/\/static-blogs.elcomercio.es\/wp-content\/uploads\/sites\/13\/2019\/07\/IMG_1254-300x201.jpg 300w\" sizes=\"(max-width: 646px) 100vw, 646px\" \/><\/a><\/p>\n<p>&nbsp;<\/p>\n<p><a href=\"https:\/\/static-blogs.elcomercio.es\/wp-content\/uploads\/sites\/13\/2019\/07\/IMG_1255.jpg\"><img loading=\"lazy\" class=\"alignnone size-full wp-image-5348\" src=\"https:\/\/static-blogs.elcomercio.es\/wp-content\/uploads\/sites\/13\/2019\/07\/IMG_1255.jpg\" alt=\"Aguera\" width=\"646\" height=\"433\" srcset=\"https:\/\/static-blogs.elcomercio.es\/wp-content\/uploads\/sites\/13\/2019\/07\/IMG_1255.jpg 646w, https:\/\/static-blogs.elcomercio.es\/wp-content\/uploads\/sites\/13\/2019\/07\/IMG_1255-300x201.jpg 300w\" sizes=\"(max-width: 646px) 100vw, 646px\" \/><\/a><\/p>\n<p>&nbsp;<\/p>\n<p>Parece que Goofy ya se ha espabilado,..<\/p>\n<p>&nbsp;<\/p>\n<p><a href=\"https:\/\/static-blogs.elcomercio.es\/wp-content\/uploads\/sites\/13\/2019\/07\/IMG_1225.jpg\"><img loading=\"lazy\" class=\"alignnone size-full wp-image-5340\" src=\"https:\/\/static-blogs.elcomercio.es\/wp-content\/uploads\/sites\/13\/2019\/07\/IMG_1225.jpg\" alt=\"Aguera\" width=\"646\" height=\"433\" srcset=\"https:\/\/static-blogs.elcomercio.es\/wp-content\/uploads\/sites\/13\/2019\/07\/IMG_1225.jpg 646w, https:\/\/static-blogs.elcomercio.es\/wp-content\/uploads\/sites\/13\/2019\/07\/IMG_1225-300x201.jpg 300w\" sizes=\"(max-width: 646px) 100vw, 646px\" \/><\/a><\/p>\n<p>&nbsp;<\/p>\n<p>Me despido de Tina y de su hija, la cual me ofrece que vuelva cuando quiera por el pueblo(por supuesto que lo har\u00e9) y con todos mis b\u00e1rtulos agradezco a Raquel y a Justo su excelente trato conmigo.<\/p>\n<p>El puerto de Somiedo me recibe con temperaturas por encima de los 25 grados ante las cuales, mejor tumbarse al sol como han hecho algunas,&#8230;<\/p>\n<p>&nbsp;<\/p>\n<p><a href=\"https:\/\/static-blogs.elcomercio.es\/wp-content\/uploads\/sites\/13\/2019\/07\/IMG_20190703_132621.jpg\"><img loading=\"lazy\" class=\"alignnone size-full wp-image-5353\" src=\"https:\/\/static-blogs.elcomercio.es\/wp-content\/uploads\/sites\/13\/2019\/07\/IMG_20190703_132621.jpg\" alt=\"puerto de somiedo\" width=\"646\" height=\"486\" srcset=\"https:\/\/static-blogs.elcomercio.es\/wp-content\/uploads\/sites\/13\/2019\/07\/IMG_20190703_132621.jpg 646w, https:\/\/static-blogs.elcomercio.es\/wp-content\/uploads\/sites\/13\/2019\/07\/IMG_20190703_132621-300x226.jpg 300w\" sizes=\"(max-width: 646px) 100vw, 646px\" \/><\/a><\/p>\n<p>&nbsp;<\/p>\n<p>Y el broche de oro lo puso el &#8220;comedor&#8221; en el cual disfrut\u00e9 del silencio y, simplemente, desconect\u00e9 del resto del mundo..<\/p>\n<p>&nbsp;<\/p>\n<p><a href=\"https:\/\/static-blogs.elcomercio.es\/wp-content\/uploads\/sites\/13\/2019\/07\/IMG_1301.jpg\"><img loading=\"lazy\" class=\"alignnone size-full wp-image-5352\" src=\"https:\/\/static-blogs.elcomercio.es\/wp-content\/uploads\/sites\/13\/2019\/07\/IMG_1301.jpg\" alt=\"Aguera\" width=\"640\" height=\"427\" srcset=\"https:\/\/static-blogs.elcomercio.es\/wp-content\/uploads\/sites\/13\/2019\/07\/IMG_1301.jpg 640w, https:\/\/static-blogs.elcomercio.es\/wp-content\/uploads\/sites\/13\/2019\/07\/IMG_1301-300x200.jpg 300w\" sizes=\"(max-width: 640px) 100vw, 640px\" \/><\/a><\/p>\n<p>&nbsp;<\/p>\n<p>Espero que os haya gustado.V\u00b4SSSS.<\/p>\n<!-- AddThis Advanced Settings generic via filter on the_content --><!-- AddThis Share Buttons generic via filter on the_content -->","protected":false},"excerpt":{"rendered":"<p>Julio se despide con buenas temperaturas y cielos encapotados. &#8220;Trailera&#8221;, reci\u00e9n salida del taller C.J.Motos donde Jos\u00e9 Antonio, como siempre, la ha tratado con mucho mimo, esperaba ansiosa para salir a explorar la tierrina. No han sido pocas las veces que he pasado por este peque\u00f1o pueblo del concejo de Belmonte de Miranda ubicado a [&hellip;]<!-- AddThis Advanced Settings generic via filter on get_the_excerpt --><!-- AddThis Share Buttons generic via filter on get_the_excerpt --><\/p>\n","protected":false},"author":14,"featured_media":5351,"comment_status":"open","ping_status":"closed","sticky":false,"template":"","format":"standard","meta":[],"categories":[4],"tags":[1184,1183,430,638,691,916],"_links":{"self":[{"href":"https:\/\/blogs.elcomercio.es\/explorando-paraiso-moto\/wp-json\/wp\/v2\/posts\/5355"}],"collection":[{"href":"https:\/\/blogs.elcomercio.es\/explorando-paraiso-moto\/wp-json\/wp\/v2\/posts"}],"about":[{"href":"https:\/\/blogs.elcomercio.es\/explorando-paraiso-moto\/wp-json\/wp\/v2\/types\/post"}],"author":[{"embeddable":true,"href":"https:\/\/blogs.elcomercio.es\/explorando-paraiso-moto\/wp-json\/wp\/v2\/users\/14"}],"replies":[{"embeddable":true,"href":"https:\/\/blogs.elcomercio.es\/explorando-paraiso-moto\/wp-json\/wp\/v2\/comments?post=5355"}],"version-history":[{"count":6,"href":"https:\/\/blogs.elcomercio.es\/explorando-paraiso-moto\/wp-json\/wp\/v2\/posts\/5355\/revisions"}],"predecessor-version":[{"id":5362,"href":"https:\/\/blogs.elcomercio.es\/explorando-paraiso-moto\/wp-json\/wp\/v2\/posts\/5355\/revisions\/5362"}],"wp:featuredmedia":[{"embeddable":true,"href":"https:\/\/blogs.elcomercio.es\/explorando-paraiso-moto\/wp-json\/wp\/v2\/media\/5351"}],"wp:attachment":[{"href":"https:\/\/blogs.elcomercio.es\/explorando-paraiso-moto\/wp-json\/wp\/v2\/media?parent=5355"}],"wp:term":[{"taxonomy":"category","embeddable":true,"href":"https:\/\/blogs.elcomercio.es\/explorando-paraiso-moto\/wp-json\/wp\/v2\/categories?post=5355"},{"taxonomy":"post_tag","embeddable":true,"href":"https:\/\/blogs.elcomercio.es\/explorando-paraiso-moto\/wp-json\/wp\/v2\/tags?post=5355"}],"curies":[{"name":"wp","href":"https:\/\/api.w.org\/{rel}","templated":true}]}}