{"id":5390,"date":"2019-07-29T21:32:34","date_gmt":"2019-07-29T19:32:34","guid":{"rendered":"https:\/\/blogs.elcomercio.es\/explorando-paraiso-moto\/?p=5390"},"modified":"2019-07-29T21:32:34","modified_gmt":"2019-07-29T19:32:34","slug":"asiegu-y-el-mirador-de-pedro-udaondo","status":"publish","type":"post","link":"https:\/\/blogs.elcomercio.es\/explorando-paraiso-moto\/2019\/07\/29\/asiegu-y-el-mirador-de-pedro-udaondo\/","title":{"rendered":"Asiegu y el mirador de Pedro Udaondo"},"content":{"rendered":"<p>Nos adentramos esta semana en el tur\u00edstico concejo de Cabrales para subir a conocer una de sus peque\u00f1as joyas: el pueblo de Asiegu en el cual, sentados en un banco, podremos disfutar de una de las mejores vistas de nuestro querido Naranjo de Bulnes (el Urriellu) desde el mirador de Pedro Udaondo. Y, como sorpresa final, la visita de unas GS Girls que, desde Madrid y Barcelona, han venido esta semana a recorrer con sus motos nuestro paradis\u00edaco territorio. Comencemos a explorar un concejo, del que estoy segura que os enamorar\u00e9is.<\/p>\n<p>&nbsp;<\/p>\n<p><a href=\"https:\/\/static-blogs.elcomercio.es\/wp-content\/uploads\/sites\/13\/2019\/07\/IMG_1919.jpg\"><img loading=\"lazy\" class=\"alignnone size-full wp-image-5368\" src=\"https:\/\/static-blogs.elcomercio.es\/wp-content\/uploads\/sites\/13\/2019\/07\/IMG_1919.jpg\" alt=\"Asiegu\" width=\"646\" height=\"433\" srcset=\"https:\/\/static-blogs.elcomercio.es\/wp-content\/uploads\/sites\/13\/2019\/07\/IMG_1919.jpg 646w, https:\/\/static-blogs.elcomercio.es\/wp-content\/uploads\/sites\/13\/2019\/07\/IMG_1919-300x201.jpg 300w\" sizes=\"(max-width: 646px) 100vw, 646px\" \/><\/a><\/p>\n<p><!--more--><\/p>\n<p>&nbsp;<\/p>\n<p>Finales de julio y el calor aprieta sin dar lugar a escapatoria alguna. Nuestro destino, un\u00a0 coqueto pueblo desde el cual podremos abrir una ventana al para\u00edso. Iniciaremos la subida en Carre\u00f1a de Cabrales la cual, a trav\u00e9s de un empinado y zig-zagueante ascenso de poco m\u00e1s de tres kil\u00f3metros, nos llevar\u00e1 hasta \u00e9l. De fondo, el silencio, \u00fanicamente enturbiado por el sonido de los cencerros de las vacas las cuales descansan al sol sentadas en las verdes prader\u00edas, ser\u00e1 el protagonista indiscutible acompa\u00f1ado de un impresionante tel\u00f3n de monta\u00f1as.<\/p>\n<p>Con estas temperaturas,.. el agua mejor que no falte..<\/p>\n<p>&nbsp;<\/p>\n<p><a href=\"https:\/\/static-blogs.elcomercio.es\/wp-content\/uploads\/sites\/13\/2019\/07\/IMG_1926.jpg\"><img loading=\"lazy\" class=\"alignnone size-full wp-image-5372\" src=\"https:\/\/static-blogs.elcomercio.es\/wp-content\/uploads\/sites\/13\/2019\/07\/IMG_1926.jpg\" alt=\"Asiegu\" width=\"606\" height=\"406\" srcset=\"https:\/\/static-blogs.elcomercio.es\/wp-content\/uploads\/sites\/13\/2019\/07\/IMG_1926.jpg 606w, https:\/\/static-blogs.elcomercio.es\/wp-content\/uploads\/sites\/13\/2019\/07\/IMG_1926-300x201.jpg 300w\" sizes=\"(max-width: 606px) 100vw, 606px\" \/><\/a><\/p>\n<p>&nbsp;<\/p>\n<p>Alguien ha preferido dejar por hoy el trabajo,..<\/p>\n<p>&nbsp;<\/p>\n<p><a href=\"https:\/\/static-blogs.elcomercio.es\/wp-content\/uploads\/sites\/13\/2019\/07\/IMG_1924.jpg\"><img loading=\"lazy\" class=\"alignnone size-full wp-image-5371\" src=\"https:\/\/static-blogs.elcomercio.es\/wp-content\/uploads\/sites\/13\/2019\/07\/IMG_1924.jpg\" alt=\"Asiegu\" width=\"606\" height=\"406\" srcset=\"https:\/\/static-blogs.elcomercio.es\/wp-content\/uploads\/sites\/13\/2019\/07\/IMG_1924.jpg 606w, https:\/\/static-blogs.elcomercio.es\/wp-content\/uploads\/sites\/13\/2019\/07\/IMG_1924-300x201.jpg 300w\" sizes=\"(max-width: 606px) 100vw, 606px\" \/><\/a><\/p>\n<p>&nbsp;<\/p>\n<p>Y no ha sido el \u00fanico, por lo que veo,&#8230;<\/p>\n<p>&nbsp;<\/p>\n<p><a href=\"https:\/\/static-blogs.elcomercio.es\/wp-content\/uploads\/sites\/13\/2019\/07\/IMG_1937.jpg\"><img loading=\"lazy\" class=\"alignnone size-full wp-image-5377\" src=\"https:\/\/static-blogs.elcomercio.es\/wp-content\/uploads\/sites\/13\/2019\/07\/IMG_1937.jpg\" alt=\"Asiegu\" width=\"606\" height=\"406\" srcset=\"https:\/\/static-blogs.elcomercio.es\/wp-content\/uploads\/sites\/13\/2019\/07\/IMG_1937.jpg 606w, https:\/\/static-blogs.elcomercio.es\/wp-content\/uploads\/sites\/13\/2019\/07\/IMG_1937-300x201.jpg 300w\" sizes=\"(max-width: 606px) 100vw, 606px\" \/><\/a><\/p>\n<p>&nbsp;<\/p>\n<p>Cuestas empinadas y calor, mucho calor potenciado por la inc\u00f3moda vestimenta motera, la cual pretend\u00ed aligerar lo m\u00e1s posible durante la visita.<\/p>\n<p>&nbsp;<\/p>\n<p><a href=\"https:\/\/static-blogs.elcomercio.es\/wp-content\/uploads\/sites\/13\/2019\/07\/IMG_1927.jpg\"><img loading=\"lazy\" class=\"alignnone size-full wp-image-5373\" src=\"https:\/\/static-blogs.elcomercio.es\/wp-content\/uploads\/sites\/13\/2019\/07\/IMG_1927.jpg\" alt=\"Asiegu\" width=\"606\" height=\"406\" srcset=\"https:\/\/static-blogs.elcomercio.es\/wp-content\/uploads\/sites\/13\/2019\/07\/IMG_1927.jpg 606w, https:\/\/static-blogs.elcomercio.es\/wp-content\/uploads\/sites\/13\/2019\/07\/IMG_1927-300x201.jpg 300w\" sizes=\"(max-width: 606px) 100vw, 606px\" \/><\/a><\/p>\n<p>&nbsp;<\/p>\n<p><a href=\"https:\/\/static-blogs.elcomercio.es\/wp-content\/uploads\/sites\/13\/2019\/07\/IMG_1928.jpg\"><img loading=\"lazy\" class=\"alignnone size-full wp-image-5374\" src=\"https:\/\/static-blogs.elcomercio.es\/wp-content\/uploads\/sites\/13\/2019\/07\/IMG_1928.jpg\" alt=\"Asiegu\" width=\"606\" height=\"406\" srcset=\"https:\/\/static-blogs.elcomercio.es\/wp-content\/uploads\/sites\/13\/2019\/07\/IMG_1928.jpg 606w, https:\/\/static-blogs.elcomercio.es\/wp-content\/uploads\/sites\/13\/2019\/07\/IMG_1928-300x201.jpg 300w\" sizes=\"(max-width: 606px) 100vw, 606px\" \/><\/a><\/p>\n<p>&nbsp;<\/p>\n<p>Una peque\u00f1a capilla a la entrada del pueblo, nos recibe a &#8220;Trailera&#8221; y a m\u00ed.<\/p>\n<p>&nbsp;<\/p>\n<p><a href=\"https:\/\/static-blogs.elcomercio.es\/wp-content\/uploads\/sites\/13\/2019\/07\/IMG_1916.jpg\"><img loading=\"lazy\" class=\"alignnone size-full wp-image-5367\" src=\"https:\/\/static-blogs.elcomercio.es\/wp-content\/uploads\/sites\/13\/2019\/07\/IMG_1916.jpg\" alt=\"Asiegu\" width=\"339\" height=\"506\" srcset=\"https:\/\/static-blogs.elcomercio.es\/wp-content\/uploads\/sites\/13\/2019\/07\/IMG_1916.jpg 339w, https:\/\/static-blogs.elcomercio.es\/wp-content\/uploads\/sites\/13\/2019\/07\/IMG_1916-201x300.jpg 201w\" sizes=\"(max-width: 339px) 100vw, 339px\" \/><\/a><\/p>\n<p>&nbsp;<\/p>\n<p>Y no pod\u00eda faltar nuestra &#8220;Santina&#8221;,..<\/p>\n<p>&nbsp;<\/p>\n<p><a href=\"https:\/\/static-blogs.elcomercio.es\/wp-content\/uploads\/sites\/13\/2019\/07\/IMG_1935.jpg\"><img loading=\"lazy\" class=\"alignnone size-full wp-image-5376\" src=\"https:\/\/static-blogs.elcomercio.es\/wp-content\/uploads\/sites\/13\/2019\/07\/IMG_1935.jpg\" alt=\"Asiegu\" width=\"606\" height=\"406\" srcset=\"https:\/\/static-blogs.elcomercio.es\/wp-content\/uploads\/sites\/13\/2019\/07\/IMG_1935.jpg 606w, https:\/\/static-blogs.elcomercio.es\/wp-content\/uploads\/sites\/13\/2019\/07\/IMG_1935-300x201.jpg 300w\" sizes=\"(max-width: 606px) 100vw, 606px\" \/><\/a><\/p>\n<p>&nbsp;<\/p>\n<p>Asiegu, por su elevada ubicaci\u00f3n, se convierte por s\u00ed solo en un aut\u00e9ntico mirador natural a Picos de Europa. Uno se queda sin palabras ante im\u00e1genes como esta,..<\/p>\n<p>&nbsp;<\/p>\n<p><a href=\"https:\/\/static-blogs.elcomercio.es\/wp-content\/uploads\/sites\/13\/2019\/07\/IMG_1985.jpg\"><img loading=\"lazy\" class=\"alignnone size-full wp-image-5384\" src=\"https:\/\/static-blogs.elcomercio.es\/wp-content\/uploads\/sites\/13\/2019\/07\/IMG_1985.jpg\" alt=\"Asiegu\" width=\"606\" height=\"406\" srcset=\"https:\/\/static-blogs.elcomercio.es\/wp-content\/uploads\/sites\/13\/2019\/07\/IMG_1985.jpg 606w, https:\/\/static-blogs.elcomercio.es\/wp-content\/uploads\/sites\/13\/2019\/07\/IMG_1985-300x201.jpg 300w\" sizes=\"(max-width: 606px) 100vw, 606px\" \/><\/a><\/p>\n<p>&nbsp;<\/p>\n<p>Y como esta,..<\/p>\n<p>&nbsp;<\/p>\n<p><a href=\"https:\/\/static-blogs.elcomercio.es\/wp-content\/uploads\/sites\/13\/2019\/07\/IMG_1923.jpg\"><img loading=\"lazy\" class=\"alignnone size-full wp-image-5370\" src=\"https:\/\/static-blogs.elcomercio.es\/wp-content\/uploads\/sites\/13\/2019\/07\/IMG_1923.jpg\" alt=\"Asiegu\" width=\"646\" height=\"433\" srcset=\"https:\/\/static-blogs.elcomercio.es\/wp-content\/uploads\/sites\/13\/2019\/07\/IMG_1923.jpg 646w, https:\/\/static-blogs.elcomercio.es\/wp-content\/uploads\/sites\/13\/2019\/07\/IMG_1923-300x201.jpg 300w\" sizes=\"(max-width: 646px) 100vw, 646px\" \/><\/a><\/p>\n<p>&nbsp;<\/p>\n<p><a href=\"https:\/\/static-blogs.elcomercio.es\/wp-content\/uploads\/sites\/13\/2019\/07\/IMG_1898.jpg\"><img loading=\"lazy\" class=\"alignnone size-full wp-image-5364\" src=\"https:\/\/static-blogs.elcomercio.es\/wp-content\/uploads\/sites\/13\/2019\/07\/IMG_1898.jpg\" alt=\"Asiegu\" width=\"606\" height=\"406\" srcset=\"https:\/\/static-blogs.elcomercio.es\/wp-content\/uploads\/sites\/13\/2019\/07\/IMG_1898.jpg 606w, https:\/\/static-blogs.elcomercio.es\/wp-content\/uploads\/sites\/13\/2019\/07\/IMG_1898-300x201.jpg 300w\" sizes=\"(max-width: 606px) 100vw, 606px\" \/><\/a><\/p>\n<p>&nbsp;<\/p>\n<p>F\u00e1cilmente encontraremos rincones que parecen sacados de una postal,.<\/p>\n<p>&nbsp;<\/p>\n<p><a href=\"https:\/\/static-blogs.elcomercio.es\/wp-content\/uploads\/sites\/13\/2019\/07\/IMG_1934.jpg\"><img loading=\"lazy\" class=\"alignnone size-full wp-image-5375\" src=\"https:\/\/static-blogs.elcomercio.es\/wp-content\/uploads\/sites\/13\/2019\/07\/IMG_1934.jpg\" alt=\"Asiegu\" width=\"406\" height=\"606\" srcset=\"https:\/\/static-blogs.elcomercio.es\/wp-content\/uploads\/sites\/13\/2019\/07\/IMG_1934.jpg 406w, https:\/\/static-blogs.elcomercio.es\/wp-content\/uploads\/sites\/13\/2019\/07\/IMG_1934-201x300.jpg 201w\" sizes=\"(max-width: 406px) 100vw, 406px\" \/><\/a><\/p>\n<p>&nbsp;<\/p>\n<p>Desde lo alto, nada que envidiar,&#8230;.<\/p>\n<p>&nbsp;<\/p>\n<p><a href=\"https:\/\/static-blogs.elcomercio.es\/wp-content\/uploads\/sites\/13\/2019\/07\/IMG_1943.jpg\"><img loading=\"lazy\" class=\"alignnone size-full wp-image-5379\" src=\"https:\/\/static-blogs.elcomercio.es\/wp-content\/uploads\/sites\/13\/2019\/07\/IMG_1943.jpg\" alt=\"Asiegu\" width=\"606\" height=\"406\" srcset=\"https:\/\/static-blogs.elcomercio.es\/wp-content\/uploads\/sites\/13\/2019\/07\/IMG_1943.jpg 606w, https:\/\/static-blogs.elcomercio.es\/wp-content\/uploads\/sites\/13\/2019\/07\/IMG_1943-300x201.jpg 300w\" sizes=\"(max-width: 606px) 100vw, 606px\" \/><\/a><\/p>\n<p>&nbsp;<\/p>\n<p>No nos faltar\u00e1n bancos solitarios que utilizaremos como atalayas a la tierrina.<\/p>\n<p>&nbsp;<\/p>\n<p><a href=\"https:\/\/static-blogs.elcomercio.es\/wp-content\/uploads\/sites\/13\/2019\/07\/IMG_1940.jpg\"><img loading=\"lazy\" class=\"alignnone size-full wp-image-5378\" src=\"https:\/\/static-blogs.elcomercio.es\/wp-content\/uploads\/sites\/13\/2019\/07\/IMG_1940.jpg\" alt=\"Asiegu\" width=\"606\" height=\"406\" srcset=\"https:\/\/static-blogs.elcomercio.es\/wp-content\/uploads\/sites\/13\/2019\/07\/IMG_1940.jpg 606w, https:\/\/static-blogs.elcomercio.es\/wp-content\/uploads\/sites\/13\/2019\/07\/IMG_1940-300x201.jpg 300w\" sizes=\"(max-width: 606px) 100vw, 606px\" \/><\/a><\/p>\n<p>&nbsp;<\/p>\n<p><a href=\"https:\/\/static-blogs.elcomercio.es\/wp-content\/uploads\/sites\/13\/2019\/07\/IMG_1955.jpg\"><img loading=\"lazy\" class=\"alignnone size-full wp-image-5381\" src=\"https:\/\/static-blogs.elcomercio.es\/wp-content\/uploads\/sites\/13\/2019\/07\/IMG_1955.jpg\" alt=\"Asiegu\" width=\"406\" height=\"606\" srcset=\"https:\/\/static-blogs.elcomercio.es\/wp-content\/uploads\/sites\/13\/2019\/07\/IMG_1955.jpg 406w, https:\/\/static-blogs.elcomercio.es\/wp-content\/uploads\/sites\/13\/2019\/07\/IMG_1955-201x300.jpg 201w\" sizes=\"(max-width: 406px) 100vw, 406px\" \/><\/a><\/p>\n<p>&nbsp;<\/p>\n<p>Muy pr\u00f3ximo, el mirador de <a href=\"https:\/\/es.wikipedia.org\/wiki\/Pedro_Udaondo_Echevarr%C3%ADa\" target=\"_blank\" rel=\"external nofollow\">Pedro Udaondo<\/a>\u00a0, toda una leyenda del monta\u00f1ismo, desde el cual, en una peque\u00f1a \u00e1rea recreativa, descansaremos at\u00f3nitos ante la indescriptible belleza paisaj\u00edstica de la que nos veremos rodeados.<\/p>\n<p>&nbsp;<\/p>\n<p><a href=\"https:\/\/static-blogs.elcomercio.es\/wp-content\/uploads\/sites\/13\/2019\/07\/IMG_1948.jpg\"><img loading=\"lazy\" class=\"alignnone size-full wp-image-5380\" src=\"https:\/\/static-blogs.elcomercio.es\/wp-content\/uploads\/sites\/13\/2019\/07\/IMG_1948.jpg\" alt=\"Asiegu\" width=\"606\" height=\"406\" srcset=\"https:\/\/static-blogs.elcomercio.es\/wp-content\/uploads\/sites\/13\/2019\/07\/IMG_1948.jpg 606w, https:\/\/static-blogs.elcomercio.es\/wp-content\/uploads\/sites\/13\/2019\/07\/IMG_1948-300x201.jpg 300w\" sizes=\"(max-width: 606px) 100vw, 606px\" \/><\/a><\/p>\n<p>&nbsp;<\/p>\n<p><a href=\"https:\/\/static-blogs.elcomercio.es\/wp-content\/uploads\/sites\/13\/2019\/07\/IMG_1974.jpg\"><img loading=\"lazy\" class=\"alignnone size-full wp-image-5383\" src=\"https:\/\/static-blogs.elcomercio.es\/wp-content\/uploads\/sites\/13\/2019\/07\/IMG_1974.jpg\" alt=\"Asiegu\" width=\"606\" height=\"406\" srcset=\"https:\/\/static-blogs.elcomercio.es\/wp-content\/uploads\/sites\/13\/2019\/07\/IMG_1974.jpg 606w, https:\/\/static-blogs.elcomercio.es\/wp-content\/uploads\/sites\/13\/2019\/07\/IMG_1974-300x201.jpg 300w\" sizes=\"(max-width: 606px) 100vw, 606px\" \/><\/a><\/p>\n<p>&nbsp;<\/p>\n<p>Somos tan afortunados por tener estos rincones tan cerca,&#8230; Es \u00e9poca estival y las carreteras est\u00e1n repletas de veh\u00edculos. Las terrazas de los bares inundadas de acentos de diversos lugares, de idiomas que ni logramos entender, de gentes que se acercan a conocer nuestro preciado tesoro, nuestra tierrina. Como as\u00ed lo han hecho tres GS Girls, Eli y Marioling,\u00a0 procedentes de Madrid, y Mayte, que se vino desde Barcelona para explorar juntas el para\u00edso. Despu\u00e9s de su estancia por Ria\u00f1o, ese d\u00eda ascendieron hasta el mirador de Camarme\u00f1a en el cual uno puede llegar a sentirse de lleno en Picos de Europa. A su bajada, ya en Arenas, me esperaron en uno de los numerosos bares de la zona. Una fugaz presentaci\u00f3n(puesto que solo nos conoc\u00edamos a trav\u00e9s de las redes sociales) y un: &#8220;quer\u00eda ense\u00f1aros un sitio antes de iros&#8221; por mi parte, al cual accedieron sin apenas pens\u00e1rselo, nos llev\u00f3 de nuevo a nuestras monturas y poner rumbo a uno de los lugares de los que es imposible no marcharse con la boca abierta: la playa y la cueva de Cobijeru, en Buelna(Llanes). Un peque\u00f1o aperitivo antes de llegar,..<\/p>\n<p>&nbsp;<\/p>\n<p><a href=\"https:\/\/static-blogs.elcomercio.es\/wp-content\/uploads\/sites\/13\/2019\/07\/IMG_1988.jpg\"><img loading=\"lazy\" class=\"alignnone size-full wp-image-5385\" src=\"https:\/\/static-blogs.elcomercio.es\/wp-content\/uploads\/sites\/13\/2019\/07\/IMG_1988.jpg\" alt=\"Cobijeru\" width=\"606\" height=\"406\" srcset=\"https:\/\/static-blogs.elcomercio.es\/wp-content\/uploads\/sites\/13\/2019\/07\/IMG_1988.jpg 606w, https:\/\/static-blogs.elcomercio.es\/wp-content\/uploads\/sites\/13\/2019\/07\/IMG_1988-300x201.jpg 300w\" sizes=\"(max-width: 606px) 100vw, 606px\" \/><\/a><\/p>\n<p>&nbsp;<\/p>\n<p>Quien sale a explorar conmigo sabe que se arriesga a cosas como esta y es que, como suele decirse: &#8220;la cabra tira pal monte&#8221;. Aunque es cierto que tengo que admitir que yo, bajada de la moto durante estas exploraciones, tengo mucho peligro. Si no, que se lo pregunten a ellas,..<\/p>\n<p>&nbsp;<\/p>\n<p><a href=\"https:\/\/static-blogs.elcomercio.es\/wp-content\/uploads\/sites\/13\/2019\/07\/IMG_1989.jpg\"><img loading=\"lazy\" class=\"alignnone size-full wp-image-5386\" src=\"https:\/\/static-blogs.elcomercio.es\/wp-content\/uploads\/sites\/13\/2019\/07\/IMG_1989.jpg\" alt=\"Cobijeru\" width=\"606\" height=\"406\" srcset=\"https:\/\/static-blogs.elcomercio.es\/wp-content\/uploads\/sites\/13\/2019\/07\/IMG_1989.jpg 606w, https:\/\/static-blogs.elcomercio.es\/wp-content\/uploads\/sites\/13\/2019\/07\/IMG_1989-300x201.jpg 300w\" sizes=\"(max-width: 606px) 100vw, 606px\" \/><\/a><\/p>\n<p>&nbsp;<\/p>\n<p>Hablamos de que lo mejor, la mayor\u00eda de las veces, es no tener un plan y, este, no creo ni que se lo hubieran imaginado aunque, finalmente, todo esfuerzo tiene su recompensa,..<\/p>\n<p>&nbsp;<\/p>\n<p><a href=\"https:\/\/static-blogs.elcomercio.es\/wp-content\/uploads\/sites\/13\/2019\/07\/IMG_1992.jpg\"><img loading=\"lazy\" class=\"alignnone size-full wp-image-5387\" src=\"https:\/\/static-blogs.elcomercio.es\/wp-content\/uploads\/sites\/13\/2019\/07\/IMG_1992.jpg\" alt=\"Cobijeru\" width=\"606\" height=\"406\" srcset=\"https:\/\/static-blogs.elcomercio.es\/wp-content\/uploads\/sites\/13\/2019\/07\/IMG_1992.jpg 606w, https:\/\/static-blogs.elcomercio.es\/wp-content\/uploads\/sites\/13\/2019\/07\/IMG_1992-300x201.jpg 300w\" sizes=\"(max-width: 606px) 100vw, 606px\" \/><\/a><\/p>\n<p>&nbsp;<\/p>\n<p>Pero lo mejor estaba por llegar,&#8230; Si pudiera describir sus caras con palabras cuando nos metimos por aqu\u00e9l agujero y, poco a poco, no solo o\u00edamos el mar, sino que tambi\u00e9n lleg\u00e1bamos a verlo&#8230;.Cobijeru impresiona a quien accede a conocer esta joya de la Naturaleza y mis intr\u00e9pidas aventureras-moteras disfrutaron del lugar pero yo, sin ellas saberlo, estaba disfrutando de su compa\u00f1\u00eda.<\/p>\n<p>&nbsp;<\/p>\n<p><a href=\"https:\/\/static-blogs.elcomercio.es\/wp-content\/uploads\/sites\/13\/2019\/07\/IMG_1993.jpg\"><img loading=\"lazy\" class=\"alignnone size-full wp-image-5388\" src=\"https:\/\/static-blogs.elcomercio.es\/wp-content\/uploads\/sites\/13\/2019\/07\/IMG_1993.jpg\" alt=\"Cobijeru\" width=\"646\" height=\"433\" srcset=\"https:\/\/static-blogs.elcomercio.es\/wp-content\/uploads\/sites\/13\/2019\/07\/IMG_1993.jpg 646w, https:\/\/static-blogs.elcomercio.es\/wp-content\/uploads\/sites\/13\/2019\/07\/IMG_1993-300x201.jpg 300w\" sizes=\"(max-width: 646px) 100vw, 646px\" \/><\/a><\/p>\n<p>&nbsp;<\/p>\n<p>Era hora de irnos. El tiempo pasaba sin apenas darnos cuenta y es que &#8220;qu\u00e9 bien se est\u00e1 cuando uno est\u00e1 bien&#8221;. En sus rostros, la felicidad pero, a la vez, el cansancio por un d\u00eda marcado\u00a0 por el asfixiante calor y los kil\u00f3metros que ya iban acumulando. El Santuario de Covadonga fue nuestra siguiente parada y, ante la atenta mirada de las personas all\u00ed presentes, no pudo faltar la foto de rigor.<\/p>\n<p>&nbsp;<\/p>\n<p><a href=\"https:\/\/static-blogs.elcomercio.es\/wp-content\/uploads\/sites\/13\/2019\/07\/IMG_2003.jpg\"><img loading=\"lazy\" class=\"alignnone size-full wp-image-5389\" src=\"https:\/\/static-blogs.elcomercio.es\/wp-content\/uploads\/sites\/13\/2019\/07\/IMG_2003.jpg\" alt=\"covadonga\" width=\"339\" height=\"506\" srcset=\"https:\/\/static-blogs.elcomercio.es\/wp-content\/uploads\/sites\/13\/2019\/07\/IMG_2003.jpg 339w, https:\/\/static-blogs.elcomercio.es\/wp-content\/uploads\/sites\/13\/2019\/07\/IMG_2003-201x300.jpg 201w\" sizes=\"(max-width: 339px) 100vw, 339px\" \/><\/a><\/p>\n<p>&nbsp;<\/p>\n<p>Tres moteras que han hecho de un d\u00eda cualquiera un d\u00eda especial. Con su naturalidad y espontaneidad han logrado romper las barreras que puedan existir en cualquier red social y es que, en estos casos, \u00e9stas son las que me han acercado a personas como vosotras. Entre risas e historias de nuestros viajes despedimos una jornada inolvidable. Gracias por visitarnos Eli, Marioling y Mayte, y no os olvid\u00e9is de regresar al para\u00edso porque aqu\u00ed, a\u00fan queda mucho que ver y, por supuesto, espero que lo hag\u00e1is de la mano que os brindo para ello.<\/p>\n<p>Espero que os haya gustado. V\u00b4SSS.<\/p>\n<p>&nbsp;<\/p>\n<p>&nbsp;<\/p>\n<!-- AddThis Advanced Settings generic via filter on the_content --><!-- AddThis Share Buttons generic via filter on the_content -->","protected":false},"excerpt":{"rendered":"<p>Nos adentramos esta semana en el tur\u00edstico concejo de Cabrales para subir a conocer una de sus peque\u00f1as joyas: el pueblo de Asiegu en el cual, sentados en un banco, podremos disfutar de una de las mejores vistas de nuestro querido Naranjo de Bulnes (el Urriellu) desde el mirador de Pedro Udaondo. Y, como sorpresa [&hellip;]<!-- AddThis Advanced Settings generic via filter on get_the_excerpt --><!-- AddThis Share Buttons generic via filter on get_the_excerpt --><\/p>\n","protected":false},"author":14,"featured_media":5366,"comment_status":"open","ping_status":"closed","sticky":false,"template":"","format":"standard","meta":[],"categories":[7],"tags":[1185,1187,430,1186,638,691,916],"_links":{"self":[{"href":"https:\/\/blogs.elcomercio.es\/explorando-paraiso-moto\/wp-json\/wp\/v2\/posts\/5390"}],"collection":[{"href":"https:\/\/blogs.elcomercio.es\/explorando-paraiso-moto\/wp-json\/wp\/v2\/posts"}],"about":[{"href":"https:\/\/blogs.elcomercio.es\/explorando-paraiso-moto\/wp-json\/wp\/v2\/types\/post"}],"author":[{"embeddable":true,"href":"https:\/\/blogs.elcomercio.es\/explorando-paraiso-moto\/wp-json\/wp\/v2\/users\/14"}],"replies":[{"embeddable":true,"href":"https:\/\/blogs.elcomercio.es\/explorando-paraiso-moto\/wp-json\/wp\/v2\/comments?post=5390"}],"version-history":[{"count":10,"href":"https:\/\/blogs.elcomercio.es\/explorando-paraiso-moto\/wp-json\/wp\/v2\/posts\/5390\/revisions"}],"predecessor-version":[{"id":5400,"href":"https:\/\/blogs.elcomercio.es\/explorando-paraiso-moto\/wp-json\/wp\/v2\/posts\/5390\/revisions\/5400"}],"wp:featuredmedia":[{"embeddable":true,"href":"https:\/\/blogs.elcomercio.es\/explorando-paraiso-moto\/wp-json\/wp\/v2\/media\/5366"}],"wp:attachment":[{"href":"https:\/\/blogs.elcomercio.es\/explorando-paraiso-moto\/wp-json\/wp\/v2\/media?parent=5390"}],"wp:term":[{"taxonomy":"category","embeddable":true,"href":"https:\/\/blogs.elcomercio.es\/explorando-paraiso-moto\/wp-json\/wp\/v2\/categories?post=5390"},{"taxonomy":"post_tag","embeddable":true,"href":"https:\/\/blogs.elcomercio.es\/explorando-paraiso-moto\/wp-json\/wp\/v2\/tags?post=5390"}],"curies":[{"name":"wp","href":"https:\/\/api.w.org\/{rel}","templated":true}]}}