{"id":5719,"date":"2019-12-21T22:21:22","date_gmt":"2019-12-21T21:21:22","guid":{"rendered":"https:\/\/blogs.elcomercio.es\/explorando-paraiso-moto\/?p=5719"},"modified":"2019-12-21T22:22:12","modified_gmt":"2019-12-21T21:22:12","slug":"exitosa-presentacion-del-libro-kirguistan-en-moto-por-el-paraiso-de-los-nomadas","status":"publish","type":"post","link":"https:\/\/blogs.elcomercio.es\/explorando-paraiso-moto\/2019\/12\/21\/exitosa-presentacion-del-libro-kirguistan-en-moto-por-el-paraiso-de-los-nomadas\/","title":{"rendered":"Exitosa presentaci\u00f3n del libro &#8220;Kirguist\u00e1n, en moto por el para\u00edso de los n\u00f3madas&#8221;."},"content":{"rendered":"<p>Ayer tuvo lugar la primera de las m\u00faltiples presentaciones de mi segundo libro &#8220;Kirguist\u00e1n, en moto por el para\u00edso de los n\u00f3madas&#8221; la cual, alcanz\u00f3 satisfactoriamente, un nivel muy alto de asistencia. Me sent\u00ed enormemente arropada y apoyada por personas a las cuales llevo viendo desde que era una ni\u00f1a pero, a la vez, por personas que entraron muy recientemente en mi vida pese a seguir mi trayectoria motera desde hace tiempo. Ech\u00e9 en falta\u00a0a otras que, dadas las circunstancias no pudieron asistir y, por supuesto, agradec\u00ed a todas aquellas que, pese a no estar, me hicieron llegar sus mensajes de \u00e1nimo en los momentos previos al evento.<\/p>\n<p>Eran las 18:30 horas cuando, Domi Garc\u00eda(el autor del pr\u00f3logo), Silvi, David y yo, lleg\u00e1bamos cargados de libros hasta el Centro de Servicios Universitarios de Avil\u00e9s para poder ir adelantando trabajo antes de que el acto comenzara.<\/p>\n<p>&nbsp;<\/p>\n<p><a href=\"https:\/\/static-blogs.elcomercio.es\/wp-content\/uploads\/sites\/13\/2019\/12\/IMG_20191220_183809.jpg\"><img loading=\"lazy\" class=\"alignnone size-full wp-image-5706\" src=\"https:\/\/static-blogs.elcomercio.es\/wp-content\/uploads\/sites\/13\/2019\/12\/IMG_20191220_183809.jpg\" alt=\"\" width=\"600\" height=\"450\" srcset=\"https:\/\/static-blogs.elcomercio.es\/wp-content\/uploads\/sites\/13\/2019\/12\/IMG_20191220_183809.jpg 600w, https:\/\/static-blogs.elcomercio.es\/wp-content\/uploads\/sites\/13\/2019\/12\/IMG_20191220_183809-300x225.jpg 300w\" sizes=\"(max-width: 600px) 100vw, 600px\" \/><\/a><\/p>\n<p><!--more--><\/p>\n<p>&nbsp;<\/p>\n<p>Los inagotables nervios, constantes durante toda esa semana, no parec\u00edan querer abandonarme y, a\u00fan as\u00ed, todo se desarroll\u00f3 de una forma mucho mejor de lo que me esperaba. Una vez colocados los ejemplares sobre la mesa de ventas, amigos, conocidos y desconocidos comenzaron su desfile por la sala y, todo ello, fue lo que realmente hizo que me olvidara de lo que estaba a\u00fan por llegar. Sin darnos cuenta, la sala se complet\u00f3 &#8230;..<\/p>\n<p>&nbsp;<\/p>\n<p><a href=\"https:\/\/static-blogs.elcomercio.es\/wp-content\/uploads\/sites\/13\/2019\/12\/IMG-20191220-WA0021.jpg\"><img loading=\"lazy\" class=\"alignnone size-full wp-image-5715\" src=\"https:\/\/static-blogs.elcomercio.es\/wp-content\/uploads\/sites\/13\/2019\/12\/IMG-20191220-WA0021.jpg\" alt=\"\" width=\"600\" height=\"450\" srcset=\"https:\/\/static-blogs.elcomercio.es\/wp-content\/uploads\/sites\/13\/2019\/12\/IMG-20191220-WA0021.jpg 600w, https:\/\/static-blogs.elcomercio.es\/wp-content\/uploads\/sites\/13\/2019\/12\/IMG-20191220-WA0021-300x225.jpg 300w\" sizes=\"(max-width: 600px) 100vw, 600px\" \/><\/a><\/p>\n<p>&nbsp;<\/p>\n<p>Vero, Manuel y Ana, Lucy y Alberto, Raquel y Eduardo, Tino y Ana, Miri y Marco, Jorge Lopes, Carlos, May y Ruth, Samu y Mary(desde Le\u00f3n), To\u00f1o y Goyo(del motoclub Traile\u00f3n), Cuco Manzano, Josin Castro, Alberto V.,Maribel y Omar, mi hermano Rafa, Mercedes y Ana(desde Galicia), Yolina y Dani, Vicente Malpica(desde Cantabria), Rub\u00e9n, Pili, \u00c1ngela y Deva, &#8230;Desde Valladolid, el motero David Santos, creador del grupo BMW RT IBERIA ,quiso acercarse hasta Avil\u00e9s,&#8230;.<\/p>\n<p>&nbsp;<\/p>\n<p><a href=\"https:\/\/static-blogs.elcomercio.es\/wp-content\/uploads\/sites\/13\/2019\/12\/79908456_10215069292741084_3240515961127698432_o.jpg\"><img loading=\"lazy\" class=\"alignnone size-large wp-image-5703\" src=\"https:\/\/static-blogs.elcomercio.es\/wp-content\/uploads\/sites\/13\/2019\/12\/79908456_10215069292741084_3240515961127698432_o-768x1024.jpg\" alt=\"\" width=\"768\" height=\"1024\" srcset=\"https:\/\/static-blogs.elcomercio.es\/wp-content\/uploads\/sites\/13\/2019\/12\/79908456_10215069292741084_3240515961127698432_o-768x1024.jpg 768w, https:\/\/static-blogs.elcomercio.es\/wp-content\/uploads\/sites\/13\/2019\/12\/79908456_10215069292741084_3240515961127698432_o-225x300.jpg 225w, https:\/\/static-blogs.elcomercio.es\/wp-content\/uploads\/sites\/13\/2019\/12\/79908456_10215069292741084_3240515961127698432_o.jpg 1511w\" sizes=\"(max-width: 768px) 100vw, 768px\" \/><\/a><\/p>\n<p>&nbsp;<\/p>\n<p><a href=\"https:\/\/static-blogs.elcomercio.es\/wp-content\/uploads\/sites\/13\/2019\/12\/cPm38Xhw.jpeg\"><img loading=\"lazy\" class=\"alignnone size-full wp-image-5705\" src=\"https:\/\/static-blogs.elcomercio.es\/wp-content\/uploads\/sites\/13\/2019\/12\/cPm38Xhw.jpeg\" alt=\"\" width=\"610\" height=\"410\" srcset=\"https:\/\/static-blogs.elcomercio.es\/wp-content\/uploads\/sites\/13\/2019\/12\/cPm38Xhw.jpeg 610w, https:\/\/static-blogs.elcomercio.es\/wp-content\/uploads\/sites\/13\/2019\/12\/cPm38Xhw-300x202.jpeg 300w\" sizes=\"(max-width: 610px) 100vw, 610px\" \/><\/a><\/p>\n<p>&nbsp;<\/p>\n<p>Con la agradecida ayuda de Silvi, los asistentes pudieron adquirir su ejemplar antes de que la ponencia se iniciara.<\/p>\n<p>&nbsp;<\/p>\n<p><a href=\"https:\/\/static-blogs.elcomercio.es\/wp-content\/uploads\/sites\/13\/2019\/12\/5Cg446_w.jpeg\"><img loading=\"lazy\" class=\"alignnone size-full wp-image-5702\" src=\"https:\/\/static-blogs.elcomercio.es\/wp-content\/uploads\/sites\/13\/2019\/12\/5Cg446_w.jpeg\" alt=\"\" width=\"600\" height=\"400\" srcset=\"https:\/\/static-blogs.elcomercio.es\/wp-content\/uploads\/sites\/13\/2019\/12\/5Cg446_w.jpeg 600w, https:\/\/static-blogs.elcomercio.es\/wp-content\/uploads\/sites\/13\/2019\/12\/5Cg446_w-300x200.jpeg 300w\" sizes=\"(max-width: 600px) 100vw, 600px\" \/><\/a><\/p>\n<p>&nbsp;<\/p>\n<p>Y, mientras, sobre la tarima, una mesa, tres sillas y tres personas: Mercedes de Soignie(conductora del gui\u00f3n de la charla), Domi Garc\u00eda(autor del pr\u00f3logo), y yo, ansiosa por contar una historia que merece ser conocida. La de un pa\u00eds, injustamente maltratado simplemente por llevar ese nombre.<\/p>\n<p>&nbsp;<\/p>\n<p><a href=\"https:\/\/static-blogs.elcomercio.es\/wp-content\/uploads\/sites\/13\/2019\/12\/IMG-20191220-WA0020.jpg\"><img loading=\"lazy\" class=\"alignnone size-full wp-image-5714\" src=\"https:\/\/static-blogs.elcomercio.es\/wp-content\/uploads\/sites\/13\/2019\/12\/IMG-20191220-WA0020.jpg\" alt=\"\" width=\"375\" height=\"500\" srcset=\"https:\/\/static-blogs.elcomercio.es\/wp-content\/uploads\/sites\/13\/2019\/12\/IMG-20191220-WA0020.jpg 375w, https:\/\/static-blogs.elcomercio.es\/wp-content\/uploads\/sites\/13\/2019\/12\/IMG-20191220-WA0020-225x300.jpg 225w\" sizes=\"(max-width: 375px) 100vw, 375px\" \/><\/a><\/p>\n<p>&nbsp;<\/p>\n<p><a href=\"https:\/\/static-blogs.elcomercio.es\/wp-content\/uploads\/sites\/13\/2019\/12\/IMG-20191220-WA0012.jpg\"><img loading=\"lazy\" class=\"alignnone size-full wp-image-5712\" src=\"https:\/\/static-blogs.elcomercio.es\/wp-content\/uploads\/sites\/13\/2019\/12\/IMG-20191220-WA0012.jpg\" alt=\"\" width=\"375\" height=\"500\" srcset=\"https:\/\/static-blogs.elcomercio.es\/wp-content\/uploads\/sites\/13\/2019\/12\/IMG-20191220-WA0012.jpg 375w, https:\/\/static-blogs.elcomercio.es\/wp-content\/uploads\/sites\/13\/2019\/12\/IMG-20191220-WA0012-225x300.jpg 225w\" sizes=\"(max-width: 375px) 100vw, 375px\" \/><\/a><\/p>\n<p>&nbsp;<\/p>\n<p><a href=\"https:\/\/static-blogs.elcomercio.es\/wp-content\/uploads\/sites\/13\/2019\/12\/IMG-20191220-WA0013.jpg\"><img loading=\"lazy\" class=\"alignnone size-full wp-image-5713\" src=\"https:\/\/static-blogs.elcomercio.es\/wp-content\/uploads\/sites\/13\/2019\/12\/IMG-20191220-WA0013.jpg\" alt=\"\" width=\"600\" height=\"450\" srcset=\"https:\/\/static-blogs.elcomercio.es\/wp-content\/uploads\/sites\/13\/2019\/12\/IMG-20191220-WA0013.jpg 600w, https:\/\/static-blogs.elcomercio.es\/wp-content\/uploads\/sites\/13\/2019\/12\/IMG-20191220-WA0013-300x225.jpg 300w\" sizes=\"(max-width: 600px) 100vw, 600px\" \/><\/a><\/p>\n<p>&nbsp;<\/p>\n<p>Mis comienzos en el mundo motero, mis numerosas aportaciones al descubrimiento de los pueblos de nuestra Asturias,&#8230; fueron los temas con los cuales Mercedes abri\u00f3 la ponencia. En fin, una vuelta a mis inicios para ver c\u00f3mo fue la manera en la cual llegu\u00e9 a viajar hasta Kirguist\u00e1n, el primero de los &#8220;stan&#8221; en alcanzar su independencia\u00a0 en 1991, con lo cual, nos encontramos ante un pa\u00eds a\u00fan bastante joven.<\/p>\n<p>Despu\u00e9s de poco m\u00e1s de una hora, el acto se cerr\u00f3 con la firma de aut\u00f3grafos&#8230;<\/p>\n<p>&nbsp;<\/p>\n<p><a href=\"https:\/\/static-blogs.elcomercio.es\/wp-content\/uploads\/sites\/13\/2019\/12\/yX0mT0mq.jpeg\"><img loading=\"lazy\" class=\"alignnone size-full wp-image-5717\" src=\"https:\/\/static-blogs.elcomercio.es\/wp-content\/uploads\/sites\/13\/2019\/12\/yX0mT0mq.jpeg\" alt=\"\" width=\"600\" height=\"400\" srcset=\"https:\/\/static-blogs.elcomercio.es\/wp-content\/uploads\/sites\/13\/2019\/12\/yX0mT0mq.jpeg 600w, https:\/\/static-blogs.elcomercio.es\/wp-content\/uploads\/sites\/13\/2019\/12\/yX0mT0mq-300x200.jpeg 300w\" sizes=\"(max-width: 600px) 100vw, 600px\" \/><\/a><\/p>\n<p>&nbsp;<\/p>\n<p><a href=\"https:\/\/static-blogs.elcomercio.es\/wp-content\/uploads\/sites\/13\/2019\/12\/80509078_1024544657884122_7163725482284810240_o.jpg\"><img loading=\"lazy\" class=\"alignnone size-large wp-image-5704\" src=\"https:\/\/static-blogs.elcomercio.es\/wp-content\/uploads\/sites\/13\/2019\/12\/80509078_1024544657884122_7163725482284810240_o-1024x768.jpg\" alt=\"\" width=\"1024\" height=\"768\" srcset=\"https:\/\/static-blogs.elcomercio.es\/wp-content\/uploads\/sites\/13\/2019\/12\/80509078_1024544657884122_7163725482284810240_o-1024x768.jpg 1024w, https:\/\/static-blogs.elcomercio.es\/wp-content\/uploads\/sites\/13\/2019\/12\/80509078_1024544657884122_7163725482284810240_o-300x225.jpg 300w, https:\/\/static-blogs.elcomercio.es\/wp-content\/uploads\/sites\/13\/2019\/12\/80509078_1024544657884122_7163725482284810240_o-768x576.jpg 768w, https:\/\/static-blogs.elcomercio.es\/wp-content\/uploads\/sites\/13\/2019\/12\/80509078_1024544657884122_7163725482284810240_o.jpg 1728w\" sizes=\"(max-width: 1024px) 100vw, 1024px\" \/><\/a><\/p>\n<p>&nbsp;<\/p>\n<p>Y, como colof\u00f3n final, una reuni\u00f3n de amigos,..desde luego, la mejor de las maneras posibles de poner fin a un d\u00eda tan especial como el que puede marcar, la presentaci\u00f3n de un libro. Mil gracias a todos los asistentes por vuestro apoyo. Espero que disfrut\u00e9is de la lectura del libro y, por supuesto, consig\u00e1is viajar hasta Kirguist\u00e1n. Os enamorar\u00e1&#8230;<\/p>\n<p>&nbsp;<\/p>\n<p><a href=\"https:\/\/static-blogs.elcomercio.es\/wp-content\/uploads\/sites\/13\/2019\/12\/IMG-20191220-WA0028.jpg\"><img loading=\"lazy\" class=\"alignnone size-full wp-image-5716\" src=\"https:\/\/static-blogs.elcomercio.es\/wp-content\/uploads\/sites\/13\/2019\/12\/IMG-20191220-WA0028.jpg\" alt=\"\" width=\"600\" height=\"450\" srcset=\"https:\/\/static-blogs.elcomercio.es\/wp-content\/uploads\/sites\/13\/2019\/12\/IMG-20191220-WA0028.jpg 600w, https:\/\/static-blogs.elcomercio.es\/wp-content\/uploads\/sites\/13\/2019\/12\/IMG-20191220-WA0028-300x225.jpg 300w\" sizes=\"(max-width: 600px) 100vw, 600px\" \/><\/a><\/p>\n<p>&nbsp;<\/p>\n<p>&nbsp;<\/p>\n<p>&nbsp;<\/p>\n<p>&nbsp;<\/p>\n<p>&nbsp;<\/p>\n<p>&nbsp;<\/p>\n<!-- AddThis Advanced Settings generic via filter on the_content --><!-- AddThis Share Buttons generic via filter on the_content -->","protected":false},"excerpt":{"rendered":"<p>Ayer tuvo lugar la primera de las m\u00faltiples presentaciones de mi segundo libro &#8220;Kirguist\u00e1n, en moto por el para\u00edso de los n\u00f3madas&#8221; la cual, alcanz\u00f3 satisfactoriamente, un nivel muy alto de asistencia. Me sent\u00ed enormemente arropada y apoyada por personas a las cuales llevo viendo desde que era una ni\u00f1a pero, a la vez, por [&hellip;]<!-- AddThis Advanced Settings generic via filter on get_the_excerpt --><!-- AddThis Share Buttons generic via filter on get_the_excerpt --><\/p>\n","protected":false},"author":14,"featured_media":5715,"comment_status":"open","ping_status":"closed","sticky":false,"template":"","format":"standard","meta":[],"categories":[1],"tags":[1202,430,638,691,1205,916],"_links":{"self":[{"href":"https:\/\/blogs.elcomercio.es\/explorando-paraiso-moto\/wp-json\/wp\/v2\/posts\/5719"}],"collection":[{"href":"https:\/\/blogs.elcomercio.es\/explorando-paraiso-moto\/wp-json\/wp\/v2\/posts"}],"about":[{"href":"https:\/\/blogs.elcomercio.es\/explorando-paraiso-moto\/wp-json\/wp\/v2\/types\/post"}],"author":[{"embeddable":true,"href":"https:\/\/blogs.elcomercio.es\/explorando-paraiso-moto\/wp-json\/wp\/v2\/users\/14"}],"replies":[{"embeddable":true,"href":"https:\/\/blogs.elcomercio.es\/explorando-paraiso-moto\/wp-json\/wp\/v2\/comments?post=5719"}],"version-history":[{"count":5,"href":"https:\/\/blogs.elcomercio.es\/explorando-paraiso-moto\/wp-json\/wp\/v2\/posts\/5719\/revisions"}],"predecessor-version":[{"id":5724,"href":"https:\/\/blogs.elcomercio.es\/explorando-paraiso-moto\/wp-json\/wp\/v2\/posts\/5719\/revisions\/5724"}],"wp:featuredmedia":[{"embeddable":true,"href":"https:\/\/blogs.elcomercio.es\/explorando-paraiso-moto\/wp-json\/wp\/v2\/media\/5715"}],"wp:attachment":[{"href":"https:\/\/blogs.elcomercio.es\/explorando-paraiso-moto\/wp-json\/wp\/v2\/media?parent=5719"}],"wp:term":[{"taxonomy":"category","embeddable":true,"href":"https:\/\/blogs.elcomercio.es\/explorando-paraiso-moto\/wp-json\/wp\/v2\/categories?post=5719"},{"taxonomy":"post_tag","embeddable":true,"href":"https:\/\/blogs.elcomercio.es\/explorando-paraiso-moto\/wp-json\/wp\/v2\/tags?post=5719"}],"curies":[{"name":"wp","href":"https:\/\/api.w.org\/{rel}","templated":true}]}}