{"id":6200,"date":"2021-02-13T16:26:35","date_gmt":"2021-02-13T15:26:35","guid":{"rendered":"https:\/\/blogs.elcomercio.es\/explorando-paraiso-moto\/?p=6200"},"modified":"2021-02-13T16:26:35","modified_gmt":"2021-02-13T15:26:35","slug":"descubriendo-rincones-de-caso-abantro","status":"publish","type":"post","link":"https:\/\/blogs.elcomercio.es\/explorando-paraiso-moto\/2021\/02\/13\/descubriendo-rincones-de-caso-abantro\/","title":{"rendered":"Descubriendo rincones de Caso: Abantro"},"content":{"rendered":"<p>Pues no han sido pocas las veces que mi amigo Cuco y yo hab\u00edamos pospuesto recorrer varios rincones del concejo de Caso, entre ellos, este peque\u00f1o y pintoresco pueblo que, a orillas de la AS-117 , descansa testigo mudo de la inimitable belleza del <a href=\"http:\/\/www.parquenaturalderedes.es\/\" target=\"_blank\" rel=\"noopener external nofollow\">Parque Natural de Redes<\/a>. Y es que, en muchas ocasiones, pasamos por los sitios sin detenernos a contemplar lo que tienen que ofrecernos. Algo a lo que aqu\u00e9l domingo, decidimos poner remedio. Nuestro\u00a0 punto de encuentro fue la glorieta junto a Ria\u00f1u. All\u00ed, Cuco me esperaba con su inconfundible Ducati. Salimos rumbo a Abantro, lugar en el que ninguno de los dos hab\u00eda estado con anterioridad. El r\u00edo Nal\u00f3n discurr\u00eda caudaloso y, como de costumbre, el tr\u00e1fico era escaso. Las carreteras estaban tranquilas y los motores de nuestras monturas adquir\u00edan protagonismo. Eran poco m\u00e1s de las 11:00 horas cuando llegamos al pueblo. Un pueblo que transmit\u00eda paz y tranquilidad algo que invitaba a\u00fan m\u00e1s a recorrerlo. Situado a unos 550 metros sobre el nivel del mar, pertenece a la parroquia de Tanes y desde \u00e9l se accede a la Sierra de Trapa.<\/p>\n<p>&nbsp;<\/p>\n<p><a href=\"https:\/\/static-blogs.elcomercio.es\/wp-content\/uploads\/sites\/13\/2020\/03\/IMG_4420.jpg\"><img loading=\"lazy\" class=\"alignnone size-full wp-image-6186\" src=\"https:\/\/static-blogs.elcomercio.es\/wp-content\/uploads\/sites\/13\/2020\/03\/IMG_4420.jpg\" alt=\"\" width=\"604\" height=\"404\" srcset=\"https:\/\/static-blogs.elcomercio.es\/wp-content\/uploads\/sites\/13\/2020\/03\/IMG_4420.jpg 604w, https:\/\/static-blogs.elcomercio.es\/wp-content\/uploads\/sites\/13\/2020\/03\/IMG_4420-300x201.jpg 300w\" sizes=\"(max-width: 604px) 100vw, 604px\" \/><\/a><\/p>\n<p>&nbsp;<\/p>\n<p><a href=\"https:\/\/static-blogs.elcomercio.es\/wp-content\/uploads\/sites\/13\/2020\/03\/IMG_4446.jpg\"><img loading=\"lazy\" class=\"alignnone size-full wp-image-6198\" src=\"https:\/\/static-blogs.elcomercio.es\/wp-content\/uploads\/sites\/13\/2020\/03\/IMG_4446.jpg\" alt=\"\" width=\"604\" height=\"404\" srcset=\"https:\/\/static-blogs.elcomercio.es\/wp-content\/uploads\/sites\/13\/2020\/03\/IMG_4446.jpg 604w, https:\/\/static-blogs.elcomercio.es\/wp-content\/uploads\/sites\/13\/2020\/03\/IMG_4446-300x201.jpg 300w\" sizes=\"(max-width: 604px) 100vw, 604px\" \/><\/a><\/p>\n<p>&nbsp;<\/p>\n<p>Las temperaturas, algo elevadas para esta \u00e9poca del a\u00f1o, nos facilitaron el paseo en el cual, pudimos comprobar que no \u00e9ramos los \u00fanicos.<\/p>\n<p>&nbsp;<\/p>\n<p><a href=\"https:\/\/static-blogs.elcomercio.es\/wp-content\/uploads\/sites\/13\/2020\/03\/IMG_4409.jpg\"><img loading=\"lazy\" class=\"alignnone size-full wp-image-6182\" src=\"https:\/\/static-blogs.elcomercio.es\/wp-content\/uploads\/sites\/13\/2020\/03\/IMG_4409.jpg\" alt=\"\" width=\"604\" height=\"404\" srcset=\"https:\/\/static-blogs.elcomercio.es\/wp-content\/uploads\/sites\/13\/2020\/03\/IMG_4409.jpg 604w, https:\/\/static-blogs.elcomercio.es\/wp-content\/uploads\/sites\/13\/2020\/03\/IMG_4409-300x201.jpg 300w\" sizes=\"(max-width: 604px) 100vw, 604px\" \/><\/a><\/p>\n<p>&nbsp;<\/p>\n<p>Aunque muchas puertas y ventanas permanec\u00edan cerradas..<\/p>\n<p>&nbsp;<\/p>\n<p><a href=\"https:\/\/static-blogs.elcomercio.es\/wp-content\/uploads\/sites\/13\/2020\/03\/IMG_4423.jpg\"><img loading=\"lazy\" class=\"alignnone size-full wp-image-6188\" src=\"https:\/\/static-blogs.elcomercio.es\/wp-content\/uploads\/sites\/13\/2020\/03\/IMG_4423.jpg\" alt=\"\" width=\"604\" height=\"404\" srcset=\"https:\/\/static-blogs.elcomercio.es\/wp-content\/uploads\/sites\/13\/2020\/03\/IMG_4423.jpg 604w, https:\/\/static-blogs.elcomercio.es\/wp-content\/uploads\/sites\/13\/2020\/03\/IMG_4423-300x201.jpg 300w\" sizes=\"(max-width: 604px) 100vw, 604px\" \/><\/a><\/p>\n<p>&nbsp;<\/p>\n<p><a href=\"https:\/\/static-blogs.elcomercio.es\/wp-content\/uploads\/sites\/13\/2020\/03\/IMG_4422.jpg\"><img loading=\"lazy\" class=\"alignnone size-full wp-image-6187\" src=\"https:\/\/static-blogs.elcomercio.es\/wp-content\/uploads\/sites\/13\/2020\/03\/IMG_4422.jpg\" alt=\"\" width=\"604\" height=\"404\" srcset=\"https:\/\/static-blogs.elcomercio.es\/wp-content\/uploads\/sites\/13\/2020\/03\/IMG_4422.jpg 604w, https:\/\/static-blogs.elcomercio.es\/wp-content\/uploads\/sites\/13\/2020\/03\/IMG_4422-300x201.jpg 300w\" sizes=\"(max-width: 604px) 100vw, 604px\" \/><\/a><\/p>\n<p>&nbsp;<\/p>\n<p>No creo que nadie responda al timbre en esta ocasi\u00f3n..<\/p>\n<p>&nbsp;<\/p>\n<p><a href=\"https:\/\/static-blogs.elcomercio.es\/wp-content\/uploads\/sites\/13\/2020\/03\/IMG_4431.jpg\"><img loading=\"lazy\" class=\"alignnone size-full wp-image-6190\" src=\"https:\/\/static-blogs.elcomercio.es\/wp-content\/uploads\/sites\/13\/2020\/03\/IMG_4431.jpg\" alt=\"\" width=\"604\" height=\"404\" srcset=\"https:\/\/static-blogs.elcomercio.es\/wp-content\/uploads\/sites\/13\/2020\/03\/IMG_4431.jpg 604w, https:\/\/static-blogs.elcomercio.es\/wp-content\/uploads\/sites\/13\/2020\/03\/IMG_4431-300x201.jpg 300w\" sizes=\"(max-width: 604px) 100vw, 604px\" \/><\/a><\/p>\n<p>&nbsp;<\/p>\n<p><a href=\"https:\/\/static-blogs.elcomercio.es\/wp-content\/uploads\/sites\/13\/2020\/03\/IMG_4429.jpg\"><img loading=\"lazy\" class=\"alignnone size-full wp-image-6189\" src=\"https:\/\/static-blogs.elcomercio.es\/wp-content\/uploads\/sites\/13\/2020\/03\/IMG_4429.jpg\" alt=\"\" width=\"604\" height=\"404\" srcset=\"https:\/\/static-blogs.elcomercio.es\/wp-content\/uploads\/sites\/13\/2020\/03\/IMG_4429.jpg 604w, https:\/\/static-blogs.elcomercio.es\/wp-content\/uploads\/sites\/13\/2020\/03\/IMG_4429-300x201.jpg 300w\" sizes=\"(max-width: 604px) 100vw, 604px\" \/><\/a><\/p>\n<p>&nbsp;<\/p>\n<p>Y, a paso lento pero sin pausa, Cuco y yo descubrimos rincones. Es evidente el buen estado de conservaci\u00f3n en general de las viviendas.<\/p>\n<p>&nbsp;<\/p>\n<p><a href=\"https:\/\/static-blogs.elcomercio.es\/wp-content\/uploads\/sites\/13\/2020\/03\/IMG_4434.jpg\"><img loading=\"lazy\" class=\"alignnone size-full wp-image-6191\" src=\"https:\/\/static-blogs.elcomercio.es\/wp-content\/uploads\/sites\/13\/2020\/03\/IMG_4434.jpg\" alt=\"\" width=\"604\" height=\"404\" srcset=\"https:\/\/static-blogs.elcomercio.es\/wp-content\/uploads\/sites\/13\/2020\/03\/IMG_4434.jpg 604w, https:\/\/static-blogs.elcomercio.es\/wp-content\/uploads\/sites\/13\/2020\/03\/IMG_4434-300x201.jpg 300w\" sizes=\"(max-width: 604px) 100vw, 604px\" \/><\/a><\/p>\n<p>&nbsp;<\/p>\n<p><a href=\"https:\/\/static-blogs.elcomercio.es\/wp-content\/uploads\/sites\/13\/2020\/03\/IMG_4413.jpg\"><img loading=\"lazy\" class=\"alignnone size-full wp-image-6184\" src=\"https:\/\/static-blogs.elcomercio.es\/wp-content\/uploads\/sites\/13\/2020\/03\/IMG_4413.jpg\" alt=\"\" width=\"337\" height=\"504\" srcset=\"https:\/\/static-blogs.elcomercio.es\/wp-content\/uploads\/sites\/13\/2020\/03\/IMG_4413.jpg 337w, https:\/\/static-blogs.elcomercio.es\/wp-content\/uploads\/sites\/13\/2020\/03\/IMG_4413-201x300.jpg 201w\" sizes=\"(max-width: 337px) 100vw, 337px\" \/><\/a><\/p>\n<p>&nbsp;<\/p>\n<p>Y, como no, detalles que me enamoran..<\/p>\n<p>&nbsp;<\/p>\n<p><a href=\"https:\/\/static-blogs.elcomercio.es\/wp-content\/uploads\/sites\/13\/2020\/03\/IMG_20200209_115931.jpg\"><img loading=\"lazy\" class=\"alignnone size-full wp-image-6199\" src=\"https:\/\/static-blogs.elcomercio.es\/wp-content\/uploads\/sites\/13\/2020\/03\/IMG_20200209_115931.jpg\" alt=\"\" width=\"604\" height=\"454\" srcset=\"https:\/\/static-blogs.elcomercio.es\/wp-content\/uploads\/sites\/13\/2020\/03\/IMG_20200209_115931.jpg 604w, https:\/\/static-blogs.elcomercio.es\/wp-content\/uploads\/sites\/13\/2020\/03\/IMG_20200209_115931-300x225.jpg 300w\" sizes=\"(max-width: 604px) 100vw, 604px\" \/><\/a><\/p>\n<p>&nbsp;<\/p>\n<p><a href=\"https:\/\/static-blogs.elcomercio.es\/wp-content\/uploads\/sites\/13\/2020\/03\/IMG_4436.jpg\"><img loading=\"lazy\" class=\"alignnone size-full wp-image-6192\" src=\"https:\/\/static-blogs.elcomercio.es\/wp-content\/uploads\/sites\/13\/2020\/03\/IMG_4436.jpg\" alt=\"\" width=\"604\" height=\"404\" srcset=\"https:\/\/static-blogs.elcomercio.es\/wp-content\/uploads\/sites\/13\/2020\/03\/IMG_4436.jpg 604w, https:\/\/static-blogs.elcomercio.es\/wp-content\/uploads\/sites\/13\/2020\/03\/IMG_4436-300x201.jpg 300w\" sizes=\"(max-width: 604px) 100vw, 604px\" \/><\/a><\/p>\n<p>&nbsp;<\/p>\n<p><a href=\"https:\/\/static-blogs.elcomercio.es\/wp-content\/uploads\/sites\/13\/2020\/03\/IMG_4437.jpg\"><img loading=\"lazy\" class=\"alignnone size-full wp-image-6193\" src=\"https:\/\/static-blogs.elcomercio.es\/wp-content\/uploads\/sites\/13\/2020\/03\/IMG_4437.jpg\" alt=\"\" width=\"604\" height=\"404\" srcset=\"https:\/\/static-blogs.elcomercio.es\/wp-content\/uploads\/sites\/13\/2020\/03\/IMG_4437.jpg 604w, https:\/\/static-blogs.elcomercio.es\/wp-content\/uploads\/sites\/13\/2020\/03\/IMG_4437-300x201.jpg 300w\" sizes=\"(max-width: 604px) 100vw, 604px\" \/><\/a><\/p>\n<p>&nbsp;<\/p>\n<p>Todo ello, como no pod\u00eda ser de otra forma, ante la atenta mirada del Parque Natural de Redes.<\/p>\n<p>&nbsp;<\/p>\n<p><a href=\"https:\/\/static-blogs.elcomercio.es\/wp-content\/uploads\/sites\/13\/2020\/03\/IMG_4439.jpg\"><img loading=\"lazy\" class=\"alignnone size-full wp-image-6195\" src=\"https:\/\/static-blogs.elcomercio.es\/wp-content\/uploads\/sites\/13\/2020\/03\/IMG_4439.jpg\" alt=\"\" width=\"604\" height=\"404\" srcset=\"https:\/\/static-blogs.elcomercio.es\/wp-content\/uploads\/sites\/13\/2020\/03\/IMG_4439.jpg 604w, https:\/\/static-blogs.elcomercio.es\/wp-content\/uploads\/sites\/13\/2020\/03\/IMG_4439-300x201.jpg 300w\" sizes=\"(max-width: 604px) 100vw, 604px\" \/><\/a><\/p>\n<p>&nbsp;<\/p>\n<p><a href=\"https:\/\/static-blogs.elcomercio.es\/wp-content\/uploads\/sites\/13\/2020\/03\/IMG_4438.jpg\"><img loading=\"lazy\" class=\"alignnone size-full wp-image-6194\" src=\"https:\/\/static-blogs.elcomercio.es\/wp-content\/uploads\/sites\/13\/2020\/03\/IMG_4438.jpg\" alt=\"\" width=\"604\" height=\"404\" srcset=\"https:\/\/static-blogs.elcomercio.es\/wp-content\/uploads\/sites\/13\/2020\/03\/IMG_4438.jpg 604w, https:\/\/static-blogs.elcomercio.es\/wp-content\/uploads\/sites\/13\/2020\/03\/IMG_4438-300x201.jpg 300w\" sizes=\"(max-width: 604px) 100vw, 604px\" \/><\/a><\/p>\n<p>&nbsp;<\/p>\n<p><a href=\"https:\/\/static-blogs.elcomercio.es\/wp-content\/uploads\/sites\/13\/2020\/03\/IMG_4416.jpg\"><img loading=\"lazy\" class=\"alignnone size-full wp-image-6185\" src=\"https:\/\/static-blogs.elcomercio.es\/wp-content\/uploads\/sites\/13\/2020\/03\/IMG_4416.jpg\" alt=\"\" width=\"604\" height=\"404\" srcset=\"https:\/\/static-blogs.elcomercio.es\/wp-content\/uploads\/sites\/13\/2020\/03\/IMG_4416.jpg 604w, https:\/\/static-blogs.elcomercio.es\/wp-content\/uploads\/sites\/13\/2020\/03\/IMG_4416-300x201.jpg 300w\" sizes=\"(max-width: 604px) 100vw, 604px\" \/><\/a><\/p>\n<p>&nbsp;<\/p>\n<p>Caso es agua, naturaleza en estado puro. Caso engancha a quien se anima a visitarlo y descubrirlo. Una amplia gama de colores que se extiende por sus prader\u00edas, por los tejados de sus casas. Mil y una razones tenemos para conocerlo porque, una vez que lo hagamos, sin duda, regresaremos. Caso y sus gentes, nos est\u00e1n esperando.<\/p>\n<p>&nbsp;<\/p>\n<!-- AddThis Advanced Settings generic via filter on the_content --><!-- AddThis Share Buttons generic via filter on the_content -->","protected":false},"excerpt":{"rendered":"<p>Pues no han sido pocas las veces que mi amigo Cuco y yo hab\u00edamos pospuesto recorrer varios rincones del concejo de Caso, entre ellos, este peque\u00f1o y pintoresco pueblo que, a orillas de la AS-117 , descansa testigo mudo de la inimitable belleza del Parque Natural de Redes. Y es que, en muchas ocasiones, pasamos [&hellip;]<!-- AddThis Advanced Settings generic via filter on get_the_excerpt --><!-- AddThis Share Buttons generic via filter on get_the_excerpt --><\/p>\n","protected":false},"author":14,"featured_media":6183,"comment_status":"open","ping_status":"closed","sticky":false,"template":"","format":"standard","meta":[],"categories":[15],"tags":[1240,311,430,638,691,916],"_links":{"self":[{"href":"https:\/\/blogs.elcomercio.es\/explorando-paraiso-moto\/wp-json\/wp\/v2\/posts\/6200"}],"collection":[{"href":"https:\/\/blogs.elcomercio.es\/explorando-paraiso-moto\/wp-json\/wp\/v2\/posts"}],"about":[{"href":"https:\/\/blogs.elcomercio.es\/explorando-paraiso-moto\/wp-json\/wp\/v2\/types\/post"}],"author":[{"embeddable":true,"href":"https:\/\/blogs.elcomercio.es\/explorando-paraiso-moto\/wp-json\/wp\/v2\/users\/14"}],"replies":[{"embeddable":true,"href":"https:\/\/blogs.elcomercio.es\/explorando-paraiso-moto\/wp-json\/wp\/v2\/comments?post=6200"}],"version-history":[{"count":4,"href":"https:\/\/blogs.elcomercio.es\/explorando-paraiso-moto\/wp-json\/wp\/v2\/posts\/6200\/revisions"}],"predecessor-version":[{"id":7263,"href":"https:\/\/blogs.elcomercio.es\/explorando-paraiso-moto\/wp-json\/wp\/v2\/posts\/6200\/revisions\/7263"}],"wp:featuredmedia":[{"embeddable":true,"href":"https:\/\/blogs.elcomercio.es\/explorando-paraiso-moto\/wp-json\/wp\/v2\/media\/6183"}],"wp:attachment":[{"href":"https:\/\/blogs.elcomercio.es\/explorando-paraiso-moto\/wp-json\/wp\/v2\/media?parent=6200"}],"wp:term":[{"taxonomy":"category","embeddable":true,"href":"https:\/\/blogs.elcomercio.es\/explorando-paraiso-moto\/wp-json\/wp\/v2\/categories?post=6200"},{"taxonomy":"post_tag","embeddable":true,"href":"https:\/\/blogs.elcomercio.es\/explorando-paraiso-moto\/wp-json\/wp\/v2\/tags?post=6200"}],"curies":[{"name":"wp","href":"https:\/\/api.w.org\/{rel}","templated":true}]}}