{"id":6257,"date":"2020-04-25T08:17:16","date_gmt":"2020-04-25T06:17:16","guid":{"rendered":"https:\/\/blogs.elcomercio.es\/explorando-paraiso-moto\/?p=6257"},"modified":"2020-04-25T08:17:16","modified_gmt":"2020-04-25T06:17:16","slug":"explorando-en-moto-rincones-de-penamellera-alta-el-molino-de-mier","status":"publish","type":"post","link":"https:\/\/blogs.elcomercio.es\/explorando-paraiso-moto\/2020\/04\/25\/explorando-en-moto-rincones-de-penamellera-alta-el-molino-de-mier\/","title":{"rendered":"Explorando en moto rincones de Pe\u00f1amellera Alta: el molino de Mier"},"content":{"rendered":"<p>En un rinc\u00f3n del concejo de Pe\u00f1amellera Alta, en el tur\u00edstico oriente asturiano, esta joya que Severiano G\u00f3mez ha sabido conservar con mucha ilusi\u00f3n, ingrediente principal que ha hecho que perdurara a lo largo de tanto tiempo, ser\u00e1 la protagonista de nuestro relato de hoy. Se trata del \u00faltimo molino de ma\u00edz ubicado en el pueblo de Mier y hasta all\u00ed nos vamos con nuestras motos para conocer a Antonia, su mujer, y a este se\u00f1or que estar\u00e1 encantado de ense\u00f1\u00e1roslo cuando os acerqu\u00e9is por la zona.<\/p>\n<p>&nbsp;<\/p>\n<p><a href=\"https:\/\/static-blogs.elcomercio.es\/wp-content\/uploads\/sites\/13\/2020\/03\/IMG_4531.jpg\"><img loading=\"lazy\" class=\"alignnone size-full wp-image-6256\" src=\"https:\/\/static-blogs.elcomercio.es\/wp-content\/uploads\/sites\/13\/2020\/03\/IMG_4531.jpg\" alt=\"\" width=\"600\" height=\"400\" srcset=\"https:\/\/static-blogs.elcomercio.es\/wp-content\/uploads\/sites\/13\/2020\/03\/IMG_4531.jpg 600w, https:\/\/static-blogs.elcomercio.es\/wp-content\/uploads\/sites\/13\/2020\/03\/IMG_4531-300x200.jpg 300w\" sizes=\"(max-width: 600px) 100vw, 600px\" \/><\/a><\/p>\n<p><!--more--><\/p>\n<p>Acompa\u00f1ada de Carlos en esta ocasi\u00f3n, todo un motero habitual ya de las rutas de &#8220;Explorando el para\u00edso en moto&#8221;, nos dirigimos hasta Mier, donde, a orillas de la AS-114, nos aguardaba esta sorpresa que, sin duda, os dejar\u00e1 con ganas de conocer un poco m\u00e1s de este espectacular concejo asturiano. Antonia nos recibi\u00f3 al poco de o\u00edrnos llegar y es que, era casi imposible no percatarse de nuestra llegada en un lugar que, pese a su cercan\u00eda a la carretera general, la desconexi\u00f3n del resto del mundo es casi obligada. Las llaves de una ma\u00f1ana bien aprovechada estaban puestas, gir\u00e9moslas y disfrutemos del encanto de este molino de la mano de su cuidador porque nadie mejor que \u00e9l para ense\u00f1\u00e1rnoslo.<\/p>\n<p>&nbsp;<\/p>\n<p><a href=\"https:\/\/static-blogs.elcomercio.es\/wp-content\/uploads\/sites\/13\/2020\/03\/IMG_4495.jpg\"><img loading=\"lazy\" class=\"alignnone size-full wp-image-6243\" src=\"https:\/\/static-blogs.elcomercio.es\/wp-content\/uploads\/sites\/13\/2020\/03\/IMG_4495.jpg\" alt=\"\" width=\"600\" height=\"400\" srcset=\"https:\/\/static-blogs.elcomercio.es\/wp-content\/uploads\/sites\/13\/2020\/03\/IMG_4495.jpg 600w, https:\/\/static-blogs.elcomercio.es\/wp-content\/uploads\/sites\/13\/2020\/03\/IMG_4495-300x200.jpg 300w\" sizes=\"(max-width: 600px) 100vw, 600px\" \/><\/a><\/p>\n<p>&nbsp;<\/p>\n<p>Poco se muele aqu\u00ed y, aunque hubo otros molinos en la zona(con este unos cinco aproximadamente), este es el \u00fanico que est\u00e1 en funcionamiento. Sus vecinos a\u00fan lo usan pero, sobre todo, viene gente de Cantabria para la molienda. Nuestro gu\u00eda no duda en facilitarnos la visita..Entremos&#8230;<\/p>\n<p>&nbsp;<\/p>\n<p><a href=\"https:\/\/static-blogs.elcomercio.es\/wp-content\/uploads\/sites\/13\/2020\/03\/IMG_4496.jpg\"><img loading=\"lazy\" class=\"alignnone size-full wp-image-6244\" src=\"https:\/\/static-blogs.elcomercio.es\/wp-content\/uploads\/sites\/13\/2020\/03\/IMG_4496.jpg\" alt=\"\" width=\"600\" height=\"400\" srcset=\"https:\/\/static-blogs.elcomercio.es\/wp-content\/uploads\/sites\/13\/2020\/03\/IMG_4496.jpg 600w, https:\/\/static-blogs.elcomercio.es\/wp-content\/uploads\/sites\/13\/2020\/03\/IMG_4496-300x200.jpg 300w\" sizes=\"(max-width: 600px) 100vw, 600px\" \/><\/a><\/p>\n<p>&nbsp;<\/p>\n<p><a href=\"https:\/\/static-blogs.elcomercio.es\/wp-content\/uploads\/sites\/13\/2020\/03\/IMG_4500.jpg\"><img loading=\"lazy\" class=\"alignnone size-full wp-image-6247\" src=\"https:\/\/static-blogs.elcomercio.es\/wp-content\/uploads\/sites\/13\/2020\/03\/IMG_4500.jpg\" alt=\"\" width=\"600\" height=\"400\" srcset=\"https:\/\/static-blogs.elcomercio.es\/wp-content\/uploads\/sites\/13\/2020\/03\/IMG_4500.jpg 600w, https:\/\/static-blogs.elcomercio.es\/wp-content\/uploads\/sites\/13\/2020\/03\/IMG_4500-300x200.jpg 300w\" sizes=\"(max-width: 600px) 100vw, 600px\" \/><\/a><\/p>\n<p>&nbsp;<\/p>\n<p>De las dos muelas que tiene la \u00fanica que funciona es la peque\u00f1a y no dud\u00f3 en activarla para nosotros.<\/p>\n<p>&nbsp;<\/p>\n<p><a href=\"https:\/\/static-blogs.elcomercio.es\/wp-content\/uploads\/sites\/13\/2020\/03\/IMG_4511.jpg\"><img loading=\"lazy\" class=\"alignnone size-full wp-image-6252\" src=\"https:\/\/static-blogs.elcomercio.es\/wp-content\/uploads\/sites\/13\/2020\/03\/IMG_4511.jpg\" alt=\"\" width=\"600\" height=\"400\" srcset=\"https:\/\/static-blogs.elcomercio.es\/wp-content\/uploads\/sites\/13\/2020\/03\/IMG_4511.jpg 600w, https:\/\/static-blogs.elcomercio.es\/wp-content\/uploads\/sites\/13\/2020\/03\/IMG_4511-300x200.jpg 300w\" sizes=\"(max-width: 600px) 100vw, 600px\" \/><\/a><\/p>\n<p>&nbsp;<\/p>\n<p><a href=\"https:\/\/static-blogs.elcomercio.es\/wp-content\/uploads\/sites\/13\/2020\/03\/IMG_4501.jpg\"><img loading=\"lazy\" class=\"alignnone size-full wp-image-6248\" src=\"https:\/\/static-blogs.elcomercio.es\/wp-content\/uploads\/sites\/13\/2020\/03\/IMG_4501.jpg\" alt=\"\" width=\"600\" height=\"400\" srcset=\"https:\/\/static-blogs.elcomercio.es\/wp-content\/uploads\/sites\/13\/2020\/03\/IMG_4501.jpg 600w, https:\/\/static-blogs.elcomercio.es\/wp-content\/uploads\/sites\/13\/2020\/03\/IMG_4501-300x200.jpg 300w\" sizes=\"(max-width: 600px) 100vw, 600px\" \/><\/a><\/p>\n<p>&nbsp;<\/p>\n<p>Mi compa\u00f1ero de ruta de hoy sent\u00eda bastante curiosidad y no era para menos,..<\/p>\n<p>&nbsp;<\/p>\n<p><a href=\"https:\/\/static-blogs.elcomercio.es\/wp-content\/uploads\/sites\/13\/2020\/03\/IMG_4503.jpg\"><img loading=\"lazy\" class=\"alignnone size-full wp-image-6249\" src=\"https:\/\/static-blogs.elcomercio.es\/wp-content\/uploads\/sites\/13\/2020\/03\/IMG_4503.jpg\" alt=\"\" width=\"600\" height=\"400\" srcset=\"https:\/\/static-blogs.elcomercio.es\/wp-content\/uploads\/sites\/13\/2020\/03\/IMG_4503.jpg 600w, https:\/\/static-blogs.elcomercio.es\/wp-content\/uploads\/sites\/13\/2020\/03\/IMG_4503-300x200.jpg 300w\" sizes=\"(max-width: 600px) 100vw, 600px\" \/><\/a><\/p>\n<p>&nbsp;<\/p>\n<p>Sinceramente, uno all\u00ed dentro parece haber viajado en el tiempo&#8230;<\/p>\n<p>&nbsp;<\/p>\n<p><a href=\"https:\/\/static-blogs.elcomercio.es\/wp-content\/uploads\/sites\/13\/2020\/03\/IMG_4497.jpg\"><img loading=\"lazy\" class=\"alignnone size-full wp-image-6245\" src=\"https:\/\/static-blogs.elcomercio.es\/wp-content\/uploads\/sites\/13\/2020\/03\/IMG_4497.jpg\" alt=\"\" width=\"600\" height=\"400\" srcset=\"https:\/\/static-blogs.elcomercio.es\/wp-content\/uploads\/sites\/13\/2020\/03\/IMG_4497.jpg 600w, https:\/\/static-blogs.elcomercio.es\/wp-content\/uploads\/sites\/13\/2020\/03\/IMG_4497-300x200.jpg 300w\" sizes=\"(max-width: 600px) 100vw, 600px\" \/><\/a><\/p>\n<p>&nbsp;<\/p>\n<p>Detalles que nos rodean..<\/p>\n<p>&nbsp;<\/p>\n<p><a href=\"https:\/\/static-blogs.elcomercio.es\/wp-content\/uploads\/sites\/13\/2020\/03\/IMG_4505.jpg\"><img loading=\"lazy\" class=\"alignnone size-full wp-image-6251\" src=\"https:\/\/static-blogs.elcomercio.es\/wp-content\/uploads\/sites\/13\/2020\/03\/IMG_4505.jpg\" alt=\"\" width=\"600\" height=\"400\" srcset=\"https:\/\/static-blogs.elcomercio.es\/wp-content\/uploads\/sites\/13\/2020\/03\/IMG_4505.jpg 600w, https:\/\/static-blogs.elcomercio.es\/wp-content\/uploads\/sites\/13\/2020\/03\/IMG_4505-300x200.jpg 300w\" sizes=\"(max-width: 600px) 100vw, 600px\" \/><\/a><\/p>\n<p>&nbsp;<\/p>\n<p><a href=\"https:\/\/static-blogs.elcomercio.es\/wp-content\/uploads\/sites\/13\/2020\/03\/IMG_4504.jpg\"><img loading=\"lazy\" class=\"alignnone size-full wp-image-6250\" src=\"https:\/\/static-blogs.elcomercio.es\/wp-content\/uploads\/sites\/13\/2020\/03\/IMG_4504.jpg\" alt=\"\" width=\"600\" height=\"400\" srcset=\"https:\/\/static-blogs.elcomercio.es\/wp-content\/uploads\/sites\/13\/2020\/03\/IMG_4504.jpg 600w, https:\/\/static-blogs.elcomercio.es\/wp-content\/uploads\/sites\/13\/2020\/03\/IMG_4504-300x200.jpg 300w\" sizes=\"(max-width: 600px) 100vw, 600px\" \/><\/a><\/p>\n<p>&nbsp;<\/p>\n<p><a href=\"https:\/\/static-blogs.elcomercio.es\/wp-content\/uploads\/sites\/13\/2020\/03\/IMG_4498.jpg\"><img loading=\"lazy\" class=\"alignnone size-full wp-image-6246\" src=\"https:\/\/static-blogs.elcomercio.es\/wp-content\/uploads\/sites\/13\/2020\/03\/IMG_4498.jpg\" alt=\"\" width=\"600\" height=\"400\" srcset=\"https:\/\/static-blogs.elcomercio.es\/wp-content\/uploads\/sites\/13\/2020\/03\/IMG_4498.jpg 600w, https:\/\/static-blogs.elcomercio.es\/wp-content\/uploads\/sites\/13\/2020\/03\/IMG_4498-300x200.jpg 300w\" sizes=\"(max-width: 600px) 100vw, 600px\" \/><\/a><\/p>\n<p>&nbsp;<\/p>\n<p>Los pocos encargos hacen que Severiano disfrute a\u00fan m\u00e1s de ense\u00f1ar esta joya a los turistas. Lleva desde ni\u00f1o a cargo de este molino alimentado por el r\u00edo de las Volugas ubicado en un entorno que no tiene desperdicio alguno para nuestros ojos y en el cual todo est\u00e1 en armon\u00eda.<\/p>\n<p>&nbsp;<\/p>\n<p><a href=\"https:\/\/static-blogs.elcomercio.es\/wp-content\/uploads\/sites\/13\/2020\/03\/IMG_4514.jpg\"><img loading=\"lazy\" class=\"alignnone size-full wp-image-6254\" src=\"https:\/\/static-blogs.elcomercio.es\/wp-content\/uploads\/sites\/13\/2020\/03\/IMG_4514.jpg\" alt=\"\" width=\"600\" height=\"400\" srcset=\"https:\/\/static-blogs.elcomercio.es\/wp-content\/uploads\/sites\/13\/2020\/03\/IMG_4514.jpg 600w, https:\/\/static-blogs.elcomercio.es\/wp-content\/uploads\/sites\/13\/2020\/03\/IMG_4514-300x200.jpg 300w\" sizes=\"(max-width: 600px) 100vw, 600px\" \/><\/a><\/p>\n<p>&nbsp;<\/p>\n<p><a href=\"https:\/\/static-blogs.elcomercio.es\/wp-content\/uploads\/sites\/13\/2020\/03\/IMG_4512.jpg\"><img loading=\"lazy\" class=\"alignnone size-full wp-image-6253\" src=\"https:\/\/static-blogs.elcomercio.es\/wp-content\/uploads\/sites\/13\/2020\/03\/IMG_4512.jpg\" alt=\"\" width=\"600\" height=\"400\" srcset=\"https:\/\/static-blogs.elcomercio.es\/wp-content\/uploads\/sites\/13\/2020\/03\/IMG_4512.jpg 600w, https:\/\/static-blogs.elcomercio.es\/wp-content\/uploads\/sites\/13\/2020\/03\/IMG_4512-300x200.jpg 300w\" sizes=\"(max-width: 600px) 100vw, 600px\" \/><\/a><\/p>\n<p>&nbsp;<\/p>\n<p>Una fugaz visita a otro rinc\u00f3n de nuestra Asturias paradis\u00edaca de la cual, poquito a poquito, vamos descubriendo maravillas deseando que las visitemos. As\u00ed que, decimos adi\u00f3s a Severiano y a su molino para lanzarnos a por otro destino.\u00bfMe acompa\u00f1\u00e1is?.<\/p>\n<p>Espero que os haya gustado.V\u00b4SSSS.<\/p>\n<p>&nbsp;<\/p>\n<p>&nbsp;<\/p>\n<!-- AddThis Advanced Settings generic via filter on the_content --><!-- AddThis Share Buttons generic via filter on the_content -->","protected":false},"excerpt":{"rendered":"<p>En un rinc\u00f3n del concejo de Pe\u00f1amellera Alta, en el tur\u00edstico oriente asturiano, esta joya que Severiano G\u00f3mez ha sabido conservar con mucha ilusi\u00f3n, ingrediente principal que ha hecho que perdurara a lo largo de tanto tiempo, ser\u00e1 la protagonista de nuestro relato de hoy. Se trata del \u00faltimo molino de ma\u00edz ubicado en el [&hellip;]<!-- AddThis Advanced Settings generic via filter on get_the_excerpt --><!-- AddThis Share Buttons generic via filter on get_the_excerpt --><\/p>\n","protected":false},"author":14,"featured_media":6256,"comment_status":"open","ping_status":"closed","sticky":false,"template":"","format":"standard","meta":[],"categories":[51],"tags":[164,430,1242,638,691,714,916],"_links":{"self":[{"href":"https:\/\/blogs.elcomercio.es\/explorando-paraiso-moto\/wp-json\/wp\/v2\/posts\/6257"}],"collection":[{"href":"https:\/\/blogs.elcomercio.es\/explorando-paraiso-moto\/wp-json\/wp\/v2\/posts"}],"about":[{"href":"https:\/\/blogs.elcomercio.es\/explorando-paraiso-moto\/wp-json\/wp\/v2\/types\/post"}],"author":[{"embeddable":true,"href":"https:\/\/blogs.elcomercio.es\/explorando-paraiso-moto\/wp-json\/wp\/v2\/users\/14"}],"replies":[{"embeddable":true,"href":"https:\/\/blogs.elcomercio.es\/explorando-paraiso-moto\/wp-json\/wp\/v2\/comments?post=6257"}],"version-history":[{"count":4,"href":"https:\/\/blogs.elcomercio.es\/explorando-paraiso-moto\/wp-json\/wp\/v2\/posts\/6257\/revisions"}],"predecessor-version":[{"id":6426,"href":"https:\/\/blogs.elcomercio.es\/explorando-paraiso-moto\/wp-json\/wp\/v2\/posts\/6257\/revisions\/6426"}],"wp:featuredmedia":[{"embeddable":true,"href":"https:\/\/blogs.elcomercio.es\/explorando-paraiso-moto\/wp-json\/wp\/v2\/media\/6256"}],"wp:attachment":[{"href":"https:\/\/blogs.elcomercio.es\/explorando-paraiso-moto\/wp-json\/wp\/v2\/media?parent=6257"}],"wp:term":[{"taxonomy":"category","embeddable":true,"href":"https:\/\/blogs.elcomercio.es\/explorando-paraiso-moto\/wp-json\/wp\/v2\/categories?post=6257"},{"taxonomy":"post_tag","embeddable":true,"href":"https:\/\/blogs.elcomercio.es\/explorando-paraiso-moto\/wp-json\/wp\/v2\/tags?post=6257"}],"curies":[{"name":"wp","href":"https:\/\/api.w.org\/{rel}","templated":true}]}}