{"id":6305,"date":"2020-06-04T20:52:40","date_gmt":"2020-06-04T18:52:40","guid":{"rendered":"https:\/\/blogs.elcomercio.es\/explorando-paraiso-moto\/?p=6305"},"modified":"2020-06-04T21:22:42","modified_gmt":"2020-06-04T19:22:42","slug":"rincones-de-aller-felechosa","status":"publish","type":"post","link":"https:\/\/blogs.elcomercio.es\/explorando-paraiso-moto\/2020\/06\/04\/rincones-de-aller-felechosa\/","title":{"rendered":"Rincones de Aller: Felechosa"},"content":{"rendered":"<p>No son pocas las veces que seguramente hab\u00e9is pasado por este lugar rumbo al m\u00edtico Puerto de San Isidro, todo un referente en el mundo de las dos ruedas. En este caso, haremos un alto en el camino, nos bajaremos de nuestras monturas y recorreremos Felechosa de la mano de un allerano de honor: Cholo Garc\u00eda. As\u00ed que, comencemos a explorar que nos est\u00e1 esperando.<\/p>\n<p>&nbsp;<\/p>\n<p><a href=\"https:\/\/static-blogs.elcomercio.es\/wp-content\/uploads\/sites\/13\/2020\/03\/IMG_20191231_154850.jpg\"><img loading=\"lazy\" class=\"alignnone size-full wp-image-6263\" src=\"https:\/\/static-blogs.elcomercio.es\/wp-content\/uploads\/sites\/13\/2020\/03\/IMG_20191231_154850.jpg\" alt=\"\" width=\"507\" height=\"604\" srcset=\"https:\/\/static-blogs.elcomercio.es\/wp-content\/uploads\/sites\/13\/2020\/03\/IMG_20191231_154850.jpg 507w, https:\/\/static-blogs.elcomercio.es\/wp-content\/uploads\/sites\/13\/2020\/03\/IMG_20191231_154850-252x300.jpg 252w\" sizes=\"(max-width: 507px) 100vw, 507px\" \/><\/a><\/p>\n<p>&nbsp;<\/p>\n<p>\u00daltima ruta del a\u00f1o 2019. Exactamente, \u00e9sta tuvo lugar el 31 de diciembre. M\u00e1s tarde ya no pod\u00eda ser, desde luego. Cholo y yo salimos bajo un d\u00eda soleado pero en el cual el fr\u00edo y las heladas eran protagonistas. Un allerano muy conocido en la zona y es que, apenas nos hab\u00edamos bajado de las motos cuando mi compa\u00f1ero de rutas en esta ocasi\u00f3n ya se hab\u00eda encontrado con amigos del lugar. Es lo que tiene rodearse de ellos.<\/p>\n<p><a href=\"https:\/\/static-blogs.elcomercio.es\/wp-content\/uploads\/sites\/13\/2020\/06\/IMG_20191231_165917-01-1.jpeg\"><img loading=\"lazy\" class=\"alignnone size-full wp-image-6486\" src=\"https:\/\/static-blogs.elcomercio.es\/wp-content\/uploads\/sites\/13\/2020\/06\/IMG_20191231_165917-01-1.jpeg\" alt=\"\" width=\"200\" height=\"193\" \/><\/a><\/p>\n<p>&nbsp;<\/p>\n<p>&nbsp;<\/p>\n<p>&nbsp;<\/p>\n<p>Toda una casualidad el haber estacionado junto al poste de una parada de autobuses. Lo m\u00edo es deformaci\u00f3n profesional, sin lugar a dudas.<\/p>\n<p>&nbsp;<\/p>\n<p><a href=\"https:\/\/static-blogs.elcomercio.es\/wp-content\/uploads\/sites\/13\/2020\/03\/IMG_20191231_154749-1.jpg\"><img loading=\"lazy\" class=\"alignnone size-full wp-image-6285\" src=\"https:\/\/static-blogs.elcomercio.es\/wp-content\/uploads\/sites\/13\/2020\/03\/IMG_20191231_154749-1.jpg\" alt=\"\" width=\"604\" height=\"454\" srcset=\"https:\/\/static-blogs.elcomercio.es\/wp-content\/uploads\/sites\/13\/2020\/03\/IMG_20191231_154749-1.jpg 604w, https:\/\/static-blogs.elcomercio.es\/wp-content\/uploads\/sites\/13\/2020\/03\/IMG_20191231_154749-1-300x225.jpg 300w\" sizes=\"(max-width: 604px) 100vw, 604px\" \/><\/a><\/p>\n<p>&nbsp;<\/p>\n<p>En la plaza, una escultura nos llama la atenci\u00f3n y en ella, puede verse el escudo del concejo.<\/p>\n<p>&nbsp;<\/p>\n<p><a href=\"https:\/\/static-blogs.elcomercio.es\/wp-content\/uploads\/sites\/13\/2020\/03\/IMG_20191231_154906-1.jpg\"><img loading=\"lazy\" class=\"alignnone size-full wp-image-6287\" src=\"https:\/\/static-blogs.elcomercio.es\/wp-content\/uploads\/sites\/13\/2020\/03\/IMG_20191231_154906-1.jpg\" alt=\"\" width=\"379\" height=\"504\" srcset=\"https:\/\/static-blogs.elcomercio.es\/wp-content\/uploads\/sites\/13\/2020\/03\/IMG_20191231_154906-1.jpg 379w, https:\/\/static-blogs.elcomercio.es\/wp-content\/uploads\/sites\/13\/2020\/03\/IMG_20191231_154906-1-226x300.jpg 226w\" sizes=\"(max-width: 379px) 100vw, 379px\" \/><\/a><\/p>\n<p>&nbsp;<\/p>\n<p>Hace bastante fr\u00edo y el pueblo se haya sumergido en la sombra lo cual intensifica esa sensaci\u00f3n nada agradable.<\/p>\n<p>&nbsp;<\/p>\n<p><a href=\"https:\/\/static-blogs.elcomercio.es\/wp-content\/uploads\/sites\/13\/2020\/03\/IMG_20191231_154503-1.jpg\"><img loading=\"lazy\" class=\"alignnone size-full wp-image-6284\" src=\"https:\/\/static-blogs.elcomercio.es\/wp-content\/uploads\/sites\/13\/2020\/03\/IMG_20191231_154503-1.jpg\" alt=\"\" width=\"604\" height=\"454\" srcset=\"https:\/\/static-blogs.elcomercio.es\/wp-content\/uploads\/sites\/13\/2020\/03\/IMG_20191231_154503-1.jpg 604w, https:\/\/static-blogs.elcomercio.es\/wp-content\/uploads\/sites\/13\/2020\/03\/IMG_20191231_154503-1-300x225.jpg 300w\" sizes=\"(max-width: 604px) 100vw, 604px\" \/><\/a><\/p>\n<p>&nbsp;<\/p>\n<p>Cholo, pese a conocer este lugar a la perfecci\u00f3n, no quiso desperdiciar rincones ni momentos..<\/p>\n<p>&nbsp;<\/p>\n<p><a href=\"https:\/\/static-blogs.elcomercio.es\/wp-content\/uploads\/sites\/13\/2020\/03\/IMG_20191231_155442-01-1.jpeg\"><img loading=\"lazy\" class=\"alignnone size-full wp-image-6289\" src=\"https:\/\/static-blogs.elcomercio.es\/wp-content\/uploads\/sites\/13\/2020\/03\/IMG_20191231_155442-01-1.jpeg\" alt=\"\" width=\"604\" height=\"454\" srcset=\"https:\/\/static-blogs.elcomercio.es\/wp-content\/uploads\/sites\/13\/2020\/03\/IMG_20191231_155442-01-1.jpeg 604w, https:\/\/static-blogs.elcomercio.es\/wp-content\/uploads\/sites\/13\/2020\/03\/IMG_20191231_155442-01-1-300x225.jpeg 300w\" sizes=\"(max-width: 604px) 100vw, 604px\" \/><\/a><\/p>\n<p>&nbsp;<\/p>\n<p>Siempre muy cautelosos ante las advertencias, por supuesto.<\/p>\n<p>&nbsp;<\/p>\n<p><a href=\"https:\/\/static-blogs.elcomercio.es\/wp-content\/uploads\/sites\/13\/2020\/03\/IMG_20191231_155243-1.jpg\"><img loading=\"lazy\" class=\"alignnone size-full wp-image-6288\" src=\"https:\/\/static-blogs.elcomercio.es\/wp-content\/uploads\/sites\/13\/2020\/03\/IMG_20191231_155243-1.jpg\" alt=\"\" width=\"604\" height=\"454\" srcset=\"https:\/\/static-blogs.elcomercio.es\/wp-content\/uploads\/sites\/13\/2020\/03\/IMG_20191231_155243-1.jpg 604w, https:\/\/static-blogs.elcomercio.es\/wp-content\/uploads\/sites\/13\/2020\/03\/IMG_20191231_155243-1-300x225.jpg 300w\" sizes=\"(max-width: 604px) 100vw, 604px\" \/><\/a><\/p>\n<p>&nbsp;<\/p>\n<p>La \u00e9poca festiva se respiraba en el ambiente.<\/p>\n<p>&nbsp;<\/p>\n<p><a href=\"https:\/\/static-blogs.elcomercio.es\/wp-content\/uploads\/sites\/13\/2020\/03\/IMG_20191231_155541-1.jpg\"><img loading=\"lazy\" class=\"alignnone size-full wp-image-6290\" src=\"https:\/\/static-blogs.elcomercio.es\/wp-content\/uploads\/sites\/13\/2020\/03\/IMG_20191231_155541-1.jpg\" alt=\"\" width=\"379\" height=\"504\" srcset=\"https:\/\/static-blogs.elcomercio.es\/wp-content\/uploads\/sites\/13\/2020\/03\/IMG_20191231_155541-1.jpg 379w, https:\/\/static-blogs.elcomercio.es\/wp-content\/uploads\/sites\/13\/2020\/03\/IMG_20191231_155541-1-226x300.jpg 226w\" sizes=\"(max-width: 379px) 100vw, 379px\" \/><\/a><\/p>\n<p>&nbsp;<\/p>\n<p>Seguimos caminando y descubriendo..<\/p>\n<p>&nbsp;<\/p>\n<p><a href=\"https:\/\/static-blogs.elcomercio.es\/wp-content\/uploads\/sites\/13\/2020\/03\/IMG_20191231_155925-1.jpg\"><img loading=\"lazy\" class=\"alignnone size-full wp-image-6296\" src=\"https:\/\/static-blogs.elcomercio.es\/wp-content\/uploads\/sites\/13\/2020\/03\/IMG_20191231_155925-1.jpg\" alt=\"\" width=\"604\" height=\"454\" srcset=\"https:\/\/static-blogs.elcomercio.es\/wp-content\/uploads\/sites\/13\/2020\/03\/IMG_20191231_155925-1.jpg 604w, https:\/\/static-blogs.elcomercio.es\/wp-content\/uploads\/sites\/13\/2020\/03\/IMG_20191231_155925-1-300x225.jpg 300w\" sizes=\"(max-width: 604px) 100vw, 604px\" \/><\/a><\/p>\n<p>&nbsp;<\/p>\n<p>All\u00ed donde no llega la moto, podr\u00e1n llegar vuestras piernas si os anim\u00e1is a esta ruta cuyo inicio se encuentra bien marcado.<\/p>\n<p>&nbsp;<\/p>\n<p><a href=\"https:\/\/static-blogs.elcomercio.es\/wp-content\/uploads\/sites\/13\/2020\/03\/IMG_20191231_155949-1.jpg\"><img loading=\"lazy\" class=\"alignnone size-full wp-image-6297\" src=\"https:\/\/static-blogs.elcomercio.es\/wp-content\/uploads\/sites\/13\/2020\/03\/IMG_20191231_155949-1.jpg\" alt=\"\" width=\"379\" height=\"504\" srcset=\"https:\/\/static-blogs.elcomercio.es\/wp-content\/uploads\/sites\/13\/2020\/03\/IMG_20191231_155949-1.jpg 379w, https:\/\/static-blogs.elcomercio.es\/wp-content\/uploads\/sites\/13\/2020\/03\/IMG_20191231_155949-1-226x300.jpg 226w\" sizes=\"(max-width: 379px) 100vw, 379px\" \/><\/a><\/p>\n<p>&nbsp;<\/p>\n<p>A su vera, el r\u00edo de San Isidro nos tiene preparado un peque\u00f1o regalo..<\/p>\n<p>&nbsp;<\/p>\n<p><a href=\"https:\/\/static-blogs.elcomercio.es\/wp-content\/uploads\/sites\/13\/2020\/03\/IMG_20191231_160029-1.jpg\"><img loading=\"lazy\" class=\"alignnone size-full wp-image-6298\" src=\"https:\/\/static-blogs.elcomercio.es\/wp-content\/uploads\/sites\/13\/2020\/03\/IMG_20191231_160029-1.jpg\" alt=\"\" width=\"604\" height=\"454\" srcset=\"https:\/\/static-blogs.elcomercio.es\/wp-content\/uploads\/sites\/13\/2020\/03\/IMG_20191231_160029-1.jpg 604w, https:\/\/static-blogs.elcomercio.es\/wp-content\/uploads\/sites\/13\/2020\/03\/IMG_20191231_160029-1-300x225.jpg 300w\" sizes=\"(max-width: 604px) 100vw, 604px\" \/><\/a><\/p>\n<p>&nbsp;<\/p>\n<p><a href=\"https:\/\/static-blogs.elcomercio.es\/wp-content\/uploads\/sites\/13\/2020\/03\/IMG_20191231_160101-1.jpg\"><img loading=\"lazy\" class=\"alignnone size-full wp-image-6299\" src=\"https:\/\/static-blogs.elcomercio.es\/wp-content\/uploads\/sites\/13\/2020\/03\/IMG_20191231_160101-1.jpg\" alt=\"\" width=\"454\" height=\"604\" srcset=\"https:\/\/static-blogs.elcomercio.es\/wp-content\/uploads\/sites\/13\/2020\/03\/IMG_20191231_160101-1.jpg 454w, https:\/\/static-blogs.elcomercio.es\/wp-content\/uploads\/sites\/13\/2020\/03\/IMG_20191231_160101-1-225x300.jpg 225w\" sizes=\"(max-width: 454px) 100vw, 454px\" \/><\/a><\/p>\n<p>&nbsp;<\/p>\n<p>&nbsp;<\/p>\n<p>\u00a1Qu\u00e9 rinc\u00f3n m\u00e1s coqueto!&#8230;Y no fue el \u00fanico&#8230;A Cholo esto de explorar el para\u00edso parece que le ha gustado..<\/p>\n<p>&nbsp;<\/p>\n<p><a href=\"https:\/\/static-blogs.elcomercio.es\/wp-content\/uploads\/sites\/13\/2020\/03\/IMG_20191231_155703-1.jpg\"><img loading=\"lazy\" class=\"alignnone size-full wp-image-6292\" src=\"https:\/\/static-blogs.elcomercio.es\/wp-content\/uploads\/sites\/13\/2020\/03\/IMG_20191231_155703-1.jpg\" alt=\"\" width=\"604\" height=\"454\" srcset=\"https:\/\/static-blogs.elcomercio.es\/wp-content\/uploads\/sites\/13\/2020\/03\/IMG_20191231_155703-1.jpg 604w, https:\/\/static-blogs.elcomercio.es\/wp-content\/uploads\/sites\/13\/2020\/03\/IMG_20191231_155703-1-300x225.jpg 300w\" sizes=\"(max-width: 604px) 100vw, 604px\" \/><\/a><\/p>\n<p>&nbsp;<\/p>\n<p><a href=\"https:\/\/static-blogs.elcomercio.es\/wp-content\/uploads\/sites\/13\/2020\/03\/IMG_20191231_155657-1.jpg\"><img loading=\"lazy\" class=\"alignnone size-full wp-image-6291\" src=\"https:\/\/static-blogs.elcomercio.es\/wp-content\/uploads\/sites\/13\/2020\/03\/IMG_20191231_155657-1.jpg\" alt=\"\" width=\"604\" height=\"454\" srcset=\"https:\/\/static-blogs.elcomercio.es\/wp-content\/uploads\/sites\/13\/2020\/03\/IMG_20191231_155657-1.jpg 604w, https:\/\/static-blogs.elcomercio.es\/wp-content\/uploads\/sites\/13\/2020\/03\/IMG_20191231_155657-1-300x225.jpg 300w\" sizes=\"(max-width: 604px) 100vw, 604px\" \/><\/a><\/p>\n<p>&nbsp;<\/p>\n<p><a href=\"https:\/\/static-blogs.elcomercio.es\/wp-content\/uploads\/sites\/13\/2020\/03\/IMG_20191231_155829-1.jpg\"><img loading=\"lazy\" class=\"alignnone size-full wp-image-6294\" src=\"https:\/\/static-blogs.elcomercio.es\/wp-content\/uploads\/sites\/13\/2020\/03\/IMG_20191231_155829-1.jpg\" alt=\"\" width=\"604\" height=\"454\" srcset=\"https:\/\/static-blogs.elcomercio.es\/wp-content\/uploads\/sites\/13\/2020\/03\/IMG_20191231_155829-1.jpg 604w, https:\/\/static-blogs.elcomercio.es\/wp-content\/uploads\/sites\/13\/2020\/03\/IMG_20191231_155829-1-300x225.jpg 300w\" sizes=\"(max-width: 604px) 100vw, 604px\" \/><\/a><\/p>\n<p>&nbsp;<\/p>\n<p><a href=\"https:\/\/static-blogs.elcomercio.es\/wp-content\/uploads\/sites\/13\/2020\/03\/IMG_20191231_155808-1.jpg\"><img loading=\"lazy\" class=\"alignnone size-full wp-image-6293\" src=\"https:\/\/static-blogs.elcomercio.es\/wp-content\/uploads\/sites\/13\/2020\/03\/IMG_20191231_155808-1.jpg\" alt=\"\" width=\"604\" height=\"454\" srcset=\"https:\/\/static-blogs.elcomercio.es\/wp-content\/uploads\/sites\/13\/2020\/03\/IMG_20191231_155808-1.jpg 604w, https:\/\/static-blogs.elcomercio.es\/wp-content\/uploads\/sites\/13\/2020\/03\/IMG_20191231_155808-1-300x225.jpg 300w\" sizes=\"(max-width: 604px) 100vw, 604px\" \/><\/a><\/p>\n<p>&nbsp;<\/p>\n<p>Parece que tanta caminata con el traje de la moto ha hecho que olvidemos un poquito el fr\u00edo.. Y llega la hora de irse.Las carreteras empiezan a ponerse m\u00e1s peligrosas a\u00fan seg\u00fan avanza la tarde. Eso s\u00ed, os advierto de que cuando os acerqu\u00e9is a Felechosa lo hag\u00e1is de la siguiente forma, con alegr\u00eda.<\/p>\n<p>&nbsp;<\/p>\n<p><a href=\"https:\/\/static-blogs.elcomercio.es\/wp-content\/uploads\/sites\/13\/2020\/03\/IMG_20191231_160902-1.jpg\"><img loading=\"lazy\" class=\"alignnone size-full wp-image-6300\" src=\"https:\/\/static-blogs.elcomercio.es\/wp-content\/uploads\/sites\/13\/2020\/03\/IMG_20191231_160902-1.jpg\" alt=\"\" width=\"604\" height=\"454\" srcset=\"https:\/\/static-blogs.elcomercio.es\/wp-content\/uploads\/sites\/13\/2020\/03\/IMG_20191231_160902-1.jpg 604w, https:\/\/static-blogs.elcomercio.es\/wp-content\/uploads\/sites\/13\/2020\/03\/IMG_20191231_160902-1-300x225.jpg 300w\" sizes=\"(max-width: 604px) 100vw, 604px\" \/><\/a><\/p>\n<p>&nbsp;<\/p>\n<p>Y as\u00ed fue como tambi\u00e9n nos despedimos de este pueblo allerano, puerta de entrada al Puerto de San Isidro en el que no tendr\u00e9is un segundo de aburrimiento. Y si no, preguntadle a Cholo que, desde entonces, ha repetido y repetir\u00e1 rutas por nuestro para\u00edso.<\/p>\n<p>Espero que os haya gustado.V\u00b4SSSS.<\/p>\n<!-- AddThis Advanced Settings generic via filter on the_content --><!-- AddThis Share Buttons generic via filter on the_content -->","protected":false},"excerpt":{"rendered":"<p>No son pocas las veces que seguramente hab\u00e9is pasado por este lugar rumbo al m\u00edtico Puerto de San Isidro, todo un referente en el mundo de las dos ruedas. En este caso, haremos un alto en el camino, nos bajaremos de nuestras monturas y recorreremos Felechosa de la mano de un allerano de honor: Cholo [&hellip;]<!-- AddThis Advanced Settings generic via filter on get_the_excerpt --><!-- AddThis Share Buttons generic via filter on get_the_excerpt --><\/p>\n","protected":false},"author":14,"featured_media":0,"comment_status":"open","ping_status":"closed","sticky":false,"template":"","format":"standard","meta":[],"categories":[90],"tags":[430,1243,638,691,916],"_links":{"self":[{"href":"https:\/\/blogs.elcomercio.es\/explorando-paraiso-moto\/wp-json\/wp\/v2\/posts\/6305"}],"collection":[{"href":"https:\/\/blogs.elcomercio.es\/explorando-paraiso-moto\/wp-json\/wp\/v2\/posts"}],"about":[{"href":"https:\/\/blogs.elcomercio.es\/explorando-paraiso-moto\/wp-json\/wp\/v2\/types\/post"}],"author":[{"embeddable":true,"href":"https:\/\/blogs.elcomercio.es\/explorando-paraiso-moto\/wp-json\/wp\/v2\/users\/14"}],"replies":[{"embeddable":true,"href":"https:\/\/blogs.elcomercio.es\/explorando-paraiso-moto\/wp-json\/wp\/v2\/comments?post=6305"}],"version-history":[{"count":5,"href":"https:\/\/blogs.elcomercio.es\/explorando-paraiso-moto\/wp-json\/wp\/v2\/posts\/6305\/revisions"}],"predecessor-version":[{"id":6487,"href":"https:\/\/blogs.elcomercio.es\/explorando-paraiso-moto\/wp-json\/wp\/v2\/posts\/6305\/revisions\/6487"}],"wp:attachment":[{"href":"https:\/\/blogs.elcomercio.es\/explorando-paraiso-moto\/wp-json\/wp\/v2\/media?parent=6305"}],"wp:term":[{"taxonomy":"category","embeddable":true,"href":"https:\/\/blogs.elcomercio.es\/explorando-paraiso-moto\/wp-json\/wp\/v2\/categories?post=6305"},{"taxonomy":"post_tag","embeddable":true,"href":"https:\/\/blogs.elcomercio.es\/explorando-paraiso-moto\/wp-json\/wp\/v2\/tags?post=6305"}],"curies":[{"name":"wp","href":"https:\/\/api.w.org\/{rel}","templated":true}]}}