{"id":6555,"date":"2020-08-28T20:08:35","date_gmt":"2020-08-28T18:08:35","guid":{"rendered":"https:\/\/blogs.elcomercio.es\/explorando-paraiso-moto\/?p=6555"},"modified":"2020-08-28T20:08:35","modified_gmt":"2020-08-28T18:08:35","slug":"el-puerto-del-connio","status":"publish","type":"post","link":"https:\/\/blogs.elcomercio.es\/explorando-paraiso-moto\/2020\/08\/28\/el-puerto-del-connio\/","title":{"rendered":"El puerto del Connio"},"content":{"rendered":"<p>Mediados de verano y comienzan a llegar los primeros moteros al norte huyendo de zonas apabullantemente calurosas de la Pen\u00ednsula. Este es el caso de Baltasar que, desde su Valencia, ha querido escapar de esa situaci\u00f3n y refugiarse en las llevaderas temperaturas de Asturias.<\/p>\n<p>No puede decirse que los lunes comiencen siempre mal puesto que aqu\u00e9l d\u00eda lo era y, de principio a fin, result\u00f3 ser una ruta realmente inolvidable. Eran poco m\u00e1s de las 11:00 horas cuando quedamos en una conocida cafeter\u00eda del concejo de Corvera, en el cual resido y, desde all\u00ed, salimos rumbo al corredor del Narcea. Poco tr\u00e1fico y demasiadas nubes en un cielo encapotado que amenazaba con una descarga de lloviznas que, afortunadamente, solo tuvo lugar y, de forma muy breve, a nuestro regreso. A escasos kil\u00f3metros de Cangas del Narcea, nos desviamos por el Puente del Infierno hacia Linares, donde la CN-2 ser\u00e1 la que nos lleve hasta la citada poblaci\u00f3n a trav\u00e9s de carreteras rotas y parcheadas en cuyos paisajes se refugiaba el ganado.<\/p>\n<p>&nbsp;<\/p>\n<p><a href=\"https:\/\/static-blogs.elcomercio.es\/wp-content\/uploads\/sites\/13\/2020\/08\/IMG_5790.jpg\"><img loading=\"lazy\" class=\"alignnone size-full wp-image-6540\" src=\"https:\/\/static-blogs.elcomercio.es\/wp-content\/uploads\/sites\/13\/2020\/08\/IMG_5790.jpg\" alt=\"\" width=\"604\" height=\"404\" srcset=\"https:\/\/static-blogs.elcomercio.es\/wp-content\/uploads\/sites\/13\/2020\/08\/IMG_5790.jpg 604w, https:\/\/static-blogs.elcomercio.es\/wp-content\/uploads\/sites\/13\/2020\/08\/IMG_5790-300x201.jpg 300w\" sizes=\"(max-width: 604px) 100vw, 604px\" \/><\/a><\/p>\n<p>&nbsp;<\/p>\n<p><a href=\"https:\/\/static-blogs.elcomercio.es\/wp-content\/uploads\/sites\/13\/2020\/08\/IMG_5786-crop.jpg\"><img loading=\"lazy\" class=\"alignnone size-full wp-image-6539\" src=\"https:\/\/static-blogs.elcomercio.es\/wp-content\/uploads\/sites\/13\/2020\/08\/IMG_5786-crop.jpg\" alt=\"\" width=\"604\" height=\"535\" srcset=\"https:\/\/static-blogs.elcomercio.es\/wp-content\/uploads\/sites\/13\/2020\/08\/IMG_5786-crop.jpg 604w, https:\/\/static-blogs.elcomercio.es\/wp-content\/uploads\/sites\/13\/2020\/08\/IMG_5786-crop-300x266.jpg 300w\" sizes=\"(max-width: 604px) 100vw, 604px\" \/><\/a><\/p>\n<p>&nbsp;<\/p>\n<p>Desde el otro lado pudimos contemplar unas vistas excepcionales pese a que el cielo a\u00fan segu\u00eda sin querer asomar su azul m\u00e1s bonito y nos mostraba un aspecto gris y triste.<\/p>\n<p>&nbsp;<\/p>\n<p><a href=\"https:\/\/static-blogs.elcomercio.es\/wp-content\/uploads\/sites\/13\/2020\/08\/IMG_5806.jpg\"><img loading=\"lazy\" class=\"alignnone size-full wp-image-6543\" src=\"https:\/\/static-blogs.elcomercio.es\/wp-content\/uploads\/sites\/13\/2020\/08\/IMG_5806.jpg\" alt=\"\" width=\"604\" height=\"404\" srcset=\"https:\/\/static-blogs.elcomercio.es\/wp-content\/uploads\/sites\/13\/2020\/08\/IMG_5806.jpg 604w, https:\/\/static-blogs.elcomercio.es\/wp-content\/uploads\/sites\/13\/2020\/08\/IMG_5806-300x201.jpg 300w\" sizes=\"(max-width: 604px) 100vw, 604px\" \/><\/a><\/p>\n<p>&nbsp;<\/p>\n<p><a href=\"https:\/\/static-blogs.elcomercio.es\/wp-content\/uploads\/sites\/13\/2020\/08\/IMG_5791.jpg\"><img loading=\"lazy\" class=\"alignnone size-full wp-image-6541\" src=\"https:\/\/static-blogs.elcomercio.es\/wp-content\/uploads\/sites\/13\/2020\/08\/IMG_5791.jpg\" alt=\"\" width=\"604\" height=\"404\" srcset=\"https:\/\/static-blogs.elcomercio.es\/wp-content\/uploads\/sites\/13\/2020\/08\/IMG_5791.jpg 604w, https:\/\/static-blogs.elcomercio.es\/wp-content\/uploads\/sites\/13\/2020\/08\/IMG_5791-300x201.jpg 300w\" sizes=\"(max-width: 604px) 100vw, 604px\" \/><\/a><\/p>\n<p>&nbsp;<\/p>\n<p>No quer\u00edamos perdernos detalle alguno..<\/p>\n<p>&nbsp;<\/p>\n<p><a href=\"https:\/\/static-blogs.elcomercio.es\/wp-content\/uploads\/sites\/13\/2020\/08\/IMG_5809.jpg\"><img loading=\"lazy\" class=\"alignnone size-full wp-image-6544\" src=\"https:\/\/static-blogs.elcomercio.es\/wp-content\/uploads\/sites\/13\/2020\/08\/IMG_5809.jpg\" alt=\"\" width=\"604\" height=\"404\" srcset=\"https:\/\/static-blogs.elcomercio.es\/wp-content\/uploads\/sites\/13\/2020\/08\/IMG_5809.jpg 604w, https:\/\/static-blogs.elcomercio.es\/wp-content\/uploads\/sites\/13\/2020\/08\/IMG_5809-300x201.jpg 300w\" sizes=\"(max-width: 604px) 100vw, 604px\" \/><\/a><\/p>\n<p>&nbsp;<\/p>\n<p>Y, sin m\u00e1s, rodeados de vegetaci\u00f3n, nos vimos envueltos en un paisaje de postal.<\/p>\n<p>&nbsp;<\/p>\n<p><a href=\"https:\/\/static-blogs.elcomercio.es\/wp-content\/uploads\/sites\/13\/2020\/08\/IMG_5799.jpg\"><img loading=\"lazy\" class=\"alignnone size-full wp-image-6542\" src=\"https:\/\/static-blogs.elcomercio.es\/wp-content\/uploads\/sites\/13\/2020\/08\/IMG_5799.jpg\" alt=\"\" width=\"604\" height=\"404\" srcset=\"https:\/\/static-blogs.elcomercio.es\/wp-content\/uploads\/sites\/13\/2020\/08\/IMG_5799.jpg 604w, https:\/\/static-blogs.elcomercio.es\/wp-content\/uploads\/sites\/13\/2020\/08\/IMG_5799-300x201.jpg 300w\" sizes=\"(max-width: 604px) 100vw, 604px\" \/><\/a><\/p>\n<p>&nbsp;<\/p>\n<p>En La Regla nos desviamos hacia la AS-29 para ascender hasta el Pozo de Las Mujeres Muertas. La temperatura hab\u00eda descendido notablemente y, mientras que para Balta, las condiciones eran las id\u00f3neas, para mi gusto, no hubiera sobrado un poco m\u00e1s de ropa de abrigo. El sol apenas luc\u00eda pero, por lo menos, la niebla no ofuscaba el paisaje y, c\u00e1mara en mano, inmortalizamos aqu\u00e9l momento como pudimos.<\/p>\n<p>&nbsp;<\/p>\n<p><a href=\"https:\/\/static-blogs.elcomercio.es\/wp-content\/uploads\/sites\/13\/2020\/08\/IMG_5815.jpg\"><img loading=\"lazy\" class=\"alignnone size-full wp-image-6546\" src=\"https:\/\/static-blogs.elcomercio.es\/wp-content\/uploads\/sites\/13\/2020\/08\/IMG_5815.jpg\" alt=\"\" width=\"604\" height=\"404\" srcset=\"https:\/\/static-blogs.elcomercio.es\/wp-content\/uploads\/sites\/13\/2020\/08\/IMG_5815.jpg 604w, https:\/\/static-blogs.elcomercio.es\/wp-content\/uploads\/sites\/13\/2020\/08\/IMG_5815-300x201.jpg 300w\" sizes=\"(max-width: 604px) 100vw, 604px\" \/><\/a><\/p>\n<p>&nbsp;<\/p>\n<p><a href=\"https:\/\/static-blogs.elcomercio.es\/wp-content\/uploads\/sites\/13\/2020\/08\/IMG_5821.jpg\"><img loading=\"lazy\" class=\"alignnone size-full wp-image-6547\" src=\"https:\/\/static-blogs.elcomercio.es\/wp-content\/uploads\/sites\/13\/2020\/08\/IMG_5821.jpg\" alt=\"\" width=\"604\" height=\"404\" srcset=\"https:\/\/static-blogs.elcomercio.es\/wp-content\/uploads\/sites\/13\/2020\/08\/IMG_5821.jpg 604w, https:\/\/static-blogs.elcomercio.es\/wp-content\/uploads\/sites\/13\/2020\/08\/IMG_5821-300x201.jpg 300w\" sizes=\"(max-width: 604px) 100vw, 604px\" \/><\/a><\/p>\n<p>&nbsp;<\/p>\n<p>Aparte de tres ciclistas que nos cruzamos en lo alto, poca compa\u00f1\u00eda tuvimos en el lugar.<\/p>\n<p>&nbsp;<\/p>\n<p><a href=\"https:\/\/static-blogs.elcomercio.es\/wp-content\/uploads\/sites\/13\/2020\/08\/IMG_5825.jpg\"><img loading=\"lazy\" class=\"alignnone size-full wp-image-6548\" src=\"https:\/\/static-blogs.elcomercio.es\/wp-content\/uploads\/sites\/13\/2020\/08\/IMG_5825.jpg\" alt=\"\" width=\"604\" height=\"404\" srcset=\"https:\/\/static-blogs.elcomercio.es\/wp-content\/uploads\/sites\/13\/2020\/08\/IMG_5825.jpg 604w, https:\/\/static-blogs.elcomercio.es\/wp-content\/uploads\/sites\/13\/2020\/08\/IMG_5825-300x201.jpg 300w\" sizes=\"(max-width: 604px) 100vw, 604px\" \/><\/a><\/p>\n<p>&nbsp;<\/p>\n<p>Nuestro comedor fue de 5 estrellas, sin duda.<\/p>\n<p>&nbsp;<\/p>\n<p><a href=\"https:\/\/static-blogs.elcomercio.es\/wp-content\/uploads\/sites\/13\/2020\/08\/IMG20200720140929.jpg\"><img loading=\"lazy\" class=\"alignnone size-full wp-image-6551\" src=\"https:\/\/static-blogs.elcomercio.es\/wp-content\/uploads\/sites\/13\/2020\/08\/IMG20200720140929.jpg\" alt=\"\" width=\"604\" height=\"454\" srcset=\"https:\/\/static-blogs.elcomercio.es\/wp-content\/uploads\/sites\/13\/2020\/08\/IMG20200720140929.jpg 604w, https:\/\/static-blogs.elcomercio.es\/wp-content\/uploads\/sites\/13\/2020\/08\/IMG20200720140929-300x225.jpg 300w\" sizes=\"(max-width: 604px) 100vw, 604px\" \/><\/a><\/p>\n<p>&nbsp;<\/p>\n<p>En el descenso, la temperatura lleg\u00f3 a alcanzar, sorprendentemente,\u00a0 los 28 grados y, por el espejo de mi &#8220;<em>Trailera<\/em>&#8221; observaba a mi compa\u00f1ero de rutas de hoy y pensaba que, seguramente ya no estar\u00eda tan a gusto como quisiera.<\/p>\n<p>Continuamos adentr\u00e1ndonos en la Reserva Natural de Muniellos.<\/p>\n<p>&nbsp;<\/p>\n<p><a href=\"https:\/\/static-blogs.elcomercio.es\/wp-content\/uploads\/sites\/13\/2020\/08\/IMG20200720151735.jpg\"><img loading=\"lazy\" class=\"alignnone size-full wp-image-6553\" src=\"https:\/\/static-blogs.elcomercio.es\/wp-content\/uploads\/sites\/13\/2020\/08\/IMG20200720151735.jpg\" alt=\"\" width=\"604\" height=\"454\" srcset=\"https:\/\/static-blogs.elcomercio.es\/wp-content\/uploads\/sites\/13\/2020\/08\/IMG20200720151735.jpg 604w, https:\/\/static-blogs.elcomercio.es\/wp-content\/uploads\/sites\/13\/2020\/08\/IMG20200720151735-300x225.jpg 300w\" sizes=\"(max-width: 604px) 100vw, 604px\" \/><\/a><\/p>\n<p>&nbsp;<\/p>\n<p>Y, tras un ascenso por la estrecha carretera AS-348, en la cual no nos cruzamos con ning\u00fan veh\u00edculo y en la que, por supuesto, hicimos alguna parada obligada en alg\u00fan mirador..<\/p>\n<p>&nbsp;<\/p>\n<p><a href=\"https:\/\/static-blogs.elcomercio.es\/wp-content\/uploads\/sites\/13\/2020\/08\/IMG_5832.jpg\"><img loading=\"lazy\" class=\"alignnone size-full wp-image-6549\" src=\"https:\/\/static-blogs.elcomercio.es\/wp-content\/uploads\/sites\/13\/2020\/08\/IMG_5832.jpg\" alt=\"\" width=\"604\" height=\"404\" srcset=\"https:\/\/static-blogs.elcomercio.es\/wp-content\/uploads\/sites\/13\/2020\/08\/IMG_5832.jpg 604w, https:\/\/static-blogs.elcomercio.es\/wp-content\/uploads\/sites\/13\/2020\/08\/IMG_5832-300x201.jpg 300w\" sizes=\"(max-width: 604px) 100vw, 604px\" \/><\/a><\/p>\n<p>&nbsp;<\/p>\n<p><a href=\"https:\/\/static-blogs.elcomercio.es\/wp-content\/uploads\/sites\/13\/2020\/08\/IMG_5840.jpg\"><img loading=\"lazy\" class=\"alignnone size-full wp-image-6550\" src=\"https:\/\/static-blogs.elcomercio.es\/wp-content\/uploads\/sites\/13\/2020\/08\/IMG_5840.jpg\" alt=\"\" width=\"604\" height=\"404\" srcset=\"https:\/\/static-blogs.elcomercio.es\/wp-content\/uploads\/sites\/13\/2020\/08\/IMG_5840.jpg 604w, https:\/\/static-blogs.elcomercio.es\/wp-content\/uploads\/sites\/13\/2020\/08\/IMG_5840-300x201.jpg 300w\" sizes=\"(max-width: 604px) 100vw, 604px\" \/><\/a><\/p>\n<p>&nbsp;<\/p>\n<p>Culminamos alcanzando el Puerto del Connio(1315 mts) el cual nos recibi\u00f3 con su ventana natural cerrada ocultando con una t\u00edmida niebla, el espectacular paisaje del que hab\u00edamos estado gozando durante todo el trayecto.<\/p>\n<p>&nbsp;<\/p>\n<p><a href=\"https:\/\/static-blogs.elcomercio.es\/wp-content\/uploads\/sites\/13\/2020\/08\/IMG20200720154612.jpg\"><img loading=\"lazy\" class=\"alignnone size-full wp-image-6554\" src=\"https:\/\/static-blogs.elcomercio.es\/wp-content\/uploads\/sites\/13\/2020\/08\/IMG20200720154612.jpg\" alt=\"\" width=\"604\" height=\"454\" srcset=\"https:\/\/static-blogs.elcomercio.es\/wp-content\/uploads\/sites\/13\/2020\/08\/IMG20200720154612.jpg 604w, https:\/\/static-blogs.elcomercio.es\/wp-content\/uploads\/sites\/13\/2020\/08\/IMG20200720154612-300x225.jpg 300w\" sizes=\"(max-width: 604px) 100vw, 604px\" \/><\/a><\/p>\n<p>&nbsp;<\/p>\n<p>Una ruta cargada de curvas, impresionantes paisajes y excelente compa\u00f1\u00eda. Y si no, que le pregunten a Balta que ha disfrutado al m\u00e1ximo de nuestro clima y de nuestro para\u00edso y estoy convencida de que, seguramente, en breves le volveremos a ver por nuestra &#8220;tierrina&#8221;.<\/p>\n<p>&nbsp;<\/p>\n<!-- AddThis Advanced Settings generic via filter on the_content --><!-- AddThis Share Buttons generic via filter on the_content -->","protected":false},"excerpt":{"rendered":"<p>Mediados de verano y comienzan a llegar los primeros moteros al norte huyendo de zonas apabullantemente calurosas de la Pen\u00ednsula. Este es el caso de Baltasar que, desde su Valencia, ha querido escapar de esa situaci\u00f3n y refugiarse en las llevaderas temperaturas de Asturias. No puede decirse que los lunes comiencen siempre mal puesto que [&hellip;]<!-- AddThis Advanced Settings generic via filter on get_the_excerpt --><!-- AddThis Share Buttons generic via filter on get_the_excerpt --><\/p>\n","protected":false},"author":14,"featured_media":6554,"comment_status":"open","ping_status":"closed","sticky":false,"template":"","format":"standard","meta":[],"categories":[11,30],"tags":[1264,275,338,430,638,691,755,1263,830,916],"_links":{"self":[{"href":"https:\/\/blogs.elcomercio.es\/explorando-paraiso-moto\/wp-json\/wp\/v2\/posts\/6555"}],"collection":[{"href":"https:\/\/blogs.elcomercio.es\/explorando-paraiso-moto\/wp-json\/wp\/v2\/posts"}],"about":[{"href":"https:\/\/blogs.elcomercio.es\/explorando-paraiso-moto\/wp-json\/wp\/v2\/types\/post"}],"author":[{"embeddable":true,"href":"https:\/\/blogs.elcomercio.es\/explorando-paraiso-moto\/wp-json\/wp\/v2\/users\/14"}],"replies":[{"embeddable":true,"href":"https:\/\/blogs.elcomercio.es\/explorando-paraiso-moto\/wp-json\/wp\/v2\/comments?post=6555"}],"version-history":[{"count":2,"href":"https:\/\/blogs.elcomercio.es\/explorando-paraiso-moto\/wp-json\/wp\/v2\/posts\/6555\/revisions"}],"predecessor-version":[{"id":6684,"href":"https:\/\/blogs.elcomercio.es\/explorando-paraiso-moto\/wp-json\/wp\/v2\/posts\/6555\/revisions\/6684"}],"wp:featuredmedia":[{"embeddable":true,"href":"https:\/\/blogs.elcomercio.es\/explorando-paraiso-moto\/wp-json\/wp\/v2\/media\/6554"}],"wp:attachment":[{"href":"https:\/\/blogs.elcomercio.es\/explorando-paraiso-moto\/wp-json\/wp\/v2\/media?parent=6555"}],"wp:term":[{"taxonomy":"category","embeddable":true,"href":"https:\/\/blogs.elcomercio.es\/explorando-paraiso-moto\/wp-json\/wp\/v2\/categories?post=6555"},{"taxonomy":"post_tag","embeddable":true,"href":"https:\/\/blogs.elcomercio.es\/explorando-paraiso-moto\/wp-json\/wp\/v2\/tags?post=6555"}],"curies":[{"name":"wp","href":"https:\/\/api.w.org\/{rel}","templated":true}]}}