{"id":6835,"date":"2020-11-06T12:01:13","date_gmt":"2020-11-06T11:01:13","guid":{"rendered":"https:\/\/blogs.elcomercio.es\/explorando-paraiso-moto\/?p=6835"},"modified":"2020-11-07T09:25:11","modified_gmt":"2020-11-07T08:25:11","slug":"tesoros-del-valledor-fonteta","status":"publish","type":"post","link":"https:\/\/blogs.elcomercio.es\/explorando-paraiso-moto\/2020\/11\/06\/tesoros-del-valledor-fonteta\/","title":{"rendered":"Tesoros de El Valledor: Fonteta"},"content":{"rendered":"<p>Si hubiera un rinc\u00f3n del para\u00edso asturiano al que me encantar\u00eda poder extender los brazos y estrecharlo entre ellos ser\u00eda, sin lugar a dudas, el destino de nuestra ruta de hoy. Un peque\u00f1o y escondido recoveco del impresionante concejo de Allande inmerso en un remanso de paz y tranquilidad tan caracter\u00edsticos en esta zona de la tierrina. Sub\u00e1monos a &#8220;<em>Trailera<\/em>&#8220;y exploremos un lugar al que estoy segura de que quien se anime a visitarlo, volver\u00e1: Fonteta.<\/p>\n<p><a href=\"https:\/\/static-blogs.elcomercio.es\/wp-content\/uploads\/sites\/13\/2020\/11\/IMG_6955.jpg\"><img loading=\"lazy\" class=\"alignnone size-full wp-image-6782\" src=\"https:\/\/static-blogs.elcomercio.es\/wp-content\/uploads\/sites\/13\/2020\/11\/IMG_6955.jpg\" alt=\"\" width=\"604\" height=\"404\" srcset=\"https:\/\/static-blogs.elcomercio.es\/wp-content\/uploads\/sites\/13\/2020\/11\/IMG_6955.jpg 604w, https:\/\/static-blogs.elcomercio.es\/wp-content\/uploads\/sites\/13\/2020\/11\/IMG_6955-300x201.jpg 300w\" sizes=\"(max-width: 604px) 100vw, 604px\" \/><\/a><\/p>\n<p><!--more--><\/p>\n<p>Eran las 9:00 horas de la ma\u00f1ana cuando sal\u00ed del garage sobre mi inseparable compa\u00f1era de rutas rumbo a esta zona tan desconocida para m\u00e1s de uno. El d\u00eda se presentaba tranquilo y el Corredor del Narcea a esas horas a\u00fan no presentaba el intenso tr\u00e1fico al que se suele verse sumergido en un fin de semana. Las predicciones meteorol\u00f3gicas eran bastante favorables pero, a\u00fan as\u00ed, el cielo se encapot\u00f3 de nubarrones que acechaban con descargar en cualquier momento. Sobre las 10:30 horas alcanc\u00e9 el Pozo de las Mujeres Muertas. La temperatura respecto a Cangas del Narcea hab\u00eda descendido unos diez grados y el reloj de mi moto lo situaba en torno a unos ocho. El viento soplaba fuerte y dejaba atr\u00e1s un paisaje que nada ten\u00eda que envidiar al que me esperaba.<\/p>\n<p>&nbsp;<\/p>\n<p><a href=\"https:\/\/static-blogs.elcomercio.es\/wp-content\/uploads\/sites\/13\/2020\/11\/IMG20201031103204.jpg\"><img loading=\"lazy\" class=\"alignnone size-full wp-image-6826\" src=\"https:\/\/static-blogs.elcomercio.es\/wp-content\/uploads\/sites\/13\/2020\/11\/IMG20201031103204.jpg\" alt=\"\" width=\"604\" height=\"454\" srcset=\"https:\/\/static-blogs.elcomercio.es\/wp-content\/uploads\/sites\/13\/2020\/11\/IMG20201031103204.jpg 604w, https:\/\/static-blogs.elcomercio.es\/wp-content\/uploads\/sites\/13\/2020\/11\/IMG20201031103204-300x225.jpg 300w\" sizes=\"(max-width: 604px) 100vw, 604px\" \/><\/a><\/p>\n<p>&nbsp;<\/p>\n<p>El descenso por la AS-34\u00a0 hacia Fonteta es, sencillamente, impresionante. El oto\u00f1o se visti\u00f3 de gala y se puso sus mejores trajes para mostrarnos un cuadro que parec\u00eda sacado de una postal.<\/p>\n<p>&nbsp;<\/p>\n<p><a href=\"https:\/\/static-blogs.elcomercio.es\/wp-content\/uploads\/sites\/13\/2020\/11\/IMG20201031104035.jpg\"><img loading=\"lazy\" class=\"alignnone size-full wp-image-6827\" src=\"https:\/\/static-blogs.elcomercio.es\/wp-content\/uploads\/sites\/13\/2020\/11\/IMG20201031104035.jpg\" alt=\"\" width=\"604\" height=\"454\" srcset=\"https:\/\/static-blogs.elcomercio.es\/wp-content\/uploads\/sites\/13\/2020\/11\/IMG20201031104035.jpg 604w, https:\/\/static-blogs.elcomercio.es\/wp-content\/uploads\/sites\/13\/2020\/11\/IMG20201031104035-300x225.jpg 300w\" sizes=\"(max-width: 604px) 100vw, 604px\" \/><\/a><\/p>\n<p>&nbsp;<\/p>\n<p><a href=\"https:\/\/static-blogs.elcomercio.es\/wp-content\/uploads\/sites\/13\/2020\/11\/IMG20201031105408.jpg\"><img loading=\"lazy\" class=\"alignnone size-full wp-image-6829\" src=\"https:\/\/static-blogs.elcomercio.es\/wp-content\/uploads\/sites\/13\/2020\/11\/IMG20201031105408.jpg\" alt=\"\" width=\"604\" height=\"454\" srcset=\"https:\/\/static-blogs.elcomercio.es\/wp-content\/uploads\/sites\/13\/2020\/11\/IMG20201031105408.jpg 604w, https:\/\/static-blogs.elcomercio.es\/wp-content\/uploads\/sites\/13\/2020\/11\/IMG20201031105408-300x225.jpg 300w\" sizes=\"(max-width: 604px) 100vw, 604px\" \/><\/a><\/p>\n<p>&nbsp;<\/p>\n<p><a href=\"https:\/\/static-blogs.elcomercio.es\/wp-content\/uploads\/sites\/13\/2020\/11\/IMG20201031104542.jpg\"><img loading=\"lazy\" class=\"alignnone size-full wp-image-6828\" src=\"https:\/\/static-blogs.elcomercio.es\/wp-content\/uploads\/sites\/13\/2020\/11\/IMG20201031104542.jpg\" alt=\"\" width=\"604\" height=\"454\" srcset=\"https:\/\/static-blogs.elcomercio.es\/wp-content\/uploads\/sites\/13\/2020\/11\/IMG20201031104542.jpg 604w, https:\/\/static-blogs.elcomercio.es\/wp-content\/uploads\/sites\/13\/2020\/11\/IMG20201031104542-300x225.jpg 300w\" sizes=\"(max-width: 604px) 100vw, 604px\" \/><\/a><\/p>\n<p>&nbsp;<\/p>\n<p>Como hab\u00edamos acordado, a las 11:00 horas hac\u00eda mi entrada en el pueblo y all\u00ed, junto a una marquesina de madera me esperaba <a href=\"https:\/\/www.facebook.com\/Greendoorasturias\" target=\"_blank\" rel=\"noopener external nofollow\">Ana D\u00edaz Blanco<\/a>, a la que algunos seguidores del <em>blog<\/em> podr\u00e1n recordar por cr\u00f3nicas como la del <a href=\"https:\/\/blogs.elcomercio.es\/explorando-paraiso-moto\/2015\/11\/26\/el-monasterio-de-corias\/\" target=\"_blank\" rel=\"noopener\">Monasterio de Corias<\/a> o el <a href=\"https:\/\/blogs.elcomercio.es\/explorando-paraiso-moto\/2015\/10\/08\/besullo\/\" target=\"_blank\" rel=\"noopener\">Mazo de Besullo<\/a>.<\/p>\n<p>&nbsp;<\/p>\n<p><a href=\"https:\/\/static-blogs.elcomercio.es\/wp-content\/uploads\/sites\/13\/2020\/11\/IMG20201031110102.jpg\"><img loading=\"lazy\" class=\"alignnone size-full wp-image-6830\" src=\"https:\/\/static-blogs.elcomercio.es\/wp-content\/uploads\/sites\/13\/2020\/11\/IMG20201031110102.jpg\" alt=\"\" width=\"604\" height=\"454\" srcset=\"https:\/\/static-blogs.elcomercio.es\/wp-content\/uploads\/sites\/13\/2020\/11\/IMG20201031110102.jpg 604w, https:\/\/static-blogs.elcomercio.es\/wp-content\/uploads\/sites\/13\/2020\/11\/IMG20201031110102-300x225.jpg 300w\" sizes=\"(max-width: 604px) 100vw, 604px\" \/><\/a><\/p>\n<p>&nbsp;<\/p>\n<p>Cinco a\u00f1os han pasado desde la \u00faltima vez que nos vimos. Demasiado tiempo para estar tan cerca y un claro ejemplo de esos que te recuerdan que quien quiere seguir en tu vida hace lo posible para seguir perteneciendo a ella. &#8220;<em>Trailera<\/em>&#8221; aguard\u00f3 en la entrada mientras nuestra gu\u00eda en esta ocasi\u00f3n y yo abrimos las hojas de un libro que leer\u00edamos juntas y que nos ense\u00f1ar\u00eda los escondites de este peque\u00f1o pueblo por el que, seg\u00fan ella &#8220;muchos pasan, pero pocos paran&#8221;.<\/p>\n<p>&nbsp;<\/p>\n<p><a href=\"https:\/\/static-blogs.elcomercio.es\/wp-content\/uploads\/sites\/13\/2020\/11\/IMG_6942.jpg\"><img loading=\"lazy\" class=\"alignnone size-full wp-image-6781\" src=\"https:\/\/static-blogs.elcomercio.es\/wp-content\/uploads\/sites\/13\/2020\/11\/IMG_6942.jpg\" alt=\"\" width=\"604\" height=\"404\" srcset=\"https:\/\/static-blogs.elcomercio.es\/wp-content\/uploads\/sites\/13\/2020\/11\/IMG_6942.jpg 604w, https:\/\/static-blogs.elcomercio.es\/wp-content\/uploads\/sites\/13\/2020\/11\/IMG_6942-300x201.jpg 300w\" sizes=\"(max-width: 604px) 100vw, 604px\" \/><\/a><\/p>\n<p>&nbsp;<\/p>\n<p>Como de costumbre, los primeros recibimientos no se hacen esperar y\u00a0 &#8220;<em>Caprichosa<\/em>&#8221; no dud\u00f3 un segundo en salir a darnos los buenos d\u00edas.<\/p>\n<p>&nbsp;<\/p>\n<p><a href=\"https:\/\/static-blogs.elcomercio.es\/wp-content\/uploads\/sites\/13\/2020\/11\/IMG_6961.jpg\"><img loading=\"lazy\" class=\"alignnone size-full wp-image-6783\" src=\"https:\/\/static-blogs.elcomercio.es\/wp-content\/uploads\/sites\/13\/2020\/11\/IMG_6961.jpg\" alt=\"\" width=\"604\" height=\"404\" srcset=\"https:\/\/static-blogs.elcomercio.es\/wp-content\/uploads\/sites\/13\/2020\/11\/IMG_6961.jpg 604w, https:\/\/static-blogs.elcomercio.es\/wp-content\/uploads\/sites\/13\/2020\/11\/IMG_6961-300x201.jpg 300w\" sizes=\"(max-width: 604px) 100vw, 604px\" \/><\/a><\/p>\n<p>&nbsp;<\/p>\n<p>Aunque otros, como Zar, se han vuelto bastante m\u00e1s perezosos.<\/p>\n<p>&nbsp;<\/p>\n<p><a href=\"https:\/\/static-blogs.elcomercio.es\/wp-content\/uploads\/sites\/13\/2020\/11\/IMG_6964.jpg\"><img loading=\"lazy\" class=\"alignnone size-full wp-image-6784\" src=\"https:\/\/static-blogs.elcomercio.es\/wp-content\/uploads\/sites\/13\/2020\/11\/IMG_6964.jpg\" alt=\"\" width=\"604\" height=\"404\" srcset=\"https:\/\/static-blogs.elcomercio.es\/wp-content\/uploads\/sites\/13\/2020\/11\/IMG_6964.jpg 604w, https:\/\/static-blogs.elcomercio.es\/wp-content\/uploads\/sites\/13\/2020\/11\/IMG_6964-300x201.jpg 300w\" sizes=\"(max-width: 604px) 100vw, 604px\" \/><\/a><\/p>\n<p>&nbsp;<\/p>\n<p><a href=\"https:\/\/static-blogs.elcomercio.es\/wp-content\/uploads\/sites\/13\/2020\/11\/IMG_6973.jpg\"><img loading=\"lazy\" class=\"alignnone size-full wp-image-6787\" src=\"https:\/\/static-blogs.elcomercio.es\/wp-content\/uploads\/sites\/13\/2020\/11\/IMG_6973.jpg\" alt=\"\" width=\"644\" height=\"431\" srcset=\"https:\/\/static-blogs.elcomercio.es\/wp-content\/uploads\/sites\/13\/2020\/11\/IMG_6973.jpg 644w, https:\/\/static-blogs.elcomercio.es\/wp-content\/uploads\/sites\/13\/2020\/11\/IMG_6973-300x201.jpg 300w\" sizes=\"(max-width: 644px) 100vw, 644px\" \/><\/a><\/p>\n<p>&nbsp;<\/p>\n<p>Y luego estaban aquellos a los que nuestra presencia no parec\u00eda importarles lo m\u00e1s m\u00ednimo y ni se inmutaron.<\/p>\n<p>&nbsp;<\/p>\n<p><a href=\"https:\/\/static-blogs.elcomercio.es\/wp-content\/uploads\/sites\/13\/2020\/11\/IMG_6968.jpg\"><img loading=\"lazy\" class=\"alignnone size-full wp-image-6785\" src=\"https:\/\/static-blogs.elcomercio.es\/wp-content\/uploads\/sites\/13\/2020\/11\/IMG_6968.jpg\" alt=\"\" width=\"604\" height=\"404\" srcset=\"https:\/\/static-blogs.elcomercio.es\/wp-content\/uploads\/sites\/13\/2020\/11\/IMG_6968.jpg 604w, https:\/\/static-blogs.elcomercio.es\/wp-content\/uploads\/sites\/13\/2020\/11\/IMG_6968-300x201.jpg 300w\" sizes=\"(max-width: 604px) 100vw, 604px\" \/><\/a><\/p>\n<p>&nbsp;<\/p>\n<p>La primera sensaci\u00f3n que uno tiene al llegar a Fonteta es la de desconexi\u00f3n del resto del mundo, a olvidarse del reloj y de las prisas que tanto condicionan nuestras vidas. El silencio se convierte en protagonista y las palabras de Ana lo adornan describiendo el pueblo que la vio crecer puesto que, aunque Ana naci\u00f3 en Tremado, a unos 9 kil\u00f3metros de donde nos encontramos, a los 6 a\u00f1os su familia se asent\u00f3 all\u00ed porque su madre era de Fonteta y all\u00ed se quedaron hasta hoy por lo que cada rinc\u00f3n de este lugar est\u00e1 lleno de sus recuerdos y nadie mejor que ella para compartirlos con todos nosotros.<\/p>\n<p>&nbsp;<\/p>\n<p><a href=\"https:\/\/static-blogs.elcomercio.es\/wp-content\/uploads\/sites\/13\/2020\/11\/IMG_7031.jpg\"><img loading=\"lazy\" class=\"alignnone size-full wp-image-6804\" src=\"https:\/\/static-blogs.elcomercio.es\/wp-content\/uploads\/sites\/13\/2020\/11\/IMG_7031.jpg\" alt=\"\" width=\"604\" height=\"404\" srcset=\"https:\/\/static-blogs.elcomercio.es\/wp-content\/uploads\/sites\/13\/2020\/11\/IMG_7031.jpg 604w, https:\/\/static-blogs.elcomercio.es\/wp-content\/uploads\/sites\/13\/2020\/11\/IMG_7031-300x201.jpg 300w\" sizes=\"(max-width: 604px) 100vw, 604px\" \/><\/a><\/p>\n<p>&nbsp;<\/p>\n<p><a href=\"https:\/\/static-blogs.elcomercio.es\/wp-content\/uploads\/sites\/13\/2020\/11\/IMG_6970.jpg\"><img loading=\"lazy\" class=\"alignnone size-full wp-image-6786\" src=\"https:\/\/static-blogs.elcomercio.es\/wp-content\/uploads\/sites\/13\/2020\/11\/IMG_6970.jpg\" alt=\"\" width=\"604\" height=\"404\" srcset=\"https:\/\/static-blogs.elcomercio.es\/wp-content\/uploads\/sites\/13\/2020\/11\/IMG_6970.jpg 604w, https:\/\/static-blogs.elcomercio.es\/wp-content\/uploads\/sites\/13\/2020\/11\/IMG_6970-300x201.jpg 300w\" sizes=\"(max-width: 604px) 100vw, 604px\" \/><\/a><\/p>\n<p>&nbsp;<\/p>\n<p><a href=\"https:\/\/static-blogs.elcomercio.es\/wp-content\/uploads\/sites\/13\/2020\/11\/IMG_6975.jpg\"><img loading=\"lazy\" class=\"alignnone size-full wp-image-6788\" src=\"https:\/\/static-blogs.elcomercio.es\/wp-content\/uploads\/sites\/13\/2020\/11\/IMG_6975.jpg\" alt=\"\" width=\"604\" height=\"404\" srcset=\"https:\/\/static-blogs.elcomercio.es\/wp-content\/uploads\/sites\/13\/2020\/11\/IMG_6975.jpg 604w, https:\/\/static-blogs.elcomercio.es\/wp-content\/uploads\/sites\/13\/2020\/11\/IMG_6975-300x201.jpg 300w\" sizes=\"(max-width: 604px) 100vw, 604px\" \/><\/a><\/p>\n<p>&nbsp;<\/p>\n<p>De camino a casa sus &#8220;peludines&#8221; tambi\u00e9n quisieron hacerse notar y salieron en busca de una caricia al o\u00edr nuestros pasos.<\/p>\n<p>&nbsp;<\/p>\n<p><a href=\"https:\/\/static-blogs.elcomercio.es\/wp-content\/uploads\/sites\/13\/2020\/11\/IMG_6991.jpg\"><img loading=\"lazy\" class=\"alignnone size-full wp-image-6794\" src=\"https:\/\/static-blogs.elcomercio.es\/wp-content\/uploads\/sites\/13\/2020\/11\/IMG_6991.jpg\" alt=\"\" width=\"604\" height=\"404\" srcset=\"https:\/\/static-blogs.elcomercio.es\/wp-content\/uploads\/sites\/13\/2020\/11\/IMG_6991.jpg 604w, https:\/\/static-blogs.elcomercio.es\/wp-content\/uploads\/sites\/13\/2020\/11\/IMG_6991-300x201.jpg 300w\" sizes=\"(max-width: 604px) 100vw, 604px\" \/><\/a><\/p>\n<p>&nbsp;<\/p>\n<p>O eso cre\u00eda yo. Pero me parece que no solo se trataba de eso y que alguno ten\u00eda alg\u00fan inter\u00e9s escondido.<\/p>\n<p>&nbsp;<\/p>\n<p><a href=\"https:\/\/static-blogs.elcomercio.es\/wp-content\/uploads\/sites\/13\/2020\/11\/IMG_7006.jpg\"><img loading=\"lazy\" class=\"alignnone size-full wp-image-6798\" src=\"https:\/\/static-blogs.elcomercio.es\/wp-content\/uploads\/sites\/13\/2020\/11\/IMG_7006.jpg\" alt=\"\" width=\"604\" height=\"404\" srcset=\"https:\/\/static-blogs.elcomercio.es\/wp-content\/uploads\/sites\/13\/2020\/11\/IMG_7006.jpg 604w, https:\/\/static-blogs.elcomercio.es\/wp-content\/uploads\/sites\/13\/2020\/11\/IMG_7006-300x201.jpg 300w\" sizes=\"(max-width: 604px) 100vw, 604px\" \/><\/a><\/p>\n<p>&nbsp;<\/p>\n<p>No le quitaba ojo al plato de rosquillas que Charo, la madre de Ana, acababa de cocinar y tengo que decir que tuve el enorme placer de degustarlas. Asomadas a\u00a0 la ventana, ella y Lidia, la hermana de Ana, mantuvieron con nosotras una distentida conversaci\u00f3n en la cual los viajes fueron los protagonistas.<\/p>\n<p>&nbsp;<\/p>\n<p><a href=\"https:\/\/static-blogs.elcomercio.es\/wp-content\/uploads\/sites\/13\/2020\/11\/IMG_7005.jpg\"><img loading=\"lazy\" class=\"alignnone size-full wp-image-6797\" src=\"https:\/\/static-blogs.elcomercio.es\/wp-content\/uploads\/sites\/13\/2020\/11\/IMG_7005.jpg\" alt=\"\" width=\"604\" height=\"404\" srcset=\"https:\/\/static-blogs.elcomercio.es\/wp-content\/uploads\/sites\/13\/2020\/11\/IMG_7005.jpg 604w, https:\/\/static-blogs.elcomercio.es\/wp-content\/uploads\/sites\/13\/2020\/11\/IMG_7005-300x201.jpg 300w\" sizes=\"(max-width: 604px) 100vw, 604px\" \/><\/a><\/p>\n<p>&nbsp;<\/p>\n<p>No hay duda que lo mejor para bajar tanta calor\u00eda es continuar caminando. As\u00ed que hag\u00e1moslo acompa\u00f1ados de nuestra gu\u00eda.<\/p>\n<p>&nbsp;<\/p>\n<p><a href=\"https:\/\/static-blogs.elcomercio.es\/wp-content\/uploads\/sites\/13\/2020\/11\/IMG_7009.jpg\"><img loading=\"lazy\" class=\"alignnone size-full wp-image-6799\" src=\"https:\/\/static-blogs.elcomercio.es\/wp-content\/uploads\/sites\/13\/2020\/11\/IMG_7009.jpg\" alt=\"\" width=\"604\" height=\"404\" srcset=\"https:\/\/static-blogs.elcomercio.es\/wp-content\/uploads\/sites\/13\/2020\/11\/IMG_7009.jpg 604w, https:\/\/static-blogs.elcomercio.es\/wp-content\/uploads\/sites\/13\/2020\/11\/IMG_7009-300x201.jpg 300w\" sizes=\"(max-width: 604px) 100vw, 604px\" \/><\/a><\/p>\n<p>&nbsp;<\/p>\n<p><a href=\"https:\/\/static-blogs.elcomercio.es\/wp-content\/uploads\/sites\/13\/2020\/11\/IMG_7027.jpg\"><img loading=\"lazy\" class=\"alignnone size-full wp-image-6803\" src=\"https:\/\/static-blogs.elcomercio.es\/wp-content\/uploads\/sites\/13\/2020\/11\/IMG_7027.jpg\" alt=\"\" width=\"604\" height=\"404\" srcset=\"https:\/\/static-blogs.elcomercio.es\/wp-content\/uploads\/sites\/13\/2020\/11\/IMG_7027.jpg 604w, https:\/\/static-blogs.elcomercio.es\/wp-content\/uploads\/sites\/13\/2020\/11\/IMG_7027-300x201.jpg 300w\" sizes=\"(max-width: 604px) 100vw, 604px\" \/><\/a><\/p>\n<p>&nbsp;<\/p>\n<p>Creo que alguno se ha vuelto un poco holgaz\u00e1n con tanta rosquilla&#8230;<\/p>\n<p>&nbsp;<\/p>\n<p><a href=\"https:\/\/static-blogs.elcomercio.es\/wp-content\/uploads\/sites\/13\/2020\/11\/IMG_6996.jpg\"><img loading=\"lazy\" class=\"alignnone size-full wp-image-6795\" src=\"https:\/\/static-blogs.elcomercio.es\/wp-content\/uploads\/sites\/13\/2020\/11\/IMG_6996.jpg\" alt=\"\" width=\"604\" height=\"404\" srcset=\"https:\/\/static-blogs.elcomercio.es\/wp-content\/uploads\/sites\/13\/2020\/11\/IMG_6996.jpg 604w, https:\/\/static-blogs.elcomercio.es\/wp-content\/uploads\/sites\/13\/2020\/11\/IMG_6996-300x201.jpg 300w\" sizes=\"(max-width: 604px) 100vw, 604px\" \/><\/a><\/p>\n<p>&nbsp;<\/p>\n<p>En este peque\u00f1o para\u00edso asturiano cada casa se complementa con su respectivo h\u00f3rreo o panera.<\/p>\n<p>&nbsp;<\/p>\n<p><a href=\"https:\/\/static-blogs.elcomercio.es\/wp-content\/uploads\/sites\/13\/2020\/11\/IMG-20201031-WA0017-1.jpg\"><img loading=\"lazy\" class=\"alignnone size-full wp-image-6844\" src=\"https:\/\/static-blogs.elcomercio.es\/wp-content\/uploads\/sites\/13\/2020\/11\/IMG-20201031-WA0017-1.jpg\" alt=\"\" width=\"604\" height=\"454\" srcset=\"https:\/\/static-blogs.elcomercio.es\/wp-content\/uploads\/sites\/13\/2020\/11\/IMG-20201031-WA0017-1.jpg 604w, https:\/\/static-blogs.elcomercio.es\/wp-content\/uploads\/sites\/13\/2020\/11\/IMG-20201031-WA0017-1-300x225.jpg 300w\" sizes=\"(max-width: 604px) 100vw, 604px\" \/><\/a><\/p>\n<p>&nbsp;<\/p>\n<p><a href=\"https:\/\/static-blogs.elcomercio.es\/wp-content\/uploads\/sites\/13\/2020\/11\/IMG-20201031-WA0024.jpg\"><img loading=\"lazy\" class=\"alignnone size-full wp-image-6845\" src=\"https:\/\/static-blogs.elcomercio.es\/wp-content\/uploads\/sites\/13\/2020\/11\/IMG-20201031-WA0024.jpg\" alt=\"\" width=\"604\" height=\"454\" srcset=\"https:\/\/static-blogs.elcomercio.es\/wp-content\/uploads\/sites\/13\/2020\/11\/IMG-20201031-WA0024.jpg 604w, https:\/\/static-blogs.elcomercio.es\/wp-content\/uploads\/sites\/13\/2020\/11\/IMG-20201031-WA0024-300x225.jpg 300w\" sizes=\"(max-width: 604px) 100vw, 604px\" \/><\/a><\/p>\n<p>&nbsp;<\/p>\n<p><a href=\"https:\/\/static-blogs.elcomercio.es\/wp-content\/uploads\/sites\/13\/2020\/11\/IMG_7105.jpg\"><img loading=\"lazy\" class=\"alignnone size-full wp-image-6822\" src=\"https:\/\/static-blogs.elcomercio.es\/wp-content\/uploads\/sites\/13\/2020\/11\/IMG_7105.jpg\" alt=\"\" width=\"604\" height=\"404\" srcset=\"https:\/\/static-blogs.elcomercio.es\/wp-content\/uploads\/sites\/13\/2020\/11\/IMG_7105.jpg 604w, https:\/\/static-blogs.elcomercio.es\/wp-content\/uploads\/sites\/13\/2020\/11\/IMG_7105-300x201.jpg 300w\" sizes=\"(max-width: 604px) 100vw, 604px\" \/><\/a><\/p>\n<p>&nbsp;<\/p>\n<p><a href=\"https:\/\/static-blogs.elcomercio.es\/wp-content\/uploads\/sites\/13\/2020\/11\/IMG_7022.jpg\"><img loading=\"lazy\" class=\"alignnone size-full wp-image-6802\" src=\"https:\/\/static-blogs.elcomercio.es\/wp-content\/uploads\/sites\/13\/2020\/11\/IMG_7022.jpg\" alt=\"\" width=\"604\" height=\"404\" srcset=\"https:\/\/static-blogs.elcomercio.es\/wp-content\/uploads\/sites\/13\/2020\/11\/IMG_7022.jpg 604w, https:\/\/static-blogs.elcomercio.es\/wp-content\/uploads\/sites\/13\/2020\/11\/IMG_7022-300x201.jpg 300w\" sizes=\"(max-width: 604px) 100vw, 604px\" \/><\/a><\/p>\n<p>&nbsp;<\/p>\n<p>Adem\u00e1s, de con su &#8220;eira&#8221; que era donde se mayaba el centeno y que podemos ver claramente reflejada en ese enlosado en el suelo.<\/p>\n<p>&nbsp;<\/p>\n<p><a href=\"https:\/\/static-blogs.elcomercio.es\/wp-content\/uploads\/sites\/13\/2020\/11\/IMG_7110.jpg\"><img loading=\"lazy\" class=\"alignnone size-full wp-image-6823\" src=\"https:\/\/static-blogs.elcomercio.es\/wp-content\/uploads\/sites\/13\/2020\/11\/IMG_7110.jpg\" alt=\"\" width=\"604\" height=\"404\" srcset=\"https:\/\/static-blogs.elcomercio.es\/wp-content\/uploads\/sites\/13\/2020\/11\/IMG_7110.jpg 604w, https:\/\/static-blogs.elcomercio.es\/wp-content\/uploads\/sites\/13\/2020\/11\/IMG_7110-300x201.jpg 300w\" sizes=\"(max-width: 604px) 100vw, 604px\" \/><\/a><\/p>\n<p>&nbsp;<\/p>\n<p>Las hay realmente antiguas.<\/p>\n<p>&nbsp;<\/p>\n<p><a href=\"https:\/\/static-blogs.elcomercio.es\/wp-content\/uploads\/sites\/13\/2020\/11\/IMG_6983.jpg\"><img loading=\"lazy\" class=\"alignnone size-full wp-image-6791\" src=\"https:\/\/static-blogs.elcomercio.es\/wp-content\/uploads\/sites\/13\/2020\/11\/IMG_6983.jpg\" alt=\"\" width=\"604\" height=\"404\" srcset=\"https:\/\/static-blogs.elcomercio.es\/wp-content\/uploads\/sites\/13\/2020\/11\/IMG_6983.jpg 604w, https:\/\/static-blogs.elcomercio.es\/wp-content\/uploads\/sites\/13\/2020\/11\/IMG_6983-300x201.jpg 300w\" sizes=\"(max-width: 604px) 100vw, 604px\" \/><\/a><\/p>\n<p>&nbsp;<\/p>\n<p><a href=\"https:\/\/static-blogs.elcomercio.es\/wp-content\/uploads\/sites\/13\/2020\/11\/IMG_6985.jpg\"><img loading=\"lazy\" class=\"alignnone size-full wp-image-6792\" src=\"https:\/\/static-blogs.elcomercio.es\/wp-content\/uploads\/sites\/13\/2020\/11\/IMG_6985.jpg\" alt=\"\" width=\"604\" height=\"404\" srcset=\"https:\/\/static-blogs.elcomercio.es\/wp-content\/uploads\/sites\/13\/2020\/11\/IMG_6985.jpg 604w, https:\/\/static-blogs.elcomercio.es\/wp-content\/uploads\/sites\/13\/2020\/11\/IMG_6985-300x201.jpg 300w\" sizes=\"(max-width: 604px) 100vw, 604px\" \/><\/a><\/p>\n<p>&nbsp;<\/p>\n<p>Y muy peculiares.<\/p>\n<p>&nbsp;<\/p>\n<p><a href=\"https:\/\/static-blogs.elcomercio.es\/wp-content\/uploads\/sites\/13\/2020\/11\/IMG_6981.jpg\"><img loading=\"lazy\" class=\"alignnone size-full wp-image-6790\" src=\"https:\/\/static-blogs.elcomercio.es\/wp-content\/uploads\/sites\/13\/2020\/11\/IMG_6981.jpg\" alt=\"\" width=\"604\" height=\"404\" srcset=\"https:\/\/static-blogs.elcomercio.es\/wp-content\/uploads\/sites\/13\/2020\/11\/IMG_6981.jpg 604w, https:\/\/static-blogs.elcomercio.es\/wp-content\/uploads\/sites\/13\/2020\/11\/IMG_6981-300x201.jpg 300w\" sizes=\"(max-width: 604px) 100vw, 604px\" \/><\/a><\/p>\n<p>&nbsp;<\/p>\n<p>Ana nos cuenta que hay una gran diferencia entre la gente que se fue hace muchos a\u00f1os dejando sus casas con las caracter\u00edsticas pr\u00e1cticamente intactas y, por otro lado, quienes siguieron haciendo vida en el pueblo y fueron adapt\u00e1ndose a los nuevos tiempos. Claro ejemplo del primer caso es la casa de Fermina, una mujer que nos invita a conocer un trocito de su hogar. Sig\u00e1mosla.<\/p>\n<p>&nbsp;<\/p>\n<p><a href=\"https:\/\/static-blogs.elcomercio.es\/wp-content\/uploads\/sites\/13\/2020\/11\/IMG_7056.jpg\"><img loading=\"lazy\" class=\"alignnone size-full wp-image-6812\" src=\"https:\/\/static-blogs.elcomercio.es\/wp-content\/uploads\/sites\/13\/2020\/11\/IMG_7056.jpg\" alt=\"\" width=\"604\" height=\"404\" srcset=\"https:\/\/static-blogs.elcomercio.es\/wp-content\/uploads\/sites\/13\/2020\/11\/IMG_7056.jpg 604w, https:\/\/static-blogs.elcomercio.es\/wp-content\/uploads\/sites\/13\/2020\/11\/IMG_7056-300x201.jpg 300w\" sizes=\"(max-width: 604px) 100vw, 604px\" \/><\/a><\/p>\n<p>&nbsp;<\/p>\n<p>Me da que no somos los \u00fanicos que vamos a entrar.<\/p>\n<p>&nbsp;<\/p>\n<p><a href=\"https:\/\/static-blogs.elcomercio.es\/wp-content\/uploads\/sites\/13\/2020\/11\/IMG_7087.jpg\"><img loading=\"lazy\" class=\"alignnone size-full wp-image-6818\" src=\"https:\/\/static-blogs.elcomercio.es\/wp-content\/uploads\/sites\/13\/2020\/11\/IMG_7087.jpg\" alt=\"\" width=\"604\" height=\"404\" srcset=\"https:\/\/static-blogs.elcomercio.es\/wp-content\/uploads\/sites\/13\/2020\/11\/IMG_7087.jpg 604w, https:\/\/static-blogs.elcomercio.es\/wp-content\/uploads\/sites\/13\/2020\/11\/IMG_7087-300x201.jpg 300w\" sizes=\"(max-width: 604px) 100vw, 604px\" \/><\/a><\/p>\n<p>&nbsp;<\/p>\n<p><a href=\"https:\/\/static-blogs.elcomercio.es\/wp-content\/uploads\/sites\/13\/2020\/11\/IMG_7084.jpg\"><img loading=\"lazy\" class=\"alignnone size-full wp-image-6817\" src=\"https:\/\/static-blogs.elcomercio.es\/wp-content\/uploads\/sites\/13\/2020\/11\/IMG_7084.jpg\" alt=\"\" width=\"604\" height=\"404\" srcset=\"https:\/\/static-blogs.elcomercio.es\/wp-content\/uploads\/sites\/13\/2020\/11\/IMG_7084.jpg 604w, https:\/\/static-blogs.elcomercio.es\/wp-content\/uploads\/sites\/13\/2020\/11\/IMG_7084-300x201.jpg 300w\" sizes=\"(max-width: 604px) 100vw, 604px\" \/><\/a><\/p>\n<p>&nbsp;<\/p>\n<p>Nos abri\u00f3 las puertas del mismo para que pudi\u00e9ramos visitar su &#8220;<em>lareira<\/em>&#8220;, su hogar, su cocina en torno a la cual se hac\u00eda la vida. All\u00ed se juntaban las mujeres y lavaban, tej\u00edan, contaban historias de &#8220;bruxas&#8221;..Y los hombres jugaban al domin\u00f3 entre otros quehaceres. El cuadro &#8220;Filand\u00f3n en Monasterio de Hermo&#8221; del pintor \u00c1lvarez Catal\u00e1 representar\u00eda claramente una de esas escenas t\u00edpicas de reuni\u00f3n de la \u00e9poca en torno a la &#8220;lareira&#8221;. En esta en concreto, Fermina nos confiesa que ha hecho frisuelos.<\/p>\n<p>&nbsp;<\/p>\n<p><a href=\"https:\/\/static-blogs.elcomercio.es\/wp-content\/uploads\/sites\/13\/2020\/11\/IMG_7082.jpg\"><img loading=\"lazy\" class=\"alignnone size-full wp-image-6816\" src=\"https:\/\/static-blogs.elcomercio.es\/wp-content\/uploads\/sites\/13\/2020\/11\/IMG_7082.jpg\" alt=\"\" width=\"604\" height=\"404\" srcset=\"https:\/\/static-blogs.elcomercio.es\/wp-content\/uploads\/sites\/13\/2020\/11\/IMG_7082.jpg 604w, https:\/\/static-blogs.elcomercio.es\/wp-content\/uploads\/sites\/13\/2020\/11\/IMG_7082-300x201.jpg 300w\" sizes=\"(max-width: 604px) 100vw, 604px\" \/><\/a><\/p>\n<p>&nbsp;<\/p>\n<p><a href=\"https:\/\/static-blogs.elcomercio.es\/wp-content\/uploads\/sites\/13\/2020\/11\/IMG_7057.jpg\"><img loading=\"lazy\" class=\"alignnone size-full wp-image-6813\" src=\"https:\/\/static-blogs.elcomercio.es\/wp-content\/uploads\/sites\/13\/2020\/11\/IMG_7057.jpg\" alt=\"\" width=\"604\" height=\"404\" srcset=\"https:\/\/static-blogs.elcomercio.es\/wp-content\/uploads\/sites\/13\/2020\/11\/IMG_7057.jpg 604w, https:\/\/static-blogs.elcomercio.es\/wp-content\/uploads\/sites\/13\/2020\/11\/IMG_7057-300x201.jpg 300w\" sizes=\"(max-width: 604px) 100vw, 604px\" \/><\/a><\/p>\n<p>&nbsp;<\/p>\n<p><a href=\"https:\/\/static-blogs.elcomercio.es\/wp-content\/uploads\/sites\/13\/2020\/11\/IMG_7075.jpg\"><img loading=\"lazy\" class=\"alignnone size-full wp-image-6815\" src=\"https:\/\/static-blogs.elcomercio.es\/wp-content\/uploads\/sites\/13\/2020\/11\/IMG_7075.jpg\" alt=\"\" width=\"604\" height=\"404\" srcset=\"https:\/\/static-blogs.elcomercio.es\/wp-content\/uploads\/sites\/13\/2020\/11\/IMG_7075.jpg 604w, https:\/\/static-blogs.elcomercio.es\/wp-content\/uploads\/sites\/13\/2020\/11\/IMG_7075-300x201.jpg 300w\" sizes=\"(max-width: 604px) 100vw, 604px\" \/><\/a><\/p>\n<p>&nbsp;<\/p>\n<p>De las cuatro habitaciones eliminaron una y se construy\u00f3 este espacio que era muy \u00fatil puesto que hab\u00eda que amasar, curar el embutido,..En realidad estar en este lugar es estar como en un peque\u00f1o museo de la vida tradicional de las gentes de anta\u00f1o donde cada rinc\u00f3n esconde un trocito de historia como este en el que nos encontramos esta &#8220;lavadora&#8221; o &#8220;dala&#8221; cuya posici\u00f3n original ser\u00eda en horizontal y en cuya parte superior se colocar\u00eda un tronco o &#8220;bogadeiro&#8221; de madera o corcho que no suele conservarse.Dentro met\u00edan agua con ceniza con lo que la reacci\u00f3n qu\u00edmica resultante actuaba como lej\u00eda.<\/p>\n<p>&nbsp;<\/p>\n<p><a href=\"https:\/\/static-blogs.elcomercio.es\/wp-content\/uploads\/sites\/13\/2020\/11\/IMG_7068.jpg\"><img loading=\"lazy\" class=\"alignnone size-full wp-image-6814\" src=\"https:\/\/static-blogs.elcomercio.es\/wp-content\/uploads\/sites\/13\/2020\/11\/IMG_7068.jpg\" alt=\"\" width=\"604\" height=\"404\" srcset=\"https:\/\/static-blogs.elcomercio.es\/wp-content\/uploads\/sites\/13\/2020\/11\/IMG_7068.jpg 604w, https:\/\/static-blogs.elcomercio.es\/wp-content\/uploads\/sites\/13\/2020\/11\/IMG_7068-300x201.jpg 300w\" sizes=\"(max-width: 604px) 100vw, 604px\" \/><\/a><\/p>\n<p>&nbsp;<\/p>\n<p>Agradecemos enormemente a Fermina que nos haya abierto las puertas de su casa y nos dirigimos a otro lugar imprescindible en nuestra visita: las antiguas Escuelas las cuales, en la actualidad, se han convertido en un importante centro de reuni\u00f3n una vez que dejaron de cumplir su funci\u00f3n all\u00e1 por los a\u00f1os 80.<\/p>\n<p>&nbsp;<\/p>\n<p><a href=\"https:\/\/static-blogs.elcomercio.es\/wp-content\/uploads\/sites\/13\/2020\/11\/IMG_7039.jpg\"><img loading=\"lazy\" class=\"alignnone size-full wp-image-6807\" src=\"https:\/\/static-blogs.elcomercio.es\/wp-content\/uploads\/sites\/13\/2020\/11\/IMG_7039.jpg\" alt=\"\" width=\"404\" height=\"604\" srcset=\"https:\/\/static-blogs.elcomercio.es\/wp-content\/uploads\/sites\/13\/2020\/11\/IMG_7039.jpg 404w, https:\/\/static-blogs.elcomercio.es\/wp-content\/uploads\/sites\/13\/2020\/11\/IMG_7039-201x300.jpg 201w\" sizes=\"(max-width: 404px) 100vw, 404px\" \/><\/a><\/p>\n<p>&nbsp;<\/p>\n<p><a href=\"https:\/\/static-blogs.elcomercio.es\/wp-content\/uploads\/sites\/13\/2020\/11\/IMG_7037.jpg\"><img loading=\"lazy\" class=\"alignnone size-full wp-image-6805\" src=\"https:\/\/static-blogs.elcomercio.es\/wp-content\/uploads\/sites\/13\/2020\/11\/IMG_7037.jpg\" alt=\"\" width=\"604\" height=\"404\" srcset=\"https:\/\/static-blogs.elcomercio.es\/wp-content\/uploads\/sites\/13\/2020\/11\/IMG_7037.jpg 604w, https:\/\/static-blogs.elcomercio.es\/wp-content\/uploads\/sites\/13\/2020\/11\/IMG_7037-300x201.jpg 300w\" sizes=\"(max-width: 604px) 100vw, 604px\" \/><\/a><\/p>\n<p>&nbsp;<\/p>\n<p>En esta ocasi\u00f3n, este n\u00famero nos traer\u00e1 suerte.<\/p>\n<p>&nbsp;<\/p>\n<p><a href=\"https:\/\/static-blogs.elcomercio.es\/wp-content\/uploads\/sites\/13\/2020\/11\/IMG_7038.jpg\"><img loading=\"lazy\" class=\"alignnone size-full wp-image-6806\" src=\"https:\/\/static-blogs.elcomercio.es\/wp-content\/uploads\/sites\/13\/2020\/11\/IMG_7038.jpg\" alt=\"\" width=\"604\" height=\"404\" srcset=\"https:\/\/static-blogs.elcomercio.es\/wp-content\/uploads\/sites\/13\/2020\/11\/IMG_7038.jpg 604w, https:\/\/static-blogs.elcomercio.es\/wp-content\/uploads\/sites\/13\/2020\/11\/IMG_7038-300x201.jpg 300w\" sizes=\"(max-width: 604px) 100vw, 604px\" \/><\/a><\/p>\n<p>&nbsp;<\/p>\n<p>Presentan muy buen estado de conservaci\u00f3n y, aunque se sustituyeron las ventanas, a\u00fan queda pendiente renovar el tejado.<\/p>\n<p>&nbsp;<\/p>\n<p><a href=\"https:\/\/static-blogs.elcomercio.es\/wp-content\/uploads\/sites\/13\/2020\/11\/IMG_7041.jpg\"><img loading=\"lazy\" class=\"alignnone size-full wp-image-6808\" src=\"https:\/\/static-blogs.elcomercio.es\/wp-content\/uploads\/sites\/13\/2020\/11\/IMG_7041.jpg\" alt=\"\" width=\"604\" height=\"404\" srcset=\"https:\/\/static-blogs.elcomercio.es\/wp-content\/uploads\/sites\/13\/2020\/11\/IMG_7041.jpg 604w, https:\/\/static-blogs.elcomercio.es\/wp-content\/uploads\/sites\/13\/2020\/11\/IMG_7041-300x201.jpg 300w\" sizes=\"(max-width: 604px) 100vw, 604px\" \/><\/a><\/p>\n<p>&nbsp;<\/p>\n<p><a href=\"https:\/\/static-blogs.elcomercio.es\/wp-content\/uploads\/sites\/13\/2020\/11\/IMG_7049.jpg\"><img loading=\"lazy\" class=\"alignnone size-full wp-image-6811\" src=\"https:\/\/static-blogs.elcomercio.es\/wp-content\/uploads\/sites\/13\/2020\/11\/IMG_7049.jpg\" alt=\"\" width=\"604\" height=\"404\" srcset=\"https:\/\/static-blogs.elcomercio.es\/wp-content\/uploads\/sites\/13\/2020\/11\/IMG_7049.jpg 604w, https:\/\/static-blogs.elcomercio.es\/wp-content\/uploads\/sites\/13\/2020\/11\/IMG_7049-300x201.jpg 300w\" sizes=\"(max-width: 604px) 100vw, 604px\" \/><\/a><\/p>\n<p>&nbsp;<\/p>\n<p>En sus paredes cuelgan las fotograf\u00edas de todo un icono de este pueblo: las fiestas de <a href=\"https:\/\/www.facebook.com\/osreisesdelvalledor\/\" target=\"_blank\" rel=\"noopener external nofollow\">Os Reises del Valledor.<\/a><\/p>\n<p>&nbsp;<\/p>\n<p><a href=\"https:\/\/static-blogs.elcomercio.es\/wp-content\/uploads\/sites\/13\/2020\/11\/IMG_7045.jpg\"><img loading=\"lazy\" class=\"alignnone size-full wp-image-6810\" src=\"https:\/\/static-blogs.elcomercio.es\/wp-content\/uploads\/sites\/13\/2020\/11\/IMG_7045.jpg\" alt=\"\" width=\"604\" height=\"404\" srcset=\"https:\/\/static-blogs.elcomercio.es\/wp-content\/uploads\/sites\/13\/2020\/11\/IMG_7045.jpg 604w, https:\/\/static-blogs.elcomercio.es\/wp-content\/uploads\/sites\/13\/2020\/11\/IMG_7045-300x201.jpg 300w\" sizes=\"(max-width: 604px) 100vw, 604px\" \/><\/a><\/p>\n<p>&nbsp;<\/p>\n<p><a href=\"https:\/\/static-blogs.elcomercio.es\/wp-content\/uploads\/sites\/13\/2020\/11\/IMG_7042.jpg\"><img loading=\"lazy\" class=\"alignnone size-full wp-image-6809\" src=\"https:\/\/static-blogs.elcomercio.es\/wp-content\/uploads\/sites\/13\/2020\/11\/IMG_7042.jpg\" alt=\"\" width=\"604\" height=\"404\" srcset=\"https:\/\/static-blogs.elcomercio.es\/wp-content\/uploads\/sites\/13\/2020\/11\/IMG_7042.jpg 604w, https:\/\/static-blogs.elcomercio.es\/wp-content\/uploads\/sites\/13\/2020\/11\/IMG_7042-300x201.jpg 300w\" sizes=\"(max-width: 604px) 100vw, 604px\" \/><\/a><\/p>\n<p>&nbsp;<\/p>\n<p>Esta mascarada invernal se recuper\u00f3 en el a\u00f1o 2009 y desde entonces, se celebra el fin de semana m\u00e1s pr\u00f3ximo a la festividad de Reyes. Son 11 personajes en total divididos entre los guapos y los feos, &#8220;os de aroupa boa&#8221; y &#8220;os de a roupa ru\u00eda&#8221;. Entre ellos podemos nombrar al &#8220;rodalo&#8221; o m\u00e1s travieso, &#8220;el choqueiro&#8221; que ir\u00eda al frente para que no les quiten las m\u00e1scaras, &#8220;a cardoira&#8221; y &#8220;los maragatos&#8221;. Y en el grupo de los guapos nos encontrar\u00edamos con &#8220;el militar&#8221; o &#8220;el valenciano&#8221; entre otros. Cada a\u00f1o recorren los pueblo de Villala\u00edn, San Salvador y Fonteta saco en mano para recoger el aguinaldo picando a las puertas y preguntando si se puede cantar. Paulatinamente se ha ido incrementando el volumen de gente de diversos lugares que asisten\u00a0 a esta tradici\u00f3n que los lugare\u00f1os tratar\u00e1n de no dejar caer en el olvido.<\/p>\n<p>Seguimos explorando el pueblo y nos dirigimos ahora hasta la capilla de San Roque la cual, hace unos a\u00f1os, sufri\u00f3 una riada pero logr\u00f3 ser recuperada gracias a la colaboraci\u00f3n de los habitantes de Fonteta luciendo el coqueto aspecto que presenta en la actualidad.<\/p>\n<p>&nbsp;<\/p>\n<p><a href=\"https:\/\/static-blogs.elcomercio.es\/wp-content\/uploads\/sites\/13\/2020\/11\/IMG_7090.jpg\"><img loading=\"lazy\" class=\"alignnone size-full wp-image-6819\" src=\"https:\/\/static-blogs.elcomercio.es\/wp-content\/uploads\/sites\/13\/2020\/11\/IMG_7090.jpg\" alt=\"\" width=\"604\" height=\"404\" srcset=\"https:\/\/static-blogs.elcomercio.es\/wp-content\/uploads\/sites\/13\/2020\/11\/IMG_7090.jpg 604w, https:\/\/static-blogs.elcomercio.es\/wp-content\/uploads\/sites\/13\/2020\/11\/IMG_7090-300x201.jpg 300w\" sizes=\"(max-width: 604px) 100vw, 604px\" \/><\/a><\/p>\n<p>&nbsp;<\/p>\n<p><a href=\"https:\/\/static-blogs.elcomercio.es\/wp-content\/uploads\/sites\/13\/2020\/11\/IMG_7095.jpg\"><img loading=\"lazy\" class=\"alignnone size-full wp-image-6820\" src=\"https:\/\/static-blogs.elcomercio.es\/wp-content\/uploads\/sites\/13\/2020\/11\/IMG_7095.jpg\" alt=\"\" width=\"604\" height=\"404\" srcset=\"https:\/\/static-blogs.elcomercio.es\/wp-content\/uploads\/sites\/13\/2020\/11\/IMG_7095.jpg 604w, https:\/\/static-blogs.elcomercio.es\/wp-content\/uploads\/sites\/13\/2020\/11\/IMG_7095-300x201.jpg 300w\" sizes=\"(max-width: 604px) 100vw, 604px\" \/><\/a><\/p>\n<p>&nbsp;<\/p>\n<p>Por el camino, nos encontramos con una de las dos fuentes que hay y es que, parece ser que el origen etimol\u00f3gico del nombre del pueblo ser\u00eda &#8220;fuente atechada, con techo, cubierta&#8221;, Fonteta.<\/p>\n<p>&nbsp;<\/p>\n<p><a href=\"https:\/\/static-blogs.elcomercio.es\/wp-content\/uploads\/sites\/13\/2020\/11\/IMG_7099.jpg\"><img loading=\"lazy\" class=\"alignnone size-full wp-image-6821\" src=\"https:\/\/static-blogs.elcomercio.es\/wp-content\/uploads\/sites\/13\/2020\/11\/IMG_7099.jpg\" alt=\"\" width=\"604\" height=\"404\" srcset=\"https:\/\/static-blogs.elcomercio.es\/wp-content\/uploads\/sites\/13\/2020\/11\/IMG_7099.jpg 604w, https:\/\/static-blogs.elcomercio.es\/wp-content\/uploads\/sites\/13\/2020\/11\/IMG_7099-300x201.jpg 300w\" sizes=\"(max-width: 604px) 100vw, 604px\" \/><\/a><\/p>\n<p>&nbsp;<\/p>\n<p>El sol se oculta y reaparece a su libre albedr\u00edo pero el calor sigue haciendo hace acto de presencia as\u00ed que Pepe, su mujer Ana y su hija Sara, nos invitaron a calmar la sed despu\u00e9s del fruct\u00edfero paseo. Aunque son de Avil\u00e9s, viven en Cand\u00e1s y nos cuentan que han encontrado en este peque\u00f1o rinc\u00f3n del para\u00edso asturiano el lugar perfecto para desconectar de la urbe. Bajo su h\u00f3rreo conversamos, intercambiamos risas y opiniones, pero sobre todo, disfrutamos el momento.<\/p>\n<p>&nbsp;<\/p>\n<p><a href=\"https:\/\/static-blogs.elcomercio.es\/wp-content\/uploads\/sites\/13\/2020\/11\/IMG_7115.jpg\"><img loading=\"lazy\" class=\"alignnone size-full wp-image-6824\" src=\"https:\/\/static-blogs.elcomercio.es\/wp-content\/uploads\/sites\/13\/2020\/11\/IMG_7115.jpg\" alt=\"\" width=\"604\" height=\"404\" srcset=\"https:\/\/static-blogs.elcomercio.es\/wp-content\/uploads\/sites\/13\/2020\/11\/IMG_7115.jpg 604w, https:\/\/static-blogs.elcomercio.es\/wp-content\/uploads\/sites\/13\/2020\/11\/IMG_7115-300x201.jpg 300w\" sizes=\"(max-width: 604px) 100vw, 604px\" \/><\/a><\/p>\n<p>&nbsp;<\/p>\n<p>Toca irse y lo hago con un peque\u00f1o regalo por parte de Ana y su familia, la miel de brezo, recolectada en los montes de El Valledor\u00a0 y que podr\u00e9is adquirir en el siguiente n\u00famero de tel\u00e9fono: 630925250.<\/p>\n<p>&nbsp;<\/p>\n<p><a href=\"https:\/\/static-blogs.elcomercio.es\/wp-content\/uploads\/sites\/13\/2020\/11\/IMG20201031130721.jpg\"><img loading=\"lazy\" class=\"alignnone size-full wp-image-6832\" src=\"https:\/\/static-blogs.elcomercio.es\/wp-content\/uploads\/sites\/13\/2020\/11\/IMG20201031130721.jpg\" alt=\"\" width=\"604\" height=\"454\" srcset=\"https:\/\/static-blogs.elcomercio.es\/wp-content\/uploads\/sites\/13\/2020\/11\/IMG20201031130721.jpg 604w, https:\/\/static-blogs.elcomercio.es\/wp-content\/uploads\/sites\/13\/2020\/11\/IMG20201031130721-300x225.jpg 300w\" sizes=\"(max-width: 604px) 100vw, 604px\" \/><\/a><\/p>\n<p>&nbsp;<\/p>\n<p>En este pueblo que parece sacado de un cuento en el que la piedra y la pizarra son protagonistas, Ana, Lidia, Charo, Fermina, Pepe y su familia me han regalado lo m\u00e1s preciado que tenemos: su tiempo y es que aqu\u00ed, transcurre a otro ritmo. As\u00ed que os invito a que no solo pas\u00e9is sino que par\u00e9is a conocerles la pr\u00f3xima vez que decid\u00e1is pasar por Fonteta porque estoy convencida de que os enamorar\u00e1.<\/p>\n<p>Lugar recomendado para vuestra estancia: <a href=\"http:\/\/apartamentoselvalledor.com\/\" target=\"_blank\" rel=\"noopener external nofollow\">Apartamentos Rurales El Valledor<\/a>.<\/p>\n<p>&nbsp;<\/p>\n<!-- AddThis Advanced Settings generic via filter on the_content --><!-- AddThis Share Buttons generic via filter on the_content -->","protected":false},"excerpt":{"rendered":"<p>Si hubiera un rinc\u00f3n del para\u00edso asturiano al que me encantar\u00eda poder extender los brazos y estrecharlo entre ellos ser\u00eda, sin lugar a dudas, el destino de nuestra ruta de hoy. Un peque\u00f1o y escondido recoveco del impresionante concejo de Allande inmerso en un remanso de paz y tranquilidad tan caracter\u00edsticos en esta zona de [&hellip;]<!-- AddThis Advanced Settings generic via filter on get_the_excerpt --><!-- AddThis Share Buttons generic via filter on get_the_excerpt --><\/p>\n","protected":false},"author":14,"featured_media":6833,"comment_status":"open","ping_status":"closed","sticky":false,"template":"","format":"standard","meta":[],"categories":[89],"tags":[1268,1269,1270,431,1266,755,916,1267],"_links":{"self":[{"href":"https:\/\/blogs.elcomercio.es\/explorando-paraiso-moto\/wp-json\/wp\/v2\/posts\/6835"}],"collection":[{"href":"https:\/\/blogs.elcomercio.es\/explorando-paraiso-moto\/wp-json\/wp\/v2\/posts"}],"about":[{"href":"https:\/\/blogs.elcomercio.es\/explorando-paraiso-moto\/wp-json\/wp\/v2\/types\/post"}],"author":[{"embeddable":true,"href":"https:\/\/blogs.elcomercio.es\/explorando-paraiso-moto\/wp-json\/wp\/v2\/users\/14"}],"replies":[{"embeddable":true,"href":"https:\/\/blogs.elcomercio.es\/explorando-paraiso-moto\/wp-json\/wp\/v2\/comments?post=6835"}],"version-history":[{"count":18,"href":"https:\/\/blogs.elcomercio.es\/explorando-paraiso-moto\/wp-json\/wp\/v2\/posts\/6835\/revisions"}],"predecessor-version":[{"id":6856,"href":"https:\/\/blogs.elcomercio.es\/explorando-paraiso-moto\/wp-json\/wp\/v2\/posts\/6835\/revisions\/6856"}],"wp:featuredmedia":[{"embeddable":true,"href":"https:\/\/blogs.elcomercio.es\/explorando-paraiso-moto\/wp-json\/wp\/v2\/media\/6833"}],"wp:attachment":[{"href":"https:\/\/blogs.elcomercio.es\/explorando-paraiso-moto\/wp-json\/wp\/v2\/media?parent=6835"}],"wp:term":[{"taxonomy":"category","embeddable":true,"href":"https:\/\/blogs.elcomercio.es\/explorando-paraiso-moto\/wp-json\/wp\/v2\/categories?post=6835"},{"taxonomy":"post_tag","embeddable":true,"href":"https:\/\/blogs.elcomercio.es\/explorando-paraiso-moto\/wp-json\/wp\/v2\/tags?post=6835"}],"curies":[{"name":"wp","href":"https:\/\/api.w.org\/{rel}","templated":true}]}}