{"id":6884,"date":"2020-11-19T14:15:01","date_gmt":"2020-11-19T13:15:01","guid":{"rendered":"https:\/\/blogs.elcomercio.es\/explorando-paraiso-moto\/?p=6884"},"modified":"2020-11-19T14:25:28","modified_gmt":"2020-11-19T13:25:28","slug":"rincones-magicos-de-asturias-el-hayedo-de-la-biescona","status":"publish","type":"post","link":"https:\/\/blogs.elcomercio.es\/explorando-paraiso-moto\/2020\/11\/19\/rincones-magicos-de-asturias-el-hayedo-de-la-biescona\/","title":{"rendered":"Rincones m\u00e1gicos de Asturias: el Hayedo de la Biescona"},"content":{"rendered":"<p>Ubicado en la espectacular Sierra del Sueve, este lugar que parece sacado de un cuento de hadas ser\u00e1 el protagonista de nuestra ruta de hoy. Derivado etimol\u00f3gicamente de &#8220;viesca&#8221;, lugar o bosque frondoso poblado de \u00e1rboles, arbustos y otras plantas, se encuentra a tan solo unos 4 kil\u00f3metros del mar Cant\u00e1brico pero, lo que realmente le hace especial es que est\u00e1 considerado como el hayedo que se encuentra a m\u00e1s baja altitud de la Pen\u00ednsula y probablemente de toda Europa lo cual le confiere un oto\u00f1o tard\u00edo y, mientras que otros de sus compa\u00f1eros ya han visto c\u00f3mo han ca\u00eddo sus hojas aqu\u00ed, podremos seguir disfrutando de su belleza durante m\u00e1s tiempo la cual, sin duda nos dejar\u00e1 boquiabiertos.<\/p>\n<p>&nbsp;<\/p>\n<p><a href=\"https:\/\/static-blogs.elcomercio.es\/wp-content\/uploads\/sites\/13\/2020\/11\/IMG20201024142818.jpg\"><img loading=\"lazy\" class=\"alignnone size-full wp-image-6876\" src=\"https:\/\/static-blogs.elcomercio.es\/wp-content\/uploads\/sites\/13\/2020\/11\/IMG20201024142818.jpg\" alt=\"\" width=\"604\" height=\"454\" srcset=\"https:\/\/static-blogs.elcomercio.es\/wp-content\/uploads\/sites\/13\/2020\/11\/IMG20201024142818.jpg 604w, https:\/\/static-blogs.elcomercio.es\/wp-content\/uploads\/sites\/13\/2020\/11\/IMG20201024142818-300x225.jpg 300w\" sizes=\"(max-width: 604px) 100vw, 604px\" \/><\/a><\/p>\n<p>&nbsp;<\/p>\n<p><!--more-->Era el \u00faltimo fin de semana de octubre y, precisamente esa noche, nuestros relojes retrasar\u00edan una hora sus agujas con lo cual dispondr\u00edamos de menos horas de luz diurna y con ello nuestras rutas moteras tendr\u00edan que adecuarse y ajustar recorridos y tiempos. En fin, era la ocasi\u00f3n perfecta para ir a conocer este lugar repleto de magia.<\/p>\n<p>&nbsp;<\/p>\n<p><a href=\"https:\/\/static-blogs.elcomercio.es\/wp-content\/uploads\/sites\/13\/2020\/11\/IMG20201024143243-01.jpeg\"><img loading=\"lazy\" class=\"alignnone size-full wp-image-6878\" src=\"https:\/\/static-blogs.elcomercio.es\/wp-content\/uploads\/sites\/13\/2020\/11\/IMG20201024143243-01.jpeg\" alt=\"\" width=\"379\" height=\"504\" srcset=\"https:\/\/static-blogs.elcomercio.es\/wp-content\/uploads\/sites\/13\/2020\/11\/IMG20201024143243-01.jpeg 379w, https:\/\/static-blogs.elcomercio.es\/wp-content\/uploads\/sites\/13\/2020\/11\/IMG20201024143243-01-226x300.jpeg 226w\" sizes=\"(max-width: 379px) 100vw, 379px\" \/><\/a><\/p>\n<p>&nbsp;<\/p>\n<p>Eran las 12:00 horas cuando mi compa\u00f1ero de ruta de ese d\u00eda, Carlos apareci\u00f3 junto a una gasolinera pr\u00f3xima a Pola de Siero. Descendimos La Campa y por la N-632, rodamos hasta Colunga donde, a la salida, la AS-260, tan conocida por llevarnos hasta el mirador de El Fitu, en uno de sus desv\u00edos, concretamente en Pie de Potro, ser\u00e1 el lugar en el que estacionemos nuestras monturas.<\/p>\n<p>&nbsp;<\/p>\n<p><a href=\"https:\/\/static-blogs.elcomercio.es\/wp-content\/uploads\/sites\/13\/2020\/11\/IMG_20201024_213450.jpg\"><img loading=\"lazy\" class=\"alignnone size-full wp-image-6868\" src=\"https:\/\/static-blogs.elcomercio.es\/wp-content\/uploads\/sites\/13\/2020\/11\/IMG_20201024_213450.jpg\" alt=\"\" width=\"604\" height=\"454\" srcset=\"https:\/\/static-blogs.elcomercio.es\/wp-content\/uploads\/sites\/13\/2020\/11\/IMG_20201024_213450.jpg 604w, https:\/\/static-blogs.elcomercio.es\/wp-content\/uploads\/sites\/13\/2020\/11\/IMG_20201024_213450-300x225.jpg 300w\" sizes=\"(max-width: 604px) 100vw, 604px\" \/><\/a><\/p>\n<p>&nbsp;<\/p>\n<p>Por el camino, nos rodeamos del paisaje asturiano que en esta \u00e9poca luce unos verdes envidiables.<\/p>\n<p>&nbsp;<\/p>\n<p><a href=\"https:\/\/static-blogs.elcomercio.es\/wp-content\/uploads\/sites\/13\/2020\/11\/IMG20201024132206.jpg\"><img loading=\"lazy\" class=\"alignnone size-full wp-image-6872\" src=\"https:\/\/static-blogs.elcomercio.es\/wp-content\/uploads\/sites\/13\/2020\/11\/IMG20201024132206.jpg\" alt=\"\" width=\"604\" height=\"454\" srcset=\"https:\/\/static-blogs.elcomercio.es\/wp-content\/uploads\/sites\/13\/2020\/11\/IMG20201024132206.jpg 604w, https:\/\/static-blogs.elcomercio.es\/wp-content\/uploads\/sites\/13\/2020\/11\/IMG20201024132206-300x225.jpg 300w\" sizes=\"(max-width: 604px) 100vw, 604px\" \/><\/a><\/p>\n<p>&nbsp;<\/p>\n<p>Alguna perezosa que no se inmut\u00f3 al vernos.<\/p>\n<p>&nbsp;<\/p>\n<p><a href=\"https:\/\/static-blogs.elcomercio.es\/wp-content\/uploads\/sites\/13\/2020\/11\/IMG_6853.jpg\"><img loading=\"lazy\" class=\"alignnone size-full wp-image-6863\" src=\"https:\/\/static-blogs.elcomercio.es\/wp-content\/uploads\/sites\/13\/2020\/11\/IMG_6853.jpg\" alt=\"\" width=\"604\" height=\"404\" srcset=\"https:\/\/static-blogs.elcomercio.es\/wp-content\/uploads\/sites\/13\/2020\/11\/IMG_6853.jpg 604w, https:\/\/static-blogs.elcomercio.es\/wp-content\/uploads\/sites\/13\/2020\/11\/IMG_6853-300x201.jpg 300w\" sizes=\"(max-width: 604px) 100vw, 604px\" \/><\/a><\/p>\n<p>&nbsp;<\/p>\n<p><a href=\"https:\/\/static-blogs.elcomercio.es\/wp-content\/uploads\/sites\/13\/2020\/11\/IMG_6852.jpg\"><img loading=\"lazy\" class=\"alignnone size-full wp-image-6862\" src=\"https:\/\/static-blogs.elcomercio.es\/wp-content\/uploads\/sites\/13\/2020\/11\/IMG_6852.jpg\" alt=\"\" width=\"604\" height=\"404\" srcset=\"https:\/\/static-blogs.elcomercio.es\/wp-content\/uploads\/sites\/13\/2020\/11\/IMG_6852.jpg 604w, https:\/\/static-blogs.elcomercio.es\/wp-content\/uploads\/sites\/13\/2020\/11\/IMG_6852-300x201.jpg 300w\" sizes=\"(max-width: 604px) 100vw, 604px\" \/><\/a><\/p>\n<p>&nbsp;<\/p>\n<p>Poco a poco, comenzaba a adivinarse lo que nos esperaba pocos metros m\u00e1s all\u00e1.<\/p>\n<p>&nbsp;<\/p>\n<p><a href=\"https:\/\/static-blogs.elcomercio.es\/wp-content\/uploads\/sites\/13\/2020\/11\/IMG20201024134108.jpg\"><img loading=\"lazy\" class=\"alignnone size-full wp-image-6873\" src=\"https:\/\/static-blogs.elcomercio.es\/wp-content\/uploads\/sites\/13\/2020\/11\/IMG20201024134108.jpg\" alt=\"\" width=\"604\" height=\"454\" srcset=\"https:\/\/static-blogs.elcomercio.es\/wp-content\/uploads\/sites\/13\/2020\/11\/IMG20201024134108.jpg 604w, https:\/\/static-blogs.elcomercio.es\/wp-content\/uploads\/sites\/13\/2020\/11\/IMG20201024134108-300x225.jpg 300w\" sizes=\"(max-width: 604px) 100vw, 604px\" \/><\/a><\/p>\n<p>&nbsp;<\/p>\n<p>Los \u00e1rboles nos abrazaban oscureciendo el paisaje.<\/p>\n<p>&nbsp;<\/p>\n<p><a href=\"https:\/\/static-blogs.elcomercio.es\/wp-content\/uploads\/sites\/13\/2020\/11\/IMG20201024134933.jpg\"><img loading=\"lazy\" class=\"alignnone size-full wp-image-6874\" src=\"https:\/\/static-blogs.elcomercio.es\/wp-content\/uploads\/sites\/13\/2020\/11\/IMG20201024134933.jpg\" alt=\"\" width=\"604\" height=\"454\" srcset=\"https:\/\/static-blogs.elcomercio.es\/wp-content\/uploads\/sites\/13\/2020\/11\/IMG20201024134933.jpg 604w, https:\/\/static-blogs.elcomercio.es\/wp-content\/uploads\/sites\/13\/2020\/11\/IMG20201024134933-300x225.jpg 300w\" sizes=\"(max-width: 604px) 100vw, 604px\" \/><\/a><\/p>\n<p>&nbsp;<\/p>\n<p>&nbsp;<\/p>\n<p>Mi c\u00e1mara no paraba de fotografiar los innumerables rincones de los que nos rode\u00e1bamos.<\/p>\n<p>&nbsp;<\/p>\n<p><a href=\"https:\/\/static-blogs.elcomercio.es\/wp-content\/uploads\/sites\/13\/2020\/11\/IMG-20201024-WA0071-02.jpeg\"><img loading=\"lazy\" class=\"alignnone size-full wp-image-6869\" src=\"https:\/\/static-blogs.elcomercio.es\/wp-content\/uploads\/sites\/13\/2020\/11\/IMG-20201024-WA0071-02.jpeg\" alt=\"\" width=\"379\" height=\"504\" srcset=\"https:\/\/static-blogs.elcomercio.es\/wp-content\/uploads\/sites\/13\/2020\/11\/IMG-20201024-WA0071-02.jpeg 379w, https:\/\/static-blogs.elcomercio.es\/wp-content\/uploads\/sites\/13\/2020\/11\/IMG-20201024-WA0071-02-226x300.jpeg 226w\" sizes=\"(max-width: 379px) 100vw, 379px\" \/><\/a><\/p>\n<p>&nbsp;<\/p>\n<p>Y nuestro comedor ese d\u00eda fue de lujo.<\/p>\n<p>&nbsp;<\/p>\n<p><a href=\"https:\/\/static-blogs.elcomercio.es\/wp-content\/uploads\/sites\/13\/2020\/11\/IMG20201024135623.jpg\"><img loading=\"lazy\" class=\"alignnone size-full wp-image-6875\" src=\"https:\/\/static-blogs.elcomercio.es\/wp-content\/uploads\/sites\/13\/2020\/11\/IMG20201024135623.jpg\" alt=\"\" width=\"379\" height=\"504\" srcset=\"https:\/\/static-blogs.elcomercio.es\/wp-content\/uploads\/sites\/13\/2020\/11\/IMG20201024135623.jpg 379w, https:\/\/static-blogs.elcomercio.es\/wp-content\/uploads\/sites\/13\/2020\/11\/IMG20201024135623-226x300.jpg 226w\" sizes=\"(max-width: 379px) 100vw, 379px\" \/><\/a><\/p>\n<p>&nbsp;<\/p>\n<p>Pero la de Carlos tampoco.<\/p>\n<p>&nbsp;<\/p>\n<p><a href=\"https:\/\/static-blogs.elcomercio.es\/wp-content\/uploads\/sites\/13\/2020\/11\/IMG20201024143228.jpg\"><img loading=\"lazy\" class=\"alignnone size-full wp-image-6877\" src=\"https:\/\/static-blogs.elcomercio.es\/wp-content\/uploads\/sites\/13\/2020\/11\/IMG20201024143228.jpg\" alt=\"\" width=\"604\" height=\"454\" srcset=\"https:\/\/static-blogs.elcomercio.es\/wp-content\/uploads\/sites\/13\/2020\/11\/IMG20201024143228.jpg 604w, https:\/\/static-blogs.elcomercio.es\/wp-content\/uploads\/sites\/13\/2020\/11\/IMG20201024143228-300x225.jpg 300w\" sizes=\"(max-width: 604px) 100vw, 604px\" \/><\/a><\/p>\n<p>&nbsp;<\/p>\n<p><a href=\"https:\/\/static-blogs.elcomercio.es\/wp-content\/uploads\/sites\/13\/2020\/11\/IMG-20201024-WA0082-01-02.jpeg\"><img loading=\"lazy\" class=\"alignnone size-full wp-image-6870\" src=\"https:\/\/static-blogs.elcomercio.es\/wp-content\/uploads\/sites\/13\/2020\/11\/IMG-20201024-WA0082-01-02.jpeg\" alt=\"\" width=\"454\" height=\"604\" srcset=\"https:\/\/static-blogs.elcomercio.es\/wp-content\/uploads\/sites\/13\/2020\/11\/IMG-20201024-WA0082-01-02.jpeg 454w, https:\/\/static-blogs.elcomercio.es\/wp-content\/uploads\/sites\/13\/2020\/11\/IMG-20201024-WA0082-01-02-225x300.jpeg 225w\" sizes=\"(max-width: 454px) 100vw, 454px\" \/><\/a><\/p>\n<p>&nbsp;<\/p>\n<p>Sin mirar el reloj disfrutamos de ese lugar m\u00e1gico hasta que decidimos irnos para continuar nuestra ruta. Poco antes de coronar El Fitu, nos desviamos hacia un aparcamiento que hay a mano derecha y que suele estar bastante menos masificado. Desde all\u00ed, Asturias se abr\u00eda ante nuestros ojos. Nos relajamos, nos sentamos y, simplemente, disfrutamos del espect\u00e1culo visual que ten\u00edamos ante nuestros ojos.<\/p>\n<p>&nbsp;<\/p>\n<p><a href=\"https:\/\/static-blogs.elcomercio.es\/wp-content\/uploads\/sites\/13\/2020\/11\/IMG_6932.jpg\"><img loading=\"lazy\" class=\"alignnone size-full wp-image-6867\" src=\"https:\/\/static-blogs.elcomercio.es\/wp-content\/uploads\/sites\/13\/2020\/11\/IMG_6932.jpg\" alt=\"\" width=\"604\" height=\"404\" srcset=\"https:\/\/static-blogs.elcomercio.es\/wp-content\/uploads\/sites\/13\/2020\/11\/IMG_6932.jpg 604w, https:\/\/static-blogs.elcomercio.es\/wp-content\/uploads\/sites\/13\/2020\/11\/IMG_6932-300x201.jpg 300w\" sizes=\"(max-width: 604px) 100vw, 604px\" \/><\/a><\/p>\n<p>&nbsp;<\/p>\n<p><a href=\"https:\/\/static-blogs.elcomercio.es\/wp-content\/uploads\/sites\/13\/2020\/11\/IMG_6881.jpg\"><img loading=\"lazy\" class=\"alignnone size-full wp-image-6865\" src=\"https:\/\/static-blogs.elcomercio.es\/wp-content\/uploads\/sites\/13\/2020\/11\/IMG_6881.jpg\" alt=\"\" width=\"604\" height=\"404\" srcset=\"https:\/\/static-blogs.elcomercio.es\/wp-content\/uploads\/sites\/13\/2020\/11\/IMG_6881.jpg 604w, https:\/\/static-blogs.elcomercio.es\/wp-content\/uploads\/sites\/13\/2020\/11\/IMG_6881-300x201.jpg 300w\" sizes=\"(max-width: 604px) 100vw, 604px\" \/><\/a><\/p>\n<p>&nbsp;<\/p>\n<p><a href=\"https:\/\/static-blogs.elcomercio.es\/wp-content\/uploads\/sites\/13\/2020\/11\/IMG_6884.jpg\"><img loading=\"lazy\" class=\"alignnone size-full wp-image-6866\" src=\"https:\/\/static-blogs.elcomercio.es\/wp-content\/uploads\/sites\/13\/2020\/11\/IMG_6884.jpg\" alt=\"\" width=\"604\" height=\"404\" srcset=\"https:\/\/static-blogs.elcomercio.es\/wp-content\/uploads\/sites\/13\/2020\/11\/IMG_6884.jpg 604w, https:\/\/static-blogs.elcomercio.es\/wp-content\/uploads\/sites\/13\/2020\/11\/IMG_6884-300x201.jpg 300w\" sizes=\"(max-width: 604px) 100vw, 604px\" \/><\/a><\/p>\n<p>&nbsp;<\/p>\n<p>Hacia el otro lado.<\/p>\n<p>&nbsp;<\/p>\n<p><a href=\"https:\/\/static-blogs.elcomercio.es\/wp-content\/uploads\/sites\/13\/2020\/11\/IMG20201024160423.jpg\"><img loading=\"lazy\" class=\"alignnone size-full wp-image-6880\" src=\"https:\/\/static-blogs.elcomercio.es\/wp-content\/uploads\/sites\/13\/2020\/11\/IMG20201024160423.jpg\" alt=\"\" width=\"604\" height=\"454\" srcset=\"https:\/\/static-blogs.elcomercio.es\/wp-content\/uploads\/sites\/13\/2020\/11\/IMG20201024160423.jpg 604w, https:\/\/static-blogs.elcomercio.es\/wp-content\/uploads\/sites\/13\/2020\/11\/IMG20201024160423-300x225.jpg 300w\" sizes=\"(max-width: 604px) 100vw, 604px\" \/><\/a><\/p>\n<p>&nbsp;<\/p>\n<p><a href=\"https:\/\/static-blogs.elcomercio.es\/wp-content\/uploads\/sites\/13\/2020\/11\/IMG20201024160505.jpg\"><img loading=\"lazy\" class=\"alignnone size-full wp-image-6881\" src=\"https:\/\/static-blogs.elcomercio.es\/wp-content\/uploads\/sites\/13\/2020\/11\/IMG20201024160505.jpg\" alt=\"\" width=\"604\" height=\"454\" srcset=\"https:\/\/static-blogs.elcomercio.es\/wp-content\/uploads\/sites\/13\/2020\/11\/IMG20201024160505.jpg 604w, https:\/\/static-blogs.elcomercio.es\/wp-content\/uploads\/sites\/13\/2020\/11\/IMG20201024160505-300x225.jpg 300w\" sizes=\"(max-width: 604px) 100vw, 604px\" \/><\/a><\/p>\n<p>&nbsp;<\/p>\n<p>Para terminar el d\u00eda disfrutando de la puesta de sol en la playa de San Antol\u00edn.<\/p>\n<p>&nbsp;<\/p>\n<p><a href=\"https:\/\/static-blogs.elcomercio.es\/wp-content\/uploads\/sites\/13\/2020\/11\/IMG20201024184851.jpg\"><img loading=\"lazy\" class=\"alignnone size-full wp-image-6883\" src=\"https:\/\/static-blogs.elcomercio.es\/wp-content\/uploads\/sites\/13\/2020\/11\/IMG20201024184851.jpg\" alt=\"\" width=\"604\" height=\"454\" srcset=\"https:\/\/static-blogs.elcomercio.es\/wp-content\/uploads\/sites\/13\/2020\/11\/IMG20201024184851.jpg 604w, https:\/\/static-blogs.elcomercio.es\/wp-content\/uploads\/sites\/13\/2020\/11\/IMG20201024184851-300x225.jpg 300w\" sizes=\"(max-width: 604px) 100vw, 604px\" \/><\/a><\/p>\n<p>&nbsp;<\/p>\n<p><a href=\"https:\/\/static-blogs.elcomercio.es\/wp-content\/uploads\/sites\/13\/2020\/11\/IMG20201024184534.jpg\"><img loading=\"lazy\" class=\"alignnone size-full wp-image-6882\" src=\"https:\/\/static-blogs.elcomercio.es\/wp-content\/uploads\/sites\/13\/2020\/11\/IMG20201024184534.jpg\" alt=\"\" width=\"604\" height=\"454\" srcset=\"https:\/\/static-blogs.elcomercio.es\/wp-content\/uploads\/sites\/13\/2020\/11\/IMG20201024184534.jpg 604w, https:\/\/static-blogs.elcomercio.es\/wp-content\/uploads\/sites\/13\/2020\/11\/IMG20201024184534-300x225.jpg 300w\" sizes=\"(max-width: 604px) 100vw, 604px\" \/><\/a><\/p>\n<p>&nbsp;<\/p>\n<p>Mar y monta\u00f1a van de la mano en Asturias y qu\u00e9 afortunados somos por poder disfrutarlos teni\u00e9ndolos tan a mano. Otra nueva ruta, otro nuevo lugar, para dar a conocer, poquito a poquito, esta &#8220;tierrina&#8221; en la que vivimos.\u00a1 Nos vemos en la pr\u00f3xima!.<\/p>\n<!-- AddThis Advanced Settings generic via filter on the_content --><!-- AddThis Share Buttons generic via filter on the_content -->","protected":false},"excerpt":{"rendered":"<p>Ubicado en la espectacular Sierra del Sueve, este lugar que parece sacado de un cuento de hadas ser\u00e1 el protagonista de nuestra ruta de hoy. Derivado etimol\u00f3gicamente de &#8220;viesca&#8221;, lugar o bosque frondoso poblado de \u00e1rboles, arbustos y otras plantas, se encuentra a tan solo unos 4 kil\u00f3metros del mar Cant\u00e1brico pero, lo que realmente [&hellip;]<!-- AddThis Advanced Settings generic via filter on get_the_excerpt --><!-- AddThis Share Buttons generic via filter on get_the_excerpt --><\/p>\n","protected":false},"author":14,"featured_media":6871,"comment_status":"open","ping_status":"closed","sticky":false,"template":"","format":"standard","meta":[],"categories":[2],"tags":[430,481,612,638,691,1272,916],"_links":{"self":[{"href":"https:\/\/blogs.elcomercio.es\/explorando-paraiso-moto\/wp-json\/wp\/v2\/posts\/6884"}],"collection":[{"href":"https:\/\/blogs.elcomercio.es\/explorando-paraiso-moto\/wp-json\/wp\/v2\/posts"}],"about":[{"href":"https:\/\/blogs.elcomercio.es\/explorando-paraiso-moto\/wp-json\/wp\/v2\/types\/post"}],"author":[{"embeddable":true,"href":"https:\/\/blogs.elcomercio.es\/explorando-paraiso-moto\/wp-json\/wp\/v2\/users\/14"}],"replies":[{"embeddable":true,"href":"https:\/\/blogs.elcomercio.es\/explorando-paraiso-moto\/wp-json\/wp\/v2\/comments?post=6884"}],"version-history":[{"count":9,"href":"https:\/\/blogs.elcomercio.es\/explorando-paraiso-moto\/wp-json\/wp\/v2\/posts\/6884\/revisions"}],"predecessor-version":[{"id":6893,"href":"https:\/\/blogs.elcomercio.es\/explorando-paraiso-moto\/wp-json\/wp\/v2\/posts\/6884\/revisions\/6893"}],"wp:featuredmedia":[{"embeddable":true,"href":"https:\/\/blogs.elcomercio.es\/explorando-paraiso-moto\/wp-json\/wp\/v2\/media\/6871"}],"wp:attachment":[{"href":"https:\/\/blogs.elcomercio.es\/explorando-paraiso-moto\/wp-json\/wp\/v2\/media?parent=6884"}],"wp:term":[{"taxonomy":"category","embeddable":true,"href":"https:\/\/blogs.elcomercio.es\/explorando-paraiso-moto\/wp-json\/wp\/v2\/categories?post=6884"},{"taxonomy":"post_tag","embeddable":true,"href":"https:\/\/blogs.elcomercio.es\/explorando-paraiso-moto\/wp-json\/wp\/v2\/tags?post=6884"}],"curies":[{"name":"wp","href":"https:\/\/api.w.org\/{rel}","templated":true}]}}