{"id":6977,"date":"2020-12-10T16:30:05","date_gmt":"2020-12-10T15:30:05","guid":{"rendered":"https:\/\/blogs.elcomercio.es\/explorando-paraiso-moto\/?p=6977"},"modified":"2020-12-10T16:30:05","modified_gmt":"2020-12-10T15:30:05","slug":"san-salvador-del-valledor","status":"publish","type":"post","link":"https:\/\/blogs.elcomercio.es\/explorando-paraiso-moto\/2020\/12\/10\/san-salvador-del-valledor\/","title":{"rendered":"San Salvador del Valledor"},"content":{"rendered":"<p>\u00bfY qu\u00e9 tal si esta semana nos alejamos del resto del mundo para sumergirnos en los parajes m\u00e1gicos del concejo de Allande?. Escucharemos el silencio de esta desconocida zona asturiana para adentrarnos en los rincones de un pueblo que a\u00fan mantiene costumbres ancestrales. Pasearemos por sus calles descubriendo nuevos recovecos y nos asomaremos a esta ventana al para\u00edso natural para dar a conocer un lugar que parece sacado de un cuento. La pizarra de los tejados\u00a0 de sus cuidadas viviendas y el verde de los prados, un color dif\u00edcil de imitar, ser\u00e1n protagonistas en esta ocasi\u00f3n de un relato que trata de dar a conocer otro trocito de nuestra Asturias. Nos vamos hasta San Salvador del Valledor, como no pod\u00eda ser de otra forma, sobre mi &#8220;<em>Trailera<\/em>&#8220;.<\/p>\n<p>Partiendo del m\u00edtico puerto del Pozo de las Mujeres Muertas, a unos 10 kil\u00f3metros por la AS-34, nos encontramos este peque\u00f1o tesoro de la &#8220;tierrina&#8221;. Despu\u00e9s de mi visita a Fonteta, realizada con una gu\u00eda de lujo, Ana D\u00edaz Blanco que, con exquisita atenci\u00f3n me ense\u00f1\u00f3 el pueblo que le vio crecer y, recomendada precisamente por ella, me dirig\u00ed hasta San Salvador para descubrir este remanso de paz en medio de un valle con mucha historia, el Valledor, formado por dos valles unidos siendo cada uno de ellos una parroquia: por un lado la de San Mart\u00edn del Valledor, que nace en el puerto del Palo y por la cual discurre el rio del Oro y, por otro lado, esta de San Salvador que parte del Pozo de las Mujeres Muertas y es transitada por el rio Valledor. Ubicado a 490 metros de altitud y siendo capital de la parroquia con el mismo nombre, San Salvador engloba los pueblos de Barras,Bustarel,Collada,Fonteta,Trabaces, Villala\u00edn y Villanueva. Toca bajarse de la moto para explorarlo con calma.<\/p>\n<p>&nbsp;<\/p>\n<p><a href=\"https:\/\/static-blogs.elcomercio.es\/wp-content\/uploads\/sites\/13\/2020\/11\/IMG_7158.jpg\"><img loading=\"lazy\" class=\"alignnone size-full wp-image-6963\" src=\"https:\/\/static-blogs.elcomercio.es\/wp-content\/uploads\/sites\/13\/2020\/11\/IMG_7158.jpg\" alt=\"\" width=\"604\" height=\"404\" srcset=\"https:\/\/static-blogs.elcomercio.es\/wp-content\/uploads\/sites\/13\/2020\/11\/IMG_7158.jpg 604w, https:\/\/static-blogs.elcomercio.es\/wp-content\/uploads\/sites\/13\/2020\/11\/IMG_7158-300x201.jpg 300w\" sizes=\"(max-width: 604px) 100vw, 604px\" \/><\/a><\/p>\n<p>&nbsp;<\/p>\n<p>No pod\u00eda tener mejor entrada al pueblo.<\/p>\n<p>&nbsp;<\/p>\n<p><a href=\"https:\/\/static-blogs.elcomercio.es\/wp-content\/uploads\/sites\/13\/2020\/11\/IMG_7150.jpg\"><img loading=\"lazy\" class=\"alignnone size-full wp-image-6959\" src=\"https:\/\/static-blogs.elcomercio.es\/wp-content\/uploads\/sites\/13\/2020\/11\/IMG_7150.jpg\" alt=\"\" width=\"604\" height=\"404\" srcset=\"https:\/\/static-blogs.elcomercio.es\/wp-content\/uploads\/sites\/13\/2020\/11\/IMG_7150.jpg 604w, https:\/\/static-blogs.elcomercio.es\/wp-content\/uploads\/sites\/13\/2020\/11\/IMG_7150-300x201.jpg 300w\" sizes=\"(max-width: 604px) 100vw, 604px\" \/><\/a><\/p>\n<p>&nbsp;<\/p>\n<p>Ni mejor recibimiento. Esos a los que ya estoy tan acostumbrada.<\/p>\n<p>&nbsp;<\/p>\n<p><a href=\"https:\/\/static-blogs.elcomercio.es\/wp-content\/uploads\/sites\/13\/2020\/11\/IMG_7144.jpg\"><img loading=\"lazy\" class=\"alignnone size-full wp-image-6957\" src=\"https:\/\/static-blogs.elcomercio.es\/wp-content\/uploads\/sites\/13\/2020\/11\/IMG_7144.jpg\" alt=\"\" width=\"644\" height=\"431\" srcset=\"https:\/\/static-blogs.elcomercio.es\/wp-content\/uploads\/sites\/13\/2020\/11\/IMG_7144.jpg 644w, https:\/\/static-blogs.elcomercio.es\/wp-content\/uploads\/sites\/13\/2020\/11\/IMG_7144-300x201.jpg 300w\" sizes=\"(max-width: 644px) 100vw, 644px\" \/><\/a><\/p>\n<p>&nbsp;<\/p>\n<p><a href=\"https:\/\/static-blogs.elcomercio.es\/wp-content\/uploads\/sites\/13\/2020\/11\/IMG_7141.jpg\"><img loading=\"lazy\" class=\"alignnone size-full wp-image-6955\" src=\"https:\/\/static-blogs.elcomercio.es\/wp-content\/uploads\/sites\/13\/2020\/11\/IMG_7141.jpg\" alt=\"\" width=\"604\" height=\"404\" srcset=\"https:\/\/static-blogs.elcomercio.es\/wp-content\/uploads\/sites\/13\/2020\/11\/IMG_7141.jpg 604w, https:\/\/static-blogs.elcomercio.es\/wp-content\/uploads\/sites\/13\/2020\/11\/IMG_7141-300x201.jpg 300w\" sizes=\"(max-width: 604px) 100vw, 604px\" \/><\/a><\/p>\n<p>&nbsp;<\/p>\n<p><a href=\"https:\/\/static-blogs.elcomercio.es\/wp-content\/uploads\/sites\/13\/2020\/11\/IMG_7163.jpg\"><img loading=\"lazy\" class=\"alignnone size-full wp-image-6965\" src=\"https:\/\/static-blogs.elcomercio.es\/wp-content\/uploads\/sites\/13\/2020\/11\/IMG_7163.jpg\" alt=\"\" width=\"604\" height=\"404\" srcset=\"https:\/\/static-blogs.elcomercio.es\/wp-content\/uploads\/sites\/13\/2020\/11\/IMG_7163.jpg 604w, https:\/\/static-blogs.elcomercio.es\/wp-content\/uploads\/sites\/13\/2020\/11\/IMG_7163-300x201.jpg 300w\" sizes=\"(max-width: 604px) 100vw, 604px\" \/><\/a><\/p>\n<p>&nbsp;<\/p>\n<p>Rincones llenos de color..<\/p>\n<p>&nbsp;<\/p>\n<p><a href=\"https:\/\/static-blogs.elcomercio.es\/wp-content\/uploads\/sites\/13\/2020\/11\/IMG_7149.jpg\"><img loading=\"lazy\" class=\"alignnone size-full wp-image-6958\" src=\"https:\/\/static-blogs.elcomercio.es\/wp-content\/uploads\/sites\/13\/2020\/11\/IMG_7149.jpg\" alt=\"\" width=\"604\" height=\"404\" srcset=\"https:\/\/static-blogs.elcomercio.es\/wp-content\/uploads\/sites\/13\/2020\/11\/IMG_7149.jpg 604w, https:\/\/static-blogs.elcomercio.es\/wp-content\/uploads\/sites\/13\/2020\/11\/IMG_7149-300x201.jpg 300w\" sizes=\"(max-width: 604px) 100vw, 604px\" \/><\/a><\/p>\n<p>&nbsp;<\/p>\n<p><a href=\"https:\/\/static-blogs.elcomercio.es\/wp-content\/uploads\/sites\/13\/2020\/11\/IMG_7140.jpg\"><img loading=\"lazy\" class=\"alignnone size-full wp-image-6954\" src=\"https:\/\/static-blogs.elcomercio.es\/wp-content\/uploads\/sites\/13\/2020\/11\/IMG_7140.jpg\" alt=\"\" width=\"604\" height=\"404\" srcset=\"https:\/\/static-blogs.elcomercio.es\/wp-content\/uploads\/sites\/13\/2020\/11\/IMG_7140.jpg 604w, https:\/\/static-blogs.elcomercio.es\/wp-content\/uploads\/sites\/13\/2020\/11\/IMG_7140-300x201.jpg 300w\" sizes=\"(max-width: 604px) 100vw, 604px\" \/><\/a><\/p>\n<p>&nbsp;<\/p>\n<p>Cabe destacar la presencia de h\u00f3rreos y paneras en esta zona en muy buen estado.<\/p>\n<p>&nbsp;<\/p>\n<p><a href=\"https:\/\/static-blogs.elcomercio.es\/wp-content\/uploads\/sites\/13\/2020\/11\/IMG_7142.jpg\"><img loading=\"lazy\" class=\"alignnone size-full wp-image-6956\" src=\"https:\/\/static-blogs.elcomercio.es\/wp-content\/uploads\/sites\/13\/2020\/11\/IMG_7142.jpg\" alt=\"\" width=\"604\" height=\"404\" srcset=\"https:\/\/static-blogs.elcomercio.es\/wp-content\/uploads\/sites\/13\/2020\/11\/IMG_7142.jpg 604w, https:\/\/static-blogs.elcomercio.es\/wp-content\/uploads\/sites\/13\/2020\/11\/IMG_7142-300x201.jpg 300w\" sizes=\"(max-width: 604px) 100vw, 604px\" \/><\/a><\/p>\n<p>&nbsp;<\/p>\n<p><a href=\"https:\/\/static-blogs.elcomercio.es\/wp-content\/uploads\/sites\/13\/2020\/11\/IMG_7136.jpg\"><img loading=\"lazy\" class=\"alignnone size-full wp-image-6953\" src=\"https:\/\/static-blogs.elcomercio.es\/wp-content\/uploads\/sites\/13\/2020\/11\/IMG_7136.jpg\" alt=\"\" width=\"604\" height=\"404\" srcset=\"https:\/\/static-blogs.elcomercio.es\/wp-content\/uploads\/sites\/13\/2020\/11\/IMG_7136.jpg 604w, https:\/\/static-blogs.elcomercio.es\/wp-content\/uploads\/sites\/13\/2020\/11\/IMG_7136-300x201.jpg 300w\" sizes=\"(max-width: 604px) 100vw, 604px\" \/><\/a><\/p>\n<p>&nbsp;<\/p>\n<p>Extendido por este concejo, el de Cangas del Narcea y Tineo, el estilo decorativo &#8220;<a href=\"https:\/\/asturgeografic.blogspot.com\/2012\/11\/estilo-allande.html\" target=\"_blank\" rel=\"noopener external nofollow\">allande<\/a>&#8221; se caracteriza porque los motivos tallados representan un gran c\u00edrculo en el que se representan figuras geom\u00e9tricas: rosetas, tetrasqueles, radiales,..utilizando para ello b\u00e1sicamente la escuadra y el comp\u00e1s.<\/p>\n<p>&nbsp;<\/p>\n<p><a href=\"https:\/\/static-blogs.elcomercio.es\/wp-content\/uploads\/sites\/13\/2020\/11\/IMG_7175.jpg\"><img loading=\"lazy\" class=\"alignnone size-full wp-image-6972\" src=\"https:\/\/static-blogs.elcomercio.es\/wp-content\/uploads\/sites\/13\/2020\/11\/IMG_7175.jpg\" alt=\"\" width=\"604\" height=\"404\" srcset=\"https:\/\/static-blogs.elcomercio.es\/wp-content\/uploads\/sites\/13\/2020\/11\/IMG_7175.jpg 604w, https:\/\/static-blogs.elcomercio.es\/wp-content\/uploads\/sites\/13\/2020\/11\/IMG_7175-300x201.jpg 300w\" sizes=\"(max-width: 604px) 100vw, 604px\" \/><\/a><\/p>\n<p>&nbsp;<\/p>\n<p>La puerta est\u00e1 abierta. Sigamos explorando San Salvador.<\/p>\n<p>&nbsp;<\/p>\n<p><a href=\"https:\/\/static-blogs.elcomercio.es\/wp-content\/uploads\/sites\/13\/2020\/11\/IMG_7173.jpg\"><img loading=\"lazy\" class=\"alignnone size-full wp-image-6970\" src=\"https:\/\/static-blogs.elcomercio.es\/wp-content\/uploads\/sites\/13\/2020\/11\/IMG_7173.jpg\" alt=\"\" width=\"604\" height=\"404\" srcset=\"https:\/\/static-blogs.elcomercio.es\/wp-content\/uploads\/sites\/13\/2020\/11\/IMG_7173.jpg 604w, https:\/\/static-blogs.elcomercio.es\/wp-content\/uploads\/sites\/13\/2020\/11\/IMG_7173-300x201.jpg 300w\" sizes=\"(max-width: 604px) 100vw, 604px\" \/><\/a><\/p>\n<p>&nbsp;<\/p>\n<p>La plaza hoy est\u00e1 vac\u00eda.<\/p>\n<p>&nbsp;<\/p>\n<p><a href=\"https:\/\/static-blogs.elcomercio.es\/wp-content\/uploads\/sites\/13\/2020\/11\/IMG_7186.jpg\"><img loading=\"lazy\" class=\"alignnone size-full wp-image-6974\" src=\"https:\/\/static-blogs.elcomercio.es\/wp-content\/uploads\/sites\/13\/2020\/11\/IMG_7186.jpg\" alt=\"\" width=\"604\" height=\"404\" srcset=\"https:\/\/static-blogs.elcomercio.es\/wp-content\/uploads\/sites\/13\/2020\/11\/IMG_7186.jpg 604w, https:\/\/static-blogs.elcomercio.es\/wp-content\/uploads\/sites\/13\/2020\/11\/IMG_7186-300x201.jpg 300w\" sizes=\"(max-width: 604px) 100vw, 604px\" \/><\/a><\/p>\n<p>&nbsp;<\/p>\n<p>Pero os aseguro que yo s\u00ed estaba.<\/p>\n<p>&nbsp;<\/p>\n<p><a href=\"https:\/\/static-blogs.elcomercio.es\/wp-content\/uploads\/sites\/13\/2020\/11\/IMG_7153.jpg\"><img loading=\"lazy\" class=\"alignnone size-full wp-image-6960\" src=\"https:\/\/static-blogs.elcomercio.es\/wp-content\/uploads\/sites\/13\/2020\/11\/IMG_7153.jpg\" alt=\"\" width=\"604\" height=\"404\" srcset=\"https:\/\/static-blogs.elcomercio.es\/wp-content\/uploads\/sites\/13\/2020\/11\/IMG_7153.jpg 604w, https:\/\/static-blogs.elcomercio.es\/wp-content\/uploads\/sites\/13\/2020\/11\/IMG_7153-300x201.jpg 300w\" sizes=\"(max-width: 604px) 100vw, 604px\" \/><\/a><\/p>\n<p>&nbsp;<\/p>\n<p>A mis espaldas, pude comprobar c\u00f3mo todo el pueblo es en s\u00ed mismo un aut\u00e9ntico mirador. Y si no, juzguen ustedes mismos porque yo no sab\u00eda d\u00f3nde mirar.<\/p>\n<p>&nbsp;<\/p>\n<p><a href=\"https:\/\/static-blogs.elcomercio.es\/wp-content\/uploads\/sites\/13\/2020\/11\/IMG_7169.jpg\"><img loading=\"lazy\" class=\"alignnone size-full wp-image-6968\" src=\"https:\/\/static-blogs.elcomercio.es\/wp-content\/uploads\/sites\/13\/2020\/11\/IMG_7169.jpg\" alt=\"\" width=\"604\" height=\"404\" srcset=\"https:\/\/static-blogs.elcomercio.es\/wp-content\/uploads\/sites\/13\/2020\/11\/IMG_7169.jpg 604w, https:\/\/static-blogs.elcomercio.es\/wp-content\/uploads\/sites\/13\/2020\/11\/IMG_7169-300x201.jpg 300w\" sizes=\"(max-width: 604px) 100vw, 604px\" \/><\/a><\/p>\n<p>&nbsp;<\/p>\n<p><a href=\"https:\/\/static-blogs.elcomercio.es\/wp-content\/uploads\/sites\/13\/2020\/11\/IMG_7192.jpg\"><img loading=\"lazy\" class=\"alignnone size-full wp-image-6975\" src=\"https:\/\/static-blogs.elcomercio.es\/wp-content\/uploads\/sites\/13\/2020\/11\/IMG_7192.jpg\" alt=\"\" width=\"604\" height=\"404\" srcset=\"https:\/\/static-blogs.elcomercio.es\/wp-content\/uploads\/sites\/13\/2020\/11\/IMG_7192.jpg 604w, https:\/\/static-blogs.elcomercio.es\/wp-content\/uploads\/sites\/13\/2020\/11\/IMG_7192-300x201.jpg 300w\" sizes=\"(max-width: 604px) 100vw, 604px\" \/><\/a><\/p>\n<p>&nbsp;<\/p>\n<p><a href=\"https:\/\/static-blogs.elcomercio.es\/wp-content\/uploads\/sites\/13\/2020\/11\/IMG_7131.jpg\"><img loading=\"lazy\" class=\"alignnone size-full wp-image-6952\" src=\"https:\/\/static-blogs.elcomercio.es\/wp-content\/uploads\/sites\/13\/2020\/11\/IMG_7131.jpg\" alt=\"\" width=\"604\" height=\"404\" srcset=\"https:\/\/static-blogs.elcomercio.es\/wp-content\/uploads\/sites\/13\/2020\/11\/IMG_7131.jpg 604w, https:\/\/static-blogs.elcomercio.es\/wp-content\/uploads\/sites\/13\/2020\/11\/IMG_7131-300x201.jpg 300w\" sizes=\"(max-width: 604px) 100vw, 604px\" \/><\/a><\/p>\n<p>&nbsp;<\/p>\n<p>Debe ser habitual que cada casa lleve el nombre del propietario.<\/p>\n<p>&nbsp;<\/p>\n<p><a href=\"https:\/\/static-blogs.elcomercio.es\/wp-content\/uploads\/sites\/13\/2020\/11\/IMG_7165.jpg\"><img loading=\"lazy\" class=\"alignnone size-full wp-image-6966\" src=\"https:\/\/static-blogs.elcomercio.es\/wp-content\/uploads\/sites\/13\/2020\/11\/IMG_7165.jpg\" alt=\"\" width=\"604\" height=\"404\" srcset=\"https:\/\/static-blogs.elcomercio.es\/wp-content\/uploads\/sites\/13\/2020\/11\/IMG_7165.jpg 604w, https:\/\/static-blogs.elcomercio.es\/wp-content\/uploads\/sites\/13\/2020\/11\/IMG_7165-300x201.jpg 300w\" sizes=\"(max-width: 604px) 100vw, 604px\" \/><\/a><\/p>\n<p>&nbsp;<\/p>\n<p><a href=\"https:\/\/static-blogs.elcomercio.es\/wp-content\/uploads\/sites\/13\/2020\/11\/IMG_7167.jpg\"><img loading=\"lazy\" class=\"alignnone size-full wp-image-6967\" src=\"https:\/\/static-blogs.elcomercio.es\/wp-content\/uploads\/sites\/13\/2020\/11\/IMG_7167.jpg\" alt=\"\" width=\"604\" height=\"404\" srcset=\"https:\/\/static-blogs.elcomercio.es\/wp-content\/uploads\/sites\/13\/2020\/11\/IMG_7167.jpg 604w, https:\/\/static-blogs.elcomercio.es\/wp-content\/uploads\/sites\/13\/2020\/11\/IMG_7167-300x201.jpg 300w\" sizes=\"(max-width: 604px) 100vw, 604px\" \/><\/a><\/p>\n<p>&nbsp;<\/p>\n<p>Y, c\u00f3mo no, su iglesia, en la que ese d\u00eda se estaban realizando los oficios religiosos.<\/p>\n<p>&nbsp;<\/p>\n<p><a href=\"https:\/\/static-blogs.elcomercio.es\/wp-content\/uploads\/sites\/13\/2020\/11\/IMG_7176.jpg\"><img loading=\"lazy\" class=\"alignnone size-full wp-image-6973\" src=\"https:\/\/static-blogs.elcomercio.es\/wp-content\/uploads\/sites\/13\/2020\/11\/IMG_7176.jpg\" alt=\"\" width=\"604\" height=\"404\" srcset=\"https:\/\/static-blogs.elcomercio.es\/wp-content\/uploads\/sites\/13\/2020\/11\/IMG_7176.jpg 604w, https:\/\/static-blogs.elcomercio.es\/wp-content\/uploads\/sites\/13\/2020\/11\/IMG_7176-300x201.jpg 300w\" sizes=\"(max-width: 604px) 100vw, 604px\" \/><\/a><\/p>\n<p>&nbsp;<\/p>\n<p>Quienes me leen saben que los &#8220;detalles&#8221; , esos que a veces ni se perciben, me gusta plasmarlos en las cr\u00f3nicas. En esta ocasi\u00f3n no fue diferente.<\/p>\n<p>&nbsp;<\/p>\n<p><a href=\"https:\/\/static-blogs.elcomercio.es\/wp-content\/uploads\/sites\/13\/2020\/11\/IMG_7155.jpg\"><img loading=\"lazy\" class=\"alignnone size-full wp-image-6961\" src=\"https:\/\/static-blogs.elcomercio.es\/wp-content\/uploads\/sites\/13\/2020\/11\/IMG_7155.jpg\" alt=\"\" width=\"604\" height=\"404\" srcset=\"https:\/\/static-blogs.elcomercio.es\/wp-content\/uploads\/sites\/13\/2020\/11\/IMG_7155.jpg 604w, https:\/\/static-blogs.elcomercio.es\/wp-content\/uploads\/sites\/13\/2020\/11\/IMG_7155-300x201.jpg 300w\" sizes=\"(max-width: 604px) 100vw, 604px\" \/><\/a><\/p>\n<p>&nbsp;<\/p>\n<p><a href=\"https:\/\/static-blogs.elcomercio.es\/wp-content\/uploads\/sites\/13\/2020\/11\/IMG_7125.jpg\"><img loading=\"lazy\" class=\"alignnone size-full wp-image-6951\" src=\"https:\/\/static-blogs.elcomercio.es\/wp-content\/uploads\/sites\/13\/2020\/11\/IMG_7125.jpg\" alt=\"\" width=\"604\" height=\"404\" srcset=\"https:\/\/static-blogs.elcomercio.es\/wp-content\/uploads\/sites\/13\/2020\/11\/IMG_7125.jpg 604w, https:\/\/static-blogs.elcomercio.es\/wp-content\/uploads\/sites\/13\/2020\/11\/IMG_7125-300x201.jpg 300w\" sizes=\"(max-width: 604px) 100vw, 604px\" \/><\/a><\/p>\n<p>&nbsp;<\/p>\n<p><a href=\"https:\/\/static-blogs.elcomercio.es\/wp-content\/uploads\/sites\/13\/2020\/11\/IMG_7156.jpg\"><img loading=\"lazy\" class=\"alignnone size-full wp-image-6962\" src=\"https:\/\/static-blogs.elcomercio.es\/wp-content\/uploads\/sites\/13\/2020\/11\/IMG_7156.jpg\" alt=\"\" width=\"604\" height=\"404\" srcset=\"https:\/\/static-blogs.elcomercio.es\/wp-content\/uploads\/sites\/13\/2020\/11\/IMG_7156.jpg 604w, https:\/\/static-blogs.elcomercio.es\/wp-content\/uploads\/sites\/13\/2020\/11\/IMG_7156-300x201.jpg 300w\" sizes=\"(max-width: 604px) 100vw, 604px\" \/><\/a><\/p>\n<p>&nbsp;<\/p>\n<p>Y fue as\u00ed c\u00f3mo puse el broche de oro a una visita por el Valledor donde, despu\u00e9s de Fonteta y San Salvador, me par\u00e9 a descubrir lo que Villala\u00edn ten\u00eda que ense\u00f1arme. Pero eso, mejor lo dejamos para otra ocasi\u00f3n.<\/p>\n<!-- AddThis Advanced Settings generic via filter on the_content --><!-- AddThis Share Buttons generic via filter on the_content -->","protected":false},"excerpt":{"rendered":"<p>\u00bfY qu\u00e9 tal si esta semana nos alejamos del resto del mundo para sumergirnos en los parajes m\u00e1gicos del concejo de Allande?. Escucharemos el silencio de esta desconocida zona asturiana para adentrarnos en los rincones de un pueblo que a\u00fan mantiene costumbres ancestrales. Pasearemos por sus calles descubriendo nuevos recovecos y nos asomaremos a esta [&hellip;]<!-- AddThis Advanced Settings generic via filter on get_the_excerpt --><!-- AddThis Share Buttons generic via filter on get_the_excerpt --><\/p>\n","protected":false},"author":14,"featured_media":6976,"comment_status":"open","ping_status":"closed","sticky":false,"template":"","format":"standard","meta":[],"categories":[89],"tags":[1269,1277,430,1266,638,691,755,1276],"_links":{"self":[{"href":"https:\/\/blogs.elcomercio.es\/explorando-paraiso-moto\/wp-json\/wp\/v2\/posts\/6977"}],"collection":[{"href":"https:\/\/blogs.elcomercio.es\/explorando-paraiso-moto\/wp-json\/wp\/v2\/posts"}],"about":[{"href":"https:\/\/blogs.elcomercio.es\/explorando-paraiso-moto\/wp-json\/wp\/v2\/types\/post"}],"author":[{"embeddable":true,"href":"https:\/\/blogs.elcomercio.es\/explorando-paraiso-moto\/wp-json\/wp\/v2\/users\/14"}],"replies":[{"embeddable":true,"href":"https:\/\/blogs.elcomercio.es\/explorando-paraiso-moto\/wp-json\/wp\/v2\/comments?post=6977"}],"version-history":[{"count":3,"href":"https:\/\/blogs.elcomercio.es\/explorando-paraiso-moto\/wp-json\/wp\/v2\/posts\/6977\/revisions"}],"predecessor-version":[{"id":6980,"href":"https:\/\/blogs.elcomercio.es\/explorando-paraiso-moto\/wp-json\/wp\/v2\/posts\/6977\/revisions\/6980"}],"wp:featuredmedia":[{"embeddable":true,"href":"https:\/\/blogs.elcomercio.es\/explorando-paraiso-moto\/wp-json\/wp\/v2\/media\/6976"}],"wp:attachment":[{"href":"https:\/\/blogs.elcomercio.es\/explorando-paraiso-moto\/wp-json\/wp\/v2\/media?parent=6977"}],"wp:term":[{"taxonomy":"category","embeddable":true,"href":"https:\/\/blogs.elcomercio.es\/explorando-paraiso-moto\/wp-json\/wp\/v2\/categories?post=6977"},{"taxonomy":"post_tag","embeddable":true,"href":"https:\/\/blogs.elcomercio.es\/explorando-paraiso-moto\/wp-json\/wp\/v2\/tags?post=6977"}],"curies":[{"name":"wp","href":"https:\/\/api.w.org\/{rel}","templated":true}]}}