{"id":7025,"date":"2020-12-16T19:27:15","date_gmt":"2020-12-16T18:27:15","guid":{"rendered":"https:\/\/blogs.elcomercio.es\/explorando-paraiso-moto\/?p=7025"},"modified":"2020-12-16T19:33:38","modified_gmt":"2020-12-16T18:33:38","slug":"explorando-el-paraiso-en-moto-belen","status":"publish","type":"post","link":"https:\/\/blogs.elcomercio.es\/explorando-paraiso-moto\/2020\/12\/16\/explorando-el-paraiso-en-moto-belen\/","title":{"rendered":"Explorando el para\u00edso en moto: Bel\u00e9n"},"content":{"rendered":"<p>Poco a poco vamos diciendo adi\u00f3s a un a\u00f1o que m\u00e1s de uno quisi\u00e9ramos olvidar. Invitada por los moteros Berto y Gerardo a realizar una ruta en compa\u00f1\u00eda hasta este lugar en los pr\u00f3ximos d\u00edas y, ante la imposibilidad de poder asistir, decid\u00ed adelantar los planes\u00a0 y realizarla por mi cuenta. Si es que, al final, Bel\u00e9n, no est\u00e1 tan lejos como pudi\u00e9ramos pensar.<\/p>\n<p>Eran poco m\u00e1s de las 10:00 horas de la ma\u00f1ana cuando sal\u00eda sobre &#8220;Trailera&#8221;, mi inseparable compa\u00f1era de rutas rumbo al desconocido occidente asturiano. Temperaturas elevadas para esta \u00e9poca del a\u00f1o y cielos ennegrecidos por la oscuridad de unos nubarrones que parec\u00edan querer descargar sobre un paisaje humedecido por las lluvias de los d\u00edas previos. Desde la villa marinera de Luarca, tom\u00e9 el desv\u00edo por la AS-36 la cual, pese a que en algunos tramos, parec\u00eda envolverme en un mundo de cuento de hadas.<\/p>\n<p>&nbsp;<\/p>\n<p><a href=\"https:\/\/static-blogs.elcomercio.es\/wp-content\/uploads\/sites\/13\/2020\/12\/IMG20201213130918.jpg\"><img loading=\"lazy\" class=\"alignnone size-full wp-image-7018\" src=\"https:\/\/static-blogs.elcomercio.es\/wp-content\/uploads\/sites\/13\/2020\/12\/IMG20201213130918.jpg\" alt=\"\" width=\"600\" height=\"600\" srcset=\"https:\/\/static-blogs.elcomercio.es\/wp-content\/uploads\/sites\/13\/2020\/12\/IMG20201213130918.jpg 600w, https:\/\/static-blogs.elcomercio.es\/wp-content\/uploads\/sites\/13\/2020\/12\/IMG20201213130918-150x150.jpg 150w, https:\/\/static-blogs.elcomercio.es\/wp-content\/uploads\/sites\/13\/2020\/12\/IMG20201213130918-300x300.jpg 300w\" sizes=\"(max-width: 600px) 100vw, 600px\" \/><\/a><\/p>\n<p>&nbsp;<\/p>\n<p><a href=\"https:\/\/static-blogs.elcomercio.es\/wp-content\/uploads\/sites\/13\/2020\/12\/IMG20201213131018.jpg\"><img loading=\"lazy\" class=\"alignnone size-full wp-image-7019\" src=\"https:\/\/static-blogs.elcomercio.es\/wp-content\/uploads\/sites\/13\/2020\/12\/IMG20201213131018.jpg\" alt=\"\" width=\"604\" height=\"604\" srcset=\"https:\/\/static-blogs.elcomercio.es\/wp-content\/uploads\/sites\/13\/2020\/12\/IMG20201213131018.jpg 604w, https:\/\/static-blogs.elcomercio.es\/wp-content\/uploads\/sites\/13\/2020\/12\/IMG20201213131018-150x150.jpg 150w, https:\/\/static-blogs.elcomercio.es\/wp-content\/uploads\/sites\/13\/2020\/12\/IMG20201213131018-300x300.jpg 300w\" sizes=\"(max-width: 604px) 100vw, 604px\" \/><\/a><\/p>\n<p>&nbsp;<\/p>\n<p>En otros, se abr\u00eda totalmente a modo de un aut\u00e9ntico mirador al para\u00edso cubierto por ese verde inimitable de esta zona de la &#8220;tierrina&#8221;.<\/p>\n<p>&nbsp;<\/p>\n<p><a href=\"https:\/\/static-blogs.elcomercio.es\/wp-content\/uploads\/sites\/13\/2020\/12\/IMG_7900.jpg\"><img loading=\"lazy\" class=\"alignnone size-full wp-image-7003\" src=\"https:\/\/static-blogs.elcomercio.es\/wp-content\/uploads\/sites\/13\/2020\/12\/IMG_7900.jpg\" alt=\"\" width=\"604\" height=\"404\" srcset=\"https:\/\/static-blogs.elcomercio.es\/wp-content\/uploads\/sites\/13\/2020\/12\/IMG_7900.jpg 604w, https:\/\/static-blogs.elcomercio.es\/wp-content\/uploads\/sites\/13\/2020\/12\/IMG_7900-300x201.jpg 300w\" sizes=\"(max-width: 604px) 100vw, 604px\" \/><\/a><\/p>\n<p>&nbsp;<\/p>\n<p><a href=\"https:\/\/static-blogs.elcomercio.es\/wp-content\/uploads\/sites\/13\/2020\/12\/IMG20201213142001.jpg\"><img loading=\"lazy\" class=\"alignnone size-full wp-image-7024\" src=\"https:\/\/static-blogs.elcomercio.es\/wp-content\/uploads\/sites\/13\/2020\/12\/IMG20201213142001.jpg\" alt=\"\" width=\"604\" height=\"604\" srcset=\"https:\/\/static-blogs.elcomercio.es\/wp-content\/uploads\/sites\/13\/2020\/12\/IMG20201213142001.jpg 604w, https:\/\/static-blogs.elcomercio.es\/wp-content\/uploads\/sites\/13\/2020\/12\/IMG20201213142001-150x150.jpg 150w, https:\/\/static-blogs.elcomercio.es\/wp-content\/uploads\/sites\/13\/2020\/12\/IMG20201213142001-300x300.jpg 300w\" sizes=\"(max-width: 604px) 100vw, 604px\" \/><\/a><\/p>\n<p>&nbsp;<\/p>\n<p>Rod\u00e9 cautelosamente al encontrarme un asfalto peligroso cubierto de hojas y agua. Toda una trampa para cualquier veh\u00edculo y, mucho m\u00e1s, para las dos ruedas. El cielo segu\u00eda ofreciendo un aspecto muy fotog\u00e9nico pero, a la vez, muy incierto. No sab\u00eda cu\u00e1nto tiempo aguantar\u00eda sin llover pero, de lo que estaba segura, es que ni la lluvia lograr\u00eda chafar aqu\u00e9l domingo en el cual la \u00fanica pretensi\u00f3n era descubrir nuevos rincones del para\u00edso y, por supuesto, rodar en moto.<\/p>\n<p>&nbsp;<\/p>\n<p><a href=\"https:\/\/static-blogs.elcomercio.es\/wp-content\/uploads\/sites\/13\/2020\/12\/IMG_7910.jpg\"><img loading=\"lazy\" class=\"alignnone size-full wp-image-7004\" src=\"https:\/\/static-blogs.elcomercio.es\/wp-content\/uploads\/sites\/13\/2020\/12\/IMG_7910.jpg\" alt=\"\" width=\"604\" height=\"404\" srcset=\"https:\/\/static-blogs.elcomercio.es\/wp-content\/uploads\/sites\/13\/2020\/12\/IMG_7910.jpg 604w, https:\/\/static-blogs.elcomercio.es\/wp-content\/uploads\/sites\/13\/2020\/12\/IMG_7910-300x201.jpg 300w\" sizes=\"(max-width: 604px) 100vw, 604px\" \/><\/a><\/p>\n<p>&nbsp;<\/p>\n<p>En el kil\u00f3metro 17 de la AS- 36 se encuentra nuestro destino de esta semana. Un peque\u00f1o pueblo con nombre muy navide\u00f1o: Bel\u00e9n.<\/p>\n<p>&nbsp;<\/p>\n<p><a href=\"https:\/\/static-blogs.elcomercio.es\/wp-content\/uploads\/sites\/13\/2020\/12\/IMG_7960.jpg\"><img loading=\"lazy\" class=\"alignnone size-full wp-image-7015\" src=\"https:\/\/static-blogs.elcomercio.es\/wp-content\/uploads\/sites\/13\/2020\/12\/IMG_7960.jpg\" alt=\"\" width=\"604\" height=\"404\" srcset=\"https:\/\/static-blogs.elcomercio.es\/wp-content\/uploads\/sites\/13\/2020\/12\/IMG_7960.jpg 604w, https:\/\/static-blogs.elcomercio.es\/wp-content\/uploads\/sites\/13\/2020\/12\/IMG_7960-300x201.jpg 300w\" sizes=\"(max-width: 604px) 100vw, 604px\" \/><\/a><\/p>\n<p>&nbsp;<\/p>\n<p>Lo primero que llama la atenci\u00f3n cuando uno llega a este lugar es el entorno del que se ver\u00e1 rodeado y las impresionantes vistas de las que gozaremos durante la visita. No resulta dif\u00edcil quedarse boquiabierto ante postales como esta.<\/p>\n<p>&nbsp;<\/p>\n<p><a href=\"https:\/\/static-blogs.elcomercio.es\/wp-content\/uploads\/sites\/13\/2020\/12\/IMG_7939.jpg\"><img loading=\"lazy\" class=\"alignnone size-full wp-image-7012\" src=\"https:\/\/static-blogs.elcomercio.es\/wp-content\/uploads\/sites\/13\/2020\/12\/IMG_7939.jpg\" alt=\"\" width=\"604\" height=\"404\" srcset=\"https:\/\/static-blogs.elcomercio.es\/wp-content\/uploads\/sites\/13\/2020\/12\/IMG_7939.jpg 604w, https:\/\/static-blogs.elcomercio.es\/wp-content\/uploads\/sites\/13\/2020\/12\/IMG_7939-300x201.jpg 300w\" sizes=\"(max-width: 604px) 100vw, 604px\" \/><\/a><\/p>\n<p>&nbsp;<\/p>\n<p>En la plaza, &#8220;Trailera&#8221; aguardar\u00e1 mientras iniciamos el paseo.<\/p>\n<p>&nbsp;<\/p>\n<p><a href=\"https:\/\/static-blogs.elcomercio.es\/wp-content\/uploads\/sites\/13\/2020\/12\/IMG_7919.jpg\"><img loading=\"lazy\" class=\"alignnone size-full wp-image-7006\" src=\"https:\/\/static-blogs.elcomercio.es\/wp-content\/uploads\/sites\/13\/2020\/12\/IMG_7919.jpg\" alt=\"\" width=\"604\" height=\"404\" srcset=\"https:\/\/static-blogs.elcomercio.es\/wp-content\/uploads\/sites\/13\/2020\/12\/IMG_7919.jpg 604w, https:\/\/static-blogs.elcomercio.es\/wp-content\/uploads\/sites\/13\/2020\/12\/IMG_7919-300x201.jpg 300w\" sizes=\"(max-width: 604px) 100vw, 604px\" \/><\/a><\/p>\n<p>&nbsp;<\/p>\n<p><a href=\"https:\/\/static-blogs.elcomercio.es\/wp-content\/uploads\/sites\/13\/2020\/12\/IMG_7945.jpg\"><img loading=\"lazy\" class=\"alignnone size-full wp-image-7013\" src=\"https:\/\/static-blogs.elcomercio.es\/wp-content\/uploads\/sites\/13\/2020\/12\/IMG_7945.jpg\" alt=\"\" width=\"604\" height=\"404\" srcset=\"https:\/\/static-blogs.elcomercio.es\/wp-content\/uploads\/sites\/13\/2020\/12\/IMG_7945.jpg 604w, https:\/\/static-blogs.elcomercio.es\/wp-content\/uploads\/sites\/13\/2020\/12\/IMG_7945-300x201.jpg 300w\" sizes=\"(max-width: 604px) 100vw, 604px\" \/><\/a><\/p>\n<p>&nbsp;<\/p>\n<p>Frente a ella\u00a0 se erige su iglesia, la de San Salvador de Rionegro.<\/p>\n<p>&nbsp;<\/p>\n<p><a href=\"https:\/\/static-blogs.elcomercio.es\/wp-content\/uploads\/sites\/13\/2020\/12\/IMG_7935.jpg\"><img loading=\"lazy\" class=\"alignnone size-full wp-image-7010\" src=\"https:\/\/static-blogs.elcomercio.es\/wp-content\/uploads\/sites\/13\/2020\/12\/IMG_7935.jpg\" alt=\"\" width=\"604\" height=\"404\" srcset=\"https:\/\/static-blogs.elcomercio.es\/wp-content\/uploads\/sites\/13\/2020\/12\/IMG_7935.jpg 604w, https:\/\/static-blogs.elcomercio.es\/wp-content\/uploads\/sites\/13\/2020\/12\/IMG_7935-300x201.jpg 300w\" sizes=\"(max-width: 604px) 100vw, 604px\" \/><\/a><\/p>\n<p>&nbsp;<\/p>\n<p>Esta localidad, ubicada a 320 metros de altura, celebra sus fiestas en honor a la Virgen de Bel\u00e9n de la Monta\u00f1a en el mes de Octubre y aquellos que decid\u00e1is alojaros por la zona tendr\u00e9is aqu\u00ed mismo el <a href=\"https:\/\/www.booking.com\/hotel\/es\/albergue-belen.es.html\" target=\"_blank\" rel=\"noopener external nofollow\">Albergue Bel\u00e9n<\/a> desde el cual podr\u00e9is disfrutar de unas vistas impresionantes. Si seguimos explorando nos encontraremos detalles como \u00e9ste situado en una de las paredes del Centro de Salud.<\/p>\n<p>&nbsp;<\/p>\n<p><a href=\"https:\/\/static-blogs.elcomercio.es\/wp-content\/uploads\/sites\/13\/2020\/12\/IMG_7936.jpg\"><img loading=\"lazy\" class=\"alignnone size-full wp-image-7011\" src=\"https:\/\/static-blogs.elcomercio.es\/wp-content\/uploads\/sites\/13\/2020\/12\/IMG_7936.jpg\" alt=\"\" width=\"604\" height=\"404\" srcset=\"https:\/\/static-blogs.elcomercio.es\/wp-content\/uploads\/sites\/13\/2020\/12\/IMG_7936.jpg 604w, https:\/\/static-blogs.elcomercio.es\/wp-content\/uploads\/sites\/13\/2020\/12\/IMG_7936-300x201.jpg 300w\" sizes=\"(max-width: 604px) 100vw, 604px\" \/><\/a><\/p>\n<p>&nbsp;<\/p>\n<p>Parece que, por momentos, las nubes se disipan y dejan aflorar una nueva paleta de colores en el paisaje que me rodea.<\/p>\n<p>&nbsp;<\/p>\n<p><a href=\"https:\/\/static-blogs.elcomercio.es\/wp-content\/uploads\/sites\/13\/2020\/12\/IMG20201213140747.jpg\"><img loading=\"lazy\" class=\"alignnone size-full wp-image-7023\" src=\"https:\/\/static-blogs.elcomercio.es\/wp-content\/uploads\/sites\/13\/2020\/12\/IMG20201213140747.jpg\" alt=\"\" width=\"604\" height=\"604\" srcset=\"https:\/\/static-blogs.elcomercio.es\/wp-content\/uploads\/sites\/13\/2020\/12\/IMG20201213140747.jpg 604w, https:\/\/static-blogs.elcomercio.es\/wp-content\/uploads\/sites\/13\/2020\/12\/IMG20201213140747-150x150.jpg 150w, https:\/\/static-blogs.elcomercio.es\/wp-content\/uploads\/sites\/13\/2020\/12\/IMG20201213140747-300x300.jpg 300w\" sizes=\"(max-width: 604px) 100vw, 604px\" \/><\/a><\/p>\n<p>&nbsp;<\/p>\n<p>Aunque no tard\u00f3 mucho en oscurecer de nuevo, pude seguir paseando sin tener que resguardarme de la lluvia capturando con mi c\u00e1mara nuevas im\u00e1genes de un pueblo que me estaba sorprendiendo por sus recovecos.<\/p>\n<p>&nbsp;<\/p>\n<p><a href=\"https:\/\/static-blogs.elcomercio.es\/wp-content\/uploads\/sites\/13\/2020\/12\/IMG_7931.jpg\"><img loading=\"lazy\" class=\"alignnone size-full wp-image-7008\" src=\"https:\/\/static-blogs.elcomercio.es\/wp-content\/uploads\/sites\/13\/2020\/12\/IMG_7931.jpg\" alt=\"\" width=\"604\" height=\"404\" srcset=\"https:\/\/static-blogs.elcomercio.es\/wp-content\/uploads\/sites\/13\/2020\/12\/IMG_7931.jpg 604w, https:\/\/static-blogs.elcomercio.es\/wp-content\/uploads\/sites\/13\/2020\/12\/IMG_7931-300x201.jpg 300w\" sizes=\"(max-width: 604px) 100vw, 604px\" \/><\/a><\/p>\n<p>&nbsp;<\/p>\n<p><a href=\"https:\/\/static-blogs.elcomercio.es\/wp-content\/uploads\/sites\/13\/2020\/12\/IMG_7924.jpg\"><img loading=\"lazy\" class=\"alignnone size-full wp-image-7007\" src=\"https:\/\/static-blogs.elcomercio.es\/wp-content\/uploads\/sites\/13\/2020\/12\/IMG_7924.jpg\" alt=\"\" width=\"604\" height=\"404\" srcset=\"https:\/\/static-blogs.elcomercio.es\/wp-content\/uploads\/sites\/13\/2020\/12\/IMG_7924.jpg 604w, https:\/\/static-blogs.elcomercio.es\/wp-content\/uploads\/sites\/13\/2020\/12\/IMG_7924-300x201.jpg 300w\" sizes=\"(max-width: 604px) 100vw, 604px\" \/><\/a><\/p>\n<p>&nbsp;<\/p>\n<p><a href=\"https:\/\/static-blogs.elcomercio.es\/wp-content\/uploads\/sites\/13\/2020\/12\/IMG_7950.jpg\"><img loading=\"lazy\" class=\"alignnone size-full wp-image-7014\" src=\"https:\/\/static-blogs.elcomercio.es\/wp-content\/uploads\/sites\/13\/2020\/12\/IMG_7950.jpg\" alt=\"\" width=\"604\" height=\"404\" srcset=\"https:\/\/static-blogs.elcomercio.es\/wp-content\/uploads\/sites\/13\/2020\/12\/IMG_7950.jpg 604w, https:\/\/static-blogs.elcomercio.es\/wp-content\/uploads\/sites\/13\/2020\/12\/IMG_7950-300x201.jpg 300w\" sizes=\"(max-width: 604px) 100vw, 604px\" \/><\/a><\/p>\n<p>&nbsp;<\/p>\n<p>Miro el reloj de la iglesia ..<\/p>\n<p>&nbsp;<\/p>\n<p><a href=\"https:\/\/static-blogs.elcomercio.es\/wp-content\/uploads\/sites\/13\/2020\/12\/IMG_7965.jpg\"><img loading=\"lazy\" class=\"alignnone size-full wp-image-7017\" src=\"https:\/\/static-blogs.elcomercio.es\/wp-content\/uploads\/sites\/13\/2020\/12\/IMG_7965.jpg\" alt=\"\" width=\"604\" height=\"404\" srcset=\"https:\/\/static-blogs.elcomercio.es\/wp-content\/uploads\/sites\/13\/2020\/12\/IMG_7965.jpg 604w, https:\/\/static-blogs.elcomercio.es\/wp-content\/uploads\/sites\/13\/2020\/12\/IMG_7965-300x201.jpg 300w\" sizes=\"(max-width: 604px) 100vw, 604px\" \/><\/a><\/p>\n<p>&nbsp;<\/p>\n<p>La m\u00fasica de mi est\u00f3mago me advierte que es hora de parar un poco y, no encontr\u00e9 mejor lugar que en un banco junto a mi &#8220;Trailera&#8221;.<\/p>\n<p>&nbsp;<\/p>\n<p><a href=\"https:\/\/static-blogs.elcomercio.es\/wp-content\/uploads\/sites\/13\/2020\/12\/IMG20201213135101.jpg\"><img loading=\"lazy\" class=\"alignnone size-full wp-image-7021\" src=\"https:\/\/static-blogs.elcomercio.es\/wp-content\/uploads\/sites\/13\/2020\/12\/IMG20201213135101.jpg\" alt=\"\" width=\"604\" height=\"604\" srcset=\"https:\/\/static-blogs.elcomercio.es\/wp-content\/uploads\/sites\/13\/2020\/12\/IMG20201213135101.jpg 604w, https:\/\/static-blogs.elcomercio.es\/wp-content\/uploads\/sites\/13\/2020\/12\/IMG20201213135101-150x150.jpg 150w, https:\/\/static-blogs.elcomercio.es\/wp-content\/uploads\/sites\/13\/2020\/12\/IMG20201213135101-300x300.jpg 300w\" sizes=\"(max-width: 604px) 100vw, 604px\" \/><\/a><\/p>\n<p>&nbsp;<\/p>\n<p>Por supuesto, no falt\u00f3 un buen postre.<\/p>\n<p>&nbsp;<\/p>\n<p><a href=\"https:\/\/static-blogs.elcomercio.es\/wp-content\/uploads\/sites\/13\/2020\/12\/IMG20201213135530.jpg\"><img loading=\"lazy\" class=\"alignnone size-full wp-image-7022\" src=\"https:\/\/static-blogs.elcomercio.es\/wp-content\/uploads\/sites\/13\/2020\/12\/IMG20201213135530.jpg\" alt=\"\" width=\"604\" height=\"604\" srcset=\"https:\/\/static-blogs.elcomercio.es\/wp-content\/uploads\/sites\/13\/2020\/12\/IMG20201213135530.jpg 604w, https:\/\/static-blogs.elcomercio.es\/wp-content\/uploads\/sites\/13\/2020\/12\/IMG20201213135530-150x150.jpg 150w, https:\/\/static-blogs.elcomercio.es\/wp-content\/uploads\/sites\/13\/2020\/12\/IMG20201213135530-300x300.jpg 300w\" sizes=\"(max-width: 604px) 100vw, 604px\" \/><\/a><\/p>\n<p>&nbsp;<\/p>\n<p>Es cierto, este no ha sido un buen a\u00f1o pero suelen decir que la esperanza es lo \u00faltimo que se pierde. Sin salirme del camino, susurr\u00e9 un &#8220;Hasta luego&#8221; a Bel\u00e9n para afirmar rotundamente un &#8220;Bienvenido 2021&#8221;, en el cual, esperemos no volver a perder la sonrisa.<\/p>\n<p>&nbsp;<\/p>\n<p><a href=\"https:\/\/static-blogs.elcomercio.es\/wp-content\/uploads\/sites\/13\/2020\/12\/IMG_7963.jpg\"><img loading=\"lazy\" class=\"alignnone size-full wp-image-7016\" src=\"https:\/\/static-blogs.elcomercio.es\/wp-content\/uploads\/sites\/13\/2020\/12\/IMG_7963.jpg\" alt=\"\" width=\"604\" height=\"404\" srcset=\"https:\/\/static-blogs.elcomercio.es\/wp-content\/uploads\/sites\/13\/2020\/12\/IMG_7963.jpg 604w, https:\/\/static-blogs.elcomercio.es\/wp-content\/uploads\/sites\/13\/2020\/12\/IMG_7963-300x201.jpg 300w\" sizes=\"(max-width: 604px) 100vw, 604px\" \/><\/a><\/p>\n<p>&nbsp;<\/p>\n<p>V\u00eddeo de la ruta<\/p>\n<p><iframe loading=\"lazy\" width=\"500\" height=\"281\" src=\"https:\/\/www.youtube.com\/embed\/YLEOSnFkv0k?feature=oembed\" frameborder=\"0\" allow=\"accelerometer; autoplay; clipboard-write; encrypted-media; gyroscope; picture-in-picture\" allowfullscreen><\/iframe><\/p>\n<!-- AddThis Advanced Settings generic via filter on the_content --><!-- AddThis Share Buttons generic via filter on the_content -->","protected":false},"excerpt":{"rendered":"<p>Poco a poco vamos diciendo adi\u00f3s a un a\u00f1o que m\u00e1s de uno quisi\u00e9ramos olvidar. Invitada por los moteros Berto y Gerardo a realizar una ruta en compa\u00f1\u00eda hasta este lugar en los pr\u00f3ximos d\u00edas y, ante la imposibilidad de poder asistir, decid\u00ed adelantar los planes\u00a0 y realizarla por mi cuenta. Si es que, al [&hellip;]<!-- AddThis Advanced Settings generic via filter on get_the_excerpt --><!-- AddThis Share Buttons generic via filter on get_the_excerpt --><\/p>\n","protected":false},"author":14,"featured_media":7020,"comment_status":"open","ping_status":"closed","sticky":false,"template":"","format":"standard","meta":[],"categories":[83],"tags":[1282,1279,1278,431,1280,916,1281],"_links":{"self":[{"href":"https:\/\/blogs.elcomercio.es\/explorando-paraiso-moto\/wp-json\/wp\/v2\/posts\/7025"}],"collection":[{"href":"https:\/\/blogs.elcomercio.es\/explorando-paraiso-moto\/wp-json\/wp\/v2\/posts"}],"about":[{"href":"https:\/\/blogs.elcomercio.es\/explorando-paraiso-moto\/wp-json\/wp\/v2\/types\/post"}],"author":[{"embeddable":true,"href":"https:\/\/blogs.elcomercio.es\/explorando-paraiso-moto\/wp-json\/wp\/v2\/users\/14"}],"replies":[{"embeddable":true,"href":"https:\/\/blogs.elcomercio.es\/explorando-paraiso-moto\/wp-json\/wp\/v2\/comments?post=7025"}],"version-history":[{"count":6,"href":"https:\/\/blogs.elcomercio.es\/explorando-paraiso-moto\/wp-json\/wp\/v2\/posts\/7025\/revisions"}],"predecessor-version":[{"id":7031,"href":"https:\/\/blogs.elcomercio.es\/explorando-paraiso-moto\/wp-json\/wp\/v2\/posts\/7025\/revisions\/7031"}],"wp:featuredmedia":[{"embeddable":true,"href":"https:\/\/blogs.elcomercio.es\/explorando-paraiso-moto\/wp-json\/wp\/v2\/media\/7020"}],"wp:attachment":[{"href":"https:\/\/blogs.elcomercio.es\/explorando-paraiso-moto\/wp-json\/wp\/v2\/media?parent=7025"}],"wp:term":[{"taxonomy":"category","embeddable":true,"href":"https:\/\/blogs.elcomercio.es\/explorando-paraiso-moto\/wp-json\/wp\/v2\/categories?post=7025"},{"taxonomy":"post_tag","embeddable":true,"href":"https:\/\/blogs.elcomercio.es\/explorando-paraiso-moto\/wp-json\/wp\/v2\/tags?post=7025"}],"curies":[{"name":"wp","href":"https:\/\/api.w.org\/{rel}","templated":true}]}}