{"id":7047,"date":"2021-01-03T17:13:45","date_gmt":"2021-01-03T16:13:45","guid":{"rendered":"https:\/\/blogs.elcomercio.es\/explorando-paraiso-moto\/?p=7047"},"modified":"2021-01-03T17:13:46","modified_gmt":"2021-01-03T16:13:46","slug":"el-mirador-senda-mina-la-esperanza","status":"publish","type":"post","link":"https:\/\/blogs.elcomercio.es\/explorando-paraiso-moto\/2021\/01\/03\/el-mirador-senda-mina-la-esperanza\/","title":{"rendered":"El mirador Senda Mina La Esperanza"},"content":{"rendered":"<p>Diciembre se va terminando y pocos d\u00edas cuesta encontrar en los que el agua no haga acto de presencia con lo cual aprovechar cualquier momento para salir a rodar en moto siempre es algo m\u00e1s que apetecible. Un destino que encontr\u00e9 al azar en Google Maps el d\u00eda que sub\u00ed hasta el <a href=\"https:\/\/blogs.elcomercio.es\/explorando-paraiso-moto\/2020\/11\/25\/el-poblado-minero-de-rioseco\/\" target=\"_blank\" rel=\"noopener\">mirador sobre el poblado minero de Rioseco<\/a> ser\u00e1 el destino de este relato en el cual nos acercaremos hasta un rinconcito del impresionante concejo de Riosa. Nos impregnaremos de la belleza de la Sierra del Aramo, del verde de sus prados, del silencio y tranquilidad que emana de los pueblos que le rodean, en fin, de nuestra Asturias. Descubramos el mirador Senda Mina de la Esperanza y disfrutemos de todo lo que tiene que ofrecernos.<\/p>\n<p>&nbsp;<\/p>\n<p><a href=\"https:\/\/static-blogs.elcomercio.es\/wp-content\/uploads\/sites\/13\/2020\/12\/IMG_20201219_193134.jpg\"><img loading=\"lazy\" class=\"alignnone size-full wp-image-7048\" src=\"https:\/\/static-blogs.elcomercio.es\/wp-content\/uploads\/sites\/13\/2020\/12\/IMG_20201219_193134.jpg\" alt=\"\" width=\"600\" height=\"600\" srcset=\"https:\/\/static-blogs.elcomercio.es\/wp-content\/uploads\/sites\/13\/2020\/12\/IMG_20201219_193134.jpg 600w, https:\/\/static-blogs.elcomercio.es\/wp-content\/uploads\/sites\/13\/2020\/12\/IMG_20201219_193134-150x150.jpg 150w, https:\/\/static-blogs.elcomercio.es\/wp-content\/uploads\/sites\/13\/2020\/12\/IMG_20201219_193134-300x300.jpg 300w\" sizes=\"(max-width: 600px) 100vw, 600px\" \/><\/a><\/p>\n<p>&nbsp;<\/p>\n<p>Hasta all\u00ed llegaremos m\u00e1s c\u00f3modamente desde el pueblo de Villameri al cual accederemos desde el desv\u00edo que tomaremos desde la AS-231 en el pueblo de La Vega. La carretera, para mi gusto, estaba en bastante mejor estado de lo que pensaba encontr\u00e1rmela puesto que, las \u00faltimas veces que rod\u00e9 por carreteras de este estilo sol\u00edan estar muy h\u00famedas y repletas de hojas ca\u00eddas con el consiguiente peligro que ello implica.<\/p>\n<p>&nbsp;<\/p>\n<p><a href=\"https:\/\/static-blogs.elcomercio.es\/wp-content\/uploads\/sites\/13\/2020\/12\/IMG_20201218_22365796.jpg\"><img loading=\"lazy\" class=\"alignnone size-full wp-image-7039\" src=\"https:\/\/static-blogs.elcomercio.es\/wp-content\/uploads\/sites\/13\/2020\/12\/IMG_20201218_22365796.jpg\" alt=\"\" width=\"604\" height=\"342\" srcset=\"https:\/\/static-blogs.elcomercio.es\/wp-content\/uploads\/sites\/13\/2020\/12\/IMG_20201218_22365796.jpg 604w, https:\/\/static-blogs.elcomercio.es\/wp-content\/uploads\/sites\/13\/2020\/12\/IMG_20201218_22365796-300x170.jpg 300w\" sizes=\"(max-width: 604px) 100vw, 604px\" \/><\/a><\/p>\n<p>&nbsp;<\/p>\n<p><a href=\"https:\/\/static-blogs.elcomercio.es\/wp-content\/uploads\/sites\/13\/2020\/12\/IMG_20201219_09131066.jpg\"><img loading=\"lazy\" class=\"alignnone size-full wp-image-7040\" src=\"https:\/\/static-blogs.elcomercio.es\/wp-content\/uploads\/sites\/13\/2020\/12\/IMG_20201219_09131066.jpg\" alt=\"\" width=\"604\" height=\"342\" srcset=\"https:\/\/static-blogs.elcomercio.es\/wp-content\/uploads\/sites\/13\/2020\/12\/IMG_20201219_09131066.jpg 604w, https:\/\/static-blogs.elcomercio.es\/wp-content\/uploads\/sites\/13\/2020\/12\/IMG_20201219_09131066-300x170.jpg 300w\" sizes=\"(max-width: 604px) 100vw, 604px\" \/><\/a><\/p>\n<p>&nbsp;<\/p>\n<p>La RI-1 ser\u00e1 la que nos acerque hasta el pueblo de Villameri y, ubicado a 465 metros de altitud y, en pleno ascenso, podremos ir ya vislumbrando, un trocito de lo que m\u00e1s arriba nos encontraremos.<\/p>\n<p>&nbsp;<\/p>\n<p><a href=\"https:\/\/static-blogs.elcomercio.es\/wp-content\/uploads\/sites\/13\/2020\/12\/IMG20201218150815.jpg\"><img loading=\"lazy\" class=\"alignnone size-full wp-image-7042\" src=\"https:\/\/static-blogs.elcomercio.es\/wp-content\/uploads\/sites\/13\/2020\/12\/IMG20201218150815.jpg\" alt=\"\" width=\"604\" height=\"604\" srcset=\"https:\/\/static-blogs.elcomercio.es\/wp-content\/uploads\/sites\/13\/2020\/12\/IMG20201218150815.jpg 604w, https:\/\/static-blogs.elcomercio.es\/wp-content\/uploads\/sites\/13\/2020\/12\/IMG20201218150815-150x150.jpg 150w, https:\/\/static-blogs.elcomercio.es\/wp-content\/uploads\/sites\/13\/2020\/12\/IMG20201218150815-300x300.jpg 300w\" sizes=\"(max-width: 604px) 100vw, 604px\" \/><\/a><\/p>\n<p>&nbsp;<\/p>\n<p><a href=\"https:\/\/static-blogs.elcomercio.es\/wp-content\/uploads\/sites\/13\/2020\/12\/IMG20201218151044.jpg\"><img loading=\"lazy\" class=\"alignnone size-full wp-image-7043\" src=\"https:\/\/static-blogs.elcomercio.es\/wp-content\/uploads\/sites\/13\/2020\/12\/IMG20201218151044.jpg\" alt=\"\" width=\"604\" height=\"604\" srcset=\"https:\/\/static-blogs.elcomercio.es\/wp-content\/uploads\/sites\/13\/2020\/12\/IMG20201218151044.jpg 604w, https:\/\/static-blogs.elcomercio.es\/wp-content\/uploads\/sites\/13\/2020\/12\/IMG20201218151044-150x150.jpg 150w, https:\/\/static-blogs.elcomercio.es\/wp-content\/uploads\/sites\/13\/2020\/12\/IMG20201218151044-300x300.jpg 300w\" sizes=\"(max-width: 604px) 100vw, 604px\" \/><\/a><\/p>\n<p>&nbsp;<\/p>\n<p>Las cumbres, con poca nieve en su regazo, se alzan majestuosas ante los ojos de cualquiera que desee disfrutar de su intacta belleza. Y, la paleta de colores, aumenta su cromatismo llegando a l\u00edmites insospechados, casi irreales.<\/p>\n<p>&nbsp;<\/p>\n<p><a href=\"https:\/\/static-blogs.elcomercio.es\/wp-content\/uploads\/sites\/13\/2020\/12\/IMG_8014-01_1.png\"><img loading=\"lazy\" class=\"alignnone size-full wp-image-7055\" src=\"https:\/\/static-blogs.elcomercio.es\/wp-content\/uploads\/sites\/13\/2020\/12\/IMG_8014-01_1.png\" alt=\"\" width=\"604\" height=\"404\" srcset=\"https:\/\/static-blogs.elcomercio.es\/wp-content\/uploads\/sites\/13\/2020\/12\/IMG_8014-01_1.png 604w, https:\/\/static-blogs.elcomercio.es\/wp-content\/uploads\/sites\/13\/2020\/12\/IMG_8014-01_1-300x201.png 300w\" sizes=\"(max-width: 604px) 100vw, 604px\" \/><\/a><\/p>\n<p>&nbsp;<\/p>\n<p>Se respira libertad<\/p>\n<p>&nbsp;<\/p>\n<p><a href=\"https:\/\/static-blogs.elcomercio.es\/wp-content\/uploads\/sites\/13\/2020\/12\/IMG_8006.jpg\"><img loading=\"lazy\" class=\"alignnone size-full wp-image-7052\" src=\"https:\/\/static-blogs.elcomercio.es\/wp-content\/uploads\/sites\/13\/2020\/12\/IMG_8006.jpg\" alt=\"\" width=\"604\" height=\"404\" srcset=\"https:\/\/static-blogs.elcomercio.es\/wp-content\/uploads\/sites\/13\/2020\/12\/IMG_8006.jpg 604w, https:\/\/static-blogs.elcomercio.es\/wp-content\/uploads\/sites\/13\/2020\/12\/IMG_8006-300x201.jpg 300w\" sizes=\"(max-width: 604px) 100vw, 604px\" \/><\/a><\/p>\n<p>&nbsp;<\/p>\n<p><a href=\"https:\/\/static-blogs.elcomercio.es\/wp-content\/uploads\/sites\/13\/2020\/12\/IMG_8062-1.jpg\"><img loading=\"lazy\" class=\"alignnone size-full wp-image-7065\" src=\"https:\/\/static-blogs.elcomercio.es\/wp-content\/uploads\/sites\/13\/2020\/12\/IMG_8062-1.jpg\" alt=\"\" width=\"604\" height=\"404\" srcset=\"https:\/\/static-blogs.elcomercio.es\/wp-content\/uploads\/sites\/13\/2020\/12\/IMG_8062-1.jpg 604w, https:\/\/static-blogs.elcomercio.es\/wp-content\/uploads\/sites\/13\/2020\/12\/IMG_8062-1-300x201.jpg 300w\" sizes=\"(max-width: 604px) 100vw, 604px\" \/><\/a><\/p>\n<p>&nbsp;<\/p>\n<p>Aunque a alguno le haya tocado quedarse en casina.<\/p>\n<p>&nbsp;<\/p>\n<p><a href=\"https:\/\/static-blogs.elcomercio.es\/wp-content\/uploads\/sites\/13\/2020\/12\/IMG_7995.jpg\"><img loading=\"lazy\" class=\"alignnone size-full wp-image-7050\" src=\"https:\/\/static-blogs.elcomercio.es\/wp-content\/uploads\/sites\/13\/2020\/12\/IMG_7995.jpg\" alt=\"\" width=\"604\" height=\"404\" srcset=\"https:\/\/static-blogs.elcomercio.es\/wp-content\/uploads\/sites\/13\/2020\/12\/IMG_7995.jpg 604w, https:\/\/static-blogs.elcomercio.es\/wp-content\/uploads\/sites\/13\/2020\/12\/IMG_7995-300x201.jpg 300w\" sizes=\"(max-width: 604px) 100vw, 604px\" \/><\/a><\/p>\n<p>&nbsp;<\/p>\n<p>Estacion\u00e9 a &#8220;Trailera&#8221; al final del pueblo que es donde se inicia el\u00a0 paseo por un peque\u00f1o tramo de la PR.AS-106 y que nos llevar\u00e1 hasta el mirador siguiendo el recorrido de un antiguo tren minero que pasaba por all\u00ed. Para aquellos que se animen a un recorrido m\u00e1s extenso les recomiendo el blog &#8220;<a href=\"http:\/\/pelescaleyes.blogspot.com\/2011\/11\/ruta-de-la-mina-esperanza.html\" target=\"_blank\" rel=\"noopener external nofollow\">Caleyando con Cienfuegos<\/a>&#8221; donde podr\u00e1n encontrar esta ruta ampliada y otras muchas por el para\u00edso.<\/p>\n<p>&nbsp;<\/p>\n<p><a href=\"https:\/\/static-blogs.elcomercio.es\/wp-content\/uploads\/sites\/13\/2020\/12\/IMG_20201218_184922_1.png\"><img loading=\"lazy\" class=\"alignnone size-full wp-image-7076\" src=\"https:\/\/static-blogs.elcomercio.es\/wp-content\/uploads\/sites\/13\/2020\/12\/IMG_20201218_184922_1.png\" alt=\"\" width=\"566\" height=\"604\" srcset=\"https:\/\/static-blogs.elcomercio.es\/wp-content\/uploads\/sites\/13\/2020\/12\/IMG_20201218_184922_1.png 566w, https:\/\/static-blogs.elcomercio.es\/wp-content\/uploads\/sites\/13\/2020\/12\/IMG_20201218_184922_1-281x300.png 281w\" sizes=\"(max-width: 566px) 100vw, 566px\" \/><\/a><\/p>\n<p>&nbsp;<\/p>\n<p>Lo cierto es que no me cuesta nada bajarme de la moto para caminar un poco y poder llegar a lugares como el de hoy. La recompensa es realmente agradable. Comenzamos y toca remangarse un poco. \u00a1No hay problema!.<\/p>\n<p>&nbsp;<\/p>\n<p><a href=\"https:\/\/static-blogs.elcomercio.es\/wp-content\/uploads\/sites\/13\/2020\/12\/IMG20201218153819.jpg\"><img loading=\"lazy\" class=\"alignnone size-full wp-image-7044\" src=\"https:\/\/static-blogs.elcomercio.es\/wp-content\/uploads\/sites\/13\/2020\/12\/IMG20201218153819.jpg\" alt=\"\" width=\"604\" height=\"604\" srcset=\"https:\/\/static-blogs.elcomercio.es\/wp-content\/uploads\/sites\/13\/2020\/12\/IMG20201218153819.jpg 604w, https:\/\/static-blogs.elcomercio.es\/wp-content\/uploads\/sites\/13\/2020\/12\/IMG20201218153819-150x150.jpg 150w, https:\/\/static-blogs.elcomercio.es\/wp-content\/uploads\/sites\/13\/2020\/12\/IMG20201218153819-300x300.jpg 300w\" sizes=\"(max-width: 604px) 100vw, 604px\" \/><\/a><\/p>\n<p>&nbsp;<\/p>\n<p><a href=\"https:\/\/static-blogs.elcomercio.es\/wp-content\/uploads\/sites\/13\/2020\/12\/IMG20201218152053.jpg\"><img loading=\"lazy\" class=\"alignnone size-full wp-image-7077\" src=\"https:\/\/static-blogs.elcomercio.es\/wp-content\/uploads\/sites\/13\/2020\/12\/IMG20201218152053.jpg\" alt=\"\" width=\"604\" height=\"604\" srcset=\"https:\/\/static-blogs.elcomercio.es\/wp-content\/uploads\/sites\/13\/2020\/12\/IMG20201218152053.jpg 604w, https:\/\/static-blogs.elcomercio.es\/wp-content\/uploads\/sites\/13\/2020\/12\/IMG20201218152053-150x150.jpg 150w, https:\/\/static-blogs.elcomercio.es\/wp-content\/uploads\/sites\/13\/2020\/12\/IMG20201218152053-300x300.jpg 300w\" sizes=\"(max-width: 604px) 100vw, 604px\" \/><\/a><\/p>\n<p>&nbsp;<\/p>\n<p>Abajo, el pueblo de La Vega.<\/p>\n<p>&nbsp;<\/p>\n<p><a href=\"https:\/\/static-blogs.elcomercio.es\/wp-content\/uploads\/sites\/13\/2020\/12\/IMG_8009.jpg\"><img loading=\"lazy\" class=\"alignnone size-full wp-image-7053\" src=\"https:\/\/static-blogs.elcomercio.es\/wp-content\/uploads\/sites\/13\/2020\/12\/IMG_8009.jpg\" alt=\"\" width=\"604\" height=\"404\" srcset=\"https:\/\/static-blogs.elcomercio.es\/wp-content\/uploads\/sites\/13\/2020\/12\/IMG_8009.jpg 604w, https:\/\/static-blogs.elcomercio.es\/wp-content\/uploads\/sites\/13\/2020\/12\/IMG_8009-300x201.jpg 300w\" sizes=\"(max-width: 604px) 100vw, 604px\" \/><\/a><\/p>\n<p>&nbsp;<\/p>\n<p>Y el pozo minero Monsacro.<\/p>\n<p>&nbsp;<\/p>\n<p><a href=\"https:\/\/static-blogs.elcomercio.es\/wp-content\/uploads\/sites\/13\/2020\/12\/IMG_8032-1.jpg\"><img loading=\"lazy\" class=\"alignnone size-full wp-image-7061\" src=\"https:\/\/static-blogs.elcomercio.es\/wp-content\/uploads\/sites\/13\/2020\/12\/IMG_8032-1.jpg\" alt=\"\" width=\"604\" height=\"404\" srcset=\"https:\/\/static-blogs.elcomercio.es\/wp-content\/uploads\/sites\/13\/2020\/12\/IMG_8032-1.jpg 604w, https:\/\/static-blogs.elcomercio.es\/wp-content\/uploads\/sites\/13\/2020\/12\/IMG_8032-1-300x201.jpg 300w\" sizes=\"(max-width: 604px) 100vw, 604px\" \/><\/a><\/p>\n<p>&nbsp;<\/p>\n<p>Cabe mencionar que a la entrada del pueblo de Villameri nos encontraremos una peque\u00f1a ermita en honor a Santa B\u00e1rbara, patrona de los mineros. Delante de m\u00ed, un peque\u00f1o t\u00fanel de la antigua v\u00eda.<\/p>\n<p>&nbsp;<\/p>\n<p><a href=\"https:\/\/static-blogs.elcomercio.es\/wp-content\/uploads\/sites\/13\/2020\/12\/IMG_8018.jpg\"><img loading=\"lazy\" class=\"alignnone size-full wp-image-7056\" src=\"https:\/\/static-blogs.elcomercio.es\/wp-content\/uploads\/sites\/13\/2020\/12\/IMG_8018.jpg\" alt=\"\" width=\"604\" height=\"404\" srcset=\"https:\/\/static-blogs.elcomercio.es\/wp-content\/uploads\/sites\/13\/2020\/12\/IMG_8018.jpg 604w, https:\/\/static-blogs.elcomercio.es\/wp-content\/uploads\/sites\/13\/2020\/12\/IMG_8018-300x201.jpg 300w\" sizes=\"(max-width: 604px) 100vw, 604px\" \/><\/a><\/p>\n<p>&nbsp;<\/p>\n<p>Tras \u00e9l, las vistas de La Foz de Morc\u00edn custodiada por el Monsacro y Pe\u00f1a Manteca y, nuestro objetivo, ya a la vista.<\/p>\n<p>&nbsp;<\/p>\n<p><a href=\"https:\/\/static-blogs.elcomercio.es\/wp-content\/uploads\/sites\/13\/2020\/12\/IMG_8013.jpg\"><img loading=\"lazy\" class=\"alignnone size-full wp-image-7054\" src=\"https:\/\/static-blogs.elcomercio.es\/wp-content\/uploads\/sites\/13\/2020\/12\/IMG_8013.jpg\" alt=\"\" width=\"604\" height=\"404\" srcset=\"https:\/\/static-blogs.elcomercio.es\/wp-content\/uploads\/sites\/13\/2020\/12\/IMG_8013.jpg 604w, https:\/\/static-blogs.elcomercio.es\/wp-content\/uploads\/sites\/13\/2020\/12\/IMG_8013-300x201.jpg 300w\" sizes=\"(max-width: 604px) 100vw, 604px\" \/><\/a><\/p>\n<p>&nbsp;<\/p>\n<p><a href=\"https:\/\/static-blogs.elcomercio.es\/wp-content\/uploads\/sites\/13\/2020\/12\/IMG_8027.jpg\"><img loading=\"lazy\" class=\"alignnone size-full wp-image-7059\" src=\"https:\/\/static-blogs.elcomercio.es\/wp-content\/uploads\/sites\/13\/2020\/12\/IMG_8027.jpg\" alt=\"\" width=\"604\" height=\"404\" srcset=\"https:\/\/static-blogs.elcomercio.es\/wp-content\/uploads\/sites\/13\/2020\/12\/IMG_8027.jpg 604w, https:\/\/static-blogs.elcomercio.es\/wp-content\/uploads\/sites\/13\/2020\/12\/IMG_8027-300x201.jpg 300w\" sizes=\"(max-width: 604px) 100vw, 604px\" \/><\/a><\/p>\n<p>&nbsp;<\/p>\n<p>Creo que, como de costumbre, toca sacar el tr\u00edpode.<\/p>\n<p>&nbsp;<\/p>\n<p><a href=\"https:\/\/static-blogs.elcomercio.es\/wp-content\/uploads\/sites\/13\/2020\/12\/IMG20201218155230-1.jpg\"><img loading=\"lazy\" class=\"alignnone size-full wp-image-7074\" src=\"https:\/\/static-blogs.elcomercio.es\/wp-content\/uploads\/sites\/13\/2020\/12\/IMG20201218155230-1.jpg\" alt=\"\" width=\"604\" height=\"604\" srcset=\"https:\/\/static-blogs.elcomercio.es\/wp-content\/uploads\/sites\/13\/2020\/12\/IMG20201218155230-1.jpg 604w, https:\/\/static-blogs.elcomercio.es\/wp-content\/uploads\/sites\/13\/2020\/12\/IMG20201218155230-1-150x150.jpg 150w, https:\/\/static-blogs.elcomercio.es\/wp-content\/uploads\/sites\/13\/2020\/12\/IMG20201218155230-1-300x300.jpg 300w\" sizes=\"(max-width: 604px) 100vw, 604px\" \/><\/a><\/p>\n<p>&nbsp;<\/p>\n<p>O, quiz\u00e1s no.<\/p>\n<p>&nbsp;<\/p>\n<p><a href=\"https:\/\/static-blogs.elcomercio.es\/wp-content\/uploads\/sites\/13\/2020\/12\/IMG20201218155322-01-1.jpeg\"><img loading=\"lazy\" class=\"alignnone size-full wp-image-7075\" src=\"https:\/\/static-blogs.elcomercio.es\/wp-content\/uploads\/sites\/13\/2020\/12\/IMG20201218155322-01-1.jpeg\" alt=\"\" width=\"604\" height=\"604\" srcset=\"https:\/\/static-blogs.elcomercio.es\/wp-content\/uploads\/sites\/13\/2020\/12\/IMG20201218155322-01-1.jpeg 604w, https:\/\/static-blogs.elcomercio.es\/wp-content\/uploads\/sites\/13\/2020\/12\/IMG20201218155322-01-1-150x150.jpeg 150w, https:\/\/static-blogs.elcomercio.es\/wp-content\/uploads\/sites\/13\/2020\/12\/IMG20201218155322-01-1-300x300.jpeg 300w\" sizes=\"(max-width: 604px) 100vw, 604px\" \/><\/a><\/p>\n<p>&nbsp;<\/p>\n<p>En el mirador nos encontraremos con paneles explicativos de las cumbres que tenemos ante nuestros ojos.<\/p>\n<p>&nbsp;<\/p>\n<p><a href=\"https:\/\/static-blogs.elcomercio.es\/wp-content\/uploads\/sites\/13\/2020\/12\/IMG_8034-1.jpg\"><img loading=\"lazy\" class=\"alignnone size-full wp-image-7062\" src=\"https:\/\/static-blogs.elcomercio.es\/wp-content\/uploads\/sites\/13\/2020\/12\/IMG_8034-1.jpg\" alt=\"\" width=\"604\" height=\"404\" srcset=\"https:\/\/static-blogs.elcomercio.es\/wp-content\/uploads\/sites\/13\/2020\/12\/IMG_8034-1.jpg 604w, https:\/\/static-blogs.elcomercio.es\/wp-content\/uploads\/sites\/13\/2020\/12\/IMG_8034-1-300x201.jpg 300w\" sizes=\"(max-width: 604px) 100vw, 604px\" \/><\/a><\/p>\n<p>&nbsp;<\/p>\n<p><a href=\"https:\/\/static-blogs.elcomercio.es\/wp-content\/uploads\/sites\/13\/2020\/12\/IMG_8035-1.jpg\"><img loading=\"lazy\" class=\"alignnone size-full wp-image-7063\" src=\"https:\/\/static-blogs.elcomercio.es\/wp-content\/uploads\/sites\/13\/2020\/12\/IMG_8035-1.jpg\" alt=\"\" width=\"604\" height=\"404\" srcset=\"https:\/\/static-blogs.elcomercio.es\/wp-content\/uploads\/sites\/13\/2020\/12\/IMG_8035-1.jpg 604w, https:\/\/static-blogs.elcomercio.es\/wp-content\/uploads\/sites\/13\/2020\/12\/IMG_8035-1-300x201.jpg 300w\" sizes=\"(max-width: 604px) 100vw, 604px\" \/><\/a><\/p>\n<p>&nbsp;<\/p>\n<p>Sab\u00eda que la recompensa al paseo ser\u00eda impresionante.<\/p>\n<p>&nbsp;<\/p>\n<p><a href=\"https:\/\/static-blogs.elcomercio.es\/wp-content\/uploads\/sites\/13\/2020\/12\/IMG_8058-01_1.png\"><img loading=\"lazy\" class=\"alignnone size-full wp-image-7078\" src=\"https:\/\/static-blogs.elcomercio.es\/wp-content\/uploads\/sites\/13\/2020\/12\/IMG_8058-01_1.png\" alt=\"\" width=\"604\" height=\"404\" srcset=\"https:\/\/static-blogs.elcomercio.es\/wp-content\/uploads\/sites\/13\/2020\/12\/IMG_8058-01_1.png 604w, https:\/\/static-blogs.elcomercio.es\/wp-content\/uploads\/sites\/13\/2020\/12\/IMG_8058-01_1-300x201.png 300w\" sizes=\"(max-width: 604px) 100vw, 604px\" \/><\/a><\/p>\n<p>&nbsp;<\/p>\n<p>No queda mucho para que oscurezca y el fr\u00edo empieza a hacerse notar. Puede que, en breve, la carretera por la que vine no sea tan segura como lo ha sido. Es hora de volver a casina con un nuevo destino en mente. Pero eso, lo dejaremos para la pr\u00f3xima ocasi\u00f3n.<\/p>\n<p>&nbsp;<\/p>\n<p><a href=\"https:\/\/static-blogs.elcomercio.es\/wp-content\/uploads\/sites\/13\/2020\/12\/IMG_7976-1.jpg\"><img loading=\"lazy\" class=\"alignnone size-full wp-image-7079\" src=\"https:\/\/static-blogs.elcomercio.es\/wp-content\/uploads\/sites\/13\/2020\/12\/IMG_7976-1.jpg\" alt=\"\" width=\"604\" height=\"404\" srcset=\"https:\/\/static-blogs.elcomercio.es\/wp-content\/uploads\/sites\/13\/2020\/12\/IMG_7976-1.jpg 604w, https:\/\/static-blogs.elcomercio.es\/wp-content\/uploads\/sites\/13\/2020\/12\/IMG_7976-1-300x201.jpg 300w\" sizes=\"(max-width: 604px) 100vw, 604px\" \/><\/a><\/p>\n<p>&nbsp;<\/p>\n<p>Video de la ruta:<\/p>\n<p>&nbsp;<\/p>\n<p><iframe loading=\"lazy\" width=\"500\" height=\"281\" src=\"https:\/\/www.youtube.com\/embed\/t4JDxAlhKTM?feature=oembed\" frameborder=\"0\" allow=\"accelerometer; autoplay; clipboard-write; encrypted-media; gyroscope; picture-in-picture\" allowfullscreen><\/iframe><\/p>\n<!-- AddThis Advanced Settings generic via filter on the_content --><!-- AddThis Share Buttons generic via filter on the_content -->","protected":false},"excerpt":{"rendered":"<p>Diciembre se va terminando y pocos d\u00edas cuesta encontrar en los que el agua no haga acto de presencia con lo cual aprovechar cualquier momento para salir a rodar en moto siempre es algo m\u00e1s que apetecible. Un destino que encontr\u00e9 al azar en Google Maps el d\u00eda que sub\u00ed hasta el mirador sobre el [&hellip;]<!-- AddThis Advanced Settings generic via filter on get_the_excerpt --><!-- AddThis Share Buttons generic via filter on get_the_excerpt --><\/p>\n","protected":false},"author":14,"featured_media":7064,"comment_status":"open","ping_status":"closed","sticky":false,"template":"","format":"standard","meta":[],"categories":[65],"tags":[1285,430,1283,1287,1145,638,691,1288,1289,1284,916,1286],"_links":{"self":[{"href":"https:\/\/blogs.elcomercio.es\/explorando-paraiso-moto\/wp-json\/wp\/v2\/posts\/7047"}],"collection":[{"href":"https:\/\/blogs.elcomercio.es\/explorando-paraiso-moto\/wp-json\/wp\/v2\/posts"}],"about":[{"href":"https:\/\/blogs.elcomercio.es\/explorando-paraiso-moto\/wp-json\/wp\/v2\/types\/post"}],"author":[{"embeddable":true,"href":"https:\/\/blogs.elcomercio.es\/explorando-paraiso-moto\/wp-json\/wp\/v2\/users\/14"}],"replies":[{"embeddable":true,"href":"https:\/\/blogs.elcomercio.es\/explorando-paraiso-moto\/wp-json\/wp\/v2\/comments?post=7047"}],"version-history":[{"count":2,"href":"https:\/\/blogs.elcomercio.es\/explorando-paraiso-moto\/wp-json\/wp\/v2\/posts\/7047\/revisions"}],"predecessor-version":[{"id":7225,"href":"https:\/\/blogs.elcomercio.es\/explorando-paraiso-moto\/wp-json\/wp\/v2\/posts\/7047\/revisions\/7225"}],"wp:featuredmedia":[{"embeddable":true,"href":"https:\/\/blogs.elcomercio.es\/explorando-paraiso-moto\/wp-json\/wp\/v2\/media\/7064"}],"wp:attachment":[{"href":"https:\/\/blogs.elcomercio.es\/explorando-paraiso-moto\/wp-json\/wp\/v2\/media?parent=7047"}],"wp:term":[{"taxonomy":"category","embeddable":true,"href":"https:\/\/blogs.elcomercio.es\/explorando-paraiso-moto\/wp-json\/wp\/v2\/categories?post=7047"},{"taxonomy":"post_tag","embeddable":true,"href":"https:\/\/blogs.elcomercio.es\/explorando-paraiso-moto\/wp-json\/wp\/v2\/tags?post=7047"}],"curies":[{"name":"wp","href":"https:\/\/api.w.org\/{rel}","templated":true}]}}