{"id":7093,"date":"2021-01-10T10:59:52","date_gmt":"2021-01-10T09:59:52","guid":{"rendered":"https:\/\/blogs.elcomercio.es\/explorando-paraiso-moto\/?p=7093"},"modified":"2021-01-10T10:59:52","modified_gmt":"2021-01-10T09:59:52","slug":"el-mirador-del-sablon","status":"publish","type":"post","link":"https:\/\/blogs.elcomercio.es\/explorando-paraiso-moto\/2021\/01\/10\/el-mirador-del-sablon\/","title":{"rendered":"El mirador del Sabl\u00f3n"},"content":{"rendered":"<p>Recomendaci\u00f3n de mi amiga Ana Bel\u00e9n, seguidora fiel de mis andanzas moteras y propietaria de un precioso bich\u00f3n malt\u00e9s blanco, al que mucha gente conoce y de nombre Noah, sab\u00eda que cuando vi las fotos de este lugar , no tardar\u00eda mucho en conocerlo. Y as\u00ed fue. Su proximidad y su inminente belleza fueron factores que no permitieron que estuviera mucho en mi libreta de &#8220;pendientes&#8221;. Sub\u00e1monos a &#8220;Trailera&#8221; para conocer este mirador con vistas al mar y la monta\u00f1a e impregn\u00e9monos de todo lo que nos ofrece. Nos vamos en moto a conocer el mirador del Sabl\u00f3n.<\/p>\n<p>Mediados de diciembre. Levant\u00e9 la persiana de la ventana de mi habitaci\u00f3n y pens\u00e9 &#8220;Pero si hoy no daba lluvia&#8230;\u00bfC\u00f3mo es que est\u00e1 tan oscuro el cielo?&#8221;. Acto seguido me contest\u00e9 yo misma:&#8221;Es cierto.Esto es Asturias&#8221;. Nada pod\u00eda echarme atr\u00e1s con las intensas ganas que ten\u00eda de salir en moto.Y as\u00ed fue. Me enfund\u00e9 el traje motero y sal\u00ed rumbo al concejo de Cudillero en el cual, en Ovi\u00f1ana, se encuentra este lugar.<\/p>\n<p>&#8220;<em>Trailera<\/em>&#8221; me esper\u00f3 en un cruce de caminos en el que se inicia la breve caminata.<\/p>\n<p>&nbsp;<\/p>\n<p><a href=\"https:\/\/static-blogs.elcomercio.es\/wp-content\/uploads\/sites\/13\/2020\/12\/IMG20201213110706.jpg\"><img loading=\"lazy\" class=\"alignnone size-full wp-image-7089\" src=\"https:\/\/static-blogs.elcomercio.es\/wp-content\/uploads\/sites\/13\/2020\/12\/IMG20201213110706.jpg\" alt=\"\" width=\"604\" height=\"604\" srcset=\"https:\/\/static-blogs.elcomercio.es\/wp-content\/uploads\/sites\/13\/2020\/12\/IMG20201213110706.jpg 604w, https:\/\/static-blogs.elcomercio.es\/wp-content\/uploads\/sites\/13\/2020\/12\/IMG20201213110706-150x150.jpg 150w, https:\/\/static-blogs.elcomercio.es\/wp-content\/uploads\/sites\/13\/2020\/12\/IMG20201213110706-300x300.jpg 300w\" sizes=\"(max-width: 604px) 100vw, 604px\" \/><\/a><\/p>\n<p>&nbsp;<\/p>\n<p>En el cruce de caminos, hay un banco s\u00ed, pero no es el que buscamos. Desde \u00e9l, Cabo Vidio nos muestra una de sus mejores perspectivas.<\/p>\n<p>&nbsp;<\/p>\n<p><a href=\"https:\/\/static-blogs.elcomercio.es\/wp-content\/uploads\/sites\/13\/2020\/12\/IMG_7833.jpg\"><img loading=\"lazy\" class=\"alignnone size-full wp-image-7082\" src=\"https:\/\/static-blogs.elcomercio.es\/wp-content\/uploads\/sites\/13\/2020\/12\/IMG_7833.jpg\" alt=\"\" width=\"604\" height=\"404\" srcset=\"https:\/\/static-blogs.elcomercio.es\/wp-content\/uploads\/sites\/13\/2020\/12\/IMG_7833.jpg 604w, https:\/\/static-blogs.elcomercio.es\/wp-content\/uploads\/sites\/13\/2020\/12\/IMG_7833-300x201.jpg 300w\" sizes=\"(max-width: 604px) 100vw, 604px\" \/><\/a><\/p>\n<p>&nbsp;<\/p>\n<p><a href=\"https:\/\/static-blogs.elcomercio.es\/wp-content\/uploads\/sites\/13\/2020\/12\/IMG_7832.jpg\"><img loading=\"lazy\" class=\"alignnone size-full wp-image-7081\" src=\"https:\/\/static-blogs.elcomercio.es\/wp-content\/uploads\/sites\/13\/2020\/12\/IMG_7832.jpg\" alt=\"\" width=\"604\" height=\"404\" srcset=\"https:\/\/static-blogs.elcomercio.es\/wp-content\/uploads\/sites\/13\/2020\/12\/IMG_7832.jpg 604w, https:\/\/static-blogs.elcomercio.es\/wp-content\/uploads\/sites\/13\/2020\/12\/IMG_7832-300x201.jpg 300w\" sizes=\"(max-width: 604px) 100vw, 604px\" \/><\/a><\/p>\n<p>&nbsp;<\/p>\n<p>Al otro lado, una estampa muy cari\u00f1osa.<\/p>\n<p>&nbsp;<\/p>\n<p><a href=\"https:\/\/static-blogs.elcomercio.es\/wp-content\/uploads\/sites\/13\/2020\/12\/IMG_7842.jpg\"><img loading=\"lazy\" class=\"alignnone size-full wp-image-7083\" src=\"https:\/\/static-blogs.elcomercio.es\/wp-content\/uploads\/sites\/13\/2020\/12\/IMG_7842.jpg\" alt=\"\" width=\"604\" height=\"404\" srcset=\"https:\/\/static-blogs.elcomercio.es\/wp-content\/uploads\/sites\/13\/2020\/12\/IMG_7842.jpg 604w, https:\/\/static-blogs.elcomercio.es\/wp-content\/uploads\/sites\/13\/2020\/12\/IMG_7842-300x201.jpg 300w\" sizes=\"(max-width: 604px) 100vw, 604px\" \/><\/a><\/p>\n<p>&nbsp;<\/p>\n<p>&nbsp;<\/p>\n<p>En el suelo, una se\u00f1al me indica el camino a seguir.Menos mal que Google Maps, en este emplazamiento, est\u00e1 bastante acertado.<\/p>\n<p>&nbsp;<\/p>\n<p><a href=\"https:\/\/static-blogs.elcomercio.es\/wp-content\/uploads\/sites\/13\/2020\/12\/IMG20201213111519.jpg\"><img loading=\"lazy\" class=\"alignnone size-full wp-image-7090\" src=\"https:\/\/static-blogs.elcomercio.es\/wp-content\/uploads\/sites\/13\/2020\/12\/IMG20201213111519.jpg\" alt=\"\" width=\"604\" height=\"604\" srcset=\"https:\/\/static-blogs.elcomercio.es\/wp-content\/uploads\/sites\/13\/2020\/12\/IMG20201213111519.jpg 604w, https:\/\/static-blogs.elcomercio.es\/wp-content\/uploads\/sites\/13\/2020\/12\/IMG20201213111519-150x150.jpg 150w, https:\/\/static-blogs.elcomercio.es\/wp-content\/uploads\/sites\/13\/2020\/12\/IMG20201213111519-300x300.jpg 300w\" sizes=\"(max-width: 604px) 100vw, 604px\" \/><\/a><\/p>\n<p>&nbsp;<\/p>\n<p>Hacia el otro lado, contin\u00fao unos pasos por el camino.<\/p>\n<p>&nbsp;<\/p>\n<p><a href=\"https:\/\/static-blogs.elcomercio.es\/wp-content\/uploads\/sites\/13\/2020\/12\/IMG20201213112129.jpg\"><img loading=\"lazy\" class=\"alignnone size-full wp-image-7091\" src=\"https:\/\/static-blogs.elcomercio.es\/wp-content\/uploads\/sites\/13\/2020\/12\/IMG20201213112129.jpg\" alt=\"\" width=\"604\" height=\"604\" srcset=\"https:\/\/static-blogs.elcomercio.es\/wp-content\/uploads\/sites\/13\/2020\/12\/IMG20201213112129.jpg 604w, https:\/\/static-blogs.elcomercio.es\/wp-content\/uploads\/sites\/13\/2020\/12\/IMG20201213112129-150x150.jpg 150w, https:\/\/static-blogs.elcomercio.es\/wp-content\/uploads\/sites\/13\/2020\/12\/IMG20201213112129-300x300.jpg 300w\" sizes=\"(max-width: 604px) 100vw, 604px\" \/><\/a><\/p>\n<p>&nbsp;<\/p>\n<p><a href=\"https:\/\/static-blogs.elcomercio.es\/wp-content\/uploads\/sites\/13\/2020\/12\/IMG20201213112241.jpg\"><img loading=\"lazy\" class=\"alignnone size-full wp-image-7092\" src=\"https:\/\/static-blogs.elcomercio.es\/wp-content\/uploads\/sites\/13\/2020\/12\/IMG20201213112241.jpg\" alt=\"\" width=\"604\" height=\"604\" srcset=\"https:\/\/static-blogs.elcomercio.es\/wp-content\/uploads\/sites\/13\/2020\/12\/IMG20201213112241.jpg 604w, https:\/\/static-blogs.elcomercio.es\/wp-content\/uploads\/sites\/13\/2020\/12\/IMG20201213112241-150x150.jpg 150w, https:\/\/static-blogs.elcomercio.es\/wp-content\/uploads\/sites\/13\/2020\/12\/IMG20201213112241-300x300.jpg 300w\" sizes=\"(max-width: 604px) 100vw, 604px\" \/><\/a><\/p>\n<p>&nbsp;<\/p>\n<p>Esper\u00e9 a que se fuera un grupo de cuatro chicas que, al igual que yo, ven\u00edan a conocer el lugar y, afortunadamente, durante mi estancia, no lleg\u00f3 nadie m\u00e1s. Todo el lugar para m\u00ed sola.<\/p>\n<p>&nbsp;<\/p>\n<p>&nbsp;<\/p>\n<p><a href=\"https:\/\/static-blogs.elcomercio.es\/wp-content\/uploads\/sites\/13\/2020\/12\/IMG_7857.jpg\"><img loading=\"lazy\" class=\"alignnone size-full wp-image-7086\" src=\"https:\/\/static-blogs.elcomercio.es\/wp-content\/uploads\/sites\/13\/2020\/12\/IMG_7857.jpg\" alt=\"\" width=\"604\" height=\"404\" srcset=\"https:\/\/static-blogs.elcomercio.es\/wp-content\/uploads\/sites\/13\/2020\/12\/IMG_7857.jpg 604w, https:\/\/static-blogs.elcomercio.es\/wp-content\/uploads\/sites\/13\/2020\/12\/IMG_7857-300x201.jpg 300w\" sizes=\"(max-width: 604px) 100vw, 604px\" \/><\/a><\/p>\n<p>&nbsp;<\/p>\n<p>\u00a1Y lo que tuve que correr para llegar a tiempo sin matarme en el intento!.<\/p>\n<p>&nbsp;<\/p>\n<p><a href=\"https:\/\/static-blogs.elcomercio.es\/wp-content\/uploads\/sites\/13\/2020\/12\/IMG_7871.jpg\"><img loading=\"lazy\" class=\"alignnone size-full wp-image-7087\" src=\"https:\/\/static-blogs.elcomercio.es\/wp-content\/uploads\/sites\/13\/2020\/12\/IMG_7871.jpg\" alt=\"\" width=\"604\" height=\"404\" srcset=\"https:\/\/static-blogs.elcomercio.es\/wp-content\/uploads\/sites\/13\/2020\/12\/IMG_7871.jpg 604w, https:\/\/static-blogs.elcomercio.es\/wp-content\/uploads\/sites\/13\/2020\/12\/IMG_7871-300x201.jpg 300w\" sizes=\"(max-width: 604px) 100vw, 604px\" \/><\/a><\/p>\n<p>&nbsp;<\/p>\n<p>Eso s\u00ed, el cielo ese d\u00eda estaba espectacular.<\/p>\n<p>&nbsp;<\/p>\n<p><a href=\"https:\/\/static-blogs.elcomercio.es\/wp-content\/uploads\/sites\/13\/2020\/12\/IMG_7847.jpg\"><img loading=\"lazy\" class=\"alignnone size-full wp-image-7084\" src=\"https:\/\/static-blogs.elcomercio.es\/wp-content\/uploads\/sites\/13\/2020\/12\/IMG_7847.jpg\" alt=\"\" width=\"604\" height=\"404\" srcset=\"https:\/\/static-blogs.elcomercio.es\/wp-content\/uploads\/sites\/13\/2020\/12\/IMG_7847.jpg 604w, https:\/\/static-blogs.elcomercio.es\/wp-content\/uploads\/sites\/13\/2020\/12\/IMG_7847-300x201.jpg 300w\" sizes=\"(max-width: 604px) 100vw, 604px\" \/><\/a><\/p>\n<p>&nbsp;<\/p>\n<p>El banco, desde el cual se dice que se pueden disfrutar amaneceres y atardeceres estupendos, os espera.<\/p>\n<p>&nbsp;<\/p>\n<p><a href=\"https:\/\/static-blogs.elcomercio.es\/wp-content\/uploads\/sites\/13\/2020\/12\/IMG_7889.jpg\"><img loading=\"lazy\" class=\"alignnone size-full wp-image-7088\" src=\"https:\/\/static-blogs.elcomercio.es\/wp-content\/uploads\/sites\/13\/2020\/12\/IMG_7889.jpg\" alt=\"\" width=\"604\" height=\"404\" srcset=\"https:\/\/static-blogs.elcomercio.es\/wp-content\/uploads\/sites\/13\/2020\/12\/IMG_7889.jpg 604w, https:\/\/static-blogs.elcomercio.es\/wp-content\/uploads\/sites\/13\/2020\/12\/IMG_7889-300x201.jpg 300w\" sizes=\"(max-width: 604px) 100vw, 604px\" \/><\/a><\/p>\n<p>&nbsp;<\/p>\n<p>As\u00ed que, en cuanto pod\u00e1is, acercaros, sentaros y quitaros el reloj porque aqu\u00ed, no lo necesitar\u00e9is. Os lo aseguro.<\/p>\n<p>Video de la ruta a continuaci\u00f3n<\/p>\n<p><iframe loading=\"lazy\" width=\"500\" height=\"281\" src=\"https:\/\/www.youtube.com\/embed\/RC_T-ccgRYY?feature=oembed\" frameborder=\"0\" allow=\"accelerometer; autoplay; clipboard-write; encrypted-media; gyroscope; picture-in-picture\" allowfullscreen><\/iframe><\/p>\n<!-- AddThis Advanced Settings generic via filter on the_content --><!-- AddThis Share Buttons generic via filter on the_content -->","protected":false},"excerpt":{"rendered":"<p>Recomendaci\u00f3n de mi amiga Ana Bel\u00e9n, seguidora fiel de mis andanzas moteras y propietaria de un precioso bich\u00f3n malt\u00e9s blanco, al que mucha gente conoce y de nombre Noah, sab\u00eda que cuando vi las fotos de este lugar , no tardar\u00eda mucho en conocerlo. Y as\u00ed fue. Su proximidad y su inminente belleza fueron factores [&hellip;]<!-- AddThis Advanced Settings generic via filter on get_the_excerpt --><!-- AddThis Share Buttons generic via filter on get_the_excerpt --><\/p>\n","protected":false},"author":14,"featured_media":7085,"comment_status":"open","ping_status":"closed","sticky":false,"template":"","format":"standard","meta":[],"categories":[22],"tags":[380,430,1290,638,682,691,916],"_links":{"self":[{"href":"https:\/\/blogs.elcomercio.es\/explorando-paraiso-moto\/wp-json\/wp\/v2\/posts\/7093"}],"collection":[{"href":"https:\/\/blogs.elcomercio.es\/explorando-paraiso-moto\/wp-json\/wp\/v2\/posts"}],"about":[{"href":"https:\/\/blogs.elcomercio.es\/explorando-paraiso-moto\/wp-json\/wp\/v2\/types\/post"}],"author":[{"embeddable":true,"href":"https:\/\/blogs.elcomercio.es\/explorando-paraiso-moto\/wp-json\/wp\/v2\/users\/14"}],"replies":[{"embeddable":true,"href":"https:\/\/blogs.elcomercio.es\/explorando-paraiso-moto\/wp-json\/wp\/v2\/comments?post=7093"}],"version-history":[{"count":6,"href":"https:\/\/blogs.elcomercio.es\/explorando-paraiso-moto\/wp-json\/wp\/v2\/posts\/7093\/revisions"}],"predecessor-version":[{"id":7227,"href":"https:\/\/blogs.elcomercio.es\/explorando-paraiso-moto\/wp-json\/wp\/v2\/posts\/7093\/revisions\/7227"}],"wp:featuredmedia":[{"embeddable":true,"href":"https:\/\/blogs.elcomercio.es\/explorando-paraiso-moto\/wp-json\/wp\/v2\/media\/7085"}],"wp:attachment":[{"href":"https:\/\/blogs.elcomercio.es\/explorando-paraiso-moto\/wp-json\/wp\/v2\/media?parent=7093"}],"wp:term":[{"taxonomy":"category","embeddable":true,"href":"https:\/\/blogs.elcomercio.es\/explorando-paraiso-moto\/wp-json\/wp\/v2\/categories?post=7093"},{"taxonomy":"post_tag","embeddable":true,"href":"https:\/\/blogs.elcomercio.es\/explorando-paraiso-moto\/wp-json\/wp\/v2\/tags?post=7093"}],"curies":[{"name":"wp","href":"https:\/\/api.w.org\/{rel}","templated":true}]}}