{"id":71,"date":"2015-01-15T00:15:18","date_gmt":"2015-01-14T23:15:18","guid":{"rendered":"http:\/\/blogs.elcomercio.es\/explorando-paraiso-moto\/?p=71"},"modified":"2015-01-15T00:15:18","modified_gmt":"2015-01-14T23:15:18","slug":"la-cueva-de-san-pedrin-union-de-naturaleza-y-cultura-en-sariego","status":"publish","type":"post","link":"https:\/\/blogs.elcomercio.es\/explorando-paraiso-moto\/2015\/01\/15\/la-cueva-de-san-pedrin-union-de-naturaleza-y-cultura-en-sariego\/","title":{"rendered":"La cueva de San Pedr\u00edn, uni\u00f3n de naturaleza y cultura en Sariego"},"content":{"rendered":"<p>Primer d\u00eda del a\u00f1o y ten\u00eda pensado inaugurarlo con una visita a un peque\u00f1o pueblo del concejo de Aller pero, las bajas temperaturas de la \u00faltima semana, y el hielo acumulado, no s\u00f3lo en los blanquecinos prados, sino tambi\u00e9n en las cunetas de la carretera, hicieron que en Corigos diese la vuelta y buscase un nuevo destino \u201cmenos peligroso\u201d.<\/p>\n<p>Sabia y acertada decisi\u00f3n y, para nada, lamentada, puesto que, como ver\u00e9is, el lugar escogido est\u00e1, igualmente, lleno de encanto.<\/p>\n<p>No puedo hablar de \u00e9ste sitio sin nombrar a mi amigo <strong><span style=\"color: #000000;font-size: large\"><em>SLOW RIDER<\/em><\/span><\/strong>\u00a0\u00a0 que, con sus\u00a0<a href=\"http:\/\/5000curvas.blogspot.com.es\/\" target=\"_blank\" rel=\"external nofollow\">5000curvas blogspot.com.es\u00a0,\u00a0<\/a>ha sido, y es, \u00a0para m\u00ed, \u00a0una de las mejores referencias a seguir en este mundo de b\u00fasqueda de lugares curiosos, m\u00e1gicos,..y , gracias a su trabajo, muchas personas como yo, podemos disfrutar de sitios tan encantadores como \u00e9ste.<\/p>\n<p>En la glorieta a la salida de Pola de Siero en direcci\u00f3n a Lieres,\u00a0tomamos la\u00a0AS-331 que ser\u00e1 la que nos encamina\u00a0 al escogido\u00a0pueblo ejemplar de Asturias\u00a0en el 2008 , <em>Casta\u00f1era, en Sariego.<\/em><\/p>\n<p>&nbsp;<\/p>\n<p><a href=\"\/explorando-paraiso-moto\/wp-content\/uploads\/sites\/13\/2015\/01\/IMG_3142.jpg\"><img loading=\"lazy\" src=\"\/explorando-paraiso-moto\/wp-content\/uploads\/sites\/13\/2015\/01\/IMG_3142.jpg\" alt=\"CUEVA DE SAN PEDRIN\" width=\"300\" height=\"207\" \/><\/a><\/p>\n<p><!--more--><\/p>\n<p>&nbsp;<\/p>\n<p>Apenas 100 metros nos separan de la cavidad. S\u00f3lo tenemos que seguir\u00a0esta r\u00fastica se\u00f1alizaci\u00f3n.<\/p>\n<p>&nbsp;<\/p>\n<p><a href=\"\/explorando-paraiso-moto\/wp-content\/uploads\/sites\/13\/2015\/01\/IMG_3107.jpg\"><img loading=\"lazy\" src=\"\/explorando-paraiso-moto\/wp-content\/uploads\/sites\/13\/2015\/01\/IMG_3107.jpg\" alt=\"CUEVA DE SAN PEDRIN\" width=\"300\" height=\"207\" \/><\/a><\/p>\n<p>&nbsp;<\/p>\n<p>La ermita de San Pedr\u00edn, nos la encontramos presidiendo un llano y aunque, aparentemente tiene un aspecto m\u00e1s moderno, ya hay referencias de ella en documentos del S.XII.<\/p>\n<p>&nbsp;<\/p>\n<p><a href=\"\/explorando-paraiso-moto\/wp-content\/uploads\/sites\/13\/2015\/01\/IMG_20150101_160627.jpg\"><img loading=\"lazy\" src=\"\/explorando-paraiso-moto\/wp-content\/uploads\/sites\/13\/2015\/01\/IMG_20150101_160627.jpg\" alt=\"CUEVA DE SAN PEDRIN\" width=\"300\" height=\"230\" \/><\/a><\/p>\n<p>&nbsp;<\/p>\n<p>Tras cruzar este peque\u00f1o puente\u2026.<\/p>\n<p>&nbsp;<\/p>\n<p><a href=\"\/explorando-paraiso-moto\/wp-content\/uploads\/sites\/13\/2015\/01\/IMG_20150101_153419.jpg\"><img loading=\"lazy\" src=\"\/explorando-paraiso-moto\/wp-content\/uploads\/sites\/13\/2015\/01\/IMG_20150101_153419.jpg\" alt=\"CUEVA DE SAN PEDRIN\" width=\"300\" height=\"230\" \/><\/a><\/p>\n<p>&nbsp;<\/p>\n<p>Esta preciosidad\u2026..<\/p>\n<p>&nbsp;<\/p>\n<p><a href=\"\/explorando-paraiso-moto\/wp-content\/uploads\/sites\/13\/2015\/01\/IMG_20150101_153509.jpg\"><img loading=\"lazy\" src=\"\/explorando-paraiso-moto\/wp-content\/uploads\/sites\/13\/2015\/01\/IMG_20150101_153509.jpg\" alt=\"CUEVA DE SAN PEDRIN\" width=\"300\" height=\"230\" \/><\/a><\/p>\n<p>&nbsp;<\/p>\n<p>Pr\u00e1cticamente al lado de la carretera y, a la vez, tan escondida y en donde el discurrir del agua del r\u00edo Rufia\u00f1u acent\u00faa el car\u00e1cter m\u00e1gico del lugar.<\/p>\n<p>Empiezo a explorar y, unos 80 metros m\u00e1s all\u00e1 , este gran complejo k\u00e1rstico, de nuevo, se abre al exterior.<\/p>\n<p>&nbsp;<\/p>\n<p><a href=\"\/explorando-paraiso-moto\/wp-content\/uploads\/sites\/13\/2015\/01\/IMG_3815.jpg\"><img loading=\"lazy\" src=\"\/explorando-paraiso-moto\/wp-content\/uploads\/sites\/13\/2015\/01\/IMG_3815.jpg\" alt=\"CUEVA DE SAN PEDRIN\" width=\"300\" height=\"207\" \/><\/a><\/p>\n<p>&nbsp;<\/p>\n<p>En el interior, estas figuras religiosas..<\/p>\n<p>&nbsp;<\/p>\n<p><a href=\"\/explorando-paraiso-moto\/wp-content\/uploads\/sites\/13\/2015\/01\/IMG_3813.jpg\"><img loading=\"lazy\" src=\"\/explorando-paraiso-moto\/wp-content\/uploads\/sites\/13\/2015\/01\/IMG_3813.jpg\" alt=\"CUEVA DE SAN PEDRIN\" width=\"300\" height=\"207\" \/><\/a><\/p>\n<p>&nbsp;<\/p>\n<p>Este es uno de esos sitios donde uno, imaginariamente, se traslada en el tiempo.<\/p>\n<p>&nbsp;<\/p>\n<p><a href=\"\/explorando-paraiso-moto\/wp-content\/uploads\/sites\/13\/2015\/01\/IMG_3816.jpg\"><img loading=\"lazy\" src=\"\/explorando-paraiso-moto\/wp-content\/uploads\/sites\/13\/2015\/01\/IMG_3816.jpg\" alt=\"CUEVA DE SAN PEDRIN\" width=\"300\" height=\"207\" \/><\/a><\/p>\n<p>&nbsp;<\/p>\n<p>&nbsp;<\/p>\n<p><a href=\"\/explorando-paraiso-moto\/wp-content\/uploads\/sites\/13\/2015\/01\/IMG_3178.jpg\"><img loading=\"lazy\" src=\"\/explorando-paraiso-moto\/wp-content\/uploads\/sites\/13\/2015\/01\/IMG_3178.jpg\" alt=\"CUEVA DE SAN PEDRIN\" width=\"300\" height=\"207\" \/><\/a><\/p>\n<p>&nbsp;<\/p>\n<p>Mi recomendaci\u00f3n\u00a0ser\u00eda que os acercarais\u00a0en las <a href=\"https:\/\/www.facebook.com\/pages\/Sociedad-de-festejos-san-pedrin-de-la-cueva\/180960552102709\" target=\"_blank\" rel=\"external nofollow\">fiestas<\/a>, el tercer Domingo de Agosto, hasta aqu\u00ed. Momento en el que sacan al Santo de la ermita, lo llevan a la cueva , preparan una escenograf\u00eda adecuada y tiene lugar una misa en bable. Sin duda un buen reclamo para no perd\u00e9rsela. Aparte, tiene lugar la concentraci\u00f3n de motos cl\u00e1sicas durante estos d\u00edas y el campeonato internacional de motocross.<\/p>\n<p>La cueva de San pedr\u00edn, aunque bien se\u00f1alizada y de f\u00e1cil acceso a la vez, algo que no podemos decir de muchas de las cuevas asturianas, a\u00fan es una desconocida para muchos.<\/p>\n<p>Espero haber ayudado a promocionarla un poquito y os animeis a visitarla. Merece la pena.<\/p>\n<p>V\u00b4SSSS<\/p>\n<p>&nbsp;<\/p>\n<!-- AddThis Advanced Settings generic via filter on the_content --><!-- AddThis Share Buttons generic via filter on the_content -->","protected":false},"excerpt":{"rendered":"<p>Primer d\u00eda del a\u00f1o y ten\u00eda pensado inaugurarlo con una visita a un peque\u00f1o pueblo del concejo de Aller pero, las bajas temperaturas de la \u00faltima semana, y el hielo acumulado, no s\u00f3lo en los blanquecinos prados, sino tambi\u00e9n en las cunetas de la carretera, hicieron que en Corigos diese la vuelta y buscase un [&hellip;]<!-- AddThis Advanced Settings generic via filter on get_the_excerpt --><!-- AddThis Share Buttons generic via filter on get_the_excerpt --><\/p>\n","protected":false},"author":14,"featured_media":0,"comment_status":"open","ping_status":"closed","sticky":false,"template":"","format":"standard","meta":[],"categories":[73],"tags":[190,314,382,418,430,638,691,771,817,852,891,909],"_links":{"self":[{"href":"https:\/\/blogs.elcomercio.es\/explorando-paraiso-moto\/wp-json\/wp\/v2\/posts\/71"}],"collection":[{"href":"https:\/\/blogs.elcomercio.es\/explorando-paraiso-moto\/wp-json\/wp\/v2\/posts"}],"about":[{"href":"https:\/\/blogs.elcomercio.es\/explorando-paraiso-moto\/wp-json\/wp\/v2\/types\/post"}],"author":[{"embeddable":true,"href":"https:\/\/blogs.elcomercio.es\/explorando-paraiso-moto\/wp-json\/wp\/v2\/users\/14"}],"replies":[{"embeddable":true,"href":"https:\/\/blogs.elcomercio.es\/explorando-paraiso-moto\/wp-json\/wp\/v2\/comments?post=71"}],"version-history":[{"count":0,"href":"https:\/\/blogs.elcomercio.es\/explorando-paraiso-moto\/wp-json\/wp\/v2\/posts\/71\/revisions"}],"wp:attachment":[{"href":"https:\/\/blogs.elcomercio.es\/explorando-paraiso-moto\/wp-json\/wp\/v2\/media?parent=71"}],"wp:term":[{"taxonomy":"category","embeddable":true,"href":"https:\/\/blogs.elcomercio.es\/explorando-paraiso-moto\/wp-json\/wp\/v2\/categories?post=71"},{"taxonomy":"post_tag","embeddable":true,"href":"https:\/\/blogs.elcomercio.es\/explorando-paraiso-moto\/wp-json\/wp\/v2\/tags?post=71"}],"curies":[{"name":"wp","href":"https:\/\/api.w.org\/{rel}","templated":true}]}}