{"id":7170,"date":"2021-01-17T19:25:53","date_gmt":"2021-01-17T18:25:53","guid":{"rendered":"https:\/\/blogs.elcomercio.es\/explorando-paraiso-moto\/?p=7170"},"modified":"2021-01-29T19:24:28","modified_gmt":"2021-01-29T18:24:28","slug":"villar-de-vildas-un-paraiso-ejemplar","status":"publish","type":"post","link":"https:\/\/blogs.elcomercio.es\/explorando-paraiso-moto\/2021\/01\/17\/villar-de-vildas-un-paraiso-ejemplar\/","title":{"rendered":"Villar de Vildas, un para\u00edso &#8220;Ejemplar&#8221;"},"content":{"rendered":"<p style=\"padding-left: 30px\">Elegido Pueblo Ejemplar en el a\u00f1o 2004, esta aldea somedana ubicada en el Valle del Pig\u00fce\u00f1a nos trasladar\u00e1 esta semana hasta la Asturias profunda, la que sorprende siempre que se la va conociendo y de la que, poco a poco, vamos descubriendo nuevos rincones en este <em>blog.<\/em>\u00a0Comencemos a recorrer este peque\u00f1o recoveco paradis\u00edaco en el que se acaba el asfalto y se inicia la aventura.<\/p>\n<p>Desde Belmonte nos separan unos 28 kil\u00f3metros de Villar de Vildas hasta donde llegaremos a trav\u00e9s de un desv\u00edo que tomaremos en Aguasmestas en la AS-227. Est\u00e1bamos en pleno mes de mayo y, sin embargo, pese al sol, en las zonas sombr\u00edas la temperatura no era precisamente muy agradable(unos 6 grados aproximadamente). Demasiado confiada en la presencia del astro rey, ech\u00e9 en falta una cazadora en las maletas de mi &#8220;<em>Trailera<\/em>&#8220;. Eran las 8:30 horas de la ma\u00f1ana, un d\u00eda cualquiera entresemana y escaso tr\u00e1fico en la carretera.<\/p>\n<p>&nbsp;<\/p>\n<p><a href=\"https:\/\/static-blogs.elcomercio.es\/wp-content\/uploads\/sites\/13\/2020\/12\/P00526-091349-1.jpg\"><img loading=\"lazy\" class=\"alignnone size-full wp-image-7151\" src=\"https:\/\/static-blogs.elcomercio.es\/wp-content\/uploads\/sites\/13\/2020\/12\/P00526-091349-1.jpg\" alt=\"\" width=\"600\" height=\"444\" srcset=\"https:\/\/static-blogs.elcomercio.es\/wp-content\/uploads\/sites\/13\/2020\/12\/P00526-091349-1.jpg 600w, https:\/\/static-blogs.elcomercio.es\/wp-content\/uploads\/sites\/13\/2020\/12\/P00526-091349-1-300x222.jpg 300w\" sizes=\"(max-width: 600px) 100vw, 600px\" \/><\/a><\/p>\n<p>&nbsp;<\/p>\n<p>Despu\u00e9s de 12 kms desde el desv\u00edo atravesando pueblos como Santullano o\u00a0Pig\u00fce\u00f1a, llegu\u00e9 a Villar de Vildas que, en ese momento, se ve\u00eda inmerso en un remanso de tranquilidad y silencio enturbiados \u00fanicamente por nuestra llegada ante la cual, mientras que\u00a0 los lugare\u00f1os se sorprend\u00edan, alg\u00fan &#8220;peludin&#8221; se acerc\u00f3 a recibirme.<\/p>\n<p>&nbsp;<\/p>\n<p><a href=\"https:\/\/static-blogs.elcomercio.es\/wp-content\/uploads\/sites\/13\/2020\/12\/P00526-094008-1.jpg\"><img loading=\"lazy\" class=\"alignnone size-full wp-image-7154\" src=\"https:\/\/static-blogs.elcomercio.es\/wp-content\/uploads\/sites\/13\/2020\/12\/P00526-094008-1.jpg\" alt=\"\" width=\"600\" height=\"444\" srcset=\"https:\/\/static-blogs.elcomercio.es\/wp-content\/uploads\/sites\/13\/2020\/12\/P00526-094008-1.jpg 600w, https:\/\/static-blogs.elcomercio.es\/wp-content\/uploads\/sites\/13\/2020\/12\/P00526-094008-1-300x222.jpg 300w\" sizes=\"(max-width: 600px) 100vw, 600px\" \/><\/a><\/p>\n<p>&nbsp;<\/p>\n<p>&#8220;<em>Trailera<\/em>&#8220;aguard\u00f3 a la sombra mientras yo me dedic\u00e9 a explorar los rincones del pueblo.<\/p>\n<p>&nbsp;<\/p>\n<p><a href=\"https:\/\/static-blogs.elcomercio.es\/wp-content\/uploads\/sites\/13\/2020\/12\/P00526-095659-1.jpg\"><img loading=\"lazy\" class=\"alignnone size-full wp-image-7156\" src=\"https:\/\/static-blogs.elcomercio.es\/wp-content\/uploads\/sites\/13\/2020\/12\/P00526-095659-1.jpg\" alt=\"\" width=\"600\" height=\"444\" srcset=\"https:\/\/static-blogs.elcomercio.es\/wp-content\/uploads\/sites\/13\/2020\/12\/P00526-095659-1.jpg 600w, https:\/\/static-blogs.elcomercio.es\/wp-content\/uploads\/sites\/13\/2020\/12\/P00526-095659-1-300x222.jpg 300w\" sizes=\"(max-width: 600px) 100vw, 600px\" \/><\/a><\/p>\n<p>&nbsp;<\/p>\n<p>Y, cuanto m\u00e1s descubr\u00eda, m\u00e1s me gustaba.<\/p>\n<p>&nbsp;<\/p>\n<p><a href=\"https:\/\/static-blogs.elcomercio.es\/wp-content\/uploads\/sites\/13\/2020\/12\/P00526-095836-1.jpg\"><img loading=\"lazy\" class=\"alignnone size-full wp-image-7159\" src=\"https:\/\/static-blogs.elcomercio.es\/wp-content\/uploads\/sites\/13\/2020\/12\/P00526-095836-1.jpg\" alt=\"\" width=\"600\" height=\"444\" srcset=\"https:\/\/static-blogs.elcomercio.es\/wp-content\/uploads\/sites\/13\/2020\/12\/P00526-095836-1.jpg 600w, https:\/\/static-blogs.elcomercio.es\/wp-content\/uploads\/sites\/13\/2020\/12\/P00526-095836-1-300x222.jpg 300w\" sizes=\"(max-width: 600px) 100vw, 600px\" \/><\/a><\/p>\n<p>&nbsp;<\/p>\n<p><a href=\"https:\/\/static-blogs.elcomercio.es\/wp-content\/uploads\/sites\/13\/2020\/12\/P00526-100014-1.jpg\"><img loading=\"lazy\" class=\"alignnone size-full wp-image-7161\" src=\"https:\/\/static-blogs.elcomercio.es\/wp-content\/uploads\/sites\/13\/2020\/12\/P00526-100014-1.jpg\" alt=\"\" width=\"600\" height=\"444\" srcset=\"https:\/\/static-blogs.elcomercio.es\/wp-content\/uploads\/sites\/13\/2020\/12\/P00526-100014-1.jpg 600w, https:\/\/static-blogs.elcomercio.es\/wp-content\/uploads\/sites\/13\/2020\/12\/P00526-100014-1-300x222.jpg 300w\" sizes=\"(max-width: 600px) 100vw, 600px\" \/><\/a><\/p>\n<p>&nbsp;<\/p>\n<p>Su iglesia se encontraba en plena rehabilitaci\u00f3n y es que se, como es l\u00f3gico,se trataba de &#8220;ponernos guapos&#8221;.<\/p>\n<p>&nbsp;<\/p>\n<p><a href=\"https:\/\/static-blogs.elcomercio.es\/wp-content\/uploads\/sites\/13\/2020\/12\/P00526-100134-1.jpg\"><img loading=\"lazy\" class=\"alignnone size-full wp-image-7163\" src=\"https:\/\/static-blogs.elcomercio.es\/wp-content\/uploads\/sites\/13\/2020\/12\/P00526-100134-1.jpg\" alt=\"\" width=\"600\" height=\"444\" srcset=\"https:\/\/static-blogs.elcomercio.es\/wp-content\/uploads\/sites\/13\/2020\/12\/P00526-100134-1.jpg 600w, https:\/\/static-blogs.elcomercio.es\/wp-content\/uploads\/sites\/13\/2020\/12\/P00526-100134-1-300x222.jpg 300w\" sizes=\"(max-width: 600px) 100vw, 600px\" \/><\/a><\/p>\n<p>&nbsp;<\/p>\n<p>Otros se acicalaban para agradar al pr\u00f3jimo.<\/p>\n<p>&nbsp;<\/p>\n<p><a href=\"https:\/\/static-blogs.elcomercio.es\/wp-content\/uploads\/sites\/13\/2020\/12\/P00526-095806-1.jpg\"><img loading=\"lazy\" class=\"alignnone size-full wp-image-7158\" src=\"https:\/\/static-blogs.elcomercio.es\/wp-content\/uploads\/sites\/13\/2020\/12\/P00526-095806-1.jpg\" alt=\"\" width=\"600\" height=\"444\" srcset=\"https:\/\/static-blogs.elcomercio.es\/wp-content\/uploads\/sites\/13\/2020\/12\/P00526-095806-1.jpg 600w, https:\/\/static-blogs.elcomercio.es\/wp-content\/uploads\/sites\/13\/2020\/12\/P00526-095806-1-300x222.jpg 300w\" sizes=\"(max-width: 600px) 100vw, 600px\" \/><\/a><\/p>\n<p>&nbsp;<\/p>\n<p>Desde aqu\u00ed se inicia la ruta a la <a href=\"http:\/\/www.dendecaguelu.com\/2017\/11\/villar-de-vildas-las-branas-la-pornacal.html\" target=\"_blank\" rel=\"noopener external nofollow\">Bra\u00f1a de La Pornacal<\/a>, la m\u00e1s extensa y mejor conservada del concejo y a tan solo 5 kms.<\/p>\n<p>&nbsp;<\/p>\n<p><a href=\"https:\/\/static-blogs.elcomercio.es\/wp-content\/uploads\/sites\/13\/2020\/12\/P00526-100832.jpg\"><img loading=\"lazy\" class=\"alignnone size-full wp-image-7148\" src=\"https:\/\/static-blogs.elcomercio.es\/wp-content\/uploads\/sites\/13\/2020\/12\/P00526-100832.jpg\" alt=\"\" width=\"370\" height=\"500\" srcset=\"https:\/\/static-blogs.elcomercio.es\/wp-content\/uploads\/sites\/13\/2020\/12\/P00526-100832.jpg 370w, https:\/\/static-blogs.elcomercio.es\/wp-content\/uploads\/sites\/13\/2020\/12\/P00526-100832-222x300.jpg 222w\" sizes=\"(max-width: 370px) 100vw, 370px\" \/><\/a><\/p>\n<p>&nbsp;<\/p>\n<p><a href=\"https:\/\/static-blogs.elcomercio.es\/wp-content\/uploads\/sites\/13\/2020\/12\/P00526-100445.jpg\"><img loading=\"lazy\" class=\"alignnone size-full wp-image-7146\" src=\"https:\/\/static-blogs.elcomercio.es\/wp-content\/uploads\/sites\/13\/2020\/12\/P00526-100445.jpg\" alt=\"\" width=\"600\" height=\"444\" srcset=\"https:\/\/static-blogs.elcomercio.es\/wp-content\/uploads\/sites\/13\/2020\/12\/P00526-100445.jpg 600w, https:\/\/static-blogs.elcomercio.es\/wp-content\/uploads\/sites\/13\/2020\/12\/P00526-100445-300x222.jpg 300w\" sizes=\"(max-width: 600px) 100vw, 600px\" \/><\/a><\/p>\n<p>&nbsp;<\/p>\n<p>Muy pr\u00f3ximo se encuentra un mirador el cual, a su vez, podr\u00eda servirnos en otra ocasi\u00f3n, como posible comedor.<\/p>\n<p>&nbsp;<\/p>\n<p><a href=\"https:\/\/static-blogs.elcomercio.es\/wp-content\/uploads\/sites\/13\/2020\/12\/P00526-100304-1.jpg\"><img loading=\"lazy\" class=\"alignnone size-full wp-image-7165\" src=\"https:\/\/static-blogs.elcomercio.es\/wp-content\/uploads\/sites\/13\/2020\/12\/P00526-100304-1.jpg\" alt=\"\" width=\"600\" height=\"444\" srcset=\"https:\/\/static-blogs.elcomercio.es\/wp-content\/uploads\/sites\/13\/2020\/12\/P00526-100304-1.jpg 600w, https:\/\/static-blogs.elcomercio.es\/wp-content\/uploads\/sites\/13\/2020\/12\/P00526-100304-1-300x222.jpg 300w\" sizes=\"(max-width: 600px) 100vw, 600px\" \/><\/a><\/p>\n<p>&nbsp;<\/p>\n<p><a href=\"https:\/\/static-blogs.elcomercio.es\/wp-content\/uploads\/sites\/13\/2020\/12\/P00526-100634-1.jpg\"><img loading=\"lazy\" class=\"alignnone size-full wp-image-7168\" src=\"https:\/\/static-blogs.elcomercio.es\/wp-content\/uploads\/sites\/13\/2020\/12\/P00526-100634-1.jpg\" alt=\"\" width=\"600\" height=\"451\" srcset=\"https:\/\/static-blogs.elcomercio.es\/wp-content\/uploads\/sites\/13\/2020\/12\/P00526-100634-1.jpg 600w, https:\/\/static-blogs.elcomercio.es\/wp-content\/uploads\/sites\/13\/2020\/12\/P00526-100634-1-300x226.jpg 300w\" sizes=\"(max-width: 600px) 100vw, 600px\" \/><\/a><\/p>\n<p>&nbsp;<\/p>\n<p><a href=\"https:\/\/static-blogs.elcomercio.es\/wp-content\/uploads\/sites\/13\/2020\/12\/P00526-100417.jpg\"><img loading=\"lazy\" class=\"alignnone size-full wp-image-7145\" src=\"https:\/\/static-blogs.elcomercio.es\/wp-content\/uploads\/sites\/13\/2020\/12\/P00526-100417.jpg\" alt=\"\" width=\"600\" height=\"444\" srcset=\"https:\/\/static-blogs.elcomercio.es\/wp-content\/uploads\/sites\/13\/2020\/12\/P00526-100417.jpg 600w, https:\/\/static-blogs.elcomercio.es\/wp-content\/uploads\/sites\/13\/2020\/12\/P00526-100417-300x222.jpg 300w\" sizes=\"(max-width: 600px) 100vw, 600px\" \/><\/a><\/p>\n<p>&nbsp;<\/p>\n<p>La ma\u00f1ana va avanzando y mi siguiente destino nos espera a &#8220;<em>Trailera<\/em>&#8221; y a mi as\u00ed que me despido de Villar de Vildas, de sus habitantes y, por supuesto, de su inminente belleza. La belleza que salpica los rincones somedanos y que solo podemos encontrar en el para\u00edso, en Asturias.<\/p>\n<!-- AddThis Advanced Settings generic via filter on the_content --><!-- AddThis Share Buttons generic via filter on the_content -->","protected":false},"excerpt":{"rendered":"<p>Elegido Pueblo Ejemplar en el a\u00f1o 2004, esta aldea somedana ubicada en el Valle del Pig\u00fce\u00f1a nos trasladar\u00e1 esta semana hasta la Asturias profunda, la que sorprende siempre que se la va conociendo y de la que, poco a poco, vamos descubriendo nuevos rincones en este blog.\u00a0Comencemos a recorrer este peque\u00f1o recoveco paradis\u00edaco en el [&hellip;]<!-- AddThis Advanced Settings generic via filter on get_the_excerpt --><!-- AddThis Share Buttons generic via filter on get_the_excerpt --><\/p>\n","protected":false},"author":14,"featured_media":7153,"comment_status":"open","ping_status":"closed","sticky":false,"template":"","format":"standard","meta":[],"categories":[77],"tags":[173,1297,430,638,691,771,1296],"_links":{"self":[{"href":"https:\/\/blogs.elcomercio.es\/explorando-paraiso-moto\/wp-json\/wp\/v2\/posts\/7170"}],"collection":[{"href":"https:\/\/blogs.elcomercio.es\/explorando-paraiso-moto\/wp-json\/wp\/v2\/posts"}],"about":[{"href":"https:\/\/blogs.elcomercio.es\/explorando-paraiso-moto\/wp-json\/wp\/v2\/types\/post"}],"author":[{"embeddable":true,"href":"https:\/\/blogs.elcomercio.es\/explorando-paraiso-moto\/wp-json\/wp\/v2\/users\/14"}],"replies":[{"embeddable":true,"href":"https:\/\/blogs.elcomercio.es\/explorando-paraiso-moto\/wp-json\/wp\/v2\/comments?post=7170"}],"version-history":[{"count":4,"href":"https:\/\/blogs.elcomercio.es\/explorando-paraiso-moto\/wp-json\/wp\/v2\/posts\/7170\/revisions"}],"predecessor-version":[{"id":7229,"href":"https:\/\/blogs.elcomercio.es\/explorando-paraiso-moto\/wp-json\/wp\/v2\/posts\/7170\/revisions\/7229"}],"wp:featuredmedia":[{"embeddable":true,"href":"https:\/\/blogs.elcomercio.es\/explorando-paraiso-moto\/wp-json\/wp\/v2\/media\/7153"}],"wp:attachment":[{"href":"https:\/\/blogs.elcomercio.es\/explorando-paraiso-moto\/wp-json\/wp\/v2\/media?parent=7170"}],"wp:term":[{"taxonomy":"category","embeddable":true,"href":"https:\/\/blogs.elcomercio.es\/explorando-paraiso-moto\/wp-json\/wp\/v2\/categories?post=7170"},{"taxonomy":"post_tag","embeddable":true,"href":"https:\/\/blogs.elcomercio.es\/explorando-paraiso-moto\/wp-json\/wp\/v2\/tags?post=7170"}],"curies":[{"name":"wp","href":"https:\/\/api.w.org\/{rel}","templated":true}]}}