{"id":7194,"date":"2021-01-24T18:57:23","date_gmt":"2021-01-24T17:57:23","guid":{"rendered":"https:\/\/blogs.elcomercio.es\/explorando-paraiso-moto\/?p=7194"},"modified":"2021-01-24T18:57:23","modified_gmt":"2021-01-24T17:57:23","slug":"rincones-de-somiedo-las-morteras","status":"publish","type":"post","link":"https:\/\/blogs.elcomercio.es\/explorando-paraiso-moto\/2021\/01\/24\/rincones-de-somiedo-las-morteras\/","title":{"rendered":"Rincones de Somiedo: Las Morteras"},"content":{"rendered":"<p>Hace m\u00e1s de un a\u00f1o que mi amigo Cuco me recomend\u00f3 que la pr\u00f3xima vez que ascendiera hasta el archiconocido Puerto de San Lorenzo, hiciera una parada en el patio de su iglesia, dedicada a San Esteban y ubicada, como todo el pueblo, a 860 metros de altitud y\u00a0 a la vera de la AS-265, para contemplar su excelente techo as\u00ed como de las vistas que desde all\u00ed podremos disfrutar. As\u00ed que esta semana os llevar\u00e9 hasta este peque\u00f1o pueblo somedano para explorar y descubrir sus recovecos.<\/p>\n<p>Despu\u00e9s de hacer la visita a Villar de Vildas, elegido Pueblo Ejemplar en el a\u00f1o 2004, sal\u00ed rumbo a casa realizando un peque\u00f1o alto en este lugar y poder as\u00ed quitarlo de mi lista de &#8220;pendientes&#8221;.Eran aproximadamente las 10:30 horas cuando &#8220;Trailera&#8221; y yo lleg\u00e1bamos a nuestro destino.<\/p>\n<p>&nbsp;<\/p>\n<p><a href=\"https:\/\/static-blogs.elcomercio.es\/wp-content\/uploads\/sites\/13\/2020\/12\/P00526-104304.jpg\"><img loading=\"lazy\" class=\"alignnone size-full wp-image-7173\" src=\"https:\/\/static-blogs.elcomercio.es\/wp-content\/uploads\/sites\/13\/2020\/12\/P00526-104304.jpg\" alt=\"\" width=\"600\" height=\"444\" srcset=\"https:\/\/static-blogs.elcomercio.es\/wp-content\/uploads\/sites\/13\/2020\/12\/P00526-104304.jpg 600w, https:\/\/static-blogs.elcomercio.es\/wp-content\/uploads\/sites\/13\/2020\/12\/P00526-104304-300x222.jpg 300w\" sizes=\"(max-width: 600px) 100vw, 600px\" \/><\/a><\/p>\n<p>&nbsp;<\/p>\n<p><a href=\"https:\/\/static-blogs.elcomercio.es\/wp-content\/uploads\/sites\/13\/2020\/12\/P00526-104617.jpg\"><img loading=\"lazy\" class=\"alignnone size-full wp-image-7175\" src=\"https:\/\/static-blogs.elcomercio.es\/wp-content\/uploads\/sites\/13\/2020\/12\/P00526-104617.jpg\" alt=\"\" width=\"600\" height=\"444\" srcset=\"https:\/\/static-blogs.elcomercio.es\/wp-content\/uploads\/sites\/13\/2020\/12\/P00526-104617.jpg 600w, https:\/\/static-blogs.elcomercio.es\/wp-content\/uploads\/sites\/13\/2020\/12\/P00526-104617-300x222.jpg 300w\" sizes=\"(max-width: 600px) 100vw, 600px\" \/><\/a><\/p>\n<p>&nbsp;<\/p>\n<p>Como bien dijo Cuco, la techumbre de su iglesia llama la atenci\u00f3n.<\/p>\n<p>&nbsp;<\/p>\n<p><a href=\"https:\/\/static-blogs.elcomercio.es\/wp-content\/uploads\/sites\/13\/2020\/12\/P00526-105140.jpg\"><img loading=\"lazy\" class=\"alignnone size-full wp-image-7179\" src=\"https:\/\/static-blogs.elcomercio.es\/wp-content\/uploads\/sites\/13\/2020\/12\/P00526-105140.jpg\" alt=\"\" width=\"600\" height=\"444\" srcset=\"https:\/\/static-blogs.elcomercio.es\/wp-content\/uploads\/sites\/13\/2020\/12\/P00526-105140.jpg 600w, https:\/\/static-blogs.elcomercio.es\/wp-content\/uploads\/sites\/13\/2020\/12\/P00526-105140-300x222.jpg 300w\" sizes=\"(max-width: 600px) 100vw, 600px\" \/><\/a><\/p>\n<p>&nbsp;<\/p>\n<p><a href=\"https:\/\/static-blogs.elcomercio.es\/wp-content\/uploads\/sites\/13\/2020\/12\/P00526-105325.jpg\"><img loading=\"lazy\" class=\"alignnone size-full wp-image-7180\" src=\"https:\/\/static-blogs.elcomercio.es\/wp-content\/uploads\/sites\/13\/2020\/12\/P00526-105325.jpg\" alt=\"\" width=\"600\" height=\"444\" srcset=\"https:\/\/static-blogs.elcomercio.es\/wp-content\/uploads\/sites\/13\/2020\/12\/P00526-105325.jpg 600w, https:\/\/static-blogs.elcomercio.es\/wp-content\/uploads\/sites\/13\/2020\/12\/P00526-105325-300x222.jpg 300w\" sizes=\"(max-width: 600px) 100vw, 600px\" \/><\/a><\/p>\n<p>&nbsp;<\/p>\n<p><a href=\"https:\/\/static-blogs.elcomercio.es\/wp-content\/uploads\/sites\/13\/2020\/12\/P00526-105520.jpg\"><img loading=\"lazy\" class=\"alignnone size-full wp-image-7186\" src=\"https:\/\/static-blogs.elcomercio.es\/wp-content\/uploads\/sites\/13\/2020\/12\/P00526-105520.jpg\" alt=\"\" width=\"600\" height=\"444\" srcset=\"https:\/\/static-blogs.elcomercio.es\/wp-content\/uploads\/sites\/13\/2020\/12\/P00526-105520.jpg 600w, https:\/\/static-blogs.elcomercio.es\/wp-content\/uploads\/sites\/13\/2020\/12\/P00526-105520-300x222.jpg 300w\" sizes=\"(max-width: 600px) 100vw, 600px\" \/><\/a><\/p>\n<p>&nbsp;<\/p>\n<p>Desde ella, un aut\u00e9ntico mirador al para\u00edso.<\/p>\n<p>&nbsp;<\/p>\n<p><a href=\"https:\/\/static-blogs.elcomercio.es\/wp-content\/uploads\/sites\/13\/2020\/12\/P00526-105342.jpg\"><img loading=\"lazy\" class=\"alignnone size-full wp-image-7182\" src=\"https:\/\/static-blogs.elcomercio.es\/wp-content\/uploads\/sites\/13\/2020\/12\/P00526-105342.jpg\" alt=\"\" width=\"600\" height=\"444\" srcset=\"https:\/\/static-blogs.elcomercio.es\/wp-content\/uploads\/sites\/13\/2020\/12\/P00526-105342.jpg 600w, https:\/\/static-blogs.elcomercio.es\/wp-content\/uploads\/sites\/13\/2020\/12\/P00526-105342-300x222.jpg 300w\" sizes=\"(max-width: 600px) 100vw, 600px\" \/><\/a><\/p>\n<p>&nbsp;<\/p>\n<p><a href=\"https:\/\/static-blogs.elcomercio.es\/wp-content\/uploads\/sites\/13\/2020\/12\/P00526-105513.jpg\"><img loading=\"lazy\" class=\"alignnone size-full wp-image-7185\" src=\"https:\/\/static-blogs.elcomercio.es\/wp-content\/uploads\/sites\/13\/2020\/12\/P00526-105513.jpg\" alt=\"\" width=\"600\" height=\"444\" srcset=\"https:\/\/static-blogs.elcomercio.es\/wp-content\/uploads\/sites\/13\/2020\/12\/P00526-105513.jpg 600w, https:\/\/static-blogs.elcomercio.es\/wp-content\/uploads\/sites\/13\/2020\/12\/P00526-105513-300x222.jpg 300w\" sizes=\"(max-width: 600px) 100vw, 600px\" \/><\/a><\/p>\n<p>&nbsp;<\/p>\n<p><a href=\"https:\/\/static-blogs.elcomercio.es\/wp-content\/uploads\/sites\/13\/2020\/12\/P00526-104558.jpg\"><img loading=\"lazy\" class=\"alignnone size-full wp-image-7174\" src=\"https:\/\/static-blogs.elcomercio.es\/wp-content\/uploads\/sites\/13\/2020\/12\/P00526-104558.jpg\" alt=\"\" width=\"600\" height=\"444\" srcset=\"https:\/\/static-blogs.elcomercio.es\/wp-content\/uploads\/sites\/13\/2020\/12\/P00526-104558.jpg 600w, https:\/\/static-blogs.elcomercio.es\/wp-content\/uploads\/sites\/13\/2020\/12\/P00526-104558-300x222.jpg 300w\" sizes=\"(max-width: 600px) 100vw, 600px\" \/><\/a><\/p>\n<p>&nbsp;<\/p>\n<p>Una se\u00f1ora del pueblo me coment\u00f3 que antes el techo era mucho m\u00e1s amplio y que llegaba hasta la portilla pero que, nadie mir\u00f3 por ello y por eso, a d\u00eda de hoy, solo se conserva lo que vemos. En San Esteban fue enterrado Diego Fl\u00f3rez de Vald\u00e9s, marino en la carrera de Indias y general de la Armada Invencible junto a su esposa Mar\u00eda Men\u00e9ndez de Avil\u00e9s y Vald\u00e9s.<\/p>\n<p>&nbsp;<\/p>\n<p><a href=\"https:\/\/static-blogs.elcomercio.es\/wp-content\/uploads\/sites\/13\/2020\/12\/P00526-105358.jpg\"><img loading=\"lazy\" class=\"alignnone size-full wp-image-7183\" src=\"https:\/\/static-blogs.elcomercio.es\/wp-content\/uploads\/sites\/13\/2020\/12\/P00526-105358.jpg\" alt=\"\" width=\"600\" height=\"444\" srcset=\"https:\/\/static-blogs.elcomercio.es\/wp-content\/uploads\/sites\/13\/2020\/12\/P00526-105358.jpg 600w, https:\/\/static-blogs.elcomercio.es\/wp-content\/uploads\/sites\/13\/2020\/12\/P00526-105358-300x222.jpg 300w\" sizes=\"(max-width: 600px) 100vw, 600px\" \/><\/a><\/p>\n<p>&nbsp;<\/p>\n<p><a href=\"https:\/\/static-blogs.elcomercio.es\/wp-content\/uploads\/sites\/13\/2020\/12\/P00526-104836.jpg\"><img loading=\"lazy\" class=\"alignnone size-full wp-image-7177\" src=\"https:\/\/static-blogs.elcomercio.es\/wp-content\/uploads\/sites\/13\/2020\/12\/P00526-104836.jpg\" alt=\"\" width=\"600\" height=\"444\" srcset=\"https:\/\/static-blogs.elcomercio.es\/wp-content\/uploads\/sites\/13\/2020\/12\/P00526-104836.jpg 600w, https:\/\/static-blogs.elcomercio.es\/wp-content\/uploads\/sites\/13\/2020\/12\/P00526-104836-300x222.jpg 300w\" sizes=\"(max-width: 600px) 100vw, 600px\" \/><\/a><\/p>\n<p>&nbsp;<\/p>\n<p>Pocos viandantes en el camino y, eso s\u00ed, alguna moto pasar.<\/p>\n<p>&nbsp;<\/p>\n<p><a href=\"https:\/\/static-blogs.elcomercio.es\/wp-content\/uploads\/sites\/13\/2020\/12\/P00526-105331.jpg\"><img loading=\"lazy\" class=\"alignnone size-full wp-image-7181\" src=\"https:\/\/static-blogs.elcomercio.es\/wp-content\/uploads\/sites\/13\/2020\/12\/P00526-105331.jpg\" alt=\"\" width=\"600\" height=\"444\" srcset=\"https:\/\/static-blogs.elcomercio.es\/wp-content\/uploads\/sites\/13\/2020\/12\/P00526-105331.jpg 600w, https:\/\/static-blogs.elcomercio.es\/wp-content\/uploads\/sites\/13\/2020\/12\/P00526-105331-300x222.jpg 300w\" sizes=\"(max-width: 600px) 100vw, 600px\" \/><\/a><\/p>\n<p>&nbsp;<\/p>\n<p>La misma se\u00f1ora me coment\u00f3 que en la monta\u00f1a de enfrente hace unos 3 a\u00f1os apareci\u00f3 una osa y su osezno y que fue hasta la televisi\u00f3n a grabarles pero que ahora ya no se ven. Me despido de ella agradeci\u00e9ndole su amabilidad por sus comentarios y explor\u00e9 Las Morteras sin prisa, como se merece.<\/p>\n<p>&nbsp;<\/p>\n<p><a href=\"https:\/\/static-blogs.elcomercio.es\/wp-content\/uploads\/sites\/13\/2020\/12\/P00526-105849.jpg\"><img loading=\"lazy\" class=\"alignnone size-full wp-image-7193\" src=\"https:\/\/static-blogs.elcomercio.es\/wp-content\/uploads\/sites\/13\/2020\/12\/P00526-105849.jpg\" alt=\"\" width=\"600\" height=\"444\" srcset=\"https:\/\/static-blogs.elcomercio.es\/wp-content\/uploads\/sites\/13\/2020\/12\/P00526-105849.jpg 600w, https:\/\/static-blogs.elcomercio.es\/wp-content\/uploads\/sites\/13\/2020\/12\/P00526-105849-300x222.jpg 300w\" sizes=\"(max-width: 600px) 100vw, 600px\" \/><\/a><\/p>\n<p>&nbsp;<\/p>\n<p><a href=\"https:\/\/static-blogs.elcomercio.es\/wp-content\/uploads\/sites\/13\/2020\/12\/P00526-105801.jpg\"><img loading=\"lazy\" class=\"alignnone size-full wp-image-7190\" src=\"https:\/\/static-blogs.elcomercio.es\/wp-content\/uploads\/sites\/13\/2020\/12\/P00526-105801.jpg\" alt=\"\" width=\"600\" height=\"444\" srcset=\"https:\/\/static-blogs.elcomercio.es\/wp-content\/uploads\/sites\/13\/2020\/12\/P00526-105801.jpg 600w, https:\/\/static-blogs.elcomercio.es\/wp-content\/uploads\/sites\/13\/2020\/12\/P00526-105801-300x222.jpg 300w\" sizes=\"(max-width: 600px) 100vw, 600px\" \/><\/a><\/p>\n<p>&nbsp;<\/p>\n<p>Detalles<\/p>\n<p>&nbsp;<\/p>\n<p><a href=\"https:\/\/static-blogs.elcomercio.es\/wp-content\/uploads\/sites\/13\/2020\/12\/P00526-105719.jpg\"><img loading=\"lazy\" class=\"alignnone size-full wp-image-7189\" src=\"https:\/\/static-blogs.elcomercio.es\/wp-content\/uploads\/sites\/13\/2020\/12\/P00526-105719.jpg\" alt=\"\" width=\"600\" height=\"444\" srcset=\"https:\/\/static-blogs.elcomercio.es\/wp-content\/uploads\/sites\/13\/2020\/12\/P00526-105719.jpg 600w, https:\/\/static-blogs.elcomercio.es\/wp-content\/uploads\/sites\/13\/2020\/12\/P00526-105719-300x222.jpg 300w\" sizes=\"(max-width: 600px) 100vw, 600px\" \/><\/a><\/p>\n<p>&nbsp;<\/p>\n<p>Por si acaso, no saltaremos.<\/p>\n<p>&nbsp;<\/p>\n<p><a href=\"https:\/\/static-blogs.elcomercio.es\/wp-content\/uploads\/sites\/13\/2020\/12\/P00526-105819.jpg\"><img loading=\"lazy\" class=\"alignnone size-full wp-image-7191\" src=\"https:\/\/static-blogs.elcomercio.es\/wp-content\/uploads\/sites\/13\/2020\/12\/P00526-105819.jpg\" alt=\"\" width=\"600\" height=\"444\" srcset=\"https:\/\/static-blogs.elcomercio.es\/wp-content\/uploads\/sites\/13\/2020\/12\/P00526-105819.jpg 600w, https:\/\/static-blogs.elcomercio.es\/wp-content\/uploads\/sites\/13\/2020\/12\/P00526-105819-300x222.jpg 300w\" sizes=\"(max-width: 600px) 100vw, 600px\" \/><\/a><\/p>\n<p>&nbsp;<\/p>\n<p>No nos hace falta hacerlo para poder elevar la vista y alcanzar los tejados de sus casas, sobre los cuales asoma el para\u00edso.<\/p>\n<p>&nbsp;<\/p>\n<p><a href=\"https:\/\/static-blogs.elcomercio.es\/wp-content\/uploads\/sites\/13\/2020\/12\/P00526-105701.jpg\"><img loading=\"lazy\" class=\"alignnone size-full wp-image-7188\" src=\"https:\/\/static-blogs.elcomercio.es\/wp-content\/uploads\/sites\/13\/2020\/12\/P00526-105701.jpg\" alt=\"\" width=\"600\" height=\"444\" srcset=\"https:\/\/static-blogs.elcomercio.es\/wp-content\/uploads\/sites\/13\/2020\/12\/P00526-105701.jpg 600w, https:\/\/static-blogs.elcomercio.es\/wp-content\/uploads\/sites\/13\/2020\/12\/P00526-105701-300x222.jpg 300w\" sizes=\"(max-width: 600px) 100vw, 600px\" \/><\/a><\/p>\n<p>&nbsp;<\/p>\n<p>A\u00fan hay ventanas cerradas.<\/p>\n<p>&nbsp;<\/p>\n<p><a href=\"https:\/\/static-blogs.elcomercio.es\/wp-content\/uploads\/sites\/13\/2020\/12\/P00526-105826.jpg\"><img loading=\"lazy\" class=\"alignnone size-full wp-image-7192\" src=\"https:\/\/static-blogs.elcomercio.es\/wp-content\/uploads\/sites\/13\/2020\/12\/P00526-105826.jpg\" alt=\"\" width=\"600\" height=\"444\" srcset=\"https:\/\/static-blogs.elcomercio.es\/wp-content\/uploads\/sites\/13\/2020\/12\/P00526-105826.jpg 600w, https:\/\/static-blogs.elcomercio.es\/wp-content\/uploads\/sites\/13\/2020\/12\/P00526-105826-300x222.jpg 300w\" sizes=\"(max-width: 600px) 100vw, 600px\" \/><\/a><\/p>\n<p>&nbsp;<\/p>\n<p>Un lugar, Las Morteras, que pese a que su importancia hist\u00f3rica ha ca\u00eddo en el olvido para muchos, merece la pena ser recordado y ense\u00f1ado al mundo. Una verdadera atalaya natural al para\u00edso asturiano en la que seguro, m\u00e1s de uno despu\u00e9s de ver este peque\u00f1o reportaje, decidir\u00e1 hacer una parada cuando ascienda el m\u00edtico Puerto de San Lorenzo.\u00a1Nos vemos en el siguiente destino!.<\/p>\n<!-- AddThis Advanced Settings generic via filter on the_content --><!-- AddThis Share Buttons generic via filter on the_content -->","protected":false},"excerpt":{"rendered":"<p>Hace m\u00e1s de un a\u00f1o que mi amigo Cuco me recomend\u00f3 que la pr\u00f3xima vez que ascendiera hasta el archiconocido Puerto de San Lorenzo, hiciera una parada en el patio de su iglesia, dedicada a San Esteban y ubicada, como todo el pueblo, a 860 metros de altitud y\u00a0 a la vera de la AS-265, [&hellip;]<!-- AddThis Advanced Settings generic via filter on get_the_excerpt --><!-- AddThis Share Buttons generic via filter on get_the_excerpt --><\/p>\n","protected":false},"author":14,"featured_media":7176,"comment_status":"open","ping_status":"closed","sticky":false,"template":"","format":"standard","meta":[],"categories":[77],"tags":[1299,430,1300,1298,638,691,915,916],"_links":{"self":[{"href":"https:\/\/blogs.elcomercio.es\/explorando-paraiso-moto\/wp-json\/wp\/v2\/posts\/7194"}],"collection":[{"href":"https:\/\/blogs.elcomercio.es\/explorando-paraiso-moto\/wp-json\/wp\/v2\/posts"}],"about":[{"href":"https:\/\/blogs.elcomercio.es\/explorando-paraiso-moto\/wp-json\/wp\/v2\/types\/post"}],"author":[{"embeddable":true,"href":"https:\/\/blogs.elcomercio.es\/explorando-paraiso-moto\/wp-json\/wp\/v2\/users\/14"}],"replies":[{"embeddable":true,"href":"https:\/\/blogs.elcomercio.es\/explorando-paraiso-moto\/wp-json\/wp\/v2\/comments?post=7194"}],"version-history":[{"count":2,"href":"https:\/\/blogs.elcomercio.es\/explorando-paraiso-moto\/wp-json\/wp\/v2\/posts\/7194\/revisions"}],"predecessor-version":[{"id":7231,"href":"https:\/\/blogs.elcomercio.es\/explorando-paraiso-moto\/wp-json\/wp\/v2\/posts\/7194\/revisions\/7231"}],"wp:featuredmedia":[{"embeddable":true,"href":"https:\/\/blogs.elcomercio.es\/explorando-paraiso-moto\/wp-json\/wp\/v2\/media\/7176"}],"wp:attachment":[{"href":"https:\/\/blogs.elcomercio.es\/explorando-paraiso-moto\/wp-json\/wp\/v2\/media?parent=7194"}],"wp:term":[{"taxonomy":"category","embeddable":true,"href":"https:\/\/blogs.elcomercio.es\/explorando-paraiso-moto\/wp-json\/wp\/v2\/categories?post=7194"},{"taxonomy":"post_tag","embeddable":true,"href":"https:\/\/blogs.elcomercio.es\/explorando-paraiso-moto\/wp-json\/wp\/v2\/tags?post=7194"}],"curies":[{"name":"wp","href":"https:\/\/api.w.org\/{rel}","templated":true}]}}