{"id":7223,"date":"2021-01-30T20:25:30","date_gmt":"2021-01-30T19:25:30","guid":{"rendered":"https:\/\/blogs.elcomercio.es\/explorando-paraiso-moto\/?p=7223"},"modified":"2021-01-30T20:25:30","modified_gmt":"2021-01-30T19:25:30","slug":"explorando-en-moto-el-valle-de-turon-urbies","status":"publish","type":"post","link":"https:\/\/blogs.elcomercio.es\/explorando-paraiso-moto\/2021\/01\/30\/explorando-en-moto-el-valle-de-turon-urbies\/","title":{"rendered":"Explorando en moto el valle de Tur\u00f3n: Urbi\u00e9s"},"content":{"rendered":"<p>Situado en la parte alta del valle de Tur\u00f3n, este rinc\u00f3n del concejo de Mieres se convierte en protagonista de nuestro relato de hoy y, es que si hay algo que siempre digo, es que me gusta explorar aquellas zonas menos conocidas del para\u00edso asturiano no solo por el hecho de ense\u00f1arlas y que haya personas que puedan acceder a ellas, sino y, sobre todo, porque me encanta descubrirlos a nivel personal y de esa forma enriquecerme culturalmente. La informaci\u00f3n la dejo plasmada en este <em>blog<\/em>\u00a0(que ha cumplido ya sus seis a\u00f1os de vida el pasado mes de diciembre) para quien la quiera usar y resulta realmente gratificante que haya personas que est\u00e9n descubriendo rincones gracias a el. As\u00ed que, sin demora, comencemos a explorar un poquito m\u00e1s de este trocito de la <a href=\"https:\/\/www.mcasturias.org\/\" target=\"_blank\" rel=\"noopener external nofollow\">Monta\u00f1a Central Asturiana<\/a>.<\/p>\n<p>Inici\u00e9 el ascenso desde Cia\u00f1o, en el concejo de Langreo, donde podr\u00e9is disfrutar de importantes construcciones hist\u00f3ricas como La Torre Medieval de La Quintana, La Casona de los Sol\u00eds, la Casa de la Buelga,\u00a0 la Casa de los Alberti, el Palacio de los Marqueses de San F\u00e9liz, o la iglesia de San Esteban. Estamos en la cuenca minera y eso se hace notar en el paisaje. De hecho, recomendaci\u00f3n obligada ser\u00eda una visita al <a href=\"http:\/\/www.ecomuseominero.es\/\" target=\"_blank\" rel=\"noopener external nofollow\">Ecomuseo Minero Valle de Samu\u00f1o<\/a> y al Pozo San Lu\u00eds.<\/p>\n<p>&nbsp;<\/p>\n<p><a href=\"https:\/\/static-blogs.elcomercio.es\/wp-content\/uploads\/sites\/13\/2020\/12\/IMG20200719153034.jpg\"><img loading=\"lazy\" class=\"alignnone size-full wp-image-7215\" src=\"https:\/\/static-blogs.elcomercio.es\/wp-content\/uploads\/sites\/13\/2020\/12\/IMG20200719153034.jpg\" alt=\"\" width=\"604\" height=\"454\" srcset=\"https:\/\/static-blogs.elcomercio.es\/wp-content\/uploads\/sites\/13\/2020\/12\/IMG20200719153034.jpg 604w, https:\/\/static-blogs.elcomercio.es\/wp-content\/uploads\/sites\/13\/2020\/12\/IMG20200719153034-300x225.jpg 300w\" sizes=\"(max-width: 604px) 100vw, 604px\" \/><\/a><\/p>\n<p>&nbsp;<\/p>\n<p><a href=\"https:\/\/static-blogs.elcomercio.es\/wp-content\/uploads\/sites\/13\/2020\/12\/IMG20200719153020.jpg\"><img loading=\"lazy\" class=\"alignnone size-full wp-image-7214\" src=\"https:\/\/static-blogs.elcomercio.es\/wp-content\/uploads\/sites\/13\/2020\/12\/IMG20200719153020.jpg\" alt=\"\" width=\"604\" height=\"454\" srcset=\"https:\/\/static-blogs.elcomercio.es\/wp-content\/uploads\/sites\/13\/2020\/12\/IMG20200719153020.jpg 604w, https:\/\/static-blogs.elcomercio.es\/wp-content\/uploads\/sites\/13\/2020\/12\/IMG20200719153020-300x225.jpg 300w\" sizes=\"(max-width: 604px) 100vw, 604px\" \/><\/a><\/p>\n<p>&nbsp;<\/p>\n<p>La carretera LA-7 conseguir\u00e1 sorprendernos y, en ella, pese a que las condiciones climatol\u00f3gicas no eran del todo favorables, pude disfrutar de unas vistas impresionantes del entorno.<\/p>\n<p>&nbsp;<\/p>\n<p><a href=\"https:\/\/static-blogs.elcomercio.es\/wp-content\/uploads\/sites\/13\/2020\/12\/IMG20200719154721.jpg\"><img loading=\"lazy\" class=\"alignnone size-full wp-image-7217\" src=\"https:\/\/static-blogs.elcomercio.es\/wp-content\/uploads\/sites\/13\/2020\/12\/IMG20200719154721.jpg\" alt=\"\" width=\"604\" height=\"454\" srcset=\"https:\/\/static-blogs.elcomercio.es\/wp-content\/uploads\/sites\/13\/2020\/12\/IMG20200719154721.jpg 604w, https:\/\/static-blogs.elcomercio.es\/wp-content\/uploads\/sites\/13\/2020\/12\/IMG20200719154721-300x225.jpg 300w\" sizes=\"(max-width: 604px) 100vw, 604px\" \/><\/a><\/p>\n<p>&nbsp;<\/p>\n<p><a href=\"https:\/\/static-blogs.elcomercio.es\/wp-content\/uploads\/sites\/13\/2020\/12\/IMG20200719154420.jpg\"><img loading=\"lazy\" class=\"alignnone size-full wp-image-7216\" src=\"https:\/\/static-blogs.elcomercio.es\/wp-content\/uploads\/sites\/13\/2020\/12\/IMG20200719154420.jpg\" alt=\"\" width=\"604\" height=\"454\" srcset=\"https:\/\/static-blogs.elcomercio.es\/wp-content\/uploads\/sites\/13\/2020\/12\/IMG20200719154420.jpg 604w, https:\/\/static-blogs.elcomercio.es\/wp-content\/uploads\/sites\/13\/2020\/12\/IMG20200719154420-300x225.jpg 300w\" sizes=\"(max-width: 604px) 100vw, 604px\" \/><\/a><\/p>\n<p>&nbsp;<\/p>\n<p>Desde el Alto de la Mozqueta, un paso de monta\u00f1a poco conocido, se averigua la belleza de la tierrina. Ni siquiera la niebla pudo esconder lo que ese paisaje de postal ten\u00eda que ofrecerme.<\/p>\n<p>&nbsp;<\/p>\n<p><a href=\"https:\/\/static-blogs.elcomercio.es\/wp-content\/uploads\/sites\/13\/2020\/12\/IMG20200719155325.jpg\"><img loading=\"lazy\" class=\"alignnone size-full wp-image-7218\" src=\"https:\/\/static-blogs.elcomercio.es\/wp-content\/uploads\/sites\/13\/2020\/12\/IMG20200719155325.jpg\" alt=\"\" width=\"604\" height=\"454\" srcset=\"https:\/\/static-blogs.elcomercio.es\/wp-content\/uploads\/sites\/13\/2020\/12\/IMG20200719155325.jpg 604w, https:\/\/static-blogs.elcomercio.es\/wp-content\/uploads\/sites\/13\/2020\/12\/IMG20200719155325-300x225.jpg 300w\" sizes=\"(max-width: 604px) 100vw, 604px\" \/><\/a><\/p>\n<p>&nbsp;<\/p>\n<p><a href=\"https:\/\/static-blogs.elcomercio.es\/wp-content\/uploads\/sites\/13\/2020\/12\/IMG_5752.jpg\"><img loading=\"lazy\" class=\"alignnone size-full wp-image-7196\" src=\"https:\/\/static-blogs.elcomercio.es\/wp-content\/uploads\/sites\/13\/2020\/12\/IMG_5752.jpg\" alt=\"\" width=\"604\" height=\"404\" srcset=\"https:\/\/static-blogs.elcomercio.es\/wp-content\/uploads\/sites\/13\/2020\/12\/IMG_5752.jpg 604w, https:\/\/static-blogs.elcomercio.es\/wp-content\/uploads\/sites\/13\/2020\/12\/IMG_5752-300x201.jpg 300w\" sizes=\"(max-width: 604px) 100vw, 604px\" \/><\/a><\/p>\n<p>&nbsp;<\/p>\n<p>En estos terrenos, el ganado en numerosas ocasiones campa a sus anchas y, para los que andamos sobre dos ruedas ,eso implica extremar\u00a0 las precauciones.<\/p>\n<p>&nbsp;<\/p>\n<p><a href=\"https:\/\/static-blogs.elcomercio.es\/wp-content\/uploads\/sites\/13\/2021\/01\/IMG_5786-crop.jpg\"><img loading=\"lazy\" class=\"alignnone size-full wp-image-7236\" src=\"https:\/\/static-blogs.elcomercio.es\/wp-content\/uploads\/sites\/13\/2021\/01\/IMG_5786-crop.jpg\" alt=\"\" width=\"604\" height=\"535\" srcset=\"https:\/\/static-blogs.elcomercio.es\/wp-content\/uploads\/sites\/13\/2021\/01\/IMG_5786-crop.jpg 604w, https:\/\/static-blogs.elcomercio.es\/wp-content\/uploads\/sites\/13\/2021\/01\/IMG_5786-crop-300x266.jpg 300w\" sizes=\"(max-width: 604px) 100vw, 604px\" \/><\/a><\/p>\n<p>&nbsp;<\/p>\n<p><a href=\"https:\/\/static-blogs.elcomercio.es\/wp-content\/uploads\/sites\/13\/2020\/12\/IMG_5755.jpg\"><img loading=\"lazy\" class=\"alignnone size-full wp-image-7197\" src=\"https:\/\/static-blogs.elcomercio.es\/wp-content\/uploads\/sites\/13\/2020\/12\/IMG_5755.jpg\" alt=\"\" width=\"604\" height=\"404\" srcset=\"https:\/\/static-blogs.elcomercio.es\/wp-content\/uploads\/sites\/13\/2020\/12\/IMG_5755.jpg 604w, https:\/\/static-blogs.elcomercio.es\/wp-content\/uploads\/sites\/13\/2020\/12\/IMG_5755-300x201.jpg 300w\" sizes=\"(max-width: 604px) 100vw, 604px\" \/><\/a><\/p>\n<p>&nbsp;<\/p>\n<p>Unos 14 kil\u00f3metros, aproximadamente, separan\u00a0 Cia\u00f1o de nuestro destino de hoy el cual, sin duda, es bastante accesible. Aunque tengo que admitir que la deformaci\u00f3n profesional ha tenido algo que ver con esa observaci\u00f3n.<\/p>\n<p>&nbsp;<\/p>\n<p><a href=\"https:\/\/static-blogs.elcomercio.es\/wp-content\/uploads\/sites\/13\/2020\/12\/IMG_5762.jpg\"><img loading=\"lazy\" class=\"alignnone size-full wp-image-7201\" src=\"https:\/\/static-blogs.elcomercio.es\/wp-content\/uploads\/sites\/13\/2020\/12\/IMG_5762.jpg\" alt=\"\" width=\"604\" height=\"404\" srcset=\"https:\/\/static-blogs.elcomercio.es\/wp-content\/uploads\/sites\/13\/2020\/12\/IMG_5762.jpg 604w, https:\/\/static-blogs.elcomercio.es\/wp-content\/uploads\/sites\/13\/2020\/12\/IMG_5762-300x201.jpg 300w\" sizes=\"(max-width: 604px) 100vw, 604px\" \/><\/a><\/p>\n<p>&nbsp;<\/p>\n<p>Estacion\u00e9 a mi &#8220;<em>Trailera<\/em>&#8221; y lleg\u00f3 el momento de bajarse de la moto. A m\u00e1s de uno pareci\u00f3 no gustarle y, simplemente, decidi\u00f3, observar desde la distancia.<\/p>\n<p>&nbsp;<\/p>\n<p><a href=\"https:\/\/static-blogs.elcomercio.es\/wp-content\/uploads\/sites\/13\/2020\/12\/IMG_5760.jpg\"><img loading=\"lazy\" class=\"alignnone size-full wp-image-7200\" src=\"https:\/\/static-blogs.elcomercio.es\/wp-content\/uploads\/sites\/13\/2020\/12\/IMG_5760.jpg\" alt=\"\" width=\"604\" height=\"404\" srcset=\"https:\/\/static-blogs.elcomercio.es\/wp-content\/uploads\/sites\/13\/2020\/12\/IMG_5760.jpg 604w, https:\/\/static-blogs.elcomercio.es\/wp-content\/uploads\/sites\/13\/2020\/12\/IMG_5760-300x201.jpg 300w\" sizes=\"(max-width: 604px) 100vw, 604px\" \/><\/a><\/p>\n<p>&nbsp;<\/p>\n<p>Otros, sin embargo, salieron a recibirme sin timidez alguna.<\/p>\n<p>&nbsp;<\/p>\n<p><a href=\"https:\/\/static-blogs.elcomercio.es\/wp-content\/uploads\/sites\/13\/2020\/12\/IMG_5784.jpg\"><img loading=\"lazy\" class=\"alignnone size-full wp-image-7213\" src=\"https:\/\/static-blogs.elcomercio.es\/wp-content\/uploads\/sites\/13\/2020\/12\/IMG_5784.jpg\" alt=\"\" width=\"604\" height=\"404\" srcset=\"https:\/\/static-blogs.elcomercio.es\/wp-content\/uploads\/sites\/13\/2020\/12\/IMG_5784.jpg 604w, https:\/\/static-blogs.elcomercio.es\/wp-content\/uploads\/sites\/13\/2020\/12\/IMG_5784-300x201.jpg 300w\" sizes=\"(max-width: 604px) 100vw, 604px\" \/><\/a><\/p>\n<p>&nbsp;<\/p>\n<p><a href=\"https:\/\/static-blogs.elcomercio.es\/wp-content\/uploads\/sites\/13\/2020\/12\/IMG_5777.jpg\"><img loading=\"lazy\" class=\"alignnone size-full wp-image-7209\" src=\"https:\/\/static-blogs.elcomercio.es\/wp-content\/uploads\/sites\/13\/2020\/12\/IMG_5777.jpg\" alt=\"\" width=\"604\" height=\"404\" srcset=\"https:\/\/static-blogs.elcomercio.es\/wp-content\/uploads\/sites\/13\/2020\/12\/IMG_5777.jpg 604w, https:\/\/static-blogs.elcomercio.es\/wp-content\/uploads\/sites\/13\/2020\/12\/IMG_5777-300x201.jpg 300w\" sizes=\"(max-width: 604px) 100vw, 604px\" \/><\/a><\/p>\n<p>&nbsp;<\/p>\n<p>Era domingo y en los bares pod\u00eda oirse el griter\u00edo de las gentes disfrutando de suculentos manjares y buen vino. Alegraban el d\u00eda a su manera mientras yo, como de costumbre, lo hac\u00eda a la m\u00eda.En la parte baja del pueblo podemos encontrar numerosos rincones como este en el que una fuente solitaria se erig\u00eda testigo mudo de un lugar en el que los niveles de decibelios no eran tan elevados.<\/p>\n<p>&nbsp;<\/p>\n<p><a href=\"https:\/\/static-blogs.elcomercio.es\/wp-content\/uploads\/sites\/13\/2020\/12\/IMG_5764.jpg\"><img loading=\"lazy\" class=\"alignnone size-full wp-image-7202\" src=\"https:\/\/static-blogs.elcomercio.es\/wp-content\/uploads\/sites\/13\/2020\/12\/IMG_5764.jpg\" alt=\"\" width=\"604\" height=\"404\" srcset=\"https:\/\/static-blogs.elcomercio.es\/wp-content\/uploads\/sites\/13\/2020\/12\/IMG_5764.jpg 604w, https:\/\/static-blogs.elcomercio.es\/wp-content\/uploads\/sites\/13\/2020\/12\/IMG_5764-300x201.jpg 300w\" sizes=\"(max-width: 604px) 100vw, 604px\" \/><\/a><\/p>\n<p>&nbsp;<\/p>\n<p>El d\u00eda estaba gris s\u00ed, pero el color a\u00fan estaba presente.<\/p>\n<p>&nbsp;<\/p>\n<p><a href=\"https:\/\/static-blogs.elcomercio.es\/wp-content\/uploads\/sites\/13\/2020\/12\/IMG_5756.jpg\"><img loading=\"lazy\" class=\"alignnone size-full wp-image-7198\" src=\"https:\/\/static-blogs.elcomercio.es\/wp-content\/uploads\/sites\/13\/2020\/12\/IMG_5756.jpg\" alt=\"\" width=\"604\" height=\"404\" srcset=\"https:\/\/static-blogs.elcomercio.es\/wp-content\/uploads\/sites\/13\/2020\/12\/IMG_5756.jpg 604w, https:\/\/static-blogs.elcomercio.es\/wp-content\/uploads\/sites\/13\/2020\/12\/IMG_5756-300x201.jpg 300w\" sizes=\"(max-width: 604px) 100vw, 604px\" \/><\/a><\/p>\n<p>&nbsp;<\/p>\n<p>Y si ascendemos un poco m\u00e1s, las vistas se abren al para\u00edso.<\/p>\n<p>&nbsp;<\/p>\n<p><a href=\"https:\/\/static-blogs.elcomercio.es\/wp-content\/uploads\/sites\/13\/2020\/12\/IMG_5781.jpg\"><img loading=\"lazy\" class=\"alignnone size-full wp-image-7212\" src=\"https:\/\/static-blogs.elcomercio.es\/wp-content\/uploads\/sites\/13\/2020\/12\/IMG_5781.jpg\" alt=\"\" width=\"604\" height=\"404\" srcset=\"https:\/\/static-blogs.elcomercio.es\/wp-content\/uploads\/sites\/13\/2020\/12\/IMG_5781.jpg 604w, https:\/\/static-blogs.elcomercio.es\/wp-content\/uploads\/sites\/13\/2020\/12\/IMG_5781-300x201.jpg 300w\" sizes=\"(max-width: 604px) 100vw, 604px\" \/><\/a><\/p>\n<p>&nbsp;<\/p>\n<p>Desde lo alto la perspectiva cambia y, a su vez, se ampl\u00eda ofreciendo un abanico de colores y materiales que nos dan una peque\u00f1a idea de lo que nos encontraremos si nos acercamos hasta el pueblo.<\/p>\n<p>&nbsp;<\/p>\n<p><a href=\"https:\/\/static-blogs.elcomercio.es\/wp-content\/uploads\/sites\/13\/2020\/12\/IMG_5768.jpg\"><img loading=\"lazy\" class=\"alignnone size-full wp-image-7205\" src=\"https:\/\/static-blogs.elcomercio.es\/wp-content\/uploads\/sites\/13\/2020\/12\/IMG_5768.jpg\" alt=\"\" width=\"604\" height=\"404\" srcset=\"https:\/\/static-blogs.elcomercio.es\/wp-content\/uploads\/sites\/13\/2020\/12\/IMG_5768.jpg 604w, https:\/\/static-blogs.elcomercio.es\/wp-content\/uploads\/sites\/13\/2020\/12\/IMG_5768-300x201.jpg 300w\" sizes=\"(max-width: 604px) 100vw, 604px\" \/><\/a><\/p>\n<p>&nbsp;<\/p>\n<p><a href=\"https:\/\/static-blogs.elcomercio.es\/wp-content\/uploads\/sites\/13\/2020\/12\/IMG_5775.jpg\"><img loading=\"lazy\" class=\"alignnone size-full wp-image-7208\" src=\"https:\/\/static-blogs.elcomercio.es\/wp-content\/uploads\/sites\/13\/2020\/12\/IMG_5775.jpg\" alt=\"\" width=\"604\" height=\"404\" srcset=\"https:\/\/static-blogs.elcomercio.es\/wp-content\/uploads\/sites\/13\/2020\/12\/IMG_5775.jpg 604w, https:\/\/static-blogs.elcomercio.es\/wp-content\/uploads\/sites\/13\/2020\/12\/IMG_5775-300x201.jpg 300w\" sizes=\"(max-width: 604px) 100vw, 604px\" \/><\/a><\/p>\n<p>&nbsp;<\/p>\n<p><a href=\"https:\/\/static-blogs.elcomercio.es\/wp-content\/uploads\/sites\/13\/2020\/12\/IMG20200719160913.jpg\"><img loading=\"lazy\" class=\"alignnone size-full wp-image-7221\" src=\"https:\/\/static-blogs.elcomercio.es\/wp-content\/uploads\/sites\/13\/2020\/12\/IMG20200719160913.jpg\" alt=\"\" width=\"604\" height=\"454\" srcset=\"https:\/\/static-blogs.elcomercio.es\/wp-content\/uploads\/sites\/13\/2020\/12\/IMG20200719160913.jpg 604w, https:\/\/static-blogs.elcomercio.es\/wp-content\/uploads\/sites\/13\/2020\/12\/IMG20200719160913-300x225.jpg 300w\" sizes=\"(max-width: 604px) 100vw, 604px\" \/><\/a><\/p>\n<p>&nbsp;<\/p>\n<p>En Urbi\u00e9s podremos perdernos en recovecos como este, en los que la tranquilidad\u00a0 se adue\u00f1a del entorno y es imposible no detener nuestros relojes.<\/p>\n<p>&nbsp;<\/p>\n<p><a href=\"https:\/\/static-blogs.elcomercio.es\/wp-content\/uploads\/sites\/13\/2020\/12\/IMG_5765.jpg\"><img loading=\"lazy\" class=\"alignnone size-full wp-image-7203\" src=\"https:\/\/static-blogs.elcomercio.es\/wp-content\/uploads\/sites\/13\/2020\/12\/IMG_5765.jpg\" alt=\"\" width=\"604\" height=\"404\" srcset=\"https:\/\/static-blogs.elcomercio.es\/wp-content\/uploads\/sites\/13\/2020\/12\/IMG_5765.jpg 604w, https:\/\/static-blogs.elcomercio.es\/wp-content\/uploads\/sites\/13\/2020\/12\/IMG_5765-300x201.jpg 300w\" sizes=\"(max-width: 604px) 100vw, 604px\" \/><\/a><\/p>\n<p>&nbsp;<\/p>\n<p>Donde quiera que vayamos en nuestro recorrido, siempre va con nosotros.<\/p>\n<p>&nbsp;<\/p>\n<p><a href=\"https:\/\/static-blogs.elcomercio.es\/wp-content\/uploads\/sites\/13\/2020\/12\/IMG_5773.jpg\"><img loading=\"lazy\" class=\"alignnone size-full wp-image-7207\" src=\"https:\/\/static-blogs.elcomercio.es\/wp-content\/uploads\/sites\/13\/2020\/12\/IMG_5773.jpg\" alt=\"\" width=\"604\" height=\"404\" srcset=\"https:\/\/static-blogs.elcomercio.es\/wp-content\/uploads\/sites\/13\/2020\/12\/IMG_5773.jpg 604w, https:\/\/static-blogs.elcomercio.es\/wp-content\/uploads\/sites\/13\/2020\/12\/IMG_5773-300x201.jpg 300w\" sizes=\"(max-width: 604px) 100vw, 604px\" \/><\/a><\/p>\n<p>&nbsp;<\/p>\n<p>A\u00fan nos queda acceder\u00a0 a la parte m\u00e1s alta y ser\u00e1 de esa manera de la que llegaremos hasta el Albergue Juvenil, cuyas puertas permanecen cerradas en la actualidad.<\/p>\n<p>&nbsp;<\/p>\n<p><a href=\"https:\/\/static-blogs.elcomercio.es\/wp-content\/uploads\/sites\/13\/2020\/12\/IMG_5778.jpg\"><img loading=\"lazy\" class=\"alignnone size-full wp-image-7210\" src=\"https:\/\/static-blogs.elcomercio.es\/wp-content\/uploads\/sites\/13\/2020\/12\/IMG_5778.jpg\" alt=\"\" width=\"604\" height=\"404\" srcset=\"https:\/\/static-blogs.elcomercio.es\/wp-content\/uploads\/sites\/13\/2020\/12\/IMG_5778.jpg 604w, https:\/\/static-blogs.elcomercio.es\/wp-content\/uploads\/sites\/13\/2020\/12\/IMG_5778-300x201.jpg 300w\" sizes=\"(max-width: 604px) 100vw, 604px\" \/><\/a><\/p>\n<p>&nbsp;<\/p>\n<p>Muy pr\u00f3xima, la iglesia de Santa Mar\u00eda de Urbi\u00e9s, una construcci\u00f3n relativamente nueva construida a finales de los a\u00f1os sesenta del siglo pasado.<\/p>\n<p>&nbsp;<\/p>\n<p><a href=\"https:\/\/static-blogs.elcomercio.es\/wp-content\/uploads\/sites\/13\/2020\/12\/IMG_5779.jpg\"><img loading=\"lazy\" class=\"alignnone size-full wp-image-7211\" src=\"https:\/\/static-blogs.elcomercio.es\/wp-content\/uploads\/sites\/13\/2020\/12\/IMG_5779.jpg\" alt=\"\" width=\"267\" height=\"400\" srcset=\"https:\/\/static-blogs.elcomercio.es\/wp-content\/uploads\/sites\/13\/2020\/12\/IMG_5779.jpg 267w, https:\/\/static-blogs.elcomercio.es\/wp-content\/uploads\/sites\/13\/2020\/12\/IMG_5779-200x300.jpg 200w\" sizes=\"(max-width: 267px) 100vw, 267px\" \/><\/a><\/p>\n<p>&nbsp;<\/p>\n<p>De regreso sobre mis pasos vuelvo a escuchar el griter\u00edo de las gentes. Guardo mi c\u00e1mara en las maletas y me subo a mi moto en b\u00fasqueda de nuevos rincones asturianos. Fue as\u00ed como conoc\u00ed Urbi\u00e9s y es as\u00ed como lo relato. No es un adi\u00f3s, sino un &#8220;\u00a1Hasta luego!&#8221; porque estoy convencida de que en breve podr\u00e9 volver a disfrutar de los pueblos que conforman el impresionante Valle de Tur\u00f3n.<\/p>\n<p>&nbsp;<\/p>\n<p><a href=\"https:\/\/static-blogs.elcomercio.es\/wp-content\/uploads\/sites\/13\/2020\/12\/IMG20200719160925.jpg\"><img loading=\"lazy\" class=\"alignnone size-full wp-image-7222\" src=\"https:\/\/static-blogs.elcomercio.es\/wp-content\/uploads\/sites\/13\/2020\/12\/IMG20200719160925.jpg\" alt=\"\" width=\"604\" height=\"454\" srcset=\"https:\/\/static-blogs.elcomercio.es\/wp-content\/uploads\/sites\/13\/2020\/12\/IMG20200719160925.jpg 604w, https:\/\/static-blogs.elcomercio.es\/wp-content\/uploads\/sites\/13\/2020\/12\/IMG20200719160925-300x225.jpg 300w\" sizes=\"(max-width: 604px) 100vw, 604px\" \/><\/a><\/p>\n<!-- AddThis Advanced Settings generic via filter on the_content --><!-- AddThis Share Buttons generic via filter on the_content -->","protected":false},"excerpt":{"rendered":"<p>Situado en la parte alta del valle de Tur\u00f3n, este rinc\u00f3n del concejo de Mieres se convierte en protagonista de nuestro relato de hoy y, es que si hay algo que siempre digo, es que me gusta explorar aquellas zonas menos conocidas del para\u00edso asturiano no solo por el hecho de ense\u00f1arlas y que haya [&hellip;]<!-- AddThis Advanced Settings generic via filter on get_the_excerpt --><!-- AddThis Share Buttons generic via filter on get_the_excerpt --><\/p>\n","protected":false},"author":14,"featured_media":7219,"comment_status":"open","ping_status":"closed","sticky":false,"template":"","format":"standard","meta":[],"categories":[40],"tags":[1304,1306,430,1303,638,691,1305,1301,1302],"_links":{"self":[{"href":"https:\/\/blogs.elcomercio.es\/explorando-paraiso-moto\/wp-json\/wp\/v2\/posts\/7223"}],"collection":[{"href":"https:\/\/blogs.elcomercio.es\/explorando-paraiso-moto\/wp-json\/wp\/v2\/posts"}],"about":[{"href":"https:\/\/blogs.elcomercio.es\/explorando-paraiso-moto\/wp-json\/wp\/v2\/types\/post"}],"author":[{"embeddable":true,"href":"https:\/\/blogs.elcomercio.es\/explorando-paraiso-moto\/wp-json\/wp\/v2\/users\/14"}],"replies":[{"embeddable":true,"href":"https:\/\/blogs.elcomercio.es\/explorando-paraiso-moto\/wp-json\/wp\/v2\/comments?post=7223"}],"version-history":[{"count":6,"href":"https:\/\/blogs.elcomercio.es\/explorando-paraiso-moto\/wp-json\/wp\/v2\/posts\/7223\/revisions"}],"predecessor-version":[{"id":7239,"href":"https:\/\/blogs.elcomercio.es\/explorando-paraiso-moto\/wp-json\/wp\/v2\/posts\/7223\/revisions\/7239"}],"wp:featuredmedia":[{"embeddable":true,"href":"https:\/\/blogs.elcomercio.es\/explorando-paraiso-moto\/wp-json\/wp\/v2\/media\/7219"}],"wp:attachment":[{"href":"https:\/\/blogs.elcomercio.es\/explorando-paraiso-moto\/wp-json\/wp\/v2\/media?parent=7223"}],"wp:term":[{"taxonomy":"category","embeddable":true,"href":"https:\/\/blogs.elcomercio.es\/explorando-paraiso-moto\/wp-json\/wp\/v2\/categories?post=7223"},{"taxonomy":"post_tag","embeddable":true,"href":"https:\/\/blogs.elcomercio.es\/explorando-paraiso-moto\/wp-json\/wp\/v2\/tags?post=7223"}],"curies":[{"name":"wp","href":"https:\/\/api.w.org\/{rel}","templated":true}]}}