{"id":7256,"date":"2021-02-07T08:17:15","date_gmt":"2021-02-07T07:17:15","guid":{"rendered":"https:\/\/blogs.elcomercio.es\/explorando-paraiso-moto\/?p=7256"},"modified":"2021-02-07T08:17:15","modified_gmt":"2021-02-07T07:17:15","slug":"arcallana-la-belleza-del-occidente-asturiano","status":"publish","type":"post","link":"https:\/\/blogs.elcomercio.es\/explorando-paraiso-moto\/2021\/02\/07\/arcallana-la-belleza-del-occidente-asturiano\/","title":{"rendered":"Arcallana, la belleza del occidente asturiano"},"content":{"rendered":"<p>Ubicada en la parte m\u00e1s oriental del concejo de Vald\u00e9s, linda con los concejos de Cudillero y Salas, y se encuentra enmarcada dentro de la conocida como <a href=\"https:\/\/fusionasturias.com\/comarcas\/comarca-vaqueira\/la-comarca-vaqueira-y-los-vaqueiros-de-alzada.htm\" target=\"_blank\" rel=\"noopener external nofollow\">Comarca Vaqueira<\/a> formada \u00e9sta por los municipios de Allande,Cudillero, Salas, Tineo y Vald\u00e9s. A unos 290 metros sobre el nivel del mar, podemos indicar que los sufijos en -ana suelen hacer referencia en tiempos a la presencia de una villa romana en el lugar. En esta ocasi\u00f3n, os llevar\u00e9 sobre mi moto hasta el desconocido occidente asturiano y all\u00ed, nos impregnaremos del olor de sus valles. Nos deleitaremos con el inimitable verde de sus prader\u00edas y la pizarra de sus tejados la cual, a vista de p\u00e1jaro, confiere al paisaje de esta zona unas caracter\u00edsticas sin parang\u00f3n. Arcallana nos espera. Comencemos nuestra aventura.<\/p>\n<p>Eran aproximadamente las 9:00 horas de la ma\u00f1ana cuando &#8220;<em>Trailera<\/em>&#8221; y yo sal\u00edamos del garage rumbo a este trocito del para\u00edso asturiano. Las elevadas temperaturas(en torno a unos 24 grados) ayudaron bastante a sobrellevar una ruta en la que, una vez m\u00e1s, bajarse de la moto, nos traer\u00eda sorpresas gratificantes.<\/p>\n<p>&nbsp;<\/p>\n<p><a href=\"https:\/\/static-blogs.elcomercio.es\/wp-content\/uploads\/sites\/13\/2021\/02\/IMG_6268.jpg\"><img loading=\"lazy\" class=\"alignnone size-full wp-image-7241\" src=\"https:\/\/static-blogs.elcomercio.es\/wp-content\/uploads\/sites\/13\/2021\/02\/IMG_6268.jpg\" alt=\"\" width=\"604\" height=\"404\" srcset=\"https:\/\/static-blogs.elcomercio.es\/wp-content\/uploads\/sites\/13\/2021\/02\/IMG_6268.jpg 604w, https:\/\/static-blogs.elcomercio.es\/wp-content\/uploads\/sites\/13\/2021\/02\/IMG_6268-300x201.jpg 300w\" sizes=\"(max-width: 604px) 100vw, 604px\" \/><\/a><\/p>\n<p>&nbsp;<\/p>\n<p><a href=\"https:\/\/static-blogs.elcomercio.es\/wp-content\/uploads\/sites\/13\/2021\/02\/IMG_6315.jpg\"><img loading=\"lazy\" class=\"alignnone size-full wp-image-7250\" src=\"https:\/\/static-blogs.elcomercio.es\/wp-content\/uploads\/sites\/13\/2021\/02\/IMG_6315.jpg\" alt=\"\" width=\"604\" height=\"404\" srcset=\"https:\/\/static-blogs.elcomercio.es\/wp-content\/uploads\/sites\/13\/2021\/02\/IMG_6315.jpg 604w, https:\/\/static-blogs.elcomercio.es\/wp-content\/uploads\/sites\/13\/2021\/02\/IMG_6315-300x201.jpg 300w\" sizes=\"(max-width: 604px) 100vw, 604px\" \/><\/a><\/p>\n<p>&nbsp;<\/p>\n<p>Unos 8 kil\u00f3metros nos separan desde Novellana, donde tom\u00e9 el desv\u00edo, hasta nuestro destino de hoy. En un primer momento, viajaremos dejando a nuestra derecha una imagen de postal en la que el mar es el protagonista para continuar despu\u00e9s con las monta\u00f1as como testigos mudos de nuestro viaje. La soledad de la carretera, la que tanto busco y que solo en el occidente asturiano encuentro ser\u00e1 mi compa\u00f1era en la ruta de hoy. En Las Cruces, se empina brutalmente el asfalto y, tras esa imponente monta\u00f1a rusa, alcanc\u00e9 la AS-222(que une San Mart\u00edn de Lui\u00f1a y Brieves) y a cuya vera se encuentra Arcallana.\u00a0Como de costumbre, el sonido de la moto no pasa desapercibido y salen a recibirme a mi llegada.<\/p>\n<p>&nbsp;<\/p>\n<p><a href=\"https:\/\/static-blogs.elcomercio.es\/wp-content\/uploads\/sites\/13\/2021\/02\/IMG_6309.jpg\"><img loading=\"lazy\" class=\"alignnone size-full wp-image-7248\" src=\"https:\/\/static-blogs.elcomercio.es\/wp-content\/uploads\/sites\/13\/2021\/02\/IMG_6309.jpg\" alt=\"\" width=\"600\" height=\"400\" srcset=\"https:\/\/static-blogs.elcomercio.es\/wp-content\/uploads\/sites\/13\/2021\/02\/IMG_6309.jpg 600w, https:\/\/static-blogs.elcomercio.es\/wp-content\/uploads\/sites\/13\/2021\/02\/IMG_6309-300x200.jpg 300w\" sizes=\"(max-width: 600px) 100vw, 600px\" \/><\/a><\/p>\n<p>&nbsp;<\/p>\n<p>Me parece a m\u00ed que estos peque\u00f1os son los peores s\u00ed. Porque el grande ni se inmut\u00f3 por mi presencia.<\/p>\n<p>&nbsp;<\/p>\n<p><a href=\"https:\/\/static-blogs.elcomercio.es\/wp-content\/uploads\/sites\/13\/2021\/02\/IMG_6324.jpg\"><img loading=\"lazy\" class=\"alignnone size-full wp-image-7252\" src=\"https:\/\/static-blogs.elcomercio.es\/wp-content\/uploads\/sites\/13\/2021\/02\/IMG_6324.jpg\" alt=\"\" width=\"604\" height=\"404\" srcset=\"https:\/\/static-blogs.elcomercio.es\/wp-content\/uploads\/sites\/13\/2021\/02\/IMG_6324.jpg 604w, https:\/\/static-blogs.elcomercio.es\/wp-content\/uploads\/sites\/13\/2021\/02\/IMG_6324-300x201.jpg 300w\" sizes=\"(max-width: 604px) 100vw, 604px\" \/><\/a><\/p>\n<p>&nbsp;<\/p>\n<p>En Arcallana La Nueva, la iglesia de San Juli\u00e1n y su plaza, hoy permanecen vac\u00edas. Fechada en el a\u00f1o 1775, esta construcci\u00f3n dieciochesca, presenta planta de cruz latina con p\u00f3rtico ocupando tres de sus frentes y dos capillas anejas situadas a ambos lados. Llama la atenci\u00f3n sus tres retablos barrocos.<\/p>\n<p>&nbsp;<\/p>\n<p><a href=\"https:\/\/static-blogs.elcomercio.es\/wp-content\/uploads\/sites\/13\/2021\/02\/IMG_6272.jpg\"><img loading=\"lazy\" class=\"alignnone size-full wp-image-7244\" src=\"https:\/\/static-blogs.elcomercio.es\/wp-content\/uploads\/sites\/13\/2021\/02\/IMG_6272.jpg\" alt=\"\" width=\"604\" height=\"404\" srcset=\"https:\/\/static-blogs.elcomercio.es\/wp-content\/uploads\/sites\/13\/2021\/02\/IMG_6272.jpg 604w, https:\/\/static-blogs.elcomercio.es\/wp-content\/uploads\/sites\/13\/2021\/02\/IMG_6272-300x201.jpg 300w\" sizes=\"(max-width: 604px) 100vw, 604px\" \/><\/a><\/p>\n<p>&nbsp;<\/p>\n<p><a href=\"https:\/\/static-blogs.elcomercio.es\/wp-content\/uploads\/sites\/13\/2021\/02\/IMG_6274.jpg\"><img loading=\"lazy\" class=\"alignnone size-full wp-image-7245\" src=\"https:\/\/static-blogs.elcomercio.es\/wp-content\/uploads\/sites\/13\/2021\/02\/IMG_6274.jpg\" alt=\"\" width=\"604\" height=\"404\" srcset=\"https:\/\/static-blogs.elcomercio.es\/wp-content\/uploads\/sites\/13\/2021\/02\/IMG_6274.jpg 604w, https:\/\/static-blogs.elcomercio.es\/wp-content\/uploads\/sites\/13\/2021\/02\/IMG_6274-300x201.jpg 300w\" sizes=\"(max-width: 604px) 100vw, 604px\" \/><\/a><\/p>\n<p>&nbsp;<\/p>\n<p>En lo alto, los gigantes e\u00f3licos mov\u00edan sus aspas a m\u00e1s no poder y es que estamos en la base de la conocida como <a href=\"https:\/\/www.elcomercio.es\/planes\/ruta-asturias-molinos-sierra-vientos-20180518004210-nt.html\" target=\"_blank\" rel=\"noopener external nofollow\">Sierra de los Vientos<\/a>, con lo cual, eso no deber\u00eda de extra\u00f1arnos.<\/p>\n<p>&nbsp;<\/p>\n<p><a href=\"https:\/\/static-blogs.elcomercio.es\/wp-content\/uploads\/sites\/13\/2021\/02\/IMG_6275.jpg\"><img loading=\"lazy\" class=\"alignnone size-full wp-image-7246\" src=\"https:\/\/static-blogs.elcomercio.es\/wp-content\/uploads\/sites\/13\/2021\/02\/IMG_6275.jpg\" alt=\"\" width=\"604\" height=\"404\" srcset=\"https:\/\/static-blogs.elcomercio.es\/wp-content\/uploads\/sites\/13\/2021\/02\/IMG_6275.jpg 604w, https:\/\/static-blogs.elcomercio.es\/wp-content\/uploads\/sites\/13\/2021\/02\/IMG_6275-300x201.jpg 300w\" sizes=\"(max-width: 604px) 100vw, 604px\" \/><\/a><\/p>\n<p>&nbsp;<\/p>\n<p>Encontramos varios ejemplos bien conservados de arquitectura tradicional (de hecho, una de las zonas de las que podremos disfrutar en nuestro paseo es la de los &#8220;orrios&#8221;).<\/p>\n<p>&nbsp;<\/p>\n<p><a href=\"https:\/\/static-blogs.elcomercio.es\/wp-content\/uploads\/sites\/13\/2021\/02\/IMG_6320.jpg\"><img loading=\"lazy\" class=\"alignnone size-full wp-image-7251\" src=\"https:\/\/static-blogs.elcomercio.es\/wp-content\/uploads\/sites\/13\/2021\/02\/IMG_6320.jpg\" alt=\"\" width=\"604\" height=\"404\" srcset=\"https:\/\/static-blogs.elcomercio.es\/wp-content\/uploads\/sites\/13\/2021\/02\/IMG_6320.jpg 604w, https:\/\/static-blogs.elcomercio.es\/wp-content\/uploads\/sites\/13\/2021\/02\/IMG_6320-300x201.jpg 300w\" sizes=\"(max-width: 604px) 100vw, 604px\" \/><\/a><\/p>\n<p>&nbsp;<\/p>\n<p>Desde este lado m\u00e1s elevado, obtendremos unas vistas del pueblo y del entorno dignas de admirar.<\/p>\n<p>&nbsp;<\/p>\n<p><a href=\"https:\/\/static-blogs.elcomercio.es\/wp-content\/uploads\/sites\/13\/2021\/02\/IMG20200904103741.jpg\"><img loading=\"lazy\" class=\"alignnone size-full wp-image-7253\" src=\"https:\/\/static-blogs.elcomercio.es\/wp-content\/uploads\/sites\/13\/2021\/02\/IMG20200904103741.jpg\" alt=\"\" width=\"604\" height=\"454\" srcset=\"https:\/\/static-blogs.elcomercio.es\/wp-content\/uploads\/sites\/13\/2021\/02\/IMG20200904103741.jpg 604w, https:\/\/static-blogs.elcomercio.es\/wp-content\/uploads\/sites\/13\/2021\/02\/IMG20200904103741-300x225.jpg 300w\" sizes=\"(max-width: 604px) 100vw, 604px\" \/><\/a><\/p>\n<p>&nbsp;<\/p>\n<p><a href=\"https:\/\/static-blogs.elcomercio.es\/wp-content\/uploads\/sites\/13\/2021\/02\/IMG_6298.jpg\"><img loading=\"lazy\" class=\"alignnone size-full wp-image-7247\" src=\"https:\/\/static-blogs.elcomercio.es\/wp-content\/uploads\/sites\/13\/2021\/02\/IMG_6298.jpg\" alt=\"\" width=\"604\" height=\"404\" srcset=\"https:\/\/static-blogs.elcomercio.es\/wp-content\/uploads\/sites\/13\/2021\/02\/IMG_6298.jpg 604w, https:\/\/static-blogs.elcomercio.es\/wp-content\/uploads\/sites\/13\/2021\/02\/IMG_6298-300x201.jpg 300w\" sizes=\"(max-width: 604px) 100vw, 604px\" \/><\/a><\/p>\n<p>&nbsp;<\/p>\n<p><a href=\"https:\/\/static-blogs.elcomercio.es\/wp-content\/uploads\/sites\/13\/2021\/02\/IMG20200904105916.jpg\"><img loading=\"lazy\" class=\"alignnone size-full wp-image-7254\" src=\"https:\/\/static-blogs.elcomercio.es\/wp-content\/uploads\/sites\/13\/2021\/02\/IMG20200904105916.jpg\" alt=\"\" width=\"604\" height=\"454\" srcset=\"https:\/\/static-blogs.elcomercio.es\/wp-content\/uploads\/sites\/13\/2021\/02\/IMG20200904105916.jpg 604w, https:\/\/static-blogs.elcomercio.es\/wp-content\/uploads\/sites\/13\/2021\/02\/IMG20200904105916-300x225.jpg 300w\" sizes=\"(max-width: 604px) 100vw, 604px\" \/><\/a><\/p>\n<p>&nbsp;<\/p>\n<p>Desde Arcallana podremos seguir explorando y salir rumbo hacia otros lugares como Malleza o Lendepe\u00f1a. Por casualidad, me encontr\u00e9 con Emma, una se\u00f1ora que conoce a mi gran amiga Claudia(a la cual el volante tambi\u00e9n me uni\u00f3). Se saludan a trav\u00e9s del altavoz de los tel\u00e9fonos m\u00f3viles y una se da cuenta de que el mundo es m\u00e1s peque\u00f1o de lo que imaginamos. Me despido de este coqueto recoveco del desconocido occidente asturiano para dar la bienvenida a otro nuevo destino. \u00bfSu nombre?. En breve lo conocer\u00e9is.<\/p>\n<p>&nbsp;<\/p>\n<p>&nbsp;<\/p>\n<p>&nbsp;<\/p>\n<!-- AddThis Advanced Settings generic via filter on the_content --><!-- AddThis Share Buttons generic via filter on the_content -->","protected":false},"excerpt":{"rendered":"<p>Ubicada en la parte m\u00e1s oriental del concejo de Vald\u00e9s, linda con los concejos de Cudillero y Salas, y se encuentra enmarcada dentro de la conocida como Comarca Vaqueira formada \u00e9sta por los municipios de Allande,Cudillero, Salas, Tineo y Vald\u00e9s. A unos 290 metros sobre el nivel del mar, podemos indicar que los sufijos en [&hellip;]<!-- AddThis Advanced Settings generic via filter on get_the_excerpt --><!-- AddThis Share Buttons generic via filter on get_the_excerpt --><\/p>\n","protected":false},"author":14,"featured_media":7243,"comment_status":"open","ping_status":"closed","sticky":false,"template":"","format":"standard","meta":[],"categories":[83],"tags":[1308,1311,430,1307,1309,691,1310,916],"_links":{"self":[{"href":"https:\/\/blogs.elcomercio.es\/explorando-paraiso-moto\/wp-json\/wp\/v2\/posts\/7256"}],"collection":[{"href":"https:\/\/blogs.elcomercio.es\/explorando-paraiso-moto\/wp-json\/wp\/v2\/posts"}],"about":[{"href":"https:\/\/blogs.elcomercio.es\/explorando-paraiso-moto\/wp-json\/wp\/v2\/types\/post"}],"author":[{"embeddable":true,"href":"https:\/\/blogs.elcomercio.es\/explorando-paraiso-moto\/wp-json\/wp\/v2\/users\/14"}],"replies":[{"embeddable":true,"href":"https:\/\/blogs.elcomercio.es\/explorando-paraiso-moto\/wp-json\/wp\/v2\/comments?post=7256"}],"version-history":[{"count":3,"href":"https:\/\/blogs.elcomercio.es\/explorando-paraiso-moto\/wp-json\/wp\/v2\/posts\/7256\/revisions"}],"predecessor-version":[{"id":7259,"href":"https:\/\/blogs.elcomercio.es\/explorando-paraiso-moto\/wp-json\/wp\/v2\/posts\/7256\/revisions\/7259"}],"wp:featuredmedia":[{"embeddable":true,"href":"https:\/\/blogs.elcomercio.es\/explorando-paraiso-moto\/wp-json\/wp\/v2\/media\/7243"}],"wp:attachment":[{"href":"https:\/\/blogs.elcomercio.es\/explorando-paraiso-moto\/wp-json\/wp\/v2\/media?parent=7256"}],"wp:term":[{"taxonomy":"category","embeddable":true,"href":"https:\/\/blogs.elcomercio.es\/explorando-paraiso-moto\/wp-json\/wp\/v2\/categories?post=7256"},{"taxonomy":"post_tag","embeddable":true,"href":"https:\/\/blogs.elcomercio.es\/explorando-paraiso-moto\/wp-json\/wp\/v2\/tags?post=7256"}],"curies":[{"name":"wp","href":"https:\/\/api.w.org\/{rel}","templated":true}]}}