{"id":7289,"date":"2021-02-21T10:23:53","date_gmt":"2021-02-21T09:23:53","guid":{"rendered":"https:\/\/blogs.elcomercio.es\/explorando-paraiso-moto\/?p=7289"},"modified":"2021-02-21T10:23:53","modified_gmt":"2021-02-21T09:23:53","slug":"rincones-de-corvera-nubledo","status":"publish","type":"post","link":"https:\/\/blogs.elcomercio.es\/explorando-paraiso-moto\/2021\/02\/21\/rincones-de-corvera-nubledo\/","title":{"rendered":"Rincones de Corvera: Nubledo"},"content":{"rendered":"<p>Acercarse hasta el concejo de Corvera siempre es un deleite para los sentidos y es que aqu\u00ed, el gris del hormig\u00f3n se camufla con el verde de sus prader\u00edas las cuales, en algunos espacios , se convierten en aut\u00e9nticas monta\u00f1as rusas ofreci\u00e9ndonos verdaderos miradores naturales\u00a0 al\u00a0 para\u00edso. Ubicado estrat\u00e9gicamente en la zona central de Asturias, lo cual hace que sea un destino ideal para asentarnos en nuestra visita, este concejo nos ofrece un sinf\u00edn de rincones entre los que mencionaremos el que hoy nos ata\u00f1e, su capital: Nubledo.<\/p>\n<p>Atravesado por la AS-17\u00a0 y a tan solo 58 mts de altitud, se encuentra muy bien comunicado con lo cual no hay excusa para no visitarlo.<\/p>\n<p>&nbsp;<\/p>\n<p><a href=\"https:\/\/static-blogs.elcomercio.es\/wp-content\/uploads\/sites\/13\/2021\/02\/IMG20210220155829.jpg\"><img loading=\"lazy\" class=\"alignnone size-full wp-image-7271\" src=\"https:\/\/static-blogs.elcomercio.es\/wp-content\/uploads\/sites\/13\/2021\/02\/IMG20210220155829.jpg\" alt=\"\" width=\"604\" height=\"604\" srcset=\"https:\/\/static-blogs.elcomercio.es\/wp-content\/uploads\/sites\/13\/2021\/02\/IMG20210220155829.jpg 604w, https:\/\/static-blogs.elcomercio.es\/wp-content\/uploads\/sites\/13\/2021\/02\/IMG20210220155829-150x150.jpg 150w, https:\/\/static-blogs.elcomercio.es\/wp-content\/uploads\/sites\/13\/2021\/02\/IMG20210220155829-300x300.jpg 300w\" sizes=\"(max-width: 604px) 100vw, 604px\" \/><\/a><\/p>\n<p>&nbsp;<\/p>\n<p>Salpicado de numerosos ejemplos de arquitectura tradicional , entre su patrimonio destaca la Casa de los Bango(en la actualidad Fern\u00e1ndez Blanco) construida en el S.XVIII y con a\u00f1adidos del S.XIX. A pie de carretera encontramos el <a href=\"http:\/\/www.corvera.es\/es\/vivirencorvera\/archivohistorico.asp\" target=\"_blank\" rel=\"noopener external nofollow\">Archivo Hist\u00f3rico<\/a>, en el edifico del antiguo Ayuntamiento. En \u00e9l se puede consultar numerosa documentaci\u00f3n: hay 210 documentos que van del S.XVI al S.XX(registros civiles, defunciones,..).<\/p>\n<p>&nbsp;<\/p>\n<p><a href=\"https:\/\/static-blogs.elcomercio.es\/wp-content\/uploads\/sites\/13\/2021\/02\/IMG20210220155818.jpg\"><img loading=\"lazy\" class=\"alignnone size-full wp-image-7270\" src=\"https:\/\/static-blogs.elcomercio.es\/wp-content\/uploads\/sites\/13\/2021\/02\/IMG20210220155818.jpg\" alt=\"\" width=\"604\" height=\"454\" srcset=\"https:\/\/static-blogs.elcomercio.es\/wp-content\/uploads\/sites\/13\/2021\/02\/IMG20210220155818.jpg 604w, https:\/\/static-blogs.elcomercio.es\/wp-content\/uploads\/sites\/13\/2021\/02\/IMG20210220155818-300x225.jpg 300w\" sizes=\"(max-width: 604px) 100vw, 604px\" \/><\/a><\/p>\n<p>&nbsp;<\/p>\n<p><a href=\"https:\/\/static-blogs.elcomercio.es\/wp-content\/uploads\/sites\/13\/2021\/02\/IMG20210220155848.jpg\"><img loading=\"lazy\" class=\"alignnone size-full wp-image-7272\" src=\"https:\/\/static-blogs.elcomercio.es\/wp-content\/uploads\/sites\/13\/2021\/02\/IMG20210220155848.jpg\" alt=\"\" width=\"604\" height=\"604\" srcset=\"https:\/\/static-blogs.elcomercio.es\/wp-content\/uploads\/sites\/13\/2021\/02\/IMG20210220155848.jpg 604w, https:\/\/static-blogs.elcomercio.es\/wp-content\/uploads\/sites\/13\/2021\/02\/IMG20210220155848-150x150.jpg 150w, https:\/\/static-blogs.elcomercio.es\/wp-content\/uploads\/sites\/13\/2021\/02\/IMG20210220155848-300x300.jpg 300w\" sizes=\"(max-width: 604px) 100vw, 604px\" \/><\/a><\/p>\n<p>&nbsp;<\/p>\n<p>Muy pr\u00f3ximo el\u00a0\u00a0<a href=\"http:\/\/www.corvera.es\/es\/elayuntamiento.asp\" target=\"_blank\" rel=\"noopener external nofollow\">Ayuntamiento<\/a>.<\/p>\n<p>&nbsp;<\/p>\n<p><a href=\"https:\/\/static-blogs.elcomercio.es\/wp-content\/uploads\/sites\/13\/2021\/02\/IMG20210220160220.jpg\"><img loading=\"lazy\" class=\"alignnone size-full wp-image-7274\" src=\"https:\/\/static-blogs.elcomercio.es\/wp-content\/uploads\/sites\/13\/2021\/02\/IMG20210220160220.jpg\" alt=\"\" width=\"604\" height=\"604\" srcset=\"https:\/\/static-blogs.elcomercio.es\/wp-content\/uploads\/sites\/13\/2021\/02\/IMG20210220160220.jpg 604w, https:\/\/static-blogs.elcomercio.es\/wp-content\/uploads\/sites\/13\/2021\/02\/IMG20210220160220-150x150.jpg 150w, https:\/\/static-blogs.elcomercio.es\/wp-content\/uploads\/sites\/13\/2021\/02\/IMG20210220160220-300x300.jpg 300w\" sizes=\"(max-width: 604px) 100vw, 604px\" \/><\/a><\/p>\n<p>&nbsp;<\/p>\n<p><a href=\"https:\/\/static-blogs.elcomercio.es\/wp-content\/uploads\/sites\/13\/2021\/02\/IMG20210220160204.jpg\"><img loading=\"lazy\" class=\"alignnone size-full wp-image-7292\" src=\"https:\/\/static-blogs.elcomercio.es\/wp-content\/uploads\/sites\/13\/2021\/02\/IMG20210220160204.jpg\" alt=\"\" width=\"604\" height=\"604\" srcset=\"https:\/\/static-blogs.elcomercio.es\/wp-content\/uploads\/sites\/13\/2021\/02\/IMG20210220160204.jpg 604w, https:\/\/static-blogs.elcomercio.es\/wp-content\/uploads\/sites\/13\/2021\/02\/IMG20210220160204-150x150.jpg 150w, https:\/\/static-blogs.elcomercio.es\/wp-content\/uploads\/sites\/13\/2021\/02\/IMG20210220160204-300x300.jpg 300w\" sizes=\"(max-width: 604px) 100vw, 604px\" \/><\/a><\/p>\n<p>&nbsp;<\/p>\n<p>Las vistas desde all\u00ed no dejan indiferente a nadie.<\/p>\n<p>&nbsp;<\/p>\n<p><a href=\"https:\/\/static-blogs.elcomercio.es\/wp-content\/uploads\/sites\/13\/2021\/02\/IMG20210220160259.jpg\"><img loading=\"lazy\" class=\"alignnone size-full wp-image-7275\" src=\"https:\/\/static-blogs.elcomercio.es\/wp-content\/uploads\/sites\/13\/2021\/02\/IMG20210220160259.jpg\" alt=\"\" width=\"604\" height=\"604\" srcset=\"https:\/\/static-blogs.elcomercio.es\/wp-content\/uploads\/sites\/13\/2021\/02\/IMG20210220160259.jpg 604w, https:\/\/static-blogs.elcomercio.es\/wp-content\/uploads\/sites\/13\/2021\/02\/IMG20210220160259-150x150.jpg 150w, https:\/\/static-blogs.elcomercio.es\/wp-content\/uploads\/sites\/13\/2021\/02\/IMG20210220160259-300x300.jpg 300w\" sizes=\"(max-width: 604px) 100vw, 604px\" \/><\/a><\/p>\n<p>&nbsp;<\/p>\n<p>La fuente de la Consolaci\u00f3n es nuestra siguiente parada. A\u00fan recuerdo a mi padre con aqu\u00e9l par de enormes botellas de pl\u00e1stico en su Ford Escort rojo matr\u00edcula de la &#8220;X&#8221; yendo los domingos hasta ella para aprovisionarse de agua mientras mi madre le esperaba para desayunar juntos. Un lugar repleto de recuerdos y por el cual f\u00e1cilmente encontrar\u00e9is a m\u00e1s gente rellenando sus botellas.Aunque hoy estaba solitario.<\/p>\n<p>&nbsp;<\/p>\n<p><a href=\"https:\/\/static-blogs.elcomercio.es\/wp-content\/uploads\/sites\/13\/2021\/02\/IMG20210220151031.jpg\"><img loading=\"lazy\" class=\"alignnone size-full wp-image-7266\" src=\"https:\/\/static-blogs.elcomercio.es\/wp-content\/uploads\/sites\/13\/2021\/02\/IMG20210220151031.jpg\" alt=\"\" width=\"604\" height=\"604\" srcset=\"https:\/\/static-blogs.elcomercio.es\/wp-content\/uploads\/sites\/13\/2021\/02\/IMG20210220151031.jpg 604w, https:\/\/static-blogs.elcomercio.es\/wp-content\/uploads\/sites\/13\/2021\/02\/IMG20210220151031-150x150.jpg 150w, https:\/\/static-blogs.elcomercio.es\/wp-content\/uploads\/sites\/13\/2021\/02\/IMG20210220151031-300x300.jpg 300w\" sizes=\"(max-width: 604px) 100vw, 604px\" \/><\/a><\/p>\n<p>&nbsp;<\/p>\n<p><a href=\"https:\/\/static-blogs.elcomercio.es\/wp-content\/uploads\/sites\/13\/2021\/02\/IMG20210220151134.jpg\"><img loading=\"lazy\" class=\"alignnone size-full wp-image-7291\" src=\"https:\/\/static-blogs.elcomercio.es\/wp-content\/uploads\/sites\/13\/2021\/02\/IMG20210220151134.jpg\" alt=\"\" width=\"604\" height=\"604\" srcset=\"https:\/\/static-blogs.elcomercio.es\/wp-content\/uploads\/sites\/13\/2021\/02\/IMG20210220151134.jpg 604w, https:\/\/static-blogs.elcomercio.es\/wp-content\/uploads\/sites\/13\/2021\/02\/IMG20210220151134-150x150.jpg 150w, https:\/\/static-blogs.elcomercio.es\/wp-content\/uploads\/sites\/13\/2021\/02\/IMG20210220151134-300x300.jpg 300w\" sizes=\"(max-width: 604px) 100vw, 604px\" \/><\/a><\/p>\n<p>&nbsp;<\/p>\n<p>En el mismo lugar, un lavadero. Hay varios en el concejo y hasta se han rehabilitado algunos lo cual hace que presenten bastante buen estado de conservaci\u00f3n.<\/p>\n<p>&nbsp;<\/p>\n<p><a href=\"https:\/\/static-blogs.elcomercio.es\/wp-content\/uploads\/sites\/13\/2021\/02\/IMG20210220151105.jpg\"><img loading=\"lazy\" class=\"alignnone size-full wp-image-7267\" src=\"https:\/\/static-blogs.elcomercio.es\/wp-content\/uploads\/sites\/13\/2021\/02\/IMG20210220151105.jpg\" alt=\"\" width=\"604\" height=\"604\" srcset=\"https:\/\/static-blogs.elcomercio.es\/wp-content\/uploads\/sites\/13\/2021\/02\/IMG20210220151105.jpg 604w, https:\/\/static-blogs.elcomercio.es\/wp-content\/uploads\/sites\/13\/2021\/02\/IMG20210220151105-150x150.jpg 150w, https:\/\/static-blogs.elcomercio.es\/wp-content\/uploads\/sites\/13\/2021\/02\/IMG20210220151105-300x300.jpg 300w\" sizes=\"(max-width: 604px) 100vw, 604px\" \/><\/a><\/p>\n<p>&nbsp;<\/p>\n<p><a href=\"https:\/\/static-blogs.elcomercio.es\/wp-content\/uploads\/sites\/13\/2021\/02\/IMG20210220151212.jpg\"><img loading=\"lazy\" class=\"alignnone size-full wp-image-7269\" src=\"https:\/\/static-blogs.elcomercio.es\/wp-content\/uploads\/sites\/13\/2021\/02\/IMG20210220151212.jpg\" alt=\"\" width=\"604\" height=\"604\" srcset=\"https:\/\/static-blogs.elcomercio.es\/wp-content\/uploads\/sites\/13\/2021\/02\/IMG20210220151212.jpg 604w, https:\/\/static-blogs.elcomercio.es\/wp-content\/uploads\/sites\/13\/2021\/02\/IMG20210220151212-150x150.jpg 150w, https:\/\/static-blogs.elcomercio.es\/wp-content\/uploads\/sites\/13\/2021\/02\/IMG20210220151212-300x300.jpg 300w\" sizes=\"(max-width: 604px) 100vw, 604px\" \/><\/a><\/p>\n<p>&nbsp;<\/p>\n<p><a href=\"https:\/\/static-blogs.elcomercio.es\/wp-content\/uploads\/sites\/13\/2021\/02\/IMG20210220151204.jpg\"><img loading=\"lazy\" class=\"alignnone size-full wp-image-7268\" src=\"https:\/\/static-blogs.elcomercio.es\/wp-content\/uploads\/sites\/13\/2021\/02\/IMG20210220151204.jpg\" alt=\"\" width=\"604\" height=\"604\" srcset=\"https:\/\/static-blogs.elcomercio.es\/wp-content\/uploads\/sites\/13\/2021\/02\/IMG20210220151204.jpg 604w, https:\/\/static-blogs.elcomercio.es\/wp-content\/uploads\/sites\/13\/2021\/02\/IMG20210220151204-150x150.jpg 150w, https:\/\/static-blogs.elcomercio.es\/wp-content\/uploads\/sites\/13\/2021\/02\/IMG20210220151204-300x300.jpg 300w\" sizes=\"(max-width: 604px) 100vw, 604px\" \/><\/a><\/p>\n<p>&nbsp;<\/p>\n<p>Subimos de nuevo sobre nuestras monturas y en El Portazgo, muy pr\u00f3xima\u00a0 a esta fuente, se encuentra la Ermita de la Consolaci\u00f3n. Si bien es cierto que con anterioridad era dif\u00edcil conocer su ubicaci\u00f3n para quienes no sab\u00edan de su existencia, ahora es imposible perderse puesto que ya hay se\u00f1alizaci\u00f3n a pie de carretera, desde la cual, en un alto, podremos adivinarla.<\/p>\n<p>&nbsp;<\/p>\n<p><a href=\"https:\/\/static-blogs.elcomercio.es\/wp-content\/uploads\/sites\/13\/2021\/02\/IMG20210220160841.jpg\"><img loading=\"lazy\" class=\"alignnone size-full wp-image-7276\" src=\"https:\/\/static-blogs.elcomercio.es\/wp-content\/uploads\/sites\/13\/2021\/02\/IMG20210220160841.jpg\" alt=\"\" width=\"604\" height=\"604\" srcset=\"https:\/\/static-blogs.elcomercio.es\/wp-content\/uploads\/sites\/13\/2021\/02\/IMG20210220160841.jpg 604w, https:\/\/static-blogs.elcomercio.es\/wp-content\/uploads\/sites\/13\/2021\/02\/IMG20210220160841-150x150.jpg 150w, https:\/\/static-blogs.elcomercio.es\/wp-content\/uploads\/sites\/13\/2021\/02\/IMG20210220160841-300x300.jpg 300w\" sizes=\"(max-width: 604px) 100vw, 604px\" \/><\/a><\/p>\n<p>&nbsp;<\/p>\n<p><a href=\"https:\/\/static-blogs.elcomercio.es\/wp-content\/uploads\/sites\/13\/2021\/02\/IMG20210220160931.jpg\"><img loading=\"lazy\" class=\"alignnone size-full wp-image-7277\" src=\"https:\/\/static-blogs.elcomercio.es\/wp-content\/uploads\/sites\/13\/2021\/02\/IMG20210220160931.jpg\" alt=\"\" width=\"604\" height=\"604\" srcset=\"https:\/\/static-blogs.elcomercio.es\/wp-content\/uploads\/sites\/13\/2021\/02\/IMG20210220160931.jpg 604w, https:\/\/static-blogs.elcomercio.es\/wp-content\/uploads\/sites\/13\/2021\/02\/IMG20210220160931-150x150.jpg 150w, https:\/\/static-blogs.elcomercio.es\/wp-content\/uploads\/sites\/13\/2021\/02\/IMG20210220160931-300x300.jpg 300w\" sizes=\"(max-width: 604px) 100vw, 604px\" \/><\/a><\/p>\n<p>&nbsp;<\/p>\n<p>Toca hacer un poco de ejercicio.<\/p>\n<p>&nbsp;<\/p>\n<p><a href=\"https:\/\/static-blogs.elcomercio.es\/wp-content\/uploads\/sites\/13\/2021\/02\/IMG20210220160944.jpg\"><img loading=\"lazy\" class=\"alignnone size-full wp-image-7278\" src=\"https:\/\/static-blogs.elcomercio.es\/wp-content\/uploads\/sites\/13\/2021\/02\/IMG20210220160944.jpg\" alt=\"\" width=\"604\" height=\"604\" srcset=\"https:\/\/static-blogs.elcomercio.es\/wp-content\/uploads\/sites\/13\/2021\/02\/IMG20210220160944.jpg 604w, https:\/\/static-blogs.elcomercio.es\/wp-content\/uploads\/sites\/13\/2021\/02\/IMG20210220160944-150x150.jpg 150w, https:\/\/static-blogs.elcomercio.es\/wp-content\/uploads\/sites\/13\/2021\/02\/IMG20210220160944-300x300.jpg 300w\" sizes=\"(max-width: 604px) 100vw, 604px\" \/><\/a><\/p>\n<p>&nbsp;<\/p>\n<p><a href=\"https:\/\/static-blogs.elcomercio.es\/wp-content\/uploads\/sites\/13\/2021\/02\/IMG20210220161056.jpg\"><img loading=\"lazy\" class=\"alignnone size-full wp-image-7280\" src=\"https:\/\/static-blogs.elcomercio.es\/wp-content\/uploads\/sites\/13\/2021\/02\/IMG20210220161056.jpg\" alt=\"\" width=\"604\" height=\"604\" srcset=\"https:\/\/static-blogs.elcomercio.es\/wp-content\/uploads\/sites\/13\/2021\/02\/IMG20210220161056.jpg 604w, https:\/\/static-blogs.elcomercio.es\/wp-content\/uploads\/sites\/13\/2021\/02\/IMG20210220161056-150x150.jpg 150w, https:\/\/static-blogs.elcomercio.es\/wp-content\/uploads\/sites\/13\/2021\/02\/IMG20210220161056-300x300.jpg 300w\" sizes=\"(max-width: 604px) 100vw, 604px\" \/><\/a><\/p>\n<p>&nbsp;<\/p>\n<p>Ubicada\u00a0al lado de una peque\u00f1a cueva en la llamada Pe\u00f1a Corvera (recib\u00eda este\u00a0nombre\u00a0porque era un lugar donde abundaban los cuervos) y que dio origen al nombre del concejo.<\/p>\n<p>&nbsp;<\/p>\n<p><a href=\"https:\/\/static-blogs.elcomercio.es\/wp-content\/uploads\/sites\/13\/2021\/02\/IMG20210220161132.jpg\"><img loading=\"lazy\" class=\"alignnone size-full wp-image-7282\" src=\"https:\/\/static-blogs.elcomercio.es\/wp-content\/uploads\/sites\/13\/2021\/02\/IMG20210220161132.jpg\" alt=\"\" width=\"604\" height=\"604\" srcset=\"https:\/\/static-blogs.elcomercio.es\/wp-content\/uploads\/sites\/13\/2021\/02\/IMG20210220161132.jpg 604w, https:\/\/static-blogs.elcomercio.es\/wp-content\/uploads\/sites\/13\/2021\/02\/IMG20210220161132-150x150.jpg 150w, https:\/\/static-blogs.elcomercio.es\/wp-content\/uploads\/sites\/13\/2021\/02\/IMG20210220161132-300x300.jpg 300w\" sizes=\"(max-width: 604px) 100vw, 604px\" \/><\/a><\/p>\n<p>&nbsp;<\/p>\n<p><a href=\"https:\/\/static-blogs.elcomercio.es\/wp-content\/uploads\/sites\/13\/2021\/02\/IMG20210220161130.jpg\"><img loading=\"lazy\" class=\"alignnone size-full wp-image-7281\" src=\"https:\/\/static-blogs.elcomercio.es\/wp-content\/uploads\/sites\/13\/2021\/02\/IMG20210220161130.jpg\" alt=\"\" width=\"604\" height=\"604\" srcset=\"https:\/\/static-blogs.elcomercio.es\/wp-content\/uploads\/sites\/13\/2021\/02\/IMG20210220161130.jpg 604w, https:\/\/static-blogs.elcomercio.es\/wp-content\/uploads\/sites\/13\/2021\/02\/IMG20210220161130-150x150.jpg 150w, https:\/\/static-blogs.elcomercio.es\/wp-content\/uploads\/sites\/13\/2021\/02\/IMG20210220161130-300x300.jpg 300w\" sizes=\"(max-width: 604px) 100vw, 604px\" \/><\/a><\/p>\n<p>&nbsp;<\/p>\n<p>Cuenta la leyenda&#8230;<\/p>\n<p>&nbsp;<\/p>\n<p><a href=\"https:\/\/static-blogs.elcomercio.es\/wp-content\/uploads\/sites\/13\/2021\/02\/IMG20210220161205.jpg\"><img loading=\"lazy\" class=\"alignnone size-full wp-image-7284\" src=\"https:\/\/static-blogs.elcomercio.es\/wp-content\/uploads\/sites\/13\/2021\/02\/IMG20210220161205.jpg\" alt=\"\" width=\"604\" height=\"604\" srcset=\"https:\/\/static-blogs.elcomercio.es\/wp-content\/uploads\/sites\/13\/2021\/02\/IMG20210220161205.jpg 604w, https:\/\/static-blogs.elcomercio.es\/wp-content\/uploads\/sites\/13\/2021\/02\/IMG20210220161205-150x150.jpg 150w, https:\/\/static-blogs.elcomercio.es\/wp-content\/uploads\/sites\/13\/2021\/02\/IMG20210220161205-300x300.jpg 300w\" sizes=\"(max-width: 604px) 100vw, 604px\" \/><\/a><\/p>\n<p>&nbsp;<\/p>\n<p><a href=\"https:\/\/static-blogs.elcomercio.es\/wp-content\/uploads\/sites\/13\/2021\/02\/IMG20210220161212.jpg\"><img loading=\"lazy\" class=\"alignnone size-full wp-image-7285\" src=\"https:\/\/static-blogs.elcomercio.es\/wp-content\/uploads\/sites\/13\/2021\/02\/IMG20210220161212.jpg\" alt=\"\" width=\"604\" height=\"604\" srcset=\"https:\/\/static-blogs.elcomercio.es\/wp-content\/uploads\/sites\/13\/2021\/02\/IMG20210220161212.jpg 604w, https:\/\/static-blogs.elcomercio.es\/wp-content\/uploads\/sites\/13\/2021\/02\/IMG20210220161212-150x150.jpg 150w, https:\/\/static-blogs.elcomercio.es\/wp-content\/uploads\/sites\/13\/2021\/02\/IMG20210220161212-300x300.jpg 300w\" sizes=\"(max-width: 604px) 100vw, 604px\" \/><\/a><\/p>\n<p>&nbsp;<\/p>\n<p>Seg\u00fan \u201c<em><a href=\"http:\/\/lafozdelpielgu.org\/spip.php?article381\" target=\"_blank\" rel=\"external nofollow noopener\">la Foz del Pielgu<\/a><\/em>\u00a0\u201d ( Defensa del Patrimonio Cultural y Natural de Corvera d\u00b4Asturies),\u00a0 el apelativo \u201cde la Consolaci\u00f3n\u201d proviene de una aparici\u00f3n de la Virgen a una tal Josefa Villar de Bances, vecina de Sabugo (Avil\u00e9s), y a su hija, que regresaban de adorar las reliquias de la catedral de Oviedo; al salir de Nubledo hacia Avil\u00e9s, ya de noche, la ni\u00f1a se asust\u00f3 ante la oscuridad y la aspereza del paisaje, y entonces, al pasar frente a la ermita, la Virgen se apareci\u00f3 para consolarla. Sin embargo, parecer ser que la ermita lleva su apelativo y advocaci\u00f3n ya desde su fundaci\u00f3n por Mart\u00edn de Bango y Alonso Nomparte.<\/p>\n<p>Escondida en un simb\u00f3lico lugar, esta joya de Corvera merece una visita cada vez que os acerqu\u00e9is al concejo.<\/p>\n<p>&nbsp;<\/p>\n<p><a href=\"https:\/\/static-blogs.elcomercio.es\/wp-content\/uploads\/sites\/13\/2021\/02\/IMG20210220161537.jpg\"><img loading=\"lazy\" class=\"alignnone size-full wp-image-7288\" src=\"https:\/\/static-blogs.elcomercio.es\/wp-content\/uploads\/sites\/13\/2021\/02\/IMG20210220161537.jpg\" alt=\"\" width=\"604\" height=\"604\" srcset=\"https:\/\/static-blogs.elcomercio.es\/wp-content\/uploads\/sites\/13\/2021\/02\/IMG20210220161537.jpg 604w, https:\/\/static-blogs.elcomercio.es\/wp-content\/uploads\/sites\/13\/2021\/02\/IMG20210220161537-150x150.jpg 150w, https:\/\/static-blogs.elcomercio.es\/wp-content\/uploads\/sites\/13\/2021\/02\/IMG20210220161537-300x300.jpg 300w\" sizes=\"(max-width: 604px) 100vw, 604px\" \/><\/a><\/p>\n<p>&nbsp;<\/p>\n<p><a href=\"https:\/\/static-blogs.elcomercio.es\/wp-content\/uploads\/sites\/13\/2021\/02\/IMG20210220161432.jpg\"><img loading=\"lazy\" class=\"alignnone size-full wp-image-7287\" src=\"https:\/\/static-blogs.elcomercio.es\/wp-content\/uploads\/sites\/13\/2021\/02\/IMG20210220161432.jpg\" alt=\"\" width=\"604\" height=\"604\" srcset=\"https:\/\/static-blogs.elcomercio.es\/wp-content\/uploads\/sites\/13\/2021\/02\/IMG20210220161432.jpg 604w, https:\/\/static-blogs.elcomercio.es\/wp-content\/uploads\/sites\/13\/2021\/02\/IMG20210220161432-150x150.jpg 150w, https:\/\/static-blogs.elcomercio.es\/wp-content\/uploads\/sites\/13\/2021\/02\/IMG20210220161432-300x300.jpg 300w\" sizes=\"(max-width: 604px) 100vw, 604px\" \/><\/a><\/p>\n<p>&nbsp;<\/p>\n<p><a href=\"https:\/\/static-blogs.elcomercio.es\/wp-content\/uploads\/sites\/13\/2021\/02\/IMG20210220161300.jpg\"><img loading=\"lazy\" class=\"alignnone size-full wp-image-7286\" src=\"https:\/\/static-blogs.elcomercio.es\/wp-content\/uploads\/sites\/13\/2021\/02\/IMG20210220161300.jpg\" alt=\"\" width=\"604\" height=\"604\" srcset=\"https:\/\/static-blogs.elcomercio.es\/wp-content\/uploads\/sites\/13\/2021\/02\/IMG20210220161300.jpg 604w, https:\/\/static-blogs.elcomercio.es\/wp-content\/uploads\/sites\/13\/2021\/02\/IMG20210220161300-150x150.jpg 150w, https:\/\/static-blogs.elcomercio.es\/wp-content\/uploads\/sites\/13\/2021\/02\/IMG20210220161300-300x300.jpg 300w\" sizes=\"(max-width: 604px) 100vw, 604px\" \/><\/a><\/p>\n<p>&nbsp;<\/p>\n<p>Obtendr\u00e9is desde all\u00ed unas vistas impresionantes.<\/p>\n<p>&nbsp;<\/p>\n<p><a href=\"https:\/\/static-blogs.elcomercio.es\/wp-content\/uploads\/sites\/13\/2021\/02\/IMG20210220161140.jpg\"><img loading=\"lazy\" class=\"alignnone size-full wp-image-7283\" src=\"https:\/\/static-blogs.elcomercio.es\/wp-content\/uploads\/sites\/13\/2021\/02\/IMG20210220161140.jpg\" alt=\"\" width=\"604\" height=\"604\" srcset=\"https:\/\/static-blogs.elcomercio.es\/wp-content\/uploads\/sites\/13\/2021\/02\/IMG20210220161140.jpg 604w, https:\/\/static-blogs.elcomercio.es\/wp-content\/uploads\/sites\/13\/2021\/02\/IMG20210220161140-150x150.jpg 150w, https:\/\/static-blogs.elcomercio.es\/wp-content\/uploads\/sites\/13\/2021\/02\/IMG20210220161140-300x300.jpg 300w\" sizes=\"(max-width: 604px) 100vw, 604px\" \/><\/a><\/p>\n<p>&nbsp;<\/p>\n<p>Corvera enamora a aquellos que la visitan y posee todos los requisitos para regresar y seguir explorando sus infinitos rincones que, como \u00e9ste, est\u00e1n plagados de belleza e historia. As\u00ed que no os demor\u00e9is y \u00a1animaros a descubrirlos!.<\/p>\n<p>Para m\u00e1s informaci\u00f3n:<a href=\"http:\/\/www.corvera.es\/es\/descubrir.asp\" target=\"_blank\" rel=\"noopener external nofollow\"> Ayuntamiento de Corvera<\/a>.<\/p>\n<p>&nbsp;<\/p>\n<p>&nbsp;<\/p>\n<!-- AddThis Advanced Settings generic via filter on the_content --><!-- AddThis Share Buttons generic via filter on the_content -->","protected":false},"excerpt":{"rendered":"<p>Acercarse hasta el concejo de Corvera siempre es un deleite para los sentidos y es que aqu\u00ed, el gris del hormig\u00f3n se camufla con el verde de sus prader\u00edas las cuales, en algunos espacios , se convierten en aut\u00e9nticas monta\u00f1as rusas ofreci\u00e9ndonos verdaderos miradores naturales\u00a0 al\u00a0 para\u00edso. Ubicado estrat\u00e9gicamente en la zona central de Asturias, [&hellip;]<!-- AddThis Advanced Settings generic via filter on get_the_excerpt --><!-- AddThis Share Buttons generic via filter on get_the_excerpt --><\/p>\n","protected":false},"author":14,"featured_media":7265,"comment_status":"open","ping_status":"closed","sticky":false,"template":"","format":"standard","meta":[],"categories":[21],"tags":[1313,170,371,1312,430,638,667,691,916],"_links":{"self":[{"href":"https:\/\/blogs.elcomercio.es\/explorando-paraiso-moto\/wp-json\/wp\/v2\/posts\/7289"}],"collection":[{"href":"https:\/\/blogs.elcomercio.es\/explorando-paraiso-moto\/wp-json\/wp\/v2\/posts"}],"about":[{"href":"https:\/\/blogs.elcomercio.es\/explorando-paraiso-moto\/wp-json\/wp\/v2\/types\/post"}],"author":[{"embeddable":true,"href":"https:\/\/blogs.elcomercio.es\/explorando-paraiso-moto\/wp-json\/wp\/v2\/users\/14"}],"replies":[{"embeddable":true,"href":"https:\/\/blogs.elcomercio.es\/explorando-paraiso-moto\/wp-json\/wp\/v2\/comments?post=7289"}],"version-history":[{"count":3,"href":"https:\/\/blogs.elcomercio.es\/explorando-paraiso-moto\/wp-json\/wp\/v2\/posts\/7289\/revisions"}],"predecessor-version":[{"id":7294,"href":"https:\/\/blogs.elcomercio.es\/explorando-paraiso-moto\/wp-json\/wp\/v2\/posts\/7289\/revisions\/7294"}],"wp:featuredmedia":[{"embeddable":true,"href":"https:\/\/blogs.elcomercio.es\/explorando-paraiso-moto\/wp-json\/wp\/v2\/media\/7265"}],"wp:attachment":[{"href":"https:\/\/blogs.elcomercio.es\/explorando-paraiso-moto\/wp-json\/wp\/v2\/media?parent=7289"}],"wp:term":[{"taxonomy":"category","embeddable":true,"href":"https:\/\/blogs.elcomercio.es\/explorando-paraiso-moto\/wp-json\/wp\/v2\/categories?post=7289"},{"taxonomy":"post_tag","embeddable":true,"href":"https:\/\/blogs.elcomercio.es\/explorando-paraiso-moto\/wp-json\/wp\/v2\/tags?post=7289"}],"curies":[{"name":"wp","href":"https:\/\/api.w.org\/{rel}","templated":true}]}}