{"id":7390,"date":"2021-03-26T08:25:49","date_gmt":"2021-03-26T07:25:49","guid":{"rendered":"https:\/\/blogs.elcomercio.es\/explorando-paraiso-moto\/?p=7390"},"modified":"2021-03-26T08:25:49","modified_gmt":"2021-03-26T07:25:49","slug":"somao-y-el-legado-indiano","status":"publish","type":"post","link":"https:\/\/blogs.elcomercio.es\/explorando-paraiso-moto\/2021\/03\/26\/somao-y-el-legado-indiano\/","title":{"rendered":"Somao y el legado indiano"},"content":{"rendered":"<p>Elegido Pueblo Ejemplar por la Fundaci\u00f3n Princesa de Asturias en el a\u00f1o 2020, a este peque\u00f1o para\u00edso del concejo de Pravia, le sobran razones para presumir de ello. Seg\u00fan el Acta del Jurado \u201cLos habitantes de Somao han sabido mantener la riqueza de su legado patrimonial indiano y rural a trav\u00e9s de estrechos lazos de colaboraci\u00f3n vecinal en una apuesta convencida y ejemplar por la uni\u00f3n de tradici\u00f3n y modernidad. La disposici\u00f3n al di\u00e1logo y el entendimiento, mostrada por sus habitantes en los \u00faltimos a\u00f1os en favor del bien com\u00fan, el fuerte esp\u00edritu emprendedor de sus j\u00f3venes, y su capacidad de gesti\u00f3n y organizaci\u00f3n de los bienes de la \u201cparroquia rural\u201d, integrados por montes y pastizales -cuyos ingresos redundan en beneficio del pueblo-, han contribuido con su esfuerzo a mejorar la actividad econ\u00f3mica a trav\u00e9s del sector agroalimentario y el turismo y a afianzar su s\u00f3lida apuesta por el futuro.\u201d<\/p>\n<p>&nbsp;<\/p>\n<p><a href=\"https:\/\/static-blogs.elcomercio.es\/wp-content\/uploads\/sites\/13\/2021\/03\/IMG20210323174656-crop.jpg\"><img loading=\"lazy\" class=\"alignnone size-full wp-image-7360\" src=\"https:\/\/static-blogs.elcomercio.es\/wp-content\/uploads\/sites\/13\/2021\/03\/IMG20210323174656-crop.jpg\" alt=\"\" width=\"546\" height=\"566\" srcset=\"https:\/\/static-blogs.elcomercio.es\/wp-content\/uploads\/sites\/13\/2021\/03\/IMG20210323174656-crop.jpg 546w, https:\/\/static-blogs.elcomercio.es\/wp-content\/uploads\/sites\/13\/2021\/03\/IMG20210323174656-crop-289x300.jpg 289w\" sizes=\"(max-width: 546px) 100vw, 546px\" \/><\/a><\/p>\n<p>&nbsp;<\/p>\n<p><a href=\"https:\/\/static-blogs.elcomercio.es\/wp-content\/uploads\/sites\/13\/2021\/03\/IMG20210323174717.jpg\"><img loading=\"lazy\" class=\"alignnone size-full wp-image-7361\" src=\"https:\/\/static-blogs.elcomercio.es\/wp-content\/uploads\/sites\/13\/2021\/03\/IMG20210323174717.jpg\" alt=\"\" width=\"604\" height=\"604\" srcset=\"https:\/\/static-blogs.elcomercio.es\/wp-content\/uploads\/sites\/13\/2021\/03\/IMG20210323174717.jpg 604w, https:\/\/static-blogs.elcomercio.es\/wp-content\/uploads\/sites\/13\/2021\/03\/IMG20210323174717-150x150.jpg 150w, https:\/\/static-blogs.elcomercio.es\/wp-content\/uploads\/sites\/13\/2021\/03\/IMG20210323174717-300x300.jpg 300w\" sizes=\"(max-width: 604px) 100vw, 604px\" \/><\/a><\/p>\n<p>&nbsp;<\/p>\n<p>Enmarcado dentro de la<a href=\"http:\/\/www.destinobajonalon.es\/\" target=\"_blank\" rel=\"noopener external nofollow\"> Comarca del Bajo Nal\u00f3n<\/a>, su acceso es r\u00e1pido y directo al encontrarse muy cerca de la Autov\u00eda del Cant\u00e1brico.Tan solo 11 kil\u00f3metros lo separan de la capital del concejo, Pravia, y tres de la costa. A su espalda, las monta\u00f1as dibujan un perfil sinuoso sobre las que, en muchas ocasiones, dormita el sol. Finales de marzo y la primavera acaba de entrar. Poder terminar con el cansancio de ocho horas de conducci\u00f3n repetitiva es algo tan sencillo como subirse a una moto y ponerse a explorar rincones de la &#8220;tierrina&#8221;.En\u00a0 esta ocasi\u00f3n,\u00a0 nuestro destino est\u00e1 repleto de historia: la de los indianos. \u00bfY qui\u00e9nes eran los indianos?, os preguntar\u00e9is algunos.<\/p>\n<p>Pues, a grandes rasgos, aquellos emigrantes que, a finales del S.XIX y principios del S.XX, tras partir hacia Am\u00e9rica\u00a0en busca de un futuro m\u00e1s pr\u00f3spero, volv\u00edan a su hogar natal despu\u00e9s de haber cosechado grandes fortunas.<\/p>\n<p>Esa desbordante econom\u00eda les permitir\u00eda construirse grandes y lujosas mansiones y algunos se convirtieron en\u00a0\u00a0benefactores de la tierra que les vio nacer.<\/p>\n<p>&nbsp;<\/p>\n<p><a href=\"https:\/\/static-blogs.elcomercio.es\/wp-content\/uploads\/sites\/13\/2021\/03\/IMG20210323170214.jpg\"><img loading=\"lazy\" class=\"alignnone size-full wp-image-7351\" src=\"https:\/\/static-blogs.elcomercio.es\/wp-content\/uploads\/sites\/13\/2021\/03\/IMG20210323170214.jpg\" alt=\"\" width=\"604\" height=\"604\" srcset=\"https:\/\/static-blogs.elcomercio.es\/wp-content\/uploads\/sites\/13\/2021\/03\/IMG20210323170214.jpg 604w, https:\/\/static-blogs.elcomercio.es\/wp-content\/uploads\/sites\/13\/2021\/03\/IMG20210323170214-150x150.jpg 150w, https:\/\/static-blogs.elcomercio.es\/wp-content\/uploads\/sites\/13\/2021\/03\/IMG20210323170214-300x300.jpg 300w\" sizes=\"(max-width: 604px) 100vw, 604px\" \/><\/a><\/p>\n<p>&nbsp;<\/p>\n<p><a href=\"https:\/\/static-blogs.elcomercio.es\/wp-content\/uploads\/sites\/13\/2021\/03\/IMG20210323170357.jpg\"><img loading=\"lazy\" class=\"alignnone size-full wp-image-7353\" src=\"https:\/\/static-blogs.elcomercio.es\/wp-content\/uploads\/sites\/13\/2021\/03\/IMG20210323170357.jpg\" alt=\"\" width=\"604\" height=\"604\" srcset=\"https:\/\/static-blogs.elcomercio.es\/wp-content\/uploads\/sites\/13\/2021\/03\/IMG20210323170357.jpg 604w, https:\/\/static-blogs.elcomercio.es\/wp-content\/uploads\/sites\/13\/2021\/03\/IMG20210323170357-150x150.jpg 150w, https:\/\/static-blogs.elcomercio.es\/wp-content\/uploads\/sites\/13\/2021\/03\/IMG20210323170357-300x300.jpg 300w\" sizes=\"(max-width: 604px) 100vw, 604px\" \/><\/a><\/p>\n<p>&nbsp;<\/p>\n<p>Iniciaremos la ruta en el \u00e1rea recreativa de La Pe\u00f1ona. A ella accederemos desde Somao rodando unos 4 kil\u00f3metros por la AS-352.<\/p>\n<p>&nbsp;<\/p>\n<p><a href=\"https:\/\/static-blogs.elcomercio.es\/wp-content\/uploads\/sites\/13\/2021\/03\/IMG20210323172303.jpg\"><img loading=\"lazy\" class=\"alignnone size-full wp-image-7355\" src=\"https:\/\/static-blogs.elcomercio.es\/wp-content\/uploads\/sites\/13\/2021\/03\/IMG20210323172303.jpg\" alt=\"\" width=\"604\" height=\"604\" srcset=\"https:\/\/static-blogs.elcomercio.es\/wp-content\/uploads\/sites\/13\/2021\/03\/IMG20210323172303.jpg 604w, https:\/\/static-blogs.elcomercio.es\/wp-content\/uploads\/sites\/13\/2021\/03\/IMG20210323172303-150x150.jpg 150w, https:\/\/static-blogs.elcomercio.es\/wp-content\/uploads\/sites\/13\/2021\/03\/IMG20210323172303-300x300.jpg 300w\" sizes=\"(max-width: 604px) 100vw, 604px\" \/><\/a><\/p>\n<p>&nbsp;<\/p>\n<p>Sin duda, un excelente lugar para poder retirarse a disfrutar\u00a0 en familia, con amigos,&#8230;<\/p>\n<p>&nbsp;<\/p>\n<p><a href=\"https:\/\/static-blogs.elcomercio.es\/wp-content\/uploads\/sites\/13\/2021\/03\/IMG20210323172506.jpg\"><img loading=\"lazy\" class=\"alignnone size-full wp-image-7356\" src=\"https:\/\/static-blogs.elcomercio.es\/wp-content\/uploads\/sites\/13\/2021\/03\/IMG20210323172506.jpg\" alt=\"\" width=\"604\" height=\"604\" srcset=\"https:\/\/static-blogs.elcomercio.es\/wp-content\/uploads\/sites\/13\/2021\/03\/IMG20210323172506.jpg 604w, https:\/\/static-blogs.elcomercio.es\/wp-content\/uploads\/sites\/13\/2021\/03\/IMG20210323172506-150x150.jpg 150w, https:\/\/static-blogs.elcomercio.es\/wp-content\/uploads\/sites\/13\/2021\/03\/IMG20210323172506-300x300.jpg 300w\" sizes=\"(max-width: 604px) 100vw, 604px\" \/><\/a><\/p>\n<p>&nbsp;<\/p>\n<p><a href=\"https:\/\/static-blogs.elcomercio.es\/wp-content\/uploads\/sites\/13\/2021\/03\/IMG20210323172629.jpg\"><img loading=\"lazy\" class=\"alignnone size-full wp-image-7357\" src=\"https:\/\/static-blogs.elcomercio.es\/wp-content\/uploads\/sites\/13\/2021\/03\/IMG20210323172629.jpg\" alt=\"\" width=\"604\" height=\"604\" srcset=\"https:\/\/static-blogs.elcomercio.es\/wp-content\/uploads\/sites\/13\/2021\/03\/IMG20210323172629.jpg 604w, https:\/\/static-blogs.elcomercio.es\/wp-content\/uploads\/sites\/13\/2021\/03\/IMG20210323172629-150x150.jpg 150w, https:\/\/static-blogs.elcomercio.es\/wp-content\/uploads\/sites\/13\/2021\/03\/IMG20210323172629-300x300.jpg 300w\" sizes=\"(max-width: 604px) 100vw, 604px\" \/><\/a><\/p>\n<p>&nbsp;<\/p>\n<p>De vuelta sobre mis pasos, estacion\u00e9 a &#8220;<em>Trailera<\/em>&#8220;en la Plaza del pueblo. All\u00ed inici\u00e9 el conocido como &#8220;Paseo Indiano&#8221;.<\/p>\n<p>&nbsp;<\/p>\n<p><a href=\"https:\/\/static-blogs.elcomercio.es\/wp-content\/uploads\/sites\/13\/2021\/03\/IMG20210323174949-crop.jpg\"><img loading=\"lazy\" class=\"alignnone size-full wp-image-7391\" src=\"https:\/\/static-blogs.elcomercio.es\/wp-content\/uploads\/sites\/13\/2021\/03\/IMG20210323174949-crop.jpg\" alt=\"\" width=\"336\" height=\"604\" srcset=\"https:\/\/static-blogs.elcomercio.es\/wp-content\/uploads\/sites\/13\/2021\/03\/IMG20210323174949-crop.jpg 336w, https:\/\/static-blogs.elcomercio.es\/wp-content\/uploads\/sites\/13\/2021\/03\/IMG20210323174949-crop-167x300.jpg 167w\" sizes=\"(max-width: 336px) 100vw, 336px\" \/><\/a><\/p>\n<p>&nbsp;<\/p>\n<p>Ante nosotros,el antiguo cine escolar ben\u00e9fico,muy\u00a0 bien conservado que, en la actualidad, funciona como Centro Social.<\/p>\n<p>&nbsp;<\/p>\n<p><a href=\"https:\/\/static-blogs.elcomercio.es\/wp-content\/uploads\/sites\/13\/2021\/03\/IMG20210323174827.jpg\"><img loading=\"lazy\" class=\"alignnone size-full wp-image-7362\" src=\"https:\/\/static-blogs.elcomercio.es\/wp-content\/uploads\/sites\/13\/2021\/03\/IMG20210323174827.jpg\" alt=\"\" width=\"604\" height=\"604\" srcset=\"https:\/\/static-blogs.elcomercio.es\/wp-content\/uploads\/sites\/13\/2021\/03\/IMG20210323174827.jpg 604w, https:\/\/static-blogs.elcomercio.es\/wp-content\/uploads\/sites\/13\/2021\/03\/IMG20210323174827-150x150.jpg 150w, https:\/\/static-blogs.elcomercio.es\/wp-content\/uploads\/sites\/13\/2021\/03\/IMG20210323174827-300x300.jpg 300w\" sizes=\"(max-width: 604px) 100vw, 604px\" \/><\/a><\/p>\n<p>&nbsp;<\/p>\n<p>La iglesia de Santa Eulalia.<\/p>\n<p>&nbsp;<\/p>\n<p><a href=\"https:\/\/static-blogs.elcomercio.es\/wp-content\/uploads\/sites\/13\/2021\/03\/IMG20210323175903.jpg\"><img loading=\"lazy\" class=\"alignnone size-full wp-image-7368\" src=\"https:\/\/static-blogs.elcomercio.es\/wp-content\/uploads\/sites\/13\/2021\/03\/IMG20210323175903.jpg\" alt=\"\" width=\"604\" height=\"604\" srcset=\"https:\/\/static-blogs.elcomercio.es\/wp-content\/uploads\/sites\/13\/2021\/03\/IMG20210323175903.jpg 604w, https:\/\/static-blogs.elcomercio.es\/wp-content\/uploads\/sites\/13\/2021\/03\/IMG20210323175903-150x150.jpg 150w, https:\/\/static-blogs.elcomercio.es\/wp-content\/uploads\/sites\/13\/2021\/03\/IMG20210323175903-300x300.jpg 300w\" sizes=\"(max-width: 604px) 100vw, 604px\" \/><\/a><\/p>\n<p>&nbsp;<\/p>\n<p>Y las escuelas unitarias(1928).<\/p>\n<p>&nbsp;<\/p>\n<p><a href=\"https:\/\/static-blogs.elcomercio.es\/wp-content\/uploads\/sites\/13\/2021\/03\/IMG20210323174840.jpg\"><img loading=\"lazy\" class=\"alignnone size-full wp-image-7363\" src=\"https:\/\/static-blogs.elcomercio.es\/wp-content\/uploads\/sites\/13\/2021\/03\/IMG20210323174840.jpg\" alt=\"\" width=\"604\" height=\"604\" srcset=\"https:\/\/static-blogs.elcomercio.es\/wp-content\/uploads\/sites\/13\/2021\/03\/IMG20210323174840.jpg 604w, https:\/\/static-blogs.elcomercio.es\/wp-content\/uploads\/sites\/13\/2021\/03\/IMG20210323174840-150x150.jpg 150w, https:\/\/static-blogs.elcomercio.es\/wp-content\/uploads\/sites\/13\/2021\/03\/IMG20210323174840-300x300.jpg 300w\" sizes=\"(max-width: 604px) 100vw, 604px\" \/><\/a><\/p>\n<p>&nbsp;<\/p>\n<p>Frente a la puerta de la iglesia, encontraremos la Casa de la Capilla.<\/p>\n<p>&nbsp;<\/p>\n<p><a href=\"https:\/\/static-blogs.elcomercio.es\/wp-content\/uploads\/sites\/13\/2021\/03\/IMG20210323175049.jpg\"><img loading=\"lazy\" class=\"alignnone size-full wp-image-7365\" src=\"https:\/\/static-blogs.elcomercio.es\/wp-content\/uploads\/sites\/13\/2021\/03\/IMG20210323175049.jpg\" alt=\"\" width=\"604\" height=\"604\" srcset=\"https:\/\/static-blogs.elcomercio.es\/wp-content\/uploads\/sites\/13\/2021\/03\/IMG20210323175049.jpg 604w, https:\/\/static-blogs.elcomercio.es\/wp-content\/uploads\/sites\/13\/2021\/03\/IMG20210323175049-150x150.jpg 150w, https:\/\/static-blogs.elcomercio.es\/wp-content\/uploads\/sites\/13\/2021\/03\/IMG20210323175049-300x300.jpg 300w\" sizes=\"(max-width: 604px) 100vw, 604px\" \/><\/a><\/p>\n<p>&nbsp;<\/p>\n<p>Muy pr\u00f3ximo, pegado a la iglesia por su lado derecho, est\u00e1 El Marciel, o Chalet de Sol\u00eds, que fue construido por Jes\u00fas Sol\u00eds y data de 1910.<\/p>\n<p>&nbsp;<\/p>\n<p><a href=\"https:\/\/static-blogs.elcomercio.es\/wp-content\/uploads\/sites\/13\/2021\/03\/IMG20210323175202.jpg\"><img loading=\"lazy\" class=\"alignnone size-full wp-image-7366\" src=\"https:\/\/static-blogs.elcomercio.es\/wp-content\/uploads\/sites\/13\/2021\/03\/IMG20210323175202.jpg\" alt=\"\" width=\"604\" height=\"604\" srcset=\"https:\/\/static-blogs.elcomercio.es\/wp-content\/uploads\/sites\/13\/2021\/03\/IMG20210323175202.jpg 604w, https:\/\/static-blogs.elcomercio.es\/wp-content\/uploads\/sites\/13\/2021\/03\/IMG20210323175202-150x150.jpg 150w, https:\/\/static-blogs.elcomercio.es\/wp-content\/uploads\/sites\/13\/2021\/03\/IMG20210323175202-300x300.jpg 300w\" sizes=\"(max-width: 604px) 100vw, 604px\" \/><\/a><\/p>\n<p>&nbsp;<\/p>\n<p>Si continuamos caminando por la AS-352, unos metros m\u00e1s arriba, a nuestra izquierda,\u00a0 encontraremos unos lavaderos, los de la Serradera, que datan de 1931 y que han sido reformados gracias a un convenio de colaboraci\u00f3n entre el Ayuntamiento de Pravia y\u00a0 la junta gestora del pueblo. Se renov\u00f3 el tejado,pintado y cambiado los grifos de las pilas de lavado. Un pueblo que mima al detalle su patrimonio.<\/p>\n<p>&nbsp;<\/p>\n<p><a href=\"https:\/\/static-blogs.elcomercio.es\/wp-content\/uploads\/sites\/13\/2021\/03\/IMG20210323180401.jpg\"><img loading=\"lazy\" class=\"alignnone size-full wp-image-7371\" src=\"https:\/\/static-blogs.elcomercio.es\/wp-content\/uploads\/sites\/13\/2021\/03\/IMG20210323180401.jpg\" alt=\"\" width=\"604\" height=\"604\" srcset=\"https:\/\/static-blogs.elcomercio.es\/wp-content\/uploads\/sites\/13\/2021\/03\/IMG20210323180401.jpg 604w, https:\/\/static-blogs.elcomercio.es\/wp-content\/uploads\/sites\/13\/2021\/03\/IMG20210323180401-150x150.jpg 150w, https:\/\/static-blogs.elcomercio.es\/wp-content\/uploads\/sites\/13\/2021\/03\/IMG20210323180401-300x300.jpg 300w\" sizes=\"(max-width: 604px) 100vw, 604px\" \/><\/a><\/p>\n<p>&nbsp;<\/p>\n<p>A nuestra derecha encontraremos la casa de <a href=\"http:\/\/casonasdeindianos.blogspot.com\/2012\/02\/239-casa-de-tomas-de-pachin-somao.html\" target=\"_blank\" rel=\"noopener external nofollow\">Tom\u00e1s\u00a0 de Pach\u00edn<\/a>,que aunque no es de origen indiano, \u00e9ste que mencionamos, de quien tom\u00f3 el nombre, fue emigrante a Cuba.<\/p>\n<p>&nbsp;<\/p>\n<p><a href=\"https:\/\/static-blogs.elcomercio.es\/wp-content\/uploads\/sites\/13\/2021\/03\/IMG20210323182819.jpg\"><img loading=\"lazy\" class=\"alignnone size-full wp-image-7379\" src=\"https:\/\/static-blogs.elcomercio.es\/wp-content\/uploads\/sites\/13\/2021\/03\/IMG20210323182819.jpg\" alt=\"\" width=\"604\" height=\"604\" srcset=\"https:\/\/static-blogs.elcomercio.es\/wp-content\/uploads\/sites\/13\/2021\/03\/IMG20210323182819.jpg 604w, https:\/\/static-blogs.elcomercio.es\/wp-content\/uploads\/sites\/13\/2021\/03\/IMG20210323182819-150x150.jpg 150w, https:\/\/static-blogs.elcomercio.es\/wp-content\/uploads\/sites\/13\/2021\/03\/IMG20210323182819-300x300.jpg 300w\" sizes=\"(max-width: 604px) 100vw, 604px\" \/><\/a><\/p>\n<p>&nbsp;<\/p>\n<p>Muy pr\u00f3xima, <a href=\"http:\/\/casonasdeindianos.blogspot.com\/2012\/01\/232-el-noceo-somao-pravia.html\" target=\"_blank\" rel=\"noopener external nofollow\">El Noceo<\/a>, la casa de Jos\u00e9 Men\u00e9ndez Vi\u00f1a, quien fue el primer valiente de Somao en cruzar el oc\u00e9ano Atl\u00e1ntico en b\u00fasqueda de un futuro mejor.<\/p>\n<p>&nbsp;<\/p>\n<p><a href=\"https:\/\/static-blogs.elcomercio.es\/wp-content\/uploads\/sites\/13\/2021\/03\/IMG20210323182250.jpg\"><img loading=\"lazy\" class=\"alignnone size-full wp-image-7377\" src=\"https:\/\/static-blogs.elcomercio.es\/wp-content\/uploads\/sites\/13\/2021\/03\/IMG20210323182250.jpg\" alt=\"\" width=\"604\" height=\"604\" srcset=\"https:\/\/static-blogs.elcomercio.es\/wp-content\/uploads\/sites\/13\/2021\/03\/IMG20210323182250.jpg 604w, https:\/\/static-blogs.elcomercio.es\/wp-content\/uploads\/sites\/13\/2021\/03\/IMG20210323182250-150x150.jpg 150w, https:\/\/static-blogs.elcomercio.es\/wp-content\/uploads\/sites\/13\/2021\/03\/IMG20210323182250-300x300.jpg 300w\" sizes=\"(max-width: 604px) 100vw, 604px\" \/><\/a><\/p>\n<p>&nbsp;<\/p>\n<p>En esta misma zona, se encuentra la Cochera(1900), la \u00fanica casa de indianos que se ha reconvertido en alojamiento tur\u00edstico. Antes hab\u00eda sido la casa de los criados del Noceo.<\/p>\n<p>&nbsp;<\/p>\n<p><a href=\"https:\/\/static-blogs.elcomercio.es\/wp-content\/uploads\/sites\/13\/2021\/03\/IMG20210323181540.jpg\"><img loading=\"lazy\" class=\"alignnone size-full wp-image-7393\" src=\"https:\/\/static-blogs.elcomercio.es\/wp-content\/uploads\/sites\/13\/2021\/03\/IMG20210323181540.jpg\" alt=\"\" width=\"604\" height=\"604\" srcset=\"https:\/\/static-blogs.elcomercio.es\/wp-content\/uploads\/sites\/13\/2021\/03\/IMG20210323181540.jpg 604w, https:\/\/static-blogs.elcomercio.es\/wp-content\/uploads\/sites\/13\/2021\/03\/IMG20210323181540-150x150.jpg 150w, https:\/\/static-blogs.elcomercio.es\/wp-content\/uploads\/sites\/13\/2021\/03\/IMG20210323181540-300x300.jpg 300w\" sizes=\"(max-width: 604px) 100vw, 604px\" \/><\/a><\/p>\n<p>&nbsp;<\/p>\n<p><a href=\"https:\/\/static-blogs.elcomercio.es\/wp-content\/uploads\/sites\/13\/2021\/03\/IMG20210323181835.jpg\"><img loading=\"lazy\" class=\"alignnone size-full wp-image-7394\" src=\"https:\/\/static-blogs.elcomercio.es\/wp-content\/uploads\/sites\/13\/2021\/03\/IMG20210323181835.jpg\" alt=\"\" width=\"604\" height=\"604\" srcset=\"https:\/\/static-blogs.elcomercio.es\/wp-content\/uploads\/sites\/13\/2021\/03\/IMG20210323181835.jpg 604w, https:\/\/static-blogs.elcomercio.es\/wp-content\/uploads\/sites\/13\/2021\/03\/IMG20210323181835-150x150.jpg 150w, https:\/\/static-blogs.elcomercio.es\/wp-content\/uploads\/sites\/13\/2021\/03\/IMG20210323181835-300x300.jpg 300w\" sizes=\"(max-width: 604px) 100vw, 604px\" \/><\/a><\/p>\n<p>&nbsp;<\/p>\n<p><a href=\"https:\/\/static-blogs.elcomercio.es\/wp-content\/uploads\/sites\/13\/2021\/03\/IMG20210323182435.jpg\"><img loading=\"lazy\" class=\"alignnone size-full wp-image-7378\" src=\"https:\/\/static-blogs.elcomercio.es\/wp-content\/uploads\/sites\/13\/2021\/03\/IMG20210323182435.jpg\" alt=\"\" width=\"604\" height=\"604\" srcset=\"https:\/\/static-blogs.elcomercio.es\/wp-content\/uploads\/sites\/13\/2021\/03\/IMG20210323182435.jpg 604w, https:\/\/static-blogs.elcomercio.es\/wp-content\/uploads\/sites\/13\/2021\/03\/IMG20210323182435-150x150.jpg 150w, https:\/\/static-blogs.elcomercio.es\/wp-content\/uploads\/sites\/13\/2021\/03\/IMG20210323182435-300x300.jpg 300w\" sizes=\"(max-width: 604px) 100vw, 604px\" \/><\/a><\/p>\n<p>&nbsp;<\/p>\n<p>A pocos metros est\u00e1 <a href=\"http:\/\/casonasdeindianos.blogspot.com\/2012\/01\/233-la-marroquina-somao-pravia.html\" target=\"_blank\" rel=\"noopener external nofollow\">La Marroquina<\/a>, originariamente propiedad de Hermenegildo Men\u00e9ndez.<\/p>\n<p>&nbsp;<\/p>\n<p><a href=\"https:\/\/static-blogs.elcomercio.es\/wp-content\/uploads\/sites\/13\/2021\/03\/IMG20210323183315.jpg\"><img loading=\"lazy\" class=\"alignnone size-full wp-image-7380\" src=\"https:\/\/static-blogs.elcomercio.es\/wp-content\/uploads\/sites\/13\/2021\/03\/IMG20210323183315.jpg\" alt=\"\" width=\"604\" height=\"604\" srcset=\"https:\/\/static-blogs.elcomercio.es\/wp-content\/uploads\/sites\/13\/2021\/03\/IMG20210323183315.jpg 604w, https:\/\/static-blogs.elcomercio.es\/wp-content\/uploads\/sites\/13\/2021\/03\/IMG20210323183315-150x150.jpg 150w, https:\/\/static-blogs.elcomercio.es\/wp-content\/uploads\/sites\/13\/2021\/03\/IMG20210323183315-300x300.jpg 300w\" sizes=\"(max-width: 604px) 100vw, 604px\" \/><\/a><\/p>\n<p>&nbsp;<\/p>\n<p>Nos vamos ahora hasta <a href=\"http:\/\/casonasdeindianos.blogspot.com\/2012\/01\/234-la-casona-somao-pravia.html\" target=\"_blank\" rel=\"noopener external nofollow\">La Casona<\/a>, dando un paseo en el que no estaba sola.<\/p>\n<p>&nbsp;<\/p>\n<p><a href=\"https:\/\/static-blogs.elcomercio.es\/wp-content\/uploads\/sites\/13\/2021\/03\/IMG20210323180003.jpg\"><img loading=\"lazy\" class=\"alignnone size-full wp-image-7369\" src=\"https:\/\/static-blogs.elcomercio.es\/wp-content\/uploads\/sites\/13\/2021\/03\/IMG20210323180003.jpg\" alt=\"\" width=\"604\" height=\"604\" srcset=\"https:\/\/static-blogs.elcomercio.es\/wp-content\/uploads\/sites\/13\/2021\/03\/IMG20210323180003.jpg 604w, https:\/\/static-blogs.elcomercio.es\/wp-content\/uploads\/sites\/13\/2021\/03\/IMG20210323180003-150x150.jpg 150w, https:\/\/static-blogs.elcomercio.es\/wp-content\/uploads\/sites\/13\/2021\/03\/IMG20210323180003-300x300.jpg 300w\" sizes=\"(max-width: 604px) 100vw, 604px\" \/><\/a><\/p>\n<p>&nbsp;<\/p>\n<p><a href=\"https:\/\/static-blogs.elcomercio.es\/wp-content\/uploads\/sites\/13\/2021\/03\/IMG20210323180641.jpg\"><img loading=\"lazy\" class=\"alignnone size-full wp-image-7373\" src=\"https:\/\/static-blogs.elcomercio.es\/wp-content\/uploads\/sites\/13\/2021\/03\/IMG20210323180641.jpg\" alt=\"\" width=\"604\" height=\"604\" srcset=\"https:\/\/static-blogs.elcomercio.es\/wp-content\/uploads\/sites\/13\/2021\/03\/IMG20210323180641.jpg 604w, https:\/\/static-blogs.elcomercio.es\/wp-content\/uploads\/sites\/13\/2021\/03\/IMG20210323180641-150x150.jpg 150w, https:\/\/static-blogs.elcomercio.es\/wp-content\/uploads\/sites\/13\/2021\/03\/IMG20210323180641-300x300.jpg 300w\" sizes=\"(max-width: 604px) 100vw, 604px\" \/><\/a><\/p>\n<p>&nbsp;<\/p>\n<p>Se empez\u00f3 a construir en el a\u00f1o 1900 seg\u00fan plano de Garc\u00eda Nava.Posee una gran escalinata y tres de sus fachadas est\u00e1n rodeadas por galer\u00eda sobre columnillas de hierro fundido.Dentro de la finca se construy\u00f3 un mausoleo modernista\u00a0 para el propietario de la casa dise\u00f1ado al estilo &#8220;Sezession&#8221;por el arquitecto Garc\u00eda Nava.<\/p>\n<p>&nbsp;<\/p>\n<p><a href=\"https:\/\/static-blogs.elcomercio.es\/wp-content\/uploads\/sites\/13\/2021\/03\/IMG20210323181233.jpg\"><img loading=\"lazy\" class=\"alignnone size-full wp-image-7375\" src=\"https:\/\/static-blogs.elcomercio.es\/wp-content\/uploads\/sites\/13\/2021\/03\/IMG20210323181233.jpg\" alt=\"\" width=\"604\" height=\"604\" srcset=\"https:\/\/static-blogs.elcomercio.es\/wp-content\/uploads\/sites\/13\/2021\/03\/IMG20210323181233.jpg 604w, https:\/\/static-blogs.elcomercio.es\/wp-content\/uploads\/sites\/13\/2021\/03\/IMG20210323181233-150x150.jpg 150w, https:\/\/static-blogs.elcomercio.es\/wp-content\/uploads\/sites\/13\/2021\/03\/IMG20210323181233-300x300.jpg 300w\" sizes=\"(max-width: 604px) 100vw, 604px\" \/><\/a><\/p>\n<p>&nbsp;<\/p>\n<p>Junto a la Casona, est\u00e1 <a href=\"https:\/\/www.praviaturismo.es\/info-37-somao-villa-radis\/\" target=\"_blank\" rel=\"noopener external nofollow\">Villa Radis<\/a>, edificio residencial unifamiliar modernista que data de 1900, al estilo ingl\u00e9s ARTS&amp;CRAFTS.<\/p>\n<p>&nbsp;<\/p>\n<p><a href=\"https:\/\/static-blogs.elcomercio.es\/wp-content\/uploads\/sites\/13\/2021\/03\/IMG20210323180910.jpg\"><img loading=\"lazy\" class=\"alignnone size-full wp-image-7374\" src=\"https:\/\/static-blogs.elcomercio.es\/wp-content\/uploads\/sites\/13\/2021\/03\/IMG20210323180910.jpg\" alt=\"\" width=\"604\" height=\"604\" srcset=\"https:\/\/static-blogs.elcomercio.es\/wp-content\/uploads\/sites\/13\/2021\/03\/IMG20210323180910.jpg 604w, https:\/\/static-blogs.elcomercio.es\/wp-content\/uploads\/sites\/13\/2021\/03\/IMG20210323180910-150x150.jpg 150w, https:\/\/static-blogs.elcomercio.es\/wp-content\/uploads\/sites\/13\/2021\/03\/IMG20210323180910-300x300.jpg 300w\" sizes=\"(max-width: 604px) 100vw, 604px\" \/><\/a><\/p>\n<p>&nbsp;<\/p>\n<p>Un encargo de Ferm\u00edn Mart\u00ednez para su madre fue la <a href=\"http:\/\/casonasdeindianos.blogspot.com\/2011\/12\/229-casa-amarilla-o-casa-de-la-torre.html\" target=\"_blank\" rel=\"noopener external nofollow\">Casa de la Torre<\/a> o Casa Amarilla. Obra del arquitecto Manuel del Busto, se termin\u00f3 de construir en 1912.<\/p>\n<p>&nbsp;<\/p>\n<p><a href=\"https:\/\/static-blogs.elcomercio.es\/wp-content\/uploads\/sites\/13\/2021\/03\/IMG20210323175452.jpg\"><img loading=\"lazy\" class=\"alignnone size-full wp-image-7367\" src=\"https:\/\/static-blogs.elcomercio.es\/wp-content\/uploads\/sites\/13\/2021\/03\/IMG20210323175452.jpg\" alt=\"\" width=\"604\" height=\"604\" srcset=\"https:\/\/static-blogs.elcomercio.es\/wp-content\/uploads\/sites\/13\/2021\/03\/IMG20210323175452.jpg 604w, https:\/\/static-blogs.elcomercio.es\/wp-content\/uploads\/sites\/13\/2021\/03\/IMG20210323175452-150x150.jpg 150w, https:\/\/static-blogs.elcomercio.es\/wp-content\/uploads\/sites\/13\/2021\/03\/IMG20210323175452-300x300.jpg 300w\" sizes=\"(max-width: 604px) 100vw, 604px\" \/><\/a><\/p>\n<p>&nbsp;<\/p>\n<p>Terminamos nuestro paseo por la zona acerc\u00e1ndonos hasta el mirador de Monteagudo, al cual llegaremos desde Somao por la AS-368 durante unos 3,5 kil\u00f3metros.<\/p>\n<p>&nbsp;<\/p>\n<p><a href=\"https:\/\/static-blogs.elcomercio.es\/wp-content\/uploads\/sites\/13\/2021\/03\/IMG20210323185923.jpg\"><img loading=\"lazy\" class=\"alignnone size-full wp-image-7383\" src=\"https:\/\/static-blogs.elcomercio.es\/wp-content\/uploads\/sites\/13\/2021\/03\/IMG20210323185923.jpg\" alt=\"\" width=\"604\" height=\"604\" srcset=\"https:\/\/static-blogs.elcomercio.es\/wp-content\/uploads\/sites\/13\/2021\/03\/IMG20210323185923.jpg 604w, https:\/\/static-blogs.elcomercio.es\/wp-content\/uploads\/sites\/13\/2021\/03\/IMG20210323185923-150x150.jpg 150w, https:\/\/static-blogs.elcomercio.es\/wp-content\/uploads\/sites\/13\/2021\/03\/IMG20210323185923-300x300.jpg 300w\" sizes=\"(max-width: 604px) 100vw, 604px\" \/><\/a><\/p>\n<p>&nbsp;<\/p>\n<p>En el camino nos encontraremos con el \u00e1rea recreativa.<\/p>\n<p>&nbsp;<\/p>\n<p><a href=\"https:\/\/static-blogs.elcomercio.es\/wp-content\/uploads\/sites\/13\/2021\/03\/IMG20210323191234.jpg\"><img loading=\"lazy\" class=\"alignnone size-full wp-image-7384\" src=\"https:\/\/static-blogs.elcomercio.es\/wp-content\/uploads\/sites\/13\/2021\/03\/IMG20210323191234.jpg\" alt=\"\" width=\"604\" height=\"604\" srcset=\"https:\/\/static-blogs.elcomercio.es\/wp-content\/uploads\/sites\/13\/2021\/03\/IMG20210323191234.jpg 604w, https:\/\/static-blogs.elcomercio.es\/wp-content\/uploads\/sites\/13\/2021\/03\/IMG20210323191234-150x150.jpg 150w, https:\/\/static-blogs.elcomercio.es\/wp-content\/uploads\/sites\/13\/2021\/03\/IMG20210323191234-300x300.jpg 300w\" sizes=\"(max-width: 604px) 100vw, 604px\" \/><\/a><\/p>\n<p>&nbsp;<\/p>\n<p>Toca bajarse de la moto y caminar otro poco.<\/p>\n<p>&nbsp;<\/p>\n<p><a href=\"https:\/\/static-blogs.elcomercio.es\/wp-content\/uploads\/sites\/13\/2021\/03\/IMG20210323191411.jpg\"><img loading=\"lazy\" class=\"alignnone size-full wp-image-7385\" src=\"https:\/\/static-blogs.elcomercio.es\/wp-content\/uploads\/sites\/13\/2021\/03\/IMG20210323191411.jpg\" alt=\"\" width=\"604\" height=\"604\" srcset=\"https:\/\/static-blogs.elcomercio.es\/wp-content\/uploads\/sites\/13\/2021\/03\/IMG20210323191411.jpg 604w, https:\/\/static-blogs.elcomercio.es\/wp-content\/uploads\/sites\/13\/2021\/03\/IMG20210323191411-150x150.jpg 150w, https:\/\/static-blogs.elcomercio.es\/wp-content\/uploads\/sites\/13\/2021\/03\/IMG20210323191411-300x300.jpg 300w\" sizes=\"(max-width: 604px) 100vw, 604px\" \/><\/a><\/p>\n<p>&nbsp;<\/p>\n<p>Eso s\u00ed, merecer\u00e1 la pena llegar hasta lo alto desde donde tuve la suerte de disfrutar de un atardecer inolvidable as\u00ed como de unas vistas impresionantes de la zona.<\/p>\n<p>&nbsp;<\/p>\n<p><a href=\"https:\/\/static-blogs.elcomercio.es\/wp-content\/uploads\/sites\/13\/2021\/03\/IMG20210323192004.jpg\"><img loading=\"lazy\" class=\"alignnone size-full wp-image-7389\" src=\"https:\/\/static-blogs.elcomercio.es\/wp-content\/uploads\/sites\/13\/2021\/03\/IMG20210323192004.jpg\" alt=\"\" width=\"604\" height=\"454\" srcset=\"https:\/\/static-blogs.elcomercio.es\/wp-content\/uploads\/sites\/13\/2021\/03\/IMG20210323192004.jpg 604w, https:\/\/static-blogs.elcomercio.es\/wp-content\/uploads\/sites\/13\/2021\/03\/IMG20210323192004-300x225.jpg 300w\" sizes=\"(max-width: 604px) 100vw, 604px\" \/><\/a><\/p>\n<p>&nbsp;<\/p>\n<p><a href=\"https:\/\/static-blogs.elcomercio.es\/wp-content\/uploads\/sites\/13\/2021\/03\/IMG20210323191624.jpg\"><img loading=\"lazy\" class=\"alignnone size-full wp-image-7386\" src=\"https:\/\/static-blogs.elcomercio.es\/wp-content\/uploads\/sites\/13\/2021\/03\/IMG20210323191624.jpg\" alt=\"\" width=\"604\" height=\"604\" srcset=\"https:\/\/static-blogs.elcomercio.es\/wp-content\/uploads\/sites\/13\/2021\/03\/IMG20210323191624.jpg 604w, https:\/\/static-blogs.elcomercio.es\/wp-content\/uploads\/sites\/13\/2021\/03\/IMG20210323191624-150x150.jpg 150w, https:\/\/static-blogs.elcomercio.es\/wp-content\/uploads\/sites\/13\/2021\/03\/IMG20210323191624-300x300.jpg 300w\" sizes=\"(max-width: 604px) 100vw, 604px\" \/><\/a><\/p>\n<p>&nbsp;<\/p>\n<p><a href=\"https:\/\/static-blogs.elcomercio.es\/wp-content\/uploads\/sites\/13\/2021\/03\/IMG20210323191818.jpg\"><img loading=\"lazy\" class=\"alignnone size-full wp-image-7388\" src=\"https:\/\/static-blogs.elcomercio.es\/wp-content\/uploads\/sites\/13\/2021\/03\/IMG20210323191818.jpg\" alt=\"\" width=\"604\" height=\"604\" srcset=\"https:\/\/static-blogs.elcomercio.es\/wp-content\/uploads\/sites\/13\/2021\/03\/IMG20210323191818.jpg 604w, https:\/\/static-blogs.elcomercio.es\/wp-content\/uploads\/sites\/13\/2021\/03\/IMG20210323191818-150x150.jpg 150w, https:\/\/static-blogs.elcomercio.es\/wp-content\/uploads\/sites\/13\/2021\/03\/IMG20210323191818-300x300.jpg 300w\" sizes=\"(max-width: 604px) 100vw, 604px\" \/><\/a><\/p>\n<p>&nbsp;<\/p>\n<p>Est\u00e1 oscureciendo y el fr\u00edo se hace notar. Es hora de irse a casa y preparar los siguientes destinos de &#8220;Explorando el para\u00edso en moto&#8221;. \u00a1Nos vemos en la pr\u00f3xima ruta!.<\/p>\n<p>Video de la ruta:<\/p>\n<p><iframe loading=\"lazy\" width=\"500\" height=\"375\" src=\"https:\/\/www.youtube.com\/embed\/iuzU6-jpZJU?feature=oembed\" frameborder=\"0\" allow=\"accelerometer; autoplay; clipboard-write; encrypted-media; gyroscope; picture-in-picture\" allowfullscreen><\/iframe><\/p>\n<!-- AddThis Advanced Settings generic via filter on the_content --><!-- AddThis Share Buttons generic via filter on the_content -->","protected":false},"excerpt":{"rendered":"<p>Elegido Pueblo Ejemplar por la Fundaci\u00f3n Princesa de Asturias en el a\u00f1o 2020, a este peque\u00f1o para\u00edso del concejo de Pravia, le sobran razones para presumir de ello. Seg\u00fan el Acta del Jurado \u201cLos habitantes de Somao han sabido mantener la riqueza de su legado patrimonial indiano y rural a trav\u00e9s de estrechos lazos de [&hellip;]<!-- AddThis Advanced Settings generic via filter on get_the_excerpt --><!-- AddThis Share Buttons generic via filter on get_the_excerpt --><\/p>\n","protected":false},"author":14,"featured_media":7358,"comment_status":"open","ping_status":"closed","sticky":false,"template":"","format":"standard","meta":[],"categories":[56],"tags":[1322,1323,430,1324,638,691,771,1321,916],"_links":{"self":[{"href":"https:\/\/blogs.elcomercio.es\/explorando-paraiso-moto\/wp-json\/wp\/v2\/posts\/7390"}],"collection":[{"href":"https:\/\/blogs.elcomercio.es\/explorando-paraiso-moto\/wp-json\/wp\/v2\/posts"}],"about":[{"href":"https:\/\/blogs.elcomercio.es\/explorando-paraiso-moto\/wp-json\/wp\/v2\/types\/post"}],"author":[{"embeddable":true,"href":"https:\/\/blogs.elcomercio.es\/explorando-paraiso-moto\/wp-json\/wp\/v2\/users\/14"}],"replies":[{"embeddable":true,"href":"https:\/\/blogs.elcomercio.es\/explorando-paraiso-moto\/wp-json\/wp\/v2\/comments?post=7390"}],"version-history":[{"count":6,"href":"https:\/\/blogs.elcomercio.es\/explorando-paraiso-moto\/wp-json\/wp\/v2\/posts\/7390\/revisions"}],"predecessor-version":[{"id":7399,"href":"https:\/\/blogs.elcomercio.es\/explorando-paraiso-moto\/wp-json\/wp\/v2\/posts\/7390\/revisions\/7399"}],"wp:featuredmedia":[{"embeddable":true,"href":"https:\/\/blogs.elcomercio.es\/explorando-paraiso-moto\/wp-json\/wp\/v2\/media\/7358"}],"wp:attachment":[{"href":"https:\/\/blogs.elcomercio.es\/explorando-paraiso-moto\/wp-json\/wp\/v2\/media?parent=7390"}],"wp:term":[{"taxonomy":"category","embeddable":true,"href":"https:\/\/blogs.elcomercio.es\/explorando-paraiso-moto\/wp-json\/wp\/v2\/categories?post=7390"},{"taxonomy":"post_tag","embeddable":true,"href":"https:\/\/blogs.elcomercio.es\/explorando-paraiso-moto\/wp-json\/wp\/v2\/tags?post=7390"}],"curies":[{"name":"wp","href":"https:\/\/api.w.org\/{rel}","templated":true}]}}