{"id":7556,"date":"2021-08-29T09:03:59","date_gmt":"2021-08-29T07:03:59","guid":{"rendered":"https:\/\/blogs.elcomercio.es\/explorando-paraiso-moto\/?p=7556"},"modified":"2021-08-29T09:04:22","modified_gmt":"2021-08-29T07:04:22","slug":"la-cascada-del-cioyo","status":"publish","type":"post","link":"https:\/\/blogs.elcomercio.es\/explorando-paraiso-moto\/2021\/08\/29\/la-cascada-del-cioyo\/","title":{"rendered":"La cascada del Cioyo"},"content":{"rendered":"<p>Esta semana nos trasladaremos hasta un lugar que parece sacado de cuento de hadas. Rodaremos hasta un peque\u00f1o rinc\u00f3n del concejo de Castropol, en el occidente asturiano en el que, bajarse de la moto nos ha tra\u00eddo una recompensa inolvidable. Mojaremos nuestras manos en un remanso de agua, paz y tranquilidad, caracter\u00edsticas tan buscadas en lugares como el que hoy nos ocupa: la cascada del Cioyo.<\/p>\n<p>Un d\u00eda cualquiera es la mejor excusa para sacar nuestras monturas y salir en b\u00fasqueda de nuevos lugares que explorar y si es en la compa\u00f1\u00eda de personas como Carlos(quien ya me ha acompa\u00f1ado en varias ocasiones) el motosenderismo est\u00e1 asegurado. La N-632 fue la elegida para surcar sobre ella curvas, curvas y m\u00e1s curvas.<\/p>\n<p>En Cadavedo nos desviamos para visitar un lugar en el que, asombrosamente, nunca hab\u00eda estado y ten\u00eda ganas de conocer: la ermita y mirador de Santa Mar\u00eda de Ri\u00e9gala, o lo que es lo mismo, la Regalina .<\/p>\n<p>&nbsp;<\/p>\n<p><a href=\"https:\/\/static-blogs.elcomercio.es\/wp-content\/uploads\/sites\/13\/2021\/08\/IMG-20210810-WA0024.jpg\"><img loading=\"lazy\" class=\"alignnone size-full wp-image-7539\" src=\"https:\/\/static-blogs.elcomercio.es\/wp-content\/uploads\/sites\/13\/2021\/08\/IMG-20210810-WA0024.jpg\" alt=\"\" width=\"604\" height=\"454\" srcset=\"https:\/\/static-blogs.elcomercio.es\/wp-content\/uploads\/sites\/13\/2021\/08\/IMG-20210810-WA0024.jpg 604w, https:\/\/static-blogs.elcomercio.es\/wp-content\/uploads\/sites\/13\/2021\/08\/IMG-20210810-WA0024-300x225.jpg 300w\" sizes=\"(max-width: 604px) 100vw, 604px\" \/><\/a><\/p>\n<p>&nbsp;<\/p>\n<p><a href=\"https:\/\/static-blogs.elcomercio.es\/wp-content\/uploads\/sites\/13\/2021\/08\/IMG20210810110946.jpg\"><img loading=\"lazy\" class=\"alignnone size-full wp-image-7542\" src=\"https:\/\/static-blogs.elcomercio.es\/wp-content\/uploads\/sites\/13\/2021\/08\/IMG20210810110946.jpg\" alt=\"\" width=\"604\" height=\"342\" srcset=\"https:\/\/static-blogs.elcomercio.es\/wp-content\/uploads\/sites\/13\/2021\/08\/IMG20210810110946.jpg 604w, https:\/\/static-blogs.elcomercio.es\/wp-content\/uploads\/sites\/13\/2021\/08\/IMG20210810110946-300x170.jpg 300w\" sizes=\"(max-width: 604px) 100vw, 604px\" \/><\/a><\/p>\n<p>&nbsp;<\/p>\n<p>Data aproximadamente de 1930 y que se encuentra en un lugar de vistas privilegiadas conocido como la Punta del Cuernu. A un lado,..<\/p>\n<p>&nbsp;<\/p>\n<p><a href=\"https:\/\/static-blogs.elcomercio.es\/wp-content\/uploads\/sites\/13\/2021\/08\/IMG20210810111608.jpg\"><img loading=\"lazy\" class=\"alignnone size-full wp-image-7547\" src=\"https:\/\/static-blogs.elcomercio.es\/wp-content\/uploads\/sites\/13\/2021\/08\/IMG20210810111608.jpg\" alt=\"\" width=\"604\" height=\"342\" srcset=\"https:\/\/static-blogs.elcomercio.es\/wp-content\/uploads\/sites\/13\/2021\/08\/IMG20210810111608.jpg 604w, https:\/\/static-blogs.elcomercio.es\/wp-content\/uploads\/sites\/13\/2021\/08\/IMG20210810111608-300x170.jpg 300w\" sizes=\"(max-width: 604px) 100vw, 604px\" \/><\/a><\/p>\n<p>&nbsp;<\/p>\n<p>Al otro..<\/p>\n<p>&nbsp;<\/p>\n<p><a href=\"https:\/\/static-blogs.elcomercio.es\/wp-content\/uploads\/sites\/13\/2021\/08\/IMG-20210810-WA0019.jpg\"><img loading=\"lazy\" class=\"alignnone size-full wp-image-7537\" src=\"https:\/\/static-blogs.elcomercio.es\/wp-content\/uploads\/sites\/13\/2021\/08\/IMG-20210810-WA0019.jpg\" alt=\"\" width=\"604\" height=\"454\" srcset=\"https:\/\/static-blogs.elcomercio.es\/wp-content\/uploads\/sites\/13\/2021\/08\/IMG-20210810-WA0019.jpg 604w, https:\/\/static-blogs.elcomercio.es\/wp-content\/uploads\/sites\/13\/2021\/08\/IMG-20210810-WA0019-300x225.jpg 300w\" sizes=\"(max-width: 604px) 100vw, 604px\" \/><\/a><\/p>\n<p>&nbsp;<\/p>\n<p>El lugar es, simplemente, fascinante.<\/p>\n<p>&nbsp;<\/p>\n<p><a href=\"https:\/\/static-blogs.elcomercio.es\/wp-content\/uploads\/sites\/13\/2021\/08\/IMG20210810111114.jpg\"><img loading=\"lazy\" class=\"alignnone size-full wp-image-7543\" src=\"https:\/\/static-blogs.elcomercio.es\/wp-content\/uploads\/sites\/13\/2021\/08\/IMG20210810111114.jpg\" alt=\"\" width=\"604\" height=\"342\" srcset=\"https:\/\/static-blogs.elcomercio.es\/wp-content\/uploads\/sites\/13\/2021\/08\/IMG20210810111114.jpg 604w, https:\/\/static-blogs.elcomercio.es\/wp-content\/uploads\/sites\/13\/2021\/08\/IMG20210810111114-300x170.jpg 300w\" sizes=\"(max-width: 604px) 100vw, 604px\" \/><\/a><\/p>\n<p>&nbsp;<\/p>\n<p><a href=\"https:\/\/static-blogs.elcomercio.es\/wp-content\/uploads\/sites\/13\/2021\/08\/IMG20210810111358.jpg\"><img loading=\"lazy\" class=\"alignnone size-full wp-image-7546\" src=\"https:\/\/static-blogs.elcomercio.es\/wp-content\/uploads\/sites\/13\/2021\/08\/IMG20210810111358.jpg\" alt=\"\" width=\"604\" height=\"342\" srcset=\"https:\/\/static-blogs.elcomercio.es\/wp-content\/uploads\/sites\/13\/2021\/08\/IMG20210810111358.jpg 604w, https:\/\/static-blogs.elcomercio.es\/wp-content\/uploads\/sites\/13\/2021\/08\/IMG20210810111358-300x170.jpg 300w\" sizes=\"(max-width: 604px) 100vw, 604px\" \/><\/a><\/p>\n<p>&nbsp;<\/p>\n<p><a href=\"https:\/\/static-blogs.elcomercio.es\/wp-content\/uploads\/sites\/13\/2021\/08\/IMG20210810111644.jpg\"><img loading=\"lazy\" class=\"alignnone size-full wp-image-7548\" src=\"https:\/\/static-blogs.elcomercio.es\/wp-content\/uploads\/sites\/13\/2021\/08\/IMG20210810111644.jpg\" alt=\"\" width=\"604\" height=\"342\" srcset=\"https:\/\/static-blogs.elcomercio.es\/wp-content\/uploads\/sites\/13\/2021\/08\/IMG20210810111644.jpg 604w, https:\/\/static-blogs.elcomercio.es\/wp-content\/uploads\/sites\/13\/2021\/08\/IMG20210810111644-300x170.jpg 300w\" sizes=\"(max-width: 604px) 100vw, 604px\" \/><\/a><\/p>\n<p>&nbsp;<\/p>\n<p>Con detalles como \u00e9ste.<\/p>\n<p>&nbsp;<\/p>\n<p><a href=\"https:\/\/static-blogs.elcomercio.es\/wp-content\/uploads\/sites\/13\/2021\/08\/IMG20210810111342.jpg\"><img loading=\"lazy\" class=\"alignnone size-full wp-image-7544\" src=\"https:\/\/static-blogs.elcomercio.es\/wp-content\/uploads\/sites\/13\/2021\/08\/IMG20210810111342.jpg\" alt=\"\" width=\"604\" height=\"342\" srcset=\"https:\/\/static-blogs.elcomercio.es\/wp-content\/uploads\/sites\/13\/2021\/08\/IMG20210810111342.jpg 604w, https:\/\/static-blogs.elcomercio.es\/wp-content\/uploads\/sites\/13\/2021\/08\/IMG20210810111342-300x170.jpg 300w\" sizes=\"(max-width: 604px) 100vw, 604px\" \/><\/a><\/p>\n<p>&nbsp;<\/p>\n<p><a href=\"https:\/\/static-blogs.elcomercio.es\/wp-content\/uploads\/sites\/13\/2021\/08\/IMG20210810111348.jpg\"><img loading=\"lazy\" class=\"alignnone size-full wp-image-7545\" src=\"https:\/\/static-blogs.elcomercio.es\/wp-content\/uploads\/sites\/13\/2021\/08\/IMG20210810111348.jpg\" alt=\"\" width=\"604\" height=\"342\" srcset=\"https:\/\/static-blogs.elcomercio.es\/wp-content\/uploads\/sites\/13\/2021\/08\/IMG20210810111348.jpg 604w, https:\/\/static-blogs.elcomercio.es\/wp-content\/uploads\/sites\/13\/2021\/08\/IMG20210810111348-300x170.jpg 300w\" sizes=\"(max-width: 604px) 100vw, 604px\" \/><\/a><\/p>\n<p>&nbsp;<\/p>\n<p>En Rozadas nos desviamos por la AS-361 durante unos pocos kil\u00f3metros para desviarnos hacia una estrecha empinada y mal asfaltada carretera en la que el verd\u00edn afloraba sobre el asfalto roto. Con precauci\u00f3n conseguimos lograr llegar a un peque\u00f1o p\u00e1rking de tierra donde estacionamos nuestras motos.<\/p>\n<p>&nbsp;<\/p>\n<p><a href=\"https:\/\/static-blogs.elcomercio.es\/wp-content\/uploads\/sites\/13\/2021\/08\/IMG-20210810-WA0020.jpg\"><img loading=\"lazy\" class=\"alignnone size-full wp-image-7538\" src=\"https:\/\/static-blogs.elcomercio.es\/wp-content\/uploads\/sites\/13\/2021\/08\/IMG-20210810-WA0020.jpg\" alt=\"\" width=\"604\" height=\"454\" srcset=\"https:\/\/static-blogs.elcomercio.es\/wp-content\/uploads\/sites\/13\/2021\/08\/IMG-20210810-WA0020.jpg 604w, https:\/\/static-blogs.elcomercio.es\/wp-content\/uploads\/sites\/13\/2021\/08\/IMG-20210810-WA0020-300x225.jpg 300w\" sizes=\"(max-width: 604px) 100vw, 604px\" \/><\/a><\/p>\n<p>&nbsp;<\/p>\n<p>Un par de carteles al inicio de la caminata en los cuales nos muestran la fauna y flora del lugar(abedules y casta\u00f1os) as\u00ed como la leyenda asociada al mismo.<\/p>\n<p>&nbsp;<\/p>\n<p><a href=\"https:\/\/static-blogs.elcomercio.es\/wp-content\/uploads\/sites\/13\/2021\/08\/IMG20210810131412.jpg\"><img loading=\"lazy\" class=\"alignnone size-full wp-image-7550\" src=\"https:\/\/static-blogs.elcomercio.es\/wp-content\/uploads\/sites\/13\/2021\/08\/IMG20210810131412.jpg\" alt=\"\" width=\"604\" height=\"342\" srcset=\"https:\/\/static-blogs.elcomercio.es\/wp-content\/uploads\/sites\/13\/2021\/08\/IMG20210810131412.jpg 604w, https:\/\/static-blogs.elcomercio.es\/wp-content\/uploads\/sites\/13\/2021\/08\/IMG20210810131412-300x170.jpg 300w\" sizes=\"(max-width: 604px) 100vw, 604px\" \/><\/a><\/p>\n<p>&nbsp;<\/p>\n<p><a href=\"https:\/\/static-blogs.elcomercio.es\/wp-content\/uploads\/sites\/13\/2021\/08\/IMG20210810131416.jpg\"><img loading=\"lazy\" class=\"alignnone size-full wp-image-7551\" src=\"https:\/\/static-blogs.elcomercio.es\/wp-content\/uploads\/sites\/13\/2021\/08\/IMG20210810131416.jpg\" alt=\"\" width=\"604\" height=\"342\" srcset=\"https:\/\/static-blogs.elcomercio.es\/wp-content\/uploads\/sites\/13\/2021\/08\/IMG20210810131416.jpg 604w, https:\/\/static-blogs.elcomercio.es\/wp-content\/uploads\/sites\/13\/2021\/08\/IMG20210810131416-300x170.jpg 300w\" sizes=\"(max-width: 604px) 100vw, 604px\" \/><\/a><\/p>\n<p>&nbsp;<\/p>\n<p><a href=\"https:\/\/static-blogs.elcomercio.es\/wp-content\/uploads\/sites\/13\/2021\/08\/IMG20210810131429.jpg\"><img loading=\"lazy\" class=\"alignnone size-full wp-image-7552\" src=\"https:\/\/static-blogs.elcomercio.es\/wp-content\/uploads\/sites\/13\/2021\/08\/IMG20210810131429.jpg\" alt=\"\" width=\"604\" height=\"342\" srcset=\"https:\/\/static-blogs.elcomercio.es\/wp-content\/uploads\/sites\/13\/2021\/08\/IMG20210810131429.jpg 604w, https:\/\/static-blogs.elcomercio.es\/wp-content\/uploads\/sites\/13\/2021\/08\/IMG20210810131429-300x170.jpg 300w\" sizes=\"(max-width: 604px) 100vw, 604px\" \/><\/a><\/p>\n<p>&nbsp;<\/p>\n<p>Cuentan que un mozo de Villar\u00edn bajaba a dormir en las tardes de verano a la vera del r\u00edo.El frescor del agua y y el tenue ruido le proporcionaban una estupenda siesta. De tanto verle dormir, una xana que espiaba sus sue\u00f1os se qued\u00f3 enamorada de \u00e9l.Hasta que una tarde de tormenta el caudal del r\u00edo creci\u00f3 de repente por las lluvias llev\u00e1ndose al mozo aguas abajo. La xana que lo vigilaba vi\u00f3 que el mozo se despe\u00f1ar\u00eda mat\u00e1ndose en las rocas del fondo de la cascada del cioyo por lo que r\u00e1pidamente hizo un encanto creando una peque\u00f1a laguna o poza que hoy vemos en la base, el mozo acab\u00f3 remojado\u00a0 y tal fue el susto al despertarse en las aguas que nunca m\u00e1s volvi\u00f3 por all\u00ed. Se dice que si nadas en las aguas bajo la cascada del Cioyo a\u00fan puedes escuchar los llantos de la enamorada.<\/p>\n<p>Nosotros quisimos bajar a contemplar la belleza del lugar por nosotros mismos. Y, aunque, no fue tan f\u00e1cil como cre\u00edamos..<\/p>\n<p>&nbsp;<\/p>\n<p><a href=\"https:\/\/static-blogs.elcomercio.es\/wp-content\/uploads\/sites\/13\/2021\/08\/IMG20210810131959.jpg\"><img loading=\"lazy\" class=\"alignnone size-full wp-image-7553\" src=\"https:\/\/static-blogs.elcomercio.es\/wp-content\/uploads\/sites\/13\/2021\/08\/IMG20210810131959.jpg\" alt=\"\" width=\"604\" height=\"342\" srcset=\"https:\/\/static-blogs.elcomercio.es\/wp-content\/uploads\/sites\/13\/2021\/08\/IMG20210810131959.jpg 604w, https:\/\/static-blogs.elcomercio.es\/wp-content\/uploads\/sites\/13\/2021\/08\/IMG20210810131959-300x170.jpg 300w\" sizes=\"(max-width: 604px) 100vw, 604px\" \/><\/a><\/p>\n<p>&nbsp;<\/p>\n<p><a href=\"https:\/\/static-blogs.elcomercio.es\/wp-content\/uploads\/sites\/13\/2021\/08\/IMG20210810132142.jpg\"><img loading=\"lazy\" class=\"alignnone size-full wp-image-7554\" src=\"https:\/\/static-blogs.elcomercio.es\/wp-content\/uploads\/sites\/13\/2021\/08\/IMG20210810132142.jpg\" alt=\"\" width=\"604\" height=\"342\" srcset=\"https:\/\/static-blogs.elcomercio.es\/wp-content\/uploads\/sites\/13\/2021\/08\/IMG20210810132142.jpg 604w, https:\/\/static-blogs.elcomercio.es\/wp-content\/uploads\/sites\/13\/2021\/08\/IMG20210810132142-300x170.jpg 300w\" sizes=\"(max-width: 604px) 100vw, 604px\" \/><\/a><\/p>\n<p>&nbsp;<\/p>\n<p><a href=\"https:\/\/static-blogs.elcomercio.es\/wp-content\/uploads\/sites\/13\/2021\/08\/IMG-20210810-WA0042.jpg\"><img loading=\"lazy\" class=\"alignnone size-full wp-image-7540\" src=\"https:\/\/static-blogs.elcomercio.es\/wp-content\/uploads\/sites\/13\/2021\/08\/IMG-20210810-WA0042.jpg\" alt=\"\" width=\"379\" height=\"504\" srcset=\"https:\/\/static-blogs.elcomercio.es\/wp-content\/uploads\/sites\/13\/2021\/08\/IMG-20210810-WA0042.jpg 379w, https:\/\/static-blogs.elcomercio.es\/wp-content\/uploads\/sites\/13\/2021\/08\/IMG-20210810-WA0042-226x300.jpg 226w\" sizes=\"(max-width: 379px) 100vw, 379px\" \/><\/a><\/p>\n<p>&nbsp;<\/p>\n<p>Sin duda, no pudimos tener un comedor mejor ese d\u00eda.<\/p>\n<p>&nbsp;<\/p>\n<p><a href=\"https:\/\/static-blogs.elcomercio.es\/wp-content\/uploads\/sites\/13\/2021\/08\/IMG20210810133907.jpg\"><img loading=\"lazy\" class=\"alignnone size-full wp-image-7555\" src=\"https:\/\/static-blogs.elcomercio.es\/wp-content\/uploads\/sites\/13\/2021\/08\/IMG20210810133907.jpg\" alt=\"\" width=\"604\" height=\"342\" srcset=\"https:\/\/static-blogs.elcomercio.es\/wp-content\/uploads\/sites\/13\/2021\/08\/IMG20210810133907.jpg 604w, https:\/\/static-blogs.elcomercio.es\/wp-content\/uploads\/sites\/13\/2021\/08\/IMG20210810133907-300x170.jpg 300w\" sizes=\"(max-width: 604px) 100vw, 604px\" \/><\/a><\/p>\n<p>&nbsp;<\/p>\n<p>Una ruta de diez, con una compa\u00f1\u00eda de diez y un lugar al que, seguramente, volveremos `para comprobar si, realmente, all\u00ed, se oye el llanto de la enamorada.<\/p>\n<!-- AddThis Advanced Settings generic via filter on the_content --><!-- AddThis Share Buttons generic via filter on the_content -->","protected":false},"excerpt":{"rendered":"<p>Esta semana nos trasladaremos hasta un lugar que parece sacado de cuento de hadas. Rodaremos hasta un peque\u00f1o rinc\u00f3n del concejo de Castropol, en el occidente asturiano en el que, bajarse de la moto nos ha tra\u00eddo una recompensa inolvidable. Mojaremos nuestras manos en un remanso de agua, paz y tranquilidad, caracter\u00edsticas tan buscadas en [&hellip;]<!-- AddThis Advanced Settings generic via filter on get_the_excerpt --><!-- AddThis Share Buttons generic via filter on get_the_excerpt --><\/p>\n","protected":false},"author":14,"featured_media":7541,"comment_status":"open","ping_status":"closed","sticky":false,"template":"","format":"standard","meta":[],"categories":[17],"tags":[1337,1334,1335,431,1174,916,1336],"_links":{"self":[{"href":"https:\/\/blogs.elcomercio.es\/explorando-paraiso-moto\/wp-json\/wp\/v2\/posts\/7556"}],"collection":[{"href":"https:\/\/blogs.elcomercio.es\/explorando-paraiso-moto\/wp-json\/wp\/v2\/posts"}],"about":[{"href":"https:\/\/blogs.elcomercio.es\/explorando-paraiso-moto\/wp-json\/wp\/v2\/types\/post"}],"author":[{"embeddable":true,"href":"https:\/\/blogs.elcomercio.es\/explorando-paraiso-moto\/wp-json\/wp\/v2\/users\/14"}],"replies":[{"embeddable":true,"href":"https:\/\/blogs.elcomercio.es\/explorando-paraiso-moto\/wp-json\/wp\/v2\/comments?post=7556"}],"version-history":[{"count":2,"href":"https:\/\/blogs.elcomercio.es\/explorando-paraiso-moto\/wp-json\/wp\/v2\/posts\/7556\/revisions"}],"predecessor-version":[{"id":7558,"href":"https:\/\/blogs.elcomercio.es\/explorando-paraiso-moto\/wp-json\/wp\/v2\/posts\/7556\/revisions\/7558"}],"wp:featuredmedia":[{"embeddable":true,"href":"https:\/\/blogs.elcomercio.es\/explorando-paraiso-moto\/wp-json\/wp\/v2\/media\/7541"}],"wp:attachment":[{"href":"https:\/\/blogs.elcomercio.es\/explorando-paraiso-moto\/wp-json\/wp\/v2\/media?parent=7556"}],"wp:term":[{"taxonomy":"category","embeddable":true,"href":"https:\/\/blogs.elcomercio.es\/explorando-paraiso-moto\/wp-json\/wp\/v2\/categories?post=7556"},{"taxonomy":"post_tag","embeddable":true,"href":"https:\/\/blogs.elcomercio.es\/explorando-paraiso-moto\/wp-json\/wp\/v2\/tags?post=7556"}],"curies":[{"name":"wp","href":"https:\/\/api.w.org\/{rel}","templated":true}]}}