{"id":7560,"date":"2021-09-11T23:30:20","date_gmt":"2021-09-11T21:30:20","guid":{"rendered":"https:\/\/blogs.elcomercio.es\/explorando-paraiso-moto\/?p=7560"},"modified":"2021-09-11T23:34:58","modified_gmt":"2021-09-11T21:34:58","slug":"curiosidades-de-asturias-el-mechero-de-saus","status":"publish","type":"post","link":"https:\/\/blogs.elcomercio.es\/explorando-paraiso-moto\/2021\/09\/11\/curiosidades-de-asturias-el-mechero-de-saus\/","title":{"rendered":"Curiosidades de Asturias: el mechero de Sa\u00fas"},"content":{"rendered":"<p>Siempre he dicho que no hay nada mejor que rodar con los lugare\u00f1os y que sean ellos mismos quienes me ense\u00f1en rincones de la tierrina. En esta ruta nos acompa\u00f1ar\u00e1n Joaqu\u00edn y su hijo Lucas y, con ellos, sobre dos ruedas, iniciaremos desde El Entrego , este viaje hasta un curioso rinc\u00f3n de nuestro para\u00edso. Un sitio al que, seguramente, m\u00e1s de uno se acercar\u00e1 para apagar la llama de su curiosidad, el mechero de Sa\u00fas.<\/p>\n<p>Septiembre ha comenzado con buen tiempo pese a las horribles predicciones y la lluvia a\u00fan no ha hecho acto de presencia. Un cercano lugar hasta el cual me desplac\u00e9 y donde me esperaban mis gu\u00edas de ese d\u00eda a los cuales agradezco enormemente el haberme dedicado su tiempo. Hace unas semanas, Adolfo, compa\u00f1ero de profesi\u00f3n me recomend\u00f3 la visita a este lugar y, aunque \u00e9l no pudo realizarla, de alguna manera estuvo tambi\u00e9n all\u00ed presente.<\/p>\n<p>Desde Langreo cogeremos la AS-323 hasta Cand\u00edn. En el camino, la primera parada la hicimos en el Pozo Mosquitera I, en estado de abandono.<\/p>\n<p>&nbsp;<\/p>\n<p><a href=\"https:\/\/static-blogs.elcomercio.es\/wp-content\/uploads\/sites\/13\/2021\/09\/IMG_20210904_001812.jpg\"><img loading=\"lazy\" class=\"alignnone size-full wp-image-7562\" src=\"https:\/\/static-blogs.elcomercio.es\/wp-content\/uploads\/sites\/13\/2021\/09\/IMG_20210904_001812.jpg\" alt=\"\" width=\"604\" height=\"395\" srcset=\"https:\/\/static-blogs.elcomercio.es\/wp-content\/uploads\/sites\/13\/2021\/09\/IMG_20210904_001812.jpg 604w, https:\/\/static-blogs.elcomercio.es\/wp-content\/uploads\/sites\/13\/2021\/09\/IMG_20210904_001812-300x196.jpg 300w\" sizes=\"(max-width: 604px) 100vw, 604px\" \/><\/a><\/p>\n<p>&nbsp;<\/p>\n<p>En diciembre de 1989 se declar\u00f3 un incendio en la planta s\u00e9ptima debido a la quema de la cinta transportadora de carb\u00f3n llegando a los 2000\u00a0 grados en el interior de la mina cuando el fuego se extendi\u00f3 a una capa de hulla. Murieron 4 mineros, hubo numerosos heridos y se procedi\u00f3 a su clausura. La Senda El Trole(PR-AS 218) pasa por aqu\u00ed.<\/p>\n<p>&nbsp;<\/p>\n<p><a href=\"https:\/\/static-blogs.elcomercio.es\/wp-content\/uploads\/sites\/13\/2021\/09\/IMG20210903161647.jpg\"><img loading=\"lazy\" class=\"alignnone size-full wp-image-7563\" src=\"https:\/\/static-blogs.elcomercio.es\/wp-content\/uploads\/sites\/13\/2021\/09\/IMG20210903161647.jpg\" alt=\"\" width=\"604\" height=\"342\" srcset=\"https:\/\/static-blogs.elcomercio.es\/wp-content\/uploads\/sites\/13\/2021\/09\/IMG20210903161647.jpg 604w, https:\/\/static-blogs.elcomercio.es\/wp-content\/uploads\/sites\/13\/2021\/09\/IMG20210903161647-300x170.jpg 300w\" sizes=\"(max-width: 604px) 100vw, 604px\" \/><\/a><\/p>\n<p>&nbsp;<\/p>\n<p>Continuamos ruta y en Cand\u00edn nos desviaremos a la derecha para rodar por la SI-13 que ser\u00e1 la que nos lleve hasta nuestro destino de hoy. La temperatura es la adecuada para la moto y en breve nos hallaremos en un estrecho camino asfaltado en el que el verd\u00edn hac\u00eda acto de presencia por encontrarse en una zona arbolada y muy h\u00fameda. Si no hubiera ido acompa\u00f1ada seguramente no hubiera encontrado el lugar a la primera( y eso que se encuentra a orillas de la carretera).<\/p>\n<p>&nbsp;<\/p>\n<p><a href=\"https:\/\/static-blogs.elcomercio.es\/wp-content\/uploads\/sites\/13\/2021\/09\/IMG20210903163605.jpg\"><img loading=\"lazy\" class=\"alignnone size-full wp-image-7564\" src=\"https:\/\/static-blogs.elcomercio.es\/wp-content\/uploads\/sites\/13\/2021\/09\/IMG20210903163605.jpg\" alt=\"\" width=\"604\" height=\"342\" srcset=\"https:\/\/static-blogs.elcomercio.es\/wp-content\/uploads\/sites\/13\/2021\/09\/IMG20210903163605.jpg 604w, https:\/\/static-blogs.elcomercio.es\/wp-content\/uploads\/sites\/13\/2021\/09\/IMG20210903163605-300x170.jpg 300w\" sizes=\"(max-width: 604px) 100vw, 604px\" \/><\/a><\/p>\n<p>&nbsp;<\/p>\n<p>Podr\u00eda pasar desapercibido para muchos. Subimos las escaleras y, al poco, ya vemos un peque\u00f1o cartel.<\/p>\n<p>&nbsp;<\/p>\n<p><a href=\"https:\/\/static-blogs.elcomercio.es\/wp-content\/uploads\/sites\/13\/2021\/09\/IMG20210903162411.jpg\"><img loading=\"lazy\" class=\"alignnone size-full wp-image-7565\" src=\"https:\/\/static-blogs.elcomercio.es\/wp-content\/uploads\/sites\/13\/2021\/09\/IMG20210903162411.jpg\" alt=\"\" width=\"604\" height=\"342\" srcset=\"https:\/\/static-blogs.elcomercio.es\/wp-content\/uploads\/sites\/13\/2021\/09\/IMG20210903162411.jpg 604w, https:\/\/static-blogs.elcomercio.es\/wp-content\/uploads\/sites\/13\/2021\/09\/IMG20210903162411-300x170.jpg 300w\" sizes=\"(max-width: 604px) 100vw, 604px\" \/><\/a><\/p>\n<p>&nbsp;<\/p>\n<p>Unos pelda\u00f1os m\u00e1s arriba el mechero de Sa\u00fas, a d\u00eda de hoy, sin llama.<\/p>\n<p>&nbsp;<\/p>\n<p><a href=\"https:\/\/static-blogs.elcomercio.es\/wp-content\/uploads\/sites\/13\/2021\/09\/IMG20210903162517.jpg\"><img loading=\"lazy\" class=\"alignnone size-full wp-image-7566\" src=\"https:\/\/static-blogs.elcomercio.es\/wp-content\/uploads\/sites\/13\/2021\/09\/IMG20210903162517.jpg\" alt=\"\" width=\"604\" height=\"342\" srcset=\"https:\/\/static-blogs.elcomercio.es\/wp-content\/uploads\/sites\/13\/2021\/09\/IMG20210903162517.jpg 604w, https:\/\/static-blogs.elcomercio.es\/wp-content\/uploads\/sites\/13\/2021\/09\/IMG20210903162517-300x170.jpg 300w\" sizes=\"(max-width: 604px) 100vw, 604px\" \/><\/a><\/p>\n<p>&nbsp;<\/p>\n<p><a href=\"https:\/\/static-blogs.elcomercio.es\/wp-content\/uploads\/sites\/13\/2021\/09\/IMG20210903162556.jpg\"><img loading=\"lazy\" class=\"alignnone size-full wp-image-7567\" src=\"https:\/\/static-blogs.elcomercio.es\/wp-content\/uploads\/sites\/13\/2021\/09\/IMG20210903162556.jpg\" alt=\"\" width=\"604\" height=\"342\" srcset=\"https:\/\/static-blogs.elcomercio.es\/wp-content\/uploads\/sites\/13\/2021\/09\/IMG20210903162556.jpg 604w, https:\/\/static-blogs.elcomercio.es\/wp-content\/uploads\/sites\/13\/2021\/09\/IMG20210903162556-300x170.jpg 300w\" sizes=\"(max-width: 604px) 100vw, 604px\" \/><\/a><\/p>\n<p>&nbsp;<\/p>\n<p>Los actos vand\u00e1licos suelen ser frecuentes.<\/p>\n<p>&nbsp;<\/p>\n<p><a href=\"https:\/\/static-blogs.elcomercio.es\/wp-content\/uploads\/sites\/13\/2021\/09\/IMG20210903162752.jpg\"><img loading=\"lazy\" class=\"alignnone size-full wp-image-7568\" src=\"https:\/\/static-blogs.elcomercio.es\/wp-content\/uploads\/sites\/13\/2021\/09\/IMG20210903162752.jpg\" alt=\"\" width=\"604\" height=\"342\" srcset=\"https:\/\/static-blogs.elcomercio.es\/wp-content\/uploads\/sites\/13\/2021\/09\/IMG20210903162752.jpg 604w, https:\/\/static-blogs.elcomercio.es\/wp-content\/uploads\/sites\/13\/2021\/09\/IMG20210903162752-300x170.jpg 300w\" sizes=\"(max-width: 604px) 100vw, 604px\" \/><\/a><\/p>\n<p>&nbsp;<\/p>\n<p>Seg\u00fan el blog de Turismo Asturias &#8220;Se trataba de un fen\u00f3meno natural aparecido tras el incendio de unos matorrales en 1978. Desde entonces, una llama ardi\u00f3 en el interior de una peque\u00f1a gruta rocosa, en medio de un casta\u00f1ar. La emanaci\u00f3n del gas, que en un principio se pens\u00f3 que era gris\u00fa, era constante, llegando a alcanzar la llama en determinadas circunstancias una altura superior al metro. Pero debido a un derrumbe en el interior de la hornacina que se construy\u00f3 para resaltar el lugar, el mechero se ha apagado&#8221;.<\/p>\n<p>Subimos sobre nuestras monturas y continuamos ruta disfrutando del entorno privilegiado en el que nos encontr\u00e1bamos.<\/p>\n<p>&nbsp;<\/p>\n<p><a href=\"https:\/\/static-blogs.elcomercio.es\/wp-content\/uploads\/sites\/13\/2021\/09\/IMG20210903162327.jpg\"><img loading=\"lazy\" class=\"alignnone size-full wp-image-7569\" src=\"https:\/\/static-blogs.elcomercio.es\/wp-content\/uploads\/sites\/13\/2021\/09\/IMG20210903162327.jpg\" alt=\"\" width=\"604\" height=\"342\" srcset=\"https:\/\/static-blogs.elcomercio.es\/wp-content\/uploads\/sites\/13\/2021\/09\/IMG20210903162327.jpg 604w, https:\/\/static-blogs.elcomercio.es\/wp-content\/uploads\/sites\/13\/2021\/09\/IMG20210903162327-300x170.jpg 300w\" sizes=\"(max-width: 604px) 100vw, 604px\" \/><\/a><\/p>\n<p>&nbsp;<\/p>\n<p><a href=\"https:\/\/static-blogs.elcomercio.es\/wp-content\/uploads\/sites\/13\/2021\/09\/IMG20210903164634.jpg\"><img loading=\"lazy\" class=\"alignnone size-full wp-image-7570\" src=\"https:\/\/static-blogs.elcomercio.es\/wp-content\/uploads\/sites\/13\/2021\/09\/IMG20210903164634.jpg\" alt=\"\" width=\"604\" height=\"342\" srcset=\"https:\/\/static-blogs.elcomercio.es\/wp-content\/uploads\/sites\/13\/2021\/09\/IMG20210903164634.jpg 604w, https:\/\/static-blogs.elcomercio.es\/wp-content\/uploads\/sites\/13\/2021\/09\/IMG20210903164634-300x170.jpg 300w\" sizes=\"(max-width: 604px) 100vw, 604px\" \/><\/a><\/p>\n<p>&nbsp;<\/p>\n<p><a href=\"https:\/\/static-blogs.elcomercio.es\/wp-content\/uploads\/sites\/13\/2021\/09\/IMG20210903164726.jpg\"><img loading=\"lazy\" class=\"alignnone size-full wp-image-7571\" src=\"https:\/\/static-blogs.elcomercio.es\/wp-content\/uploads\/sites\/13\/2021\/09\/IMG20210903164726.jpg\" alt=\"\" width=\"604\" height=\"342\" srcset=\"https:\/\/static-blogs.elcomercio.es\/wp-content\/uploads\/sites\/13\/2021\/09\/IMG20210903164726.jpg 604w, https:\/\/static-blogs.elcomercio.es\/wp-content\/uploads\/sites\/13\/2021\/09\/IMG20210903164726-300x170.jpg 300w\" sizes=\"(max-width: 604px) 100vw, 604px\" \/><\/a><\/p>\n<p>&nbsp;<\/p>\n<p>Sin duda, para terminar la ruta de la mejor manera posible, con la compa\u00f1\u00eda de Joaqu\u00edn y de Lucas, quienes seguramente vuelvan a repetir paseo por el para\u00edso asturiano en breve.<\/p>\n<p>&nbsp;<\/p>\n<p><a href=\"https:\/\/static-blogs.elcomercio.es\/wp-content\/uploads\/sites\/13\/2021\/09\/IMG20210903172324.jpg\"><img loading=\"lazy\" class=\"alignnone size-full wp-image-7572\" src=\"https:\/\/static-blogs.elcomercio.es\/wp-content\/uploads\/sites\/13\/2021\/09\/IMG20210903172324.jpg\" alt=\"\" width=\"286\" height=\"504\" srcset=\"https:\/\/static-blogs.elcomercio.es\/wp-content\/uploads\/sites\/13\/2021\/09\/IMG20210903172324.jpg 286w, https:\/\/static-blogs.elcomercio.es\/wp-content\/uploads\/sites\/13\/2021\/09\/IMG20210903172324-170x300.jpg 170w\" sizes=\"(max-width: 286px) 100vw, 286px\" \/><\/a><\/p>\n<p>&nbsp;<\/p>\n<p><a href=\"https:\/\/static-blogs.elcomercio.es\/wp-content\/uploads\/sites\/13\/2021\/09\/IMG20210903175840.jpg\"><img loading=\"lazy\" class=\"alignnone size-full wp-image-7573\" src=\"https:\/\/static-blogs.elcomercio.es\/wp-content\/uploads\/sites\/13\/2021\/09\/IMG20210903175840.jpg\" alt=\"\" width=\"604\" height=\"342\" srcset=\"https:\/\/static-blogs.elcomercio.es\/wp-content\/uploads\/sites\/13\/2021\/09\/IMG20210903175840.jpg 604w, https:\/\/static-blogs.elcomercio.es\/wp-content\/uploads\/sites\/13\/2021\/09\/IMG20210903175840-300x170.jpg 300w\" sizes=\"(max-width: 604px) 100vw, 604px\" \/><\/a><\/p>\n<p>&nbsp;<\/p>\n<p>Si te gustan mis viajes, puedes seguirme en : <a href=\"https:\/\/www.facebook.com\/sonia.barbosa.752\" rel=\"external nofollow\">Facebook<\/a><\/p>\n<p>Instagram, <a href=\"https:\/\/twitter.com\/SoniaBarbosaSi1\" rel=\"external nofollow\">Twitter<\/a><\/p>\n<p>Si lo deseas puedes adquirir mi merchandising(camisetas, sudaderas, libros,..) a trav\u00e9s de la p\u00e1gina de <a href=\"https:\/\/www.grupomotero.com\/soniabarbosa\" rel=\"external nofollow\">www.grupomotero.com<\/a><\/p>\n<p>Con motivo de la publicaci\u00f3n de mi pr\u00f3ximo libro &#8220;La chica que ten\u00eda prisa por ver el mundo&#8221;, puedes apoyarme reservando tu ejemplar a trav\u00e9s del siguiente enlace:<a href=\"https:\/\/www.lanzanos.com\/proyectos\/la-chica-que-tenia-prisa-por-ver-el-mundo\/\" rel=\"external nofollow\">www.lanzanos.com<\/a>.<\/p>\n<p>&nbsp;<\/p>\n<!-- AddThis Advanced Settings generic via filter on the_content --><!-- AddThis Share Buttons generic via filter on the_content -->","protected":false},"excerpt":{"rendered":"<p>Siempre he dicho que no hay nada mejor que rodar con los lugare\u00f1os y que sean ellos mismos quienes me ense\u00f1en rincones de la tierrina. En esta ruta nos acompa\u00f1ar\u00e1n Joaqu\u00edn y su hijo Lucas y, con ellos, sobre dos ruedas, iniciaremos desde El Entrego , este viaje hasta un curioso rinc\u00f3n de nuestro para\u00edso. [&hellip;]<!-- AddThis Advanced Settings generic via filter on get_the_excerpt --><!-- AddThis Share Buttons generic via filter on get_the_excerpt --><\/p>\n","protected":false},"author":14,"featured_media":7569,"comment_status":"open","ping_status":"closed","sticky":false,"template":"","format":"standard","meta":[],"categories":[74],"tags":[430,546,1338,638,691,1340,1339,916],"_links":{"self":[{"href":"https:\/\/blogs.elcomercio.es\/explorando-paraiso-moto\/wp-json\/wp\/v2\/posts\/7560"}],"collection":[{"href":"https:\/\/blogs.elcomercio.es\/explorando-paraiso-moto\/wp-json\/wp\/v2\/posts"}],"about":[{"href":"https:\/\/blogs.elcomercio.es\/explorando-paraiso-moto\/wp-json\/wp\/v2\/types\/post"}],"author":[{"embeddable":true,"href":"https:\/\/blogs.elcomercio.es\/explorando-paraiso-moto\/wp-json\/wp\/v2\/users\/14"}],"replies":[{"embeddable":true,"href":"https:\/\/blogs.elcomercio.es\/explorando-paraiso-moto\/wp-json\/wp\/v2\/comments?post=7560"}],"version-history":[{"count":4,"href":"https:\/\/blogs.elcomercio.es\/explorando-paraiso-moto\/wp-json\/wp\/v2\/posts\/7560\/revisions"}],"predecessor-version":[{"id":7576,"href":"https:\/\/blogs.elcomercio.es\/explorando-paraiso-moto\/wp-json\/wp\/v2\/posts\/7560\/revisions\/7576"}],"wp:featuredmedia":[{"embeddable":true,"href":"https:\/\/blogs.elcomercio.es\/explorando-paraiso-moto\/wp-json\/wp\/v2\/media\/7569"}],"wp:attachment":[{"href":"https:\/\/blogs.elcomercio.es\/explorando-paraiso-moto\/wp-json\/wp\/v2\/media?parent=7560"}],"wp:term":[{"taxonomy":"category","embeddable":true,"href":"https:\/\/blogs.elcomercio.es\/explorando-paraiso-moto\/wp-json\/wp\/v2\/categories?post=7560"},{"taxonomy":"post_tag","embeddable":true,"href":"https:\/\/blogs.elcomercio.es\/explorando-paraiso-moto\/wp-json\/wp\/v2\/tags?post=7560"}],"curies":[{"name":"wp","href":"https:\/\/api.w.org\/{rel}","templated":true}]}}