{"id":7690,"date":"2021-12-02T17:59:02","date_gmt":"2021-12-02T16:59:02","guid":{"rendered":"https:\/\/blogs.elcomercio.es\/explorando-paraiso-moto\/?p=7690"},"modified":"2021-12-02T17:59:02","modified_gmt":"2021-12-02T16:59:02","slug":"presentacion-de-la-chica-que-tenia-prisa-por-ver-el-mundo-en-la-coruna","status":"publish","type":"post","link":"https:\/\/blogs.elcomercio.es\/explorando-paraiso-moto\/2021\/12\/02\/presentacion-de-la-chica-que-tenia-prisa-por-ver-el-mundo-en-la-coruna\/","title":{"rendered":"Presentaci\u00f3n de &#8220;La chica que ten\u00eda prisa por ver el mundo&#8221; en La Coru\u00f1a"},"content":{"rendered":"<p>Ni siquiera el mal tiempo pudo echar atr\u00e1s a las gentes gallegas a la hora de acercarse, con agua y fuerte viento, hasta la Cervecer\u00eda &#8220;El Potro&#8221; el pasado 1 de diciembre en\u00a0 La Coru\u00f1a\u00a0 a la presentaci\u00f3n de mi \u00faltimo libro &#8220;La chica que ten\u00eda prisa por ver el mundo&#8221;. El diario de un viaje impresionante hasta el mar de Jap\u00f3n en plena pandemia en el que las emociones est\u00e1n a flor de piel y la incertidumbre es la nota predominante.<\/p>\n<p>Eran poco m\u00e1s de las 19:00horas cuando los asistentes comenzaron a llegar al lugar ocupando pr\u00e1cticamente todo el espacio disponible para la ocasi\u00f3n tratando de hacerse el mejor hueco para poder escuchar mi historia. Muy pocas caras conocidas y muchas que deseaban participar de un relato que, espero, haya sido de su agrado. No puedo olvidarme de mencionar a Paco Seoane y Paz Louzao(la &#8220;mami&#8221; de Coco&#8221;), quienes fueron los encargados de localizarme un lugar\u00a0 para el evento y, sin duda, acertaron de lleno porque no pudimos estar m\u00e1s a gusto. Parec\u00eda que todo, poco a poco, comenzaba a estar en su sitio y que los asientos dejaban de estar libres. Era hora de comenzar&#8230;<\/p>\n<p>&nbsp;<\/p>\n<p><a href=\"https:\/\/static-blogs.elcomercio.es\/wp-content\/uploads\/sites\/13\/2021\/12\/IMG-20211201-WA0051.jpg\"><img loading=\"lazy\" class=\"alignnone size-large wp-image-7662\" src=\"https:\/\/static-blogs.elcomercio.es\/wp-content\/uploads\/sites\/13\/2021\/12\/IMG-20211201-WA0051-1024x576.jpg\" alt=\"\" width=\"1024\" height=\"576\" srcset=\"https:\/\/static-blogs.elcomercio.es\/wp-content\/uploads\/sites\/13\/2021\/12\/IMG-20211201-WA0051.jpg 1024w, https:\/\/static-blogs.elcomercio.es\/wp-content\/uploads\/sites\/13\/2021\/12\/IMG-20211201-WA0051-300x169.jpg 300w, https:\/\/static-blogs.elcomercio.es\/wp-content\/uploads\/sites\/13\/2021\/12\/IMG-20211201-WA0051-768x432.jpg 768w\" sizes=\"(max-width: 1024px) 100vw, 1024px\" \/><\/a><\/p>\n<p>&nbsp;<\/p>\n<p><a href=\"https:\/\/static-blogs.elcomercio.es\/wp-content\/uploads\/sites\/13\/2021\/12\/IMG-20211201-WA0060.jpg\"><img loading=\"lazy\" class=\"alignnone size-large wp-image-7667\" src=\"https:\/\/static-blogs.elcomercio.es\/wp-content\/uploads\/sites\/13\/2021\/12\/IMG-20211201-WA0060-1024x576.jpg\" alt=\"\" width=\"1024\" height=\"576\" srcset=\"https:\/\/static-blogs.elcomercio.es\/wp-content\/uploads\/sites\/13\/2021\/12\/IMG-20211201-WA0060.jpg 1024w, https:\/\/static-blogs.elcomercio.es\/wp-content\/uploads\/sites\/13\/2021\/12\/IMG-20211201-WA0060-300x169.jpg 300w, https:\/\/static-blogs.elcomercio.es\/wp-content\/uploads\/sites\/13\/2021\/12\/IMG-20211201-WA0060-768x432.jpg 768w\" sizes=\"(max-width: 1024px) 100vw, 1024px\" \/><\/a><\/p>\n<p>&nbsp;<\/p>\n<p>Pr\u00e1cticamente desde el minuto uno, la atenci\u00f3n de los asistentes estuvo concentrada en mis palabras, de las cuales, an\u00e9cdota tras an\u00e9cdota, intent\u00e9 trasladarles hasta Vladivostok sin apenas moverse.<\/p>\n<p>&nbsp;<\/p>\n<p><a href=\"https:\/\/static-blogs.elcomercio.es\/wp-content\/uploads\/sites\/13\/2021\/12\/IMG-20211201-WA0055.jpg\"><img loading=\"lazy\" class=\"alignnone size-large wp-image-7664\" src=\"https:\/\/static-blogs.elcomercio.es\/wp-content\/uploads\/sites\/13\/2021\/12\/IMG-20211201-WA0055-1024x576.jpg\" alt=\"\" width=\"1024\" height=\"576\" srcset=\"https:\/\/static-blogs.elcomercio.es\/wp-content\/uploads\/sites\/13\/2021\/12\/IMG-20211201-WA0055.jpg 1024w, https:\/\/static-blogs.elcomercio.es\/wp-content\/uploads\/sites\/13\/2021\/12\/IMG-20211201-WA0055-300x169.jpg 300w, https:\/\/static-blogs.elcomercio.es\/wp-content\/uploads\/sites\/13\/2021\/12\/IMG-20211201-WA0055-768x432.jpg 768w\" sizes=\"(max-width: 1024px) 100vw, 1024px\" \/><\/a><\/p>\n<p>&nbsp;<\/p>\n<p><a href=\"https:\/\/static-blogs.elcomercio.es\/wp-content\/uploads\/sites\/13\/2021\/12\/IMG-20211201-WA0056.jpg\"><img loading=\"lazy\" class=\"alignnone size-large wp-image-7665\" src=\"https:\/\/static-blogs.elcomercio.es\/wp-content\/uploads\/sites\/13\/2021\/12\/IMG-20211201-WA0056-1024x577.jpg\" alt=\"\" width=\"1024\" height=\"577\" srcset=\"https:\/\/static-blogs.elcomercio.es\/wp-content\/uploads\/sites\/13\/2021\/12\/IMG-20211201-WA0056.jpg 1024w, https:\/\/static-blogs.elcomercio.es\/wp-content\/uploads\/sites\/13\/2021\/12\/IMG-20211201-WA0056-300x169.jpg 300w, https:\/\/static-blogs.elcomercio.es\/wp-content\/uploads\/sites\/13\/2021\/12\/IMG-20211201-WA0056-768x433.jpg 768w\" sizes=\"(max-width: 1024px) 100vw, 1024px\" \/><\/a><\/p>\n<p>&nbsp;<\/p>\n<p>Casi dos horas de viaje hasta el mar de Jap\u00f3n tras el cual, no falt\u00f3 la firma de libros de aquellos asistentes que quisieron hacerse con el suyo. Paz, Ana y Merce se hicieron pronto con su ejemplar.<\/p>\n<p>&nbsp;<\/p>\n<p><a href=\"https:\/\/static-blogs.elcomercio.es\/wp-content\/uploads\/sites\/13\/2021\/12\/IMG-20211201-WA0057.jpg\"><img loading=\"lazy\" class=\"alignnone size-large wp-image-7666\" src=\"https:\/\/static-blogs.elcomercio.es\/wp-content\/uploads\/sites\/13\/2021\/12\/IMG-20211201-WA0057-576x1024.jpg\" alt=\"\" width=\"576\" height=\"1024\" srcset=\"https:\/\/static-blogs.elcomercio.es\/wp-content\/uploads\/sites\/13\/2021\/12\/IMG-20211201-WA0057.jpg 576w, https:\/\/static-blogs.elcomercio.es\/wp-content\/uploads\/sites\/13\/2021\/12\/IMG-20211201-WA0057-169x300.jpg 169w\" sizes=\"(max-width: 576px) 100vw, 576px\" \/><\/a><\/p>\n<p>&nbsp;<\/p>\n<p>Sorpresa grata fue la de Nando, al cual hace tiempo que no ve\u00eda y, curiosamente no esperaba ver pero all\u00ed estaba, apoyando mi sue\u00f1o.<\/p>\n<p>&nbsp;<\/p>\n<p><a href=\"https:\/\/static-blogs.elcomercio.es\/wp-content\/uploads\/sites\/13\/2021\/12\/IMG-20211202-WA0004.jpg\"><img loading=\"lazy\" class=\"alignnone size-large wp-image-7669\" src=\"https:\/\/static-blogs.elcomercio.es\/wp-content\/uploads\/sites\/13\/2021\/12\/IMG-20211202-WA0004-497x1024.jpg\" alt=\"\" width=\"497\" height=\"1024\" srcset=\"https:\/\/static-blogs.elcomercio.es\/wp-content\/uploads\/sites\/13\/2021\/12\/IMG-20211202-WA0004-497x1024.jpg 497w, https:\/\/static-blogs.elcomercio.es\/wp-content\/uploads\/sites\/13\/2021\/12\/IMG-20211202-WA0004-146x300.jpg 146w, https:\/\/static-blogs.elcomercio.es\/wp-content\/uploads\/sites\/13\/2021\/12\/IMG-20211202-WA0004-768x1581.jpg 768w, https:\/\/static-blogs.elcomercio.es\/wp-content\/uploads\/sites\/13\/2021\/12\/IMG-20211202-WA0004.jpg 777w\" sizes=\"(max-width: 497px) 100vw, 497px\" \/><\/a><\/p>\n<p>&nbsp;<\/p>\n<p>El club motero Amodi\u00f1o de A Coru\u00f1a tampoco quiso faltar.<\/p>\n<p>&nbsp;<\/p>\n<p><a href=\"https:\/\/static-blogs.elcomercio.es\/wp-content\/uploads\/sites\/13\/2021\/12\/IMG-20211202-WA0010.jpg\"><img loading=\"lazy\" class=\"alignnone size-large wp-image-7671\" src=\"https:\/\/static-blogs.elcomercio.es\/wp-content\/uploads\/sites\/13\/2021\/12\/IMG-20211202-WA0010-497x1024.jpg\" alt=\"\" width=\"497\" height=\"1024\" srcset=\"https:\/\/static-blogs.elcomercio.es\/wp-content\/uploads\/sites\/13\/2021\/12\/IMG-20211202-WA0010-497x1024.jpg 497w, https:\/\/static-blogs.elcomercio.es\/wp-content\/uploads\/sites\/13\/2021\/12\/IMG-20211202-WA0010-146x300.jpg 146w, https:\/\/static-blogs.elcomercio.es\/wp-content\/uploads\/sites\/13\/2021\/12\/IMG-20211202-WA0010-768x1581.jpg 768w, https:\/\/static-blogs.elcomercio.es\/wp-content\/uploads\/sites\/13\/2021\/12\/IMG-20211202-WA0010.jpg 777w\" sizes=\"(max-width: 497px) 100vw, 497px\" \/><\/a><\/p>\n<p>&nbsp;<\/p>\n<p><a href=\"https:\/\/static-blogs.elcomercio.es\/wp-content\/uploads\/sites\/13\/2021\/12\/IMG-20211202-WA0012.jpg\"><img loading=\"lazy\" class=\"alignnone size-large wp-image-7672\" src=\"https:\/\/static-blogs.elcomercio.es\/wp-content\/uploads\/sites\/13\/2021\/12\/IMG-20211202-WA0012-497x1024.jpg\" alt=\"\" width=\"497\" height=\"1024\" srcset=\"https:\/\/static-blogs.elcomercio.es\/wp-content\/uploads\/sites\/13\/2021\/12\/IMG-20211202-WA0012-497x1024.jpg 497w, https:\/\/static-blogs.elcomercio.es\/wp-content\/uploads\/sites\/13\/2021\/12\/IMG-20211202-WA0012-146x300.jpg 146w, https:\/\/static-blogs.elcomercio.es\/wp-content\/uploads\/sites\/13\/2021\/12\/IMG-20211202-WA0012-768x1581.jpg 768w, https:\/\/static-blogs.elcomercio.es\/wp-content\/uploads\/sites\/13\/2021\/12\/IMG-20211202-WA0012.jpg 777w\" sizes=\"(max-width: 497px) 100vw, 497px\" \/><\/a><\/p>\n<p>&nbsp;<\/p>\n<p>Helena con su ejemplar..<\/p>\n<p>&nbsp;<\/p>\n<p><a href=\"https:\/\/static-blogs.elcomercio.es\/wp-content\/uploads\/sites\/13\/2021\/12\/IMG-20211202-WA0039.jpg\"><img loading=\"lazy\" class=\"alignnone size-large wp-image-7682\" src=\"https:\/\/static-blogs.elcomercio.es\/wp-content\/uploads\/sites\/13\/2021\/12\/IMG-20211202-WA0039-497x1024.jpg\" alt=\"\" width=\"497\" height=\"1024\" srcset=\"https:\/\/static-blogs.elcomercio.es\/wp-content\/uploads\/sites\/13\/2021\/12\/IMG-20211202-WA0039-497x1024.jpg 497w, https:\/\/static-blogs.elcomercio.es\/wp-content\/uploads\/sites\/13\/2021\/12\/IMG-20211202-WA0039-146x300.jpg 146w, https:\/\/static-blogs.elcomercio.es\/wp-content\/uploads\/sites\/13\/2021\/12\/IMG-20211202-WA0039-768x1581.jpg 768w, https:\/\/static-blogs.elcomercio.es\/wp-content\/uploads\/sites\/13\/2021\/12\/IMG-20211202-WA0039.jpg 777w\" sizes=\"(max-width: 497px) 100vw, 497px\" \/><\/a><\/p>\n<p>&nbsp;<\/p>\n<p>Susette bien atento estuvo a todo puesto que en Mayo se ir\u00e1 de viaje y no quiso perder detalles.<\/p>\n<p>&nbsp;<\/p>\n<p><a href=\"https:\/\/static-blogs.elcomercio.es\/wp-content\/uploads\/sites\/13\/2021\/12\/IMG-20211202-WA0035.jpg\"><img loading=\"lazy\" class=\"alignnone size-large wp-image-7681\" src=\"https:\/\/static-blogs.elcomercio.es\/wp-content\/uploads\/sites\/13\/2021\/12\/IMG-20211202-WA0035-497x1024.jpg\" alt=\"\" width=\"497\" height=\"1024\" srcset=\"https:\/\/static-blogs.elcomercio.es\/wp-content\/uploads\/sites\/13\/2021\/12\/IMG-20211202-WA0035-497x1024.jpg 497w, https:\/\/static-blogs.elcomercio.es\/wp-content\/uploads\/sites\/13\/2021\/12\/IMG-20211202-WA0035-146x300.jpg 146w, https:\/\/static-blogs.elcomercio.es\/wp-content\/uploads\/sites\/13\/2021\/12\/IMG-20211202-WA0035-768x1581.jpg 768w, https:\/\/static-blogs.elcomercio.es\/wp-content\/uploads\/sites\/13\/2021\/12\/IMG-20211202-WA0035.jpg 777w\" sizes=\"(max-width: 497px) 100vw, 497px\" \/><\/a><\/p>\n<p>&nbsp;<\/p>\n<p>Y m\u00e1s asistentes entregados a &#8220;La chica que ten\u00eda prisa por ver el mundo&#8221;.<\/p>\n<p>&nbsp;<\/p>\n<p><a href=\"https:\/\/static-blogs.elcomercio.es\/wp-content\/uploads\/sites\/13\/2021\/12\/IMG-20211202-WA0068.jpg\"><img loading=\"lazy\" class=\"alignnone size-large wp-image-7688\" src=\"https:\/\/static-blogs.elcomercio.es\/wp-content\/uploads\/sites\/13\/2021\/12\/IMG-20211202-WA0068-497x1024.jpg\" alt=\"\" width=\"497\" height=\"1024\" srcset=\"https:\/\/static-blogs.elcomercio.es\/wp-content\/uploads\/sites\/13\/2021\/12\/IMG-20211202-WA0068-497x1024.jpg 497w, https:\/\/static-blogs.elcomercio.es\/wp-content\/uploads\/sites\/13\/2021\/12\/IMG-20211202-WA0068-146x300.jpg 146w, https:\/\/static-blogs.elcomercio.es\/wp-content\/uploads\/sites\/13\/2021\/12\/IMG-20211202-WA0068-768x1581.jpg 768w, https:\/\/static-blogs.elcomercio.es\/wp-content\/uploads\/sites\/13\/2021\/12\/IMG-20211202-WA0068.jpg 777w\" sizes=\"(max-width: 497px) 100vw, 497px\" \/><\/a><\/p>\n<p>&nbsp;<\/p>\n<p><a href=\"https:\/\/static-blogs.elcomercio.es\/wp-content\/uploads\/sites\/13\/2021\/12\/IMG-20211202-WA0066.jpg\"><img loading=\"lazy\" class=\"alignnone size-large wp-image-7686\" src=\"https:\/\/static-blogs.elcomercio.es\/wp-content\/uploads\/sites\/13\/2021\/12\/IMG-20211202-WA0066-497x1024.jpg\" alt=\"\" width=\"497\" height=\"1024\" srcset=\"https:\/\/static-blogs.elcomercio.es\/wp-content\/uploads\/sites\/13\/2021\/12\/IMG-20211202-WA0066-497x1024.jpg 497w, https:\/\/static-blogs.elcomercio.es\/wp-content\/uploads\/sites\/13\/2021\/12\/IMG-20211202-WA0066-146x300.jpg 146w, https:\/\/static-blogs.elcomercio.es\/wp-content\/uploads\/sites\/13\/2021\/12\/IMG-20211202-WA0066-768x1581.jpg 768w, https:\/\/static-blogs.elcomercio.es\/wp-content\/uploads\/sites\/13\/2021\/12\/IMG-20211202-WA0066.jpg 777w\" sizes=\"(max-width: 497px) 100vw, 497px\" \/><\/a><\/p>\n<p>&nbsp;<\/p>\n<p><a href=\"https:\/\/static-blogs.elcomercio.es\/wp-content\/uploads\/sites\/13\/2021\/12\/IMG-20211202-WA0047.jpg\"><img loading=\"lazy\" class=\"alignnone size-large wp-image-7684\" src=\"https:\/\/static-blogs.elcomercio.es\/wp-content\/uploads\/sites\/13\/2021\/12\/IMG-20211202-WA0047-497x1024.jpg\" alt=\"\" width=\"497\" height=\"1024\" srcset=\"https:\/\/static-blogs.elcomercio.es\/wp-content\/uploads\/sites\/13\/2021\/12\/IMG-20211202-WA0047-497x1024.jpg 497w, https:\/\/static-blogs.elcomercio.es\/wp-content\/uploads\/sites\/13\/2021\/12\/IMG-20211202-WA0047-146x300.jpg 146w, https:\/\/static-blogs.elcomercio.es\/wp-content\/uploads\/sites\/13\/2021\/12\/IMG-20211202-WA0047-768x1581.jpg 768w, https:\/\/static-blogs.elcomercio.es\/wp-content\/uploads\/sites\/13\/2021\/12\/IMG-20211202-WA0047.jpg 777w\" sizes=\"(max-width: 497px) 100vw, 497px\" \/><\/a><\/p>\n<p>&nbsp;<\/p>\n<p><a href=\"https:\/\/static-blogs.elcomercio.es\/wp-content\/uploads\/sites\/13\/2021\/12\/IMG-20211202-WA0027.jpg\"><img loading=\"lazy\" class=\"alignnone size-large wp-image-7679\" src=\"https:\/\/static-blogs.elcomercio.es\/wp-content\/uploads\/sites\/13\/2021\/12\/IMG-20211202-WA0027-497x1024.jpg\" alt=\"\" width=\"497\" height=\"1024\" srcset=\"https:\/\/static-blogs.elcomercio.es\/wp-content\/uploads\/sites\/13\/2021\/12\/IMG-20211202-WA0027-497x1024.jpg 497w, https:\/\/static-blogs.elcomercio.es\/wp-content\/uploads\/sites\/13\/2021\/12\/IMG-20211202-WA0027-146x300.jpg 146w, https:\/\/static-blogs.elcomercio.es\/wp-content\/uploads\/sites\/13\/2021\/12\/IMG-20211202-WA0027-768x1581.jpg 768w, https:\/\/static-blogs.elcomercio.es\/wp-content\/uploads\/sites\/13\/2021\/12\/IMG-20211202-WA0027.jpg 777w\" sizes=\"(max-width: 497px) 100vw, 497px\" \/><\/a><\/p>\n<p>&nbsp;<\/p>\n<p>Compartimos apellido, afici\u00f3n y, espero que alg\u00fan d\u00eda kil\u00f3metros&#8230; Ana Barbosa ten\u00eda ganas de conocerte ya..<\/p>\n<p>&nbsp;<\/p>\n<p><a href=\"https:\/\/static-blogs.elcomercio.es\/wp-content\/uploads\/sites\/13\/2021\/12\/IMG-20211202-WA0022.jpg\"><img loading=\"lazy\" class=\"alignnone size-large wp-image-7678\" src=\"https:\/\/static-blogs.elcomercio.es\/wp-content\/uploads\/sites\/13\/2021\/12\/IMG-20211202-WA0022-497x1024.jpg\" alt=\"\" width=\"497\" height=\"1024\" srcset=\"https:\/\/static-blogs.elcomercio.es\/wp-content\/uploads\/sites\/13\/2021\/12\/IMG-20211202-WA0022-497x1024.jpg 497w, https:\/\/static-blogs.elcomercio.es\/wp-content\/uploads\/sites\/13\/2021\/12\/IMG-20211202-WA0022-146x300.jpg 146w, https:\/\/static-blogs.elcomercio.es\/wp-content\/uploads\/sites\/13\/2021\/12\/IMG-20211202-WA0022-768x1581.jpg 768w, https:\/\/static-blogs.elcomercio.es\/wp-content\/uploads\/sites\/13\/2021\/12\/IMG-20211202-WA0022.jpg 777w\" sizes=\"(max-width: 497px) 100vw, 497px\" \/><\/a><\/p>\n<p>&nbsp;<\/p>\n<p><a href=\"https:\/\/static-blogs.elcomercio.es\/wp-content\/uploads\/sites\/13\/2021\/12\/IMG-20211202-WA0013.jpg\"><img loading=\"lazy\" class=\"alignnone size-large wp-image-7673\" src=\"https:\/\/static-blogs.elcomercio.es\/wp-content\/uploads\/sites\/13\/2021\/12\/IMG-20211202-WA0013-497x1024.jpg\" alt=\"\" width=\"497\" height=\"1024\" srcset=\"https:\/\/static-blogs.elcomercio.es\/wp-content\/uploads\/sites\/13\/2021\/12\/IMG-20211202-WA0013-497x1024.jpg 497w, https:\/\/static-blogs.elcomercio.es\/wp-content\/uploads\/sites\/13\/2021\/12\/IMG-20211202-WA0013-146x300.jpg 146w, https:\/\/static-blogs.elcomercio.es\/wp-content\/uploads\/sites\/13\/2021\/12\/IMG-20211202-WA0013-768x1581.jpg 768w, https:\/\/static-blogs.elcomercio.es\/wp-content\/uploads\/sites\/13\/2021\/12\/IMG-20211202-WA0013.jpg 777w\" sizes=\"(max-width: 497px) 100vw, 497px\" \/><\/a><\/p>\n<p>&nbsp;<\/p>\n<p>Odin Gungnir vino a llevarse su ejemplar firmado, abrazo inclu\u00eddo y espero verle pronto de nuevo en Cantalejo en La Leyenda Contin\u00faa.<\/p>\n<p>&nbsp;<\/p>\n<p><a href=\"https:\/\/static-blogs.elcomercio.es\/wp-content\/uploads\/sites\/13\/2021\/12\/IMG-20211202-WA0021.jpg\"><img loading=\"lazy\" class=\"alignnone size-large wp-image-7677\" src=\"https:\/\/static-blogs.elcomercio.es\/wp-content\/uploads\/sites\/13\/2021\/12\/IMG-20211202-WA0021-497x1024.jpg\" alt=\"\" width=\"497\" height=\"1024\" srcset=\"https:\/\/static-blogs.elcomercio.es\/wp-content\/uploads\/sites\/13\/2021\/12\/IMG-20211202-WA0021-497x1024.jpg 497w, https:\/\/static-blogs.elcomercio.es\/wp-content\/uploads\/sites\/13\/2021\/12\/IMG-20211202-WA0021-146x300.jpg 146w, https:\/\/static-blogs.elcomercio.es\/wp-content\/uploads\/sites\/13\/2021\/12\/IMG-20211202-WA0021-768x1581.jpg 768w, https:\/\/static-blogs.elcomercio.es\/wp-content\/uploads\/sites\/13\/2021\/12\/IMG-20211202-WA0021.jpg 777w\" sizes=\"(max-width: 497px) 100vw, 497px\" \/><\/a><\/p>\n<p>&nbsp;<\/p>\n<p>Y, como no, no pod\u00eda faltar la foto de grupo(aunque algunos ya se hab\u00edan retirado). No \u00e9ramos todos los que estuvimos pero s\u00ed unos cuantos.<\/p>\n<p>&nbsp;<\/p>\n<p><a href=\"https:\/\/static-blogs.elcomercio.es\/wp-content\/uploads\/sites\/13\/2021\/12\/IMG-20211202-WA0030.jpg\"><img loading=\"lazy\" class=\"alignnone size-large wp-image-7680\" src=\"https:\/\/static-blogs.elcomercio.es\/wp-content\/uploads\/sites\/13\/2021\/12\/IMG-20211202-WA0030-1024x497.jpg\" alt=\"\" width=\"1024\" height=\"497\" srcset=\"https:\/\/static-blogs.elcomercio.es\/wp-content\/uploads\/sites\/13\/2021\/12\/IMG-20211202-WA0030-1024x497.jpg 1024w, https:\/\/static-blogs.elcomercio.es\/wp-content\/uploads\/sites\/13\/2021\/12\/IMG-20211202-WA0030-300x146.jpg 300w, https:\/\/static-blogs.elcomercio.es\/wp-content\/uploads\/sites\/13\/2021\/12\/IMG-20211202-WA0030-768x373.jpg 768w, https:\/\/static-blogs.elcomercio.es\/wp-content\/uploads\/sites\/13\/2021\/12\/IMG-20211202-WA0030.jpg 1600w\" sizes=\"(max-width: 1024px) 100vw, 1024px\" \/><\/a><\/p>\n<p>&nbsp;<\/p>\n<p><a href=\"https:\/\/static-blogs.elcomercio.es\/wp-content\/uploads\/sites\/13\/2021\/12\/IMG-20211201-WA0052.jpg\"><img loading=\"lazy\" class=\"alignnone size-large wp-image-7663\" src=\"https:\/\/static-blogs.elcomercio.es\/wp-content\/uploads\/sites\/13\/2021\/12\/IMG-20211201-WA0052-1024x576.jpg\" alt=\"\" width=\"1024\" height=\"576\" srcset=\"https:\/\/static-blogs.elcomercio.es\/wp-content\/uploads\/sites\/13\/2021\/12\/IMG-20211201-WA0052.jpg 1024w, https:\/\/static-blogs.elcomercio.es\/wp-content\/uploads\/sites\/13\/2021\/12\/IMG-20211201-WA0052-300x169.jpg 300w, https:\/\/static-blogs.elcomercio.es\/wp-content\/uploads\/sites\/13\/2021\/12\/IMG-20211201-WA0052-768x432.jpg 768w\" sizes=\"(max-width: 1024px) 100vw, 1024px\" \/><\/a><\/p>\n<p>&nbsp;<\/p>\n<p>Sin duda, una presentaci\u00f3n que no olvidar\u00e9 por el gran calor humano que recib\u00ed, por sus numerosas muestras de afecto hacia m\u00ed y mi historia de\u00a0 la cual quise acercarles un trocito. Desear\u00eda poder tener unos brazos m\u00e1s grandes para poder abrazarles a todos porque desde ese d\u00eda, ya forman parte de mi sue\u00f1o. El sue\u00f1o de una chica que hace a\u00f1os que se quit\u00f3 el reloj pero que no olvida que no tenemos tiempo y que por eso, trata de comerse el mundo. As\u00ed que si quieres , date prisa y adquiere tu ejemplar en\u00a0<a href=\"https:\/\/www.grupomotero.com\/product-page\/libro2021\" target=\"_blank\" rel=\"noopener external nofollow\">https:\/\/www.grupomotero.com\/product-page\/libro2021<\/a>.<\/p>\n<!-- AddThis Advanced Settings generic via filter on the_content --><!-- AddThis Share Buttons generic via filter on the_content -->","protected":false},"excerpt":{"rendered":"<p>Ni siquiera el mal tiempo pudo echar atr\u00e1s a las gentes gallegas a la hora de acercarse, con agua y fuerte viento, hasta la Cervecer\u00eda &#8220;El Potro&#8221; el pasado 1 de diciembre en\u00a0 La Coru\u00f1a\u00a0 a la presentaci\u00f3n de mi \u00faltimo libro &#8220;La chica que ten\u00eda prisa por ver el mundo&#8221;. El diario de un [&hellip;]<!-- AddThis Advanced Settings generic via filter on get_the_excerpt --><!-- AddThis Share Buttons generic via filter on get_the_excerpt --><\/p>\n","protected":false},"author":14,"featured_media":7661,"comment_status":"open","ping_status":"closed","sticky":false,"template":"","format":"standard","meta":[],"categories":[67],"tags":[1350,1351,1352,916],"_links":{"self":[{"href":"https:\/\/blogs.elcomercio.es\/explorando-paraiso-moto\/wp-json\/wp\/v2\/posts\/7690"}],"collection":[{"href":"https:\/\/blogs.elcomercio.es\/explorando-paraiso-moto\/wp-json\/wp\/v2\/posts"}],"about":[{"href":"https:\/\/blogs.elcomercio.es\/explorando-paraiso-moto\/wp-json\/wp\/v2\/types\/post"}],"author":[{"embeddable":true,"href":"https:\/\/blogs.elcomercio.es\/explorando-paraiso-moto\/wp-json\/wp\/v2\/users\/14"}],"replies":[{"embeddable":true,"href":"https:\/\/blogs.elcomercio.es\/explorando-paraiso-moto\/wp-json\/wp\/v2\/comments?post=7690"}],"version-history":[{"count":2,"href":"https:\/\/blogs.elcomercio.es\/explorando-paraiso-moto\/wp-json\/wp\/v2\/posts\/7690\/revisions"}],"predecessor-version":[{"id":7692,"href":"https:\/\/blogs.elcomercio.es\/explorando-paraiso-moto\/wp-json\/wp\/v2\/posts\/7690\/revisions\/7692"}],"wp:featuredmedia":[{"embeddable":true,"href":"https:\/\/blogs.elcomercio.es\/explorando-paraiso-moto\/wp-json\/wp\/v2\/media\/7661"}],"wp:attachment":[{"href":"https:\/\/blogs.elcomercio.es\/explorando-paraiso-moto\/wp-json\/wp\/v2\/media?parent=7690"}],"wp:term":[{"taxonomy":"category","embeddable":true,"href":"https:\/\/blogs.elcomercio.es\/explorando-paraiso-moto\/wp-json\/wp\/v2\/categories?post=7690"},{"taxonomy":"post_tag","embeddable":true,"href":"https:\/\/blogs.elcomercio.es\/explorando-paraiso-moto\/wp-json\/wp\/v2\/tags?post=7690"}],"curies":[{"name":"wp","href":"https:\/\/api.w.org\/{rel}","templated":true}]}}