{"id":7727,"date":"2022-01-15T16:10:13","date_gmt":"2022-01-15T15:10:13","guid":{"rendered":"https:\/\/blogs.elcomercio.es\/explorando-paraiso-moto\/?p=7727"},"modified":"2022-01-15T16:10:13","modified_gmt":"2022-01-15T15:10:13","slug":"integral-moto-recibe-a-la-chica-que-tenia-prisa-por-ver-el-mundo","status":"publish","type":"post","link":"https:\/\/blogs.elcomercio.es\/explorando-paraiso-moto\/2022\/01\/15\/integral-moto-recibe-a-la-chica-que-tenia-prisa-por-ver-el-mundo\/","title":{"rendered":"Integral Moto recibe a &#8220;La chica que ten\u00eda prisa por ver el mundo&#8221;"},"content":{"rendered":"<p>El pasado mes de diciembre estuvo plagado de presentaciones y Madrid, no se iba a quedar sin la suya. El lugar escogido, como no pod\u00eda ser de otra forma, fue <a href=\"https:\/\/integralmoto.com\/\" target=\"_blank\" rel=\"noopener external nofollow\">Integral Moto<\/a>, uno de mis patrocinadores en la segunda etapa de la Vuelta al Mundo en moto. All\u00ed pude disfrutar de la compa\u00f1\u00eda de los asistentes quienes, atentamente, escucharon mi historia, una historia \u00fanica.<\/p>\n<p>&nbsp;<\/p>\n<p><a href=\"https:\/\/static-blogs.elcomercio.es\/wp-content\/uploads\/sites\/13\/2022\/01\/82219693_2781344271909489_2804064489769533440_n.png\"><img loading=\"lazy\" class=\"alignnone size-large wp-image-7728\" src=\"https:\/\/static-blogs.elcomercio.es\/wp-content\/uploads\/sites\/13\/2022\/01\/82219693_2781344271909489_2804064489769533440_n-1024x1024.png\" alt=\"\" width=\"1024\" height=\"1024\" srcset=\"https:\/\/static-blogs.elcomercio.es\/wp-content\/uploads\/sites\/13\/2022\/01\/82219693_2781344271909489_2804064489769533440_n-1024x1024.png 1024w, https:\/\/static-blogs.elcomercio.es\/wp-content\/uploads\/sites\/13\/2022\/01\/82219693_2781344271909489_2804064489769533440_n-150x150.png 150w, https:\/\/static-blogs.elcomercio.es\/wp-content\/uploads\/sites\/13\/2022\/01\/82219693_2781344271909489_2804064489769533440_n-300x300.png 300w, https:\/\/static-blogs.elcomercio.es\/wp-content\/uploads\/sites\/13\/2022\/01\/82219693_2781344271909489_2804064489769533440_n-768x768.png 768w, https:\/\/static-blogs.elcomercio.es\/wp-content\/uploads\/sites\/13\/2022\/01\/82219693_2781344271909489_2804064489769533440_n.png 1611w\" sizes=\"(max-width: 1024px) 100vw, 1024px\" \/><\/a><\/p>\n<p>&nbsp;<\/p>\n<p><a href=\"https:\/\/static-blogs.elcomercio.es\/wp-content\/uploads\/sites\/13\/2022\/01\/IMG-20211217-WA0038.jpg\"><img loading=\"lazy\" class=\"alignnone size-large wp-image-7729\" src=\"https:\/\/static-blogs.elcomercio.es\/wp-content\/uploads\/sites\/13\/2022\/01\/IMG-20211217-WA0038-576x1024.jpg\" alt=\"\" width=\"576\" height=\"1024\" srcset=\"https:\/\/static-blogs.elcomercio.es\/wp-content\/uploads\/sites\/13\/2022\/01\/IMG-20211217-WA0038-576x1024.jpg 576w, https:\/\/static-blogs.elcomercio.es\/wp-content\/uploads\/sites\/13\/2022\/01\/IMG-20211217-WA0038-169x300.jpg 169w, https:\/\/static-blogs.elcomercio.es\/wp-content\/uploads\/sites\/13\/2022\/01\/IMG-20211217-WA0038-768x1365.jpg 768w, https:\/\/static-blogs.elcomercio.es\/wp-content\/uploads\/sites\/13\/2022\/01\/IMG-20211217-WA0038.jpg 1134w\" sizes=\"(max-width: 576px) 100vw, 576px\" \/><\/a><\/p>\n<p>&nbsp;<\/p>\n<p><a href=\"https:\/\/static-blogs.elcomercio.es\/wp-content\/uploads\/sites\/13\/2022\/01\/IMG-20211217-WA0028.jpg\"><img loading=\"lazy\" class=\"alignnone size-large wp-image-7730\" src=\"https:\/\/static-blogs.elcomercio.es\/wp-content\/uploads\/sites\/13\/2022\/01\/IMG-20211217-WA0028-576x1024.jpg\" alt=\"\" width=\"576\" height=\"1024\" srcset=\"https:\/\/static-blogs.elcomercio.es\/wp-content\/uploads\/sites\/13\/2022\/01\/IMG-20211217-WA0028-576x1024.jpg 576w, https:\/\/static-blogs.elcomercio.es\/wp-content\/uploads\/sites\/13\/2022\/01\/IMG-20211217-WA0028-169x300.jpg 169w, https:\/\/static-blogs.elcomercio.es\/wp-content\/uploads\/sites\/13\/2022\/01\/IMG-20211217-WA0028-768x1365.jpg 768w, https:\/\/static-blogs.elcomercio.es\/wp-content\/uploads\/sites\/13\/2022\/01\/IMG-20211217-WA0028.jpg 1134w\" sizes=\"(max-width: 576px) 100vw, 576px\" \/><\/a><\/p>\n<p>&nbsp;<\/p>\n<p><a href=\"https:\/\/static-blogs.elcomercio.es\/wp-content\/uploads\/sites\/13\/2022\/01\/IMG-20211217-WA0029.jpg\"><img loading=\"lazy\" class=\"alignnone size-large wp-image-7731\" src=\"https:\/\/static-blogs.elcomercio.es\/wp-content\/uploads\/sites\/13\/2022\/01\/IMG-20211217-WA0029-576x1024.jpg\" alt=\"\" width=\"576\" height=\"1024\" srcset=\"https:\/\/static-blogs.elcomercio.es\/wp-content\/uploads\/sites\/13\/2022\/01\/IMG-20211217-WA0029-576x1024.jpg 576w, https:\/\/static-blogs.elcomercio.es\/wp-content\/uploads\/sites\/13\/2022\/01\/IMG-20211217-WA0029-169x300.jpg 169w, https:\/\/static-blogs.elcomercio.es\/wp-content\/uploads\/sites\/13\/2022\/01\/IMG-20211217-WA0029-768x1365.jpg 768w, https:\/\/static-blogs.elcomercio.es\/wp-content\/uploads\/sites\/13\/2022\/01\/IMG-20211217-WA0029.jpg 1134w\" sizes=\"(max-width: 576px) 100vw, 576px\" \/><\/a><\/p>\n<p>&nbsp;<\/p>\n<p><a href=\"https:\/\/static-blogs.elcomercio.es\/wp-content\/uploads\/sites\/13\/2022\/01\/IMG-20211217-WA0032.jpg\"><img loading=\"lazy\" class=\"alignnone size-large wp-image-7732\" src=\"https:\/\/static-blogs.elcomercio.es\/wp-content\/uploads\/sites\/13\/2022\/01\/IMG-20211217-WA0032-576x1024.jpg\" alt=\"\" width=\"576\" height=\"1024\" srcset=\"https:\/\/static-blogs.elcomercio.es\/wp-content\/uploads\/sites\/13\/2022\/01\/IMG-20211217-WA0032-576x1024.jpg 576w, https:\/\/static-blogs.elcomercio.es\/wp-content\/uploads\/sites\/13\/2022\/01\/IMG-20211217-WA0032-169x300.jpg 169w, https:\/\/static-blogs.elcomercio.es\/wp-content\/uploads\/sites\/13\/2022\/01\/IMG-20211217-WA0032-768x1365.jpg 768w, https:\/\/static-blogs.elcomercio.es\/wp-content\/uploads\/sites\/13\/2022\/01\/IMG-20211217-WA0032.jpg 1134w\" sizes=\"(max-width: 576px) 100vw, 576px\" \/><\/a><\/p>\n<p>&nbsp;<\/p>\n<p>Una velada realizada gracias a Pedro y Sara, las personas responsables de la marca.<\/p>\n<p>&nbsp;<\/p>\n<p><a href=\"https:\/\/static-blogs.elcomercio.es\/wp-content\/uploads\/sites\/13\/2022\/01\/IMG-20211217-WA0034.jpg\"><img loading=\"lazy\" class=\"alignnone size-large wp-image-7733\" src=\"https:\/\/static-blogs.elcomercio.es\/wp-content\/uploads\/sites\/13\/2022\/01\/IMG-20211217-WA0034-1024x576.jpg\" alt=\"\" width=\"1024\" height=\"576\" srcset=\"https:\/\/static-blogs.elcomercio.es\/wp-content\/uploads\/sites\/13\/2022\/01\/IMG-20211217-WA0034-1024x576.jpg 1024w, https:\/\/static-blogs.elcomercio.es\/wp-content\/uploads\/sites\/13\/2022\/01\/IMG-20211217-WA0034-300x169.jpg 300w, https:\/\/static-blogs.elcomercio.es\/wp-content\/uploads\/sites\/13\/2022\/01\/IMG-20211217-WA0034-768x432.jpg 768w, https:\/\/static-blogs.elcomercio.es\/wp-content\/uploads\/sites\/13\/2022\/01\/IMG-20211217-WA0034.jpg 2016w\" sizes=\"(max-width: 1024px) 100vw, 1024px\" \/><\/a><\/p>\n<p>&nbsp;<\/p>\n<p>No te olvides de adquirir tu ejemplar en el siguiente enlace: <a href=\"https:\/\/www.grupomotero.com\/product-page\/libro2021\" target=\"_blank\" rel=\"noopener external nofollow\">La chica que ten\u00eda prisa por ver el mundo<\/a>.<\/p>\n<p>Puedes seguirme en : <a href=\"https:\/\/www.instagram.com\/soniabarbosags\/?hl=es\" target=\"_blank\" rel=\"noopener external nofollow\">@soniabarbosags<\/a><\/p>\n<p><a href=\"https:\/\/www.facebook.com\/soniabarbosa.rapunzel\" target=\"_blank\" rel=\"noopener external nofollow\">Facebook<\/a><\/p>\n<p><a href=\"https:\/\/www.youtube.com\/channel\/UCPk8kdUTj2LG_PuQFJNBRDQ\" target=\"_blank\" rel=\"noopener external nofollow\">Youtube<\/a><\/p>\n<p>&nbsp;<\/p>\n<!-- AddThis Advanced Settings generic via filter on the_content --><!-- AddThis Share Buttons generic via filter on the_content -->","protected":false},"excerpt":{"rendered":"<p>El pasado mes de diciembre estuvo plagado de presentaciones y Madrid, no se iba a quedar sin la suya. El lugar escogido, como no pod\u00eda ser de otra forma, fue Integral Moto, uno de mis patrocinadores en la segunda etapa de la Vuelta al Mundo en moto. All\u00ed pude disfrutar de la compa\u00f1\u00eda de los [&hellip;]<!-- AddThis Advanced Settings generic via filter on get_the_excerpt --><!-- AddThis Share Buttons generic via filter on get_the_excerpt --><\/p>\n","protected":false},"author":14,"featured_media":0,"comment_status":"open","ping_status":"closed","sticky":false,"template":"","format":"standard","meta":[],"categories":[1],"tags":[1343,1350,916],"_links":{"self":[{"href":"https:\/\/blogs.elcomercio.es\/explorando-paraiso-moto\/wp-json\/wp\/v2\/posts\/7727"}],"collection":[{"href":"https:\/\/blogs.elcomercio.es\/explorando-paraiso-moto\/wp-json\/wp\/v2\/posts"}],"about":[{"href":"https:\/\/blogs.elcomercio.es\/explorando-paraiso-moto\/wp-json\/wp\/v2\/types\/post"}],"author":[{"embeddable":true,"href":"https:\/\/blogs.elcomercio.es\/explorando-paraiso-moto\/wp-json\/wp\/v2\/users\/14"}],"replies":[{"embeddable":true,"href":"https:\/\/blogs.elcomercio.es\/explorando-paraiso-moto\/wp-json\/wp\/v2\/comments?post=7727"}],"version-history":[{"count":1,"href":"https:\/\/blogs.elcomercio.es\/explorando-paraiso-moto\/wp-json\/wp\/v2\/posts\/7727\/revisions"}],"predecessor-version":[{"id":7734,"href":"https:\/\/blogs.elcomercio.es\/explorando-paraiso-moto\/wp-json\/wp\/v2\/posts\/7727\/revisions\/7734"}],"wp:attachment":[{"href":"https:\/\/blogs.elcomercio.es\/explorando-paraiso-moto\/wp-json\/wp\/v2\/media?parent=7727"}],"wp:term":[{"taxonomy":"category","embeddable":true,"href":"https:\/\/blogs.elcomercio.es\/explorando-paraiso-moto\/wp-json\/wp\/v2\/categories?post=7727"},{"taxonomy":"post_tag","embeddable":true,"href":"https:\/\/blogs.elcomercio.es\/explorando-paraiso-moto\/wp-json\/wp\/v2\/tags?post=7727"}],"curies":[{"name":"wp","href":"https:\/\/api.w.org\/{rel}","templated":true}]}}