{"id":775,"date":"2016-01-21T07:28:30","date_gmt":"2016-01-21T06:28:30","guid":{"rendered":"http:\/\/blogs.elcomercio.es\/explorando-paraiso-moto\/?p=775"},"modified":"2016-01-21T07:28:30","modified_gmt":"2016-01-21T06:28:30","slug":"el-cabo-penas","status":"publish","type":"post","link":"https:\/\/blogs.elcomercio.es\/explorando-paraiso-moto\/2016\/01\/21\/el-cabo-penas\/","title":{"rendered":"El Cabo Pe\u00f1as"},"content":{"rendered":"<p>Sin duda una de mis mejores terapias para quitar ese mal sabor de boca de una ma\u00f1ana no muy productiva es coger a &#8221; Trailera &#8221; y salir a\u00a0 &#8220;desconectar&#8221;. Esa sensaci\u00f3n de libertad, del aire sobre la cara,.. Porque sobre &#8221; Trailera &#8221; la vida se ve desde otra perspectiva y lo que era negro ya no lo es tanto y atr\u00e1s quedan esas preocupaciones y malestares a los que luego, con calma, har\u00e9 frente.<\/p>\n<p>El cabo\u00a0 Pe\u00f1as es el cabo m\u00e1s septentrional del Principado de Asturias, un sitio especial, cercano y en el que, aunque\u00a0normalmente hay bastantes turistas, uno puede ser capaz de encontrar un rinc\u00f3n para aislarse.<\/p>\n<p>&nbsp;<\/p>\n<p><a href=\"\/explorando-paraiso-moto\/wp-content\/uploads\/sites\/13\/2015\/06\/IMG_5163.jpg\"><img loading=\"lazy\" src=\"\/explorando-paraiso-moto\/wp-content\/uploads\/sites\/13\/2015\/06\/IMG_5163.jpg\" alt=\"cabo pe\u00f1as\" width=\"916\" height=\"616\" \/><\/a><\/p>\n<p><!--more--><\/p>\n<p>&nbsp;<\/p>\n<p>Desde Avil\u00e9s ruedo por la carretera de la cantera del Estrell\u00edn, bastante rota, mucha gravilla,.. Todo por el continuo traqueteo de los camiones.<\/p>\n<p>En la playa de Verdicio, cuyo paisaje ha cambiado por las fuertes riadas del a\u00f1o 2010, hago un alto en mi ruta. All\u00ed conozco a Benjam\u00edn, miembro del club motero AKK, a su encantadora mujer y\u00a0 a otro miembro de la familia, Poco, que, como un ni\u00f1o hace caso omiso de las llamadas de su due\u00f1o y, valientemente , se da un ba\u00f1o.<\/p>\n<p>&nbsp;<\/p>\n<p><a href=\"\/explorando-paraiso-moto\/wp-content\/uploads\/sites\/13\/2015\/06\/IMG_5090.jpg\"><img loading=\"lazy\" src=\"\/explorando-paraiso-moto\/wp-content\/uploads\/sites\/13\/2015\/06\/IMG_5090.jpg\" alt=\"verdicio\" width=\"816\" height=\"549\" \/><\/a><\/p>\n<p>&nbsp;<\/p>\n<p>&nbsp;<\/p>\n<p><a href=\"\/explorando-paraiso-moto\/wp-content\/uploads\/sites\/13\/2015\/06\/IMG_5094.jpg\"><img loading=\"lazy\" src=\"\/explorando-paraiso-moto\/wp-content\/uploads\/sites\/13\/2015\/06\/IMG_5094.jpg\" alt=\"verdicio\" width=\"816\" height=\"549\" \/><\/a><\/p>\n<p>&nbsp;<\/p>\n<p>Coincidencias de la vida , Benjam\u00edn ama las motos y entablamos una divertida conversaci\u00f3n. Aparte, aprovechando que le gusta la fotograf\u00eda, aprovecho para sacarme unas fotos para la revista que AKK sacar\u00e1 en su concentraci\u00f3n anual\u00a0motera el mes de Junio y para la cual me hab\u00edan solicitado alguna foto en la que apareciese yo. Suelo hacer m\u00e1s fotos a los lugares que visito que a m\u00ed misma, as\u00ed que no ten\u00eda ninguna para poder darles. Esta ocasi\u00f3n fue perfecta para ello.<\/p>\n<p>&nbsp;<\/p>\n<p><a href=\"\/explorando-paraiso-moto\/wp-content\/uploads\/sites\/13\/2016\/01\/IMG_5106.jpg\"><img loading=\"lazy\" src=\"\/explorando-paraiso-moto\/wp-content\/uploads\/sites\/13\/2016\/01\/IMG_5106.jpg\" alt=\"\" width=\"420\" height=\"620\" \/><\/a><\/p>\n<p>&nbsp;<\/p>\n<p>Despu\u00e9s de un buen rato charlando, les agradezco su paciencia y pongo rumbo a Cabo Pe\u00f1as.<\/p>\n<p>Hace mucho viento. Sobre &#8221; trailera&#8221; voy contemplando el litoral asturiano y pienso: \u00a1 Qu\u00e9 suerte tener esto tan cerca !. Llegamos y lo primero que se encuentra uno es el Centro de Interpretaci\u00f3n.<\/p>\n<p>&nbsp;<\/p>\n<p><a href=\"\/explorando-paraiso-moto\/wp-content\/uploads\/sites\/13\/2015\/06\/IMG_5131.jpg\"><img loading=\"lazy\" src=\"\/explorando-paraiso-moto\/wp-content\/uploads\/sites\/13\/2015\/06\/IMG_5131.jpg\" alt=\"cabo pe\u00f1as\" width=\"816\" height=\"549\" \/><\/a><\/p>\n<p>&nbsp;<\/p>\n<p><a href=\"\/explorando-paraiso-moto\/wp-content\/uploads\/sites\/13\/2015\/06\/IMG_5116.jpg\"><img loading=\"lazy\" src=\"\/explorando-paraiso-moto\/wp-content\/uploads\/sites\/13\/2015\/06\/IMG_5116.jpg\" alt=\"cabo pe\u00f1as\" width=\"816\" height=\"549\" \/><\/a><\/p>\n<p>&nbsp;<\/p>\n<p><a href=\"\/explorando-paraiso-moto\/wp-content\/uploads\/sites\/13\/2015\/06\/IMG_5117.jpg\"><img loading=\"lazy\" src=\"\/explorando-paraiso-moto\/wp-content\/uploads\/sites\/13\/2015\/06\/IMG_5117.jpg\" alt=\"cabo pe\u00f1as\" width=\"716\" height=\"482\" \/><\/a><\/p>\n<p>&nbsp;<\/p>\n<p><a href=\"\/explorando-paraiso-moto\/wp-content\/uploads\/sites\/13\/2015\/06\/IMG_5118.jpg\"><img loading=\"lazy\" src=\"\/explorando-paraiso-moto\/wp-content\/uploads\/sites\/13\/2015\/06\/IMG_5118.jpg\" alt=\"cabo pe\u00f1as\" width=\"716\" height=\"482\" \/><\/a><\/p>\n<p>&nbsp;<\/p>\n<p>Alg\u00fan turista despistado y alg\u00fan rezagado aprovechando el buen tiempo.<\/p>\n<p>&nbsp;<\/p>\n<p><a href=\"\/explorando-paraiso-moto\/wp-content\/uploads\/sites\/13\/2015\/06\/IMG_5126.jpg\"><img loading=\"lazy\" src=\"\/explorando-paraiso-moto\/wp-content\/uploads\/sites\/13\/2015\/06\/IMG_5126.jpg\" alt=\"gato en cabo pe\u00f1as\" width=\"716\" height=\"482\" \/><\/a><\/p>\n<p>&nbsp;<\/p>\n<p>El lugar es de esos de los que , cuando vas, regresas. Y no es para menos. A un lado&#8230;<\/p>\n<p>&nbsp;<\/p>\n<p><img loading=\"lazy\" src=\"\/explorando-paraiso-moto\/wp-content\/uploads\/sites\/13\/2015\/06\/IMG_5138.jpg\" alt=\"cabo pe\u00f1as\" width=\"816\" height=\"549\" \/><\/p>\n<p>&nbsp;<\/p>\n<p>Al otro&#8230;<\/p>\n<p>&nbsp;<\/p>\n<p><a href=\"\/explorando-paraiso-moto\/wp-content\/uploads\/sites\/13\/2015\/06\/MG_5174.jpg\"><img loading=\"lazy\" src=\"\/explorando-paraiso-moto\/wp-content\/uploads\/sites\/13\/2015\/06\/MG_5174.jpg\" alt=\"cabo pe\u00f1as\" width=\"816\" height=\"549\" \/><\/a><\/p>\n<p>&nbsp;<\/p>\n<p>Imponentes acantilados se alzan dominando un paisaje lleno de encanto en el que uno se siente peque\u00f1o.<\/p>\n<p>&nbsp;<\/p>\n<p><a href=\"\/explorando-paraiso-moto\/wp-content\/uploads\/sites\/13\/2015\/06\/IMG_5151.jpg\"><img loading=\"lazy\" src=\"\/explorando-paraiso-moto\/wp-content\/uploads\/sites\/13\/2015\/06\/IMG_5151.jpg\" alt=\"cabo pe\u00f1as\" width=\"896\" height=\"602\" \/><\/a><\/p>\n<p>&nbsp;<\/p>\n<p>Es f\u00e1cil enamorarse de esta zona, una de las m\u00e1s emblem\u00e1ticas de la cornisa cant\u00e1brica. Se ha habilitado una pasarela para facilitar el paseo por este lugar..<\/p>\n<p>&nbsp;<\/p>\n<p><a href=\"\/explorando-paraiso-moto\/wp-content\/uploads\/sites\/13\/2015\/06\/IMG_5160.jpg\"><img loading=\"lazy\" src=\"\/explorando-paraiso-moto\/wp-content\/uploads\/sites\/13\/2015\/06\/IMG_5160.jpg\" alt=\"cabo pe\u00f1as\" width=\"816\" height=\"549\" \/><\/a><\/p>\n<p>&nbsp;<\/p>\n<p><a href=\"\/explorando-paraiso-moto\/wp-content\/uploads\/sites\/13\/2015\/06\/IMG_5140.jpg\"><img loading=\"lazy\" src=\"\/explorando-paraiso-moto\/wp-content\/uploads\/sites\/13\/2015\/06\/IMG_5140.jpg\" alt=\"cabo pe\u00f1as\" width=\"716\" height=\"482\" \/><\/a><\/p>\n<p>&nbsp;<\/p>\n<p><a href=\"\/explorando-paraiso-moto\/wp-content\/uploads\/sites\/13\/2015\/06\/IMG_5168.jpg\"><img loading=\"lazy\" src=\"\/explorando-paraiso-moto\/wp-content\/uploads\/sites\/13\/2015\/06\/IMG_5168.jpg\" alt=\"cabo pe\u00f1as\" width=\"816\" height=\"549\" \/><\/a><\/p>\n<p>&nbsp;<\/p>\n<p>Y para los que quieran continuar\u00a0 explorando..<\/p>\n<p>&nbsp;<\/p>\n<p><a href=\"\/explorando-paraiso-moto\/wp-content\/uploads\/sites\/13\/2015\/06\/MG_5184.jpg\"><img loading=\"lazy\" src=\"\/explorando-paraiso-moto\/wp-content\/uploads\/sites\/13\/2015\/06\/MG_5184.jpg\" alt=\"cabo pe\u00f1as\" width=\"816\" height=\"549\" \/><\/a><\/p>\n<p>&nbsp;<\/p>\n<p>Alg\u00fan que otro &#8221; mirador &#8220;&#8230;<\/p>\n<p>&nbsp;<\/p>\n<p><a href=\"\/explorando-paraiso-moto\/wp-content\/uploads\/sites\/13\/2015\/06\/IMG_5156.jpg\"><img loading=\"lazy\" src=\"\/explorando-paraiso-moto\/wp-content\/uploads\/sites\/13\/2015\/06\/IMG_5156.jpg\" alt=\"cabo pe\u00f1as\" width=\"816\" height=\"549\" \/><\/a><\/p>\n<p>&nbsp;<\/p>\n<p><a href=\"\/explorando-paraiso-moto\/wp-content\/uploads\/sites\/13\/2015\/06\/IMG_5157.jpg\"><img loading=\"lazy\" src=\"\/explorando-paraiso-moto\/wp-content\/uploads\/sites\/13\/2015\/06\/IMG_5157.jpg\" alt=\"cabo pe\u00f1as\" width=\"816\" height=\"549\" \/><\/a><\/p>\n<p>&nbsp;<\/p>\n<p>Y derroche de belleza por los cuatro costados&#8230;<\/p>\n<p>&nbsp;<\/p>\n<p><a href=\"\/explorando-paraiso-moto\/wp-content\/uploads\/sites\/13\/2015\/06\/IMG_5165.jpg\"><img loading=\"lazy\" src=\"\/explorando-paraiso-moto\/wp-content\/uploads\/sites\/13\/2015\/06\/IMG_5165.jpg\" alt=\"cabo pe\u00f1as\" width=\"816\" height=\"549\" \/><\/a><\/p>\n<p>&nbsp;<\/p>\n<p>De aqu\u00ed\u00a0parte una <em><a href=\"http:\/\/www.ayto-gozon.org\/luanco-gozon\/cabo-penas\/geologia\/senda-del-cabo-penas-geologia\/\" target=\"_blank\" rel=\"external nofollow\">ruta<\/a><\/em> al faro de san Juan de Nieva.<\/p>\n<p>Suena el tel\u00e9fono. Me est\u00e1n esperando y\u00a0 es hora de volver&#8230; \u00a1 Qu\u00e9 r\u00e1pido se me ha pasado el tiempo !.<\/p>\n<p>&nbsp;<\/p>\n<p><a href=\"\/explorando-paraiso-moto\/wp-content\/uploads\/sites\/13\/2015\/06\/IMG_20150509_184304-01.jpg\"><img loading=\"lazy\" src=\"\/explorando-paraiso-moto\/wp-content\/uploads\/sites\/13\/2015\/06\/IMG_20150509_184304-01.jpg\" alt=\"cabo pe\u00f1as\" width=\"816\" height=\"616\" \/><\/a><\/p>\n<p>&nbsp;<\/p>\n<p>No ha sido una ruta de muchos kil\u00f3metros pero, como tengo m\u00e1s que demostrado, a veces no hay que viajar muy lejos para encontrar un para\u00edso porque, en Asturias, nos sobran y como dice el slogan : &#8221; Ven, vive el norte &#8220;.<\/p>\n<p>Enlaces de inter\u00e9s:<a href=\"http:\/\/soniabarbosa.es\/\" target=\"_blank\" rel=\"external nofollow\">www.soniabarbosa.es<\/a><\/p>\n<p><em><a href=\"http:\/\/www.ayto-gozon.org\/\" target=\"_blank\" rel=\"external nofollow\">Ayuntamiento de Goz\u00f3n<\/a><\/em>.<\/p>\n<p>&nbsp;<\/p>\n<!-- AddThis Advanced Settings generic via filter on the_content --><!-- AddThis Share Buttons generic via filter on the_content -->","protected":false},"excerpt":{"rendered":"<p>Sin duda una de mis mejores terapias para quitar ese mal sabor de boca de una ma\u00f1ana no muy productiva es coger a &#8221; Trailera &#8221; y salir a\u00a0 &#8220;desconectar&#8221;. Esa sensaci\u00f3n de libertad, del aire sobre la cara,.. Porque sobre &#8221; Trailera &#8221; la vida se ve desde otra perspectiva y lo que era [&hellip;]<!-- AddThis Advanced Settings generic via filter on get_the_excerpt --><!-- AddThis Share Buttons generic via filter on get_the_excerpt --><\/p>\n","protected":false},"author":14,"featured_media":0,"comment_status":"open","ping_status":"closed","sticky":false,"template":"","format":"standard","meta":[],"categories":[27],"tags":[244,328,430,638,691,698],"_links":{"self":[{"href":"https:\/\/blogs.elcomercio.es\/explorando-paraiso-moto\/wp-json\/wp\/v2\/posts\/775"}],"collection":[{"href":"https:\/\/blogs.elcomercio.es\/explorando-paraiso-moto\/wp-json\/wp\/v2\/posts"}],"about":[{"href":"https:\/\/blogs.elcomercio.es\/explorando-paraiso-moto\/wp-json\/wp\/v2\/types\/post"}],"author":[{"embeddable":true,"href":"https:\/\/blogs.elcomercio.es\/explorando-paraiso-moto\/wp-json\/wp\/v2\/users\/14"}],"replies":[{"embeddable":true,"href":"https:\/\/blogs.elcomercio.es\/explorando-paraiso-moto\/wp-json\/wp\/v2\/comments?post=775"}],"version-history":[{"count":0,"href":"https:\/\/blogs.elcomercio.es\/explorando-paraiso-moto\/wp-json\/wp\/v2\/posts\/775\/revisions"}],"wp:attachment":[{"href":"https:\/\/blogs.elcomercio.es\/explorando-paraiso-moto\/wp-json\/wp\/v2\/media?parent=775"}],"wp:term":[{"taxonomy":"category","embeddable":true,"href":"https:\/\/blogs.elcomercio.es\/explorando-paraiso-moto\/wp-json\/wp\/v2\/categories?post=775"},{"taxonomy":"post_tag","embeddable":true,"href":"https:\/\/blogs.elcomercio.es\/explorando-paraiso-moto\/wp-json\/wp\/v2\/tags?post=775"}],"curies":[{"name":"wp","href":"https:\/\/api.w.org\/{rel}","templated":true}]}}