{"id":7753,"date":"2022-02-20T00:35:41","date_gmt":"2022-02-19T23:35:41","guid":{"rendered":"https:\/\/blogs.elcomercio.es\/explorando-paraiso-moto\/?p=7753"},"modified":"2022-02-20T00:35:41","modified_gmt":"2022-02-19T23:35:41","slug":"rincones-de-caso-la-felguerina","status":"publish","type":"post","link":"https:\/\/blogs.elcomercio.es\/explorando-paraiso-moto\/2022\/02\/20\/rincones-de-caso-la-felguerina\/","title":{"rendered":"Rincones de Caso: La Felguerina"},"content":{"rendered":"<p>En esta ocasi\u00f3n nos vamos hasta el Parque Natural de Redes. Aproximadamente a unos 12 kil\u00f3metros de la capital del concejo de Caso, es decir, de Campo de Caso,\u00a0 se encuentra este peque\u00f1o rinc\u00f3n paradis\u00edaco en el que nuestra vista encontrar\u00e1 un enorme placer para deleitarse con verdes inimitables, monta\u00f1as zig-zagueantes y prader\u00edas que visten el paisaje a modo de suaves alfombras en las que nuestros pies podr\u00e1n recorrer kil\u00f3metros de rutas senderistas como las que salen hacia el Picu Visu La Grande, lago Ubales por la Canalina,etc..<\/p>\n<p>Una vez m\u00e1s, llegaremos hasta nuestro destino en moto y, una vez all\u00ed, nos bajaremos de ella para acariciar la belleza de un pueblo ubicado en una ladera con vistas al para\u00edso asturiano: La Felguerina.<\/p>\n<p>Era una ma\u00f1ana soleada de principios de a\u00f1o(algo no muy usual por lo cual m\u00e1s raz\u00f3n hab\u00eda a\u00fan para aprovecharla). De hecho, las temperaturas llegaron a los 20 grados e, incluso la ropa de la moto, estorbaba en algunos momentos del paseo. Los Embalses de Rioseco y Tanes, ese d\u00eda no llevaban mucha agua. A la vera de este \u00faltimo, una visita obligada ser\u00eda la de Quesos Artesanos La Corte y la Iglesia de Santa Mar\u00eda La Real.<\/p>\n<p><a href=\"https:\/\/static-blogs.elcomercio.es\/wp-content\/uploads\/sites\/13\/2022\/02\/IMG20220209132831.jpg\"><img loading=\"lazy\" class=\"alignnone size-full wp-image-7757\" src=\"https:\/\/static-blogs.elcomercio.es\/wp-content\/uploads\/sites\/13\/2022\/02\/IMG20220209132831.jpg\" alt=\"\" width=\"600\" height=\"450\" srcset=\"https:\/\/static-blogs.elcomercio.es\/wp-content\/uploads\/sites\/13\/2022\/02\/IMG20220209132831.jpg 600w, https:\/\/static-blogs.elcomercio.es\/wp-content\/uploads\/sites\/13\/2022\/02\/IMG20220209132831-300x225.jpg 300w\" sizes=\"(max-width: 600px) 100vw, 600px\" \/><\/a><\/p>\n<p>&nbsp;<\/p>\n<p><a href=\"https:\/\/static-blogs.elcomercio.es\/wp-content\/uploads\/sites\/13\/2022\/02\/IMG20220209133759.jpg\"><img loading=\"lazy\" class=\"alignnone size-full wp-image-7758\" src=\"https:\/\/static-blogs.elcomercio.es\/wp-content\/uploads\/sites\/13\/2022\/02\/IMG20220209133759.jpg\" alt=\"\" width=\"600\" height=\"450\" srcset=\"https:\/\/static-blogs.elcomercio.es\/wp-content\/uploads\/sites\/13\/2022\/02\/IMG20220209133759.jpg 600w, https:\/\/static-blogs.elcomercio.es\/wp-content\/uploads\/sites\/13\/2022\/02\/IMG20220209133759-300x225.jpg 300w\" sizes=\"(max-width: 600px) 100vw, 600px\" \/><\/a><\/p>\n<p>&nbsp;<\/p>\n<p>El Corredor del Nal\u00f3n rebosa tr\u00e1fico de veh\u00edculos hasta que, en el pueblo de Coballes tom\u00e9 el desv\u00edo hacia nuestro destino de hoy . Desde aqu\u00ed, unos 7 kil\u00f3metros traducidos en aproximadamente 15 minutos se convertir\u00e1n en todo un espect\u00e1culo de esta zona rica en paisajes t\u00edpicos de Redes.<\/p>\n<p>&nbsp;<\/p>\n<p><a href=\"https:\/\/static-blogs.elcomercio.es\/wp-content\/uploads\/sites\/13\/2022\/02\/IMG20220209145910.jpg\"><img loading=\"lazy\" class=\"alignnone size-full wp-image-7774\" src=\"https:\/\/static-blogs.elcomercio.es\/wp-content\/uploads\/sites\/13\/2022\/02\/IMG20220209145910.jpg\" alt=\"\" width=\"450\" height=\"600\" srcset=\"https:\/\/static-blogs.elcomercio.es\/wp-content\/uploads\/sites\/13\/2022\/02\/IMG20220209145910.jpg 450w, https:\/\/static-blogs.elcomercio.es\/wp-content\/uploads\/sites\/13\/2022\/02\/IMG20220209145910-225x300.jpg 225w\" sizes=\"(max-width: 450px) 100vw, 450px\" \/><\/a><\/p>\n<p>&nbsp;<\/p>\n<p><a href=\"https:\/\/static-blogs.elcomercio.es\/wp-content\/uploads\/sites\/13\/2022\/02\/IMG20220209134728.jpg\"><img loading=\"lazy\" class=\"alignnone size-full wp-image-7760\" src=\"https:\/\/static-blogs.elcomercio.es\/wp-content\/uploads\/sites\/13\/2022\/02\/IMG20220209134728.jpg\" alt=\"\" width=\"450\" height=\"600\" srcset=\"https:\/\/static-blogs.elcomercio.es\/wp-content\/uploads\/sites\/13\/2022\/02\/IMG20220209134728.jpg 450w, https:\/\/static-blogs.elcomercio.es\/wp-content\/uploads\/sites\/13\/2022\/02\/IMG20220209134728-225x300.jpg 225w\" sizes=\"(max-width: 450px) 100vw, 450px\" \/><\/a><\/p>\n<p>&nbsp;<\/p>\n<p><a href=\"https:\/\/static-blogs.elcomercio.es\/wp-content\/uploads\/sites\/13\/2022\/02\/IMG20220209134347.jpg\"><img loading=\"lazy\" class=\"alignnone size-full wp-image-7759\" src=\"https:\/\/static-blogs.elcomercio.es\/wp-content\/uploads\/sites\/13\/2022\/02\/IMG20220209134347.jpg\" alt=\"\" width=\"600\" height=\"450\" srcset=\"https:\/\/static-blogs.elcomercio.es\/wp-content\/uploads\/sites\/13\/2022\/02\/IMG20220209134347.jpg 600w, https:\/\/static-blogs.elcomercio.es\/wp-content\/uploads\/sites\/13\/2022\/02\/IMG20220209134347-300x225.jpg 300w\" sizes=\"(max-width: 600px) 100vw, 600px\" \/><\/a><\/p>\n<p>&nbsp;<\/p>\n<p>El sonido de &#8220;Maya&#8221; es lo \u00fanico que altera la tranquilidad que se respira en el ambiente. Una vez estacionada a la entrada del pueblo, inici\u00e9 el paseo por este rinc\u00f3n cas\u00edn en el que todo, aunque est\u00e9 en diminutivo, es de proporciones gigantescas.<\/p>\n<p>&nbsp;<\/p>\n<p><a href=\"https:\/\/static-blogs.elcomercio.es\/wp-content\/uploads\/sites\/13\/2022\/02\/IMG20220209141551.jpg\"><img loading=\"lazy\" class=\"alignnone size-full wp-image-7767\" src=\"https:\/\/static-blogs.elcomercio.es\/wp-content\/uploads\/sites\/13\/2022\/02\/IMG20220209141551.jpg\" alt=\"\" width=\"600\" height=\"450\" srcset=\"https:\/\/static-blogs.elcomercio.es\/wp-content\/uploads\/sites\/13\/2022\/02\/IMG20220209141551.jpg 600w, https:\/\/static-blogs.elcomercio.es\/wp-content\/uploads\/sites\/13\/2022\/02\/IMG20220209141551-300x225.jpg 300w\" sizes=\"(max-width: 600px) 100vw, 600px\" \/><\/a><\/p>\n<p>&nbsp;<\/p>\n<p>El invierno, aunque no lo parezca, sigue latente y hay que aprovisionarse de le\u00f1a para dar de comer a las hambrientas chimeneas que, ese d\u00eda, estaban encendidas.<\/p>\n<p>&nbsp;<\/p>\n<p><a href=\"https:\/\/static-blogs.elcomercio.es\/wp-content\/uploads\/sites\/13\/2022\/02\/IMG20220209144053.jpg\"><img loading=\"lazy\" class=\"alignnone size-full wp-image-7771\" src=\"https:\/\/static-blogs.elcomercio.es\/wp-content\/uploads\/sites\/13\/2022\/02\/IMG20220209144053.jpg\" alt=\"\" width=\"600\" height=\"450\" srcset=\"https:\/\/static-blogs.elcomercio.es\/wp-content\/uploads\/sites\/13\/2022\/02\/IMG20220209144053.jpg 600w, https:\/\/static-blogs.elcomercio.es\/wp-content\/uploads\/sites\/13\/2022\/02\/IMG20220209144053-300x225.jpg 300w\" sizes=\"(max-width: 600px) 100vw, 600px\" \/><\/a><\/p>\n<p>&nbsp;<\/p>\n<p>El peque\u00f1o paseo por el pueblo me llev\u00f3 a descubrir rincones como \u00e9ste.<\/p>\n<p>&nbsp;<\/p>\n<p><a href=\"https:\/\/static-blogs.elcomercio.es\/wp-content\/uploads\/sites\/13\/2022\/02\/IMG20220209141453.jpg\"><img loading=\"lazy\" class=\"alignnone size-full wp-image-7766\" src=\"https:\/\/static-blogs.elcomercio.es\/wp-content\/uploads\/sites\/13\/2022\/02\/IMG20220209141453.jpg\" alt=\"\" width=\"600\" height=\"450\" srcset=\"https:\/\/static-blogs.elcomercio.es\/wp-content\/uploads\/sites\/13\/2022\/02\/IMG20220209141453.jpg 600w, https:\/\/static-blogs.elcomercio.es\/wp-content\/uploads\/sites\/13\/2022\/02\/IMG20220209141453-300x225.jpg 300w\" sizes=\"(max-width: 600px) 100vw, 600px\" \/><\/a><\/p>\n<p>&nbsp;<\/p>\n<p>Los ejemplos de arquitectura popular est\u00e1n muy bien conservados.<\/p>\n<p>&nbsp;<\/p>\n<p><a href=\"https:\/\/static-blogs.elcomercio.es\/wp-content\/uploads\/sites\/13\/2022\/02\/IMG20220209141741.jpg\"><img loading=\"lazy\" class=\"alignnone size-full wp-image-7769\" src=\"https:\/\/static-blogs.elcomercio.es\/wp-content\/uploads\/sites\/13\/2022\/02\/IMG20220209141741.jpg\" alt=\"\" width=\"600\" height=\"450\" srcset=\"https:\/\/static-blogs.elcomercio.es\/wp-content\/uploads\/sites\/13\/2022\/02\/IMG20220209141741.jpg 600w, https:\/\/static-blogs.elcomercio.es\/wp-content\/uploads\/sites\/13\/2022\/02\/IMG20220209141741-300x225.jpg 300w\" sizes=\"(max-width: 600px) 100vw, 600px\" \/><\/a><\/p>\n<p>&nbsp;<\/p>\n<p><a href=\"https:\/\/static-blogs.elcomercio.es\/wp-content\/uploads\/sites\/13\/2022\/02\/IMG20220209141656.jpg\"><img loading=\"lazy\" class=\"alignnone size-full wp-image-7768\" src=\"https:\/\/static-blogs.elcomercio.es\/wp-content\/uploads\/sites\/13\/2022\/02\/IMG20220209141656.jpg\" alt=\"\" width=\"600\" height=\"450\" srcset=\"https:\/\/static-blogs.elcomercio.es\/wp-content\/uploads\/sites\/13\/2022\/02\/IMG20220209141656.jpg 600w, https:\/\/static-blogs.elcomercio.es\/wp-content\/uploads\/sites\/13\/2022\/02\/IMG20220209141656-300x225.jpg 300w\" sizes=\"(max-width: 600px) 100vw, 600px\" \/><\/a><\/p>\n<p>&nbsp;<\/p>\n<p>El bar del pueblo permanec\u00eda cerrado.<\/p>\n<p>&nbsp;<\/p>\n<p><a href=\"https:\/\/static-blogs.elcomercio.es\/wp-content\/uploads\/sites\/13\/2022\/02\/IMG20220209141436.jpg\"><img loading=\"lazy\" class=\"alignnone size-full wp-image-7765\" src=\"https:\/\/static-blogs.elcomercio.es\/wp-content\/uploads\/sites\/13\/2022\/02\/IMG20220209141436.jpg\" alt=\"\" width=\"600\" height=\"450\" srcset=\"https:\/\/static-blogs.elcomercio.es\/wp-content\/uploads\/sites\/13\/2022\/02\/IMG20220209141436.jpg 600w, https:\/\/static-blogs.elcomercio.es\/wp-content\/uploads\/sites\/13\/2022\/02\/IMG20220209141436-300x225.jpg 300w\" sizes=\"(max-width: 600px) 100vw, 600px\" \/><\/a><\/p>\n<p>&nbsp;<\/p>\n<p><a href=\"https:\/\/static-blogs.elcomercio.es\/wp-content\/uploads\/sites\/13\/2022\/02\/IMG20220209141427.jpg\"><img loading=\"lazy\" class=\"alignnone size-full wp-image-7764\" src=\"https:\/\/static-blogs.elcomercio.es\/wp-content\/uploads\/sites\/13\/2022\/02\/IMG20220209141427.jpg\" alt=\"\" width=\"600\" height=\"450\" srcset=\"https:\/\/static-blogs.elcomercio.es\/wp-content\/uploads\/sites\/13\/2022\/02\/IMG20220209141427.jpg 600w, https:\/\/static-blogs.elcomercio.es\/wp-content\/uploads\/sites\/13\/2022\/02\/IMG20220209141427-300x225.jpg 300w\" sizes=\"(max-width: 600px) 100vw, 600px\" \/><\/a><\/p>\n<p>&nbsp;<\/p>\n<p>El hambre aprieta y es hora de buscar un comedor que, como no pod\u00eda ser de otra forma, ser\u00eda con vistas.<\/p>\n<p>&nbsp;<\/p>\n<p><a href=\"https:\/\/static-blogs.elcomercio.es\/wp-content\/uploads\/sites\/13\/2022\/02\/IMG20220209142446.jpg\"><img loading=\"lazy\" class=\"alignnone size-full wp-image-7770\" src=\"https:\/\/static-blogs.elcomercio.es\/wp-content\/uploads\/sites\/13\/2022\/02\/IMG20220209142446.jpg\" alt=\"\" width=\"604\" height=\"454\" srcset=\"https:\/\/static-blogs.elcomercio.es\/wp-content\/uploads\/sites\/13\/2022\/02\/IMG20220209142446.jpg 604w, https:\/\/static-blogs.elcomercio.es\/wp-content\/uploads\/sites\/13\/2022\/02\/IMG20220209142446-300x225.jpg 300w\" sizes=\"(max-width: 604px) 100vw, 604px\" \/><\/a><\/p>\n<p>&nbsp;<\/p>\n<p><a href=\"https:\/\/static-blogs.elcomercio.es\/wp-content\/uploads\/sites\/13\/2022\/02\/IMG20220209141109.jpg\"><img loading=\"lazy\" class=\"alignnone size-full wp-image-7762\" src=\"https:\/\/static-blogs.elcomercio.es\/wp-content\/uploads\/sites\/13\/2022\/02\/IMG20220209141109.jpg\" alt=\"\" width=\"600\" height=\"450\" srcset=\"https:\/\/static-blogs.elcomercio.es\/wp-content\/uploads\/sites\/13\/2022\/02\/IMG20220209141109.jpg 600w, https:\/\/static-blogs.elcomercio.es\/wp-content\/uploads\/sites\/13\/2022\/02\/IMG20220209141109-300x225.jpg 300w\" sizes=\"(max-width: 600px) 100vw, 600px\" \/><\/a><\/p>\n<p>&nbsp;<\/p>\n<p>Estaba claro que el calor no invitaba a levantarse.<\/p>\n<p>&nbsp;<\/p>\n<p><a href=\"https:\/\/static-blogs.elcomercio.es\/wp-content\/uploads\/sites\/13\/2022\/02\/IMG20220209141257.jpg\"><img loading=\"lazy\" class=\"alignnone size-full wp-image-7763\" src=\"https:\/\/static-blogs.elcomercio.es\/wp-content\/uploads\/sites\/13\/2022\/02\/IMG20220209141257.jpg\" alt=\"\" width=\"600\" height=\"450\" srcset=\"https:\/\/static-blogs.elcomercio.es\/wp-content\/uploads\/sites\/13\/2022\/02\/IMG20220209141257.jpg 600w, https:\/\/static-blogs.elcomercio.es\/wp-content\/uploads\/sites\/13\/2022\/02\/IMG20220209141257-300x225.jpg 300w\" sizes=\"(max-width: 600px) 100vw, 600px\" \/><\/a><\/p>\n<p>&nbsp;<\/p>\n<p><a href=\"https:\/\/static-blogs.elcomercio.es\/wp-content\/uploads\/sites\/13\/2022\/02\/IMG_20220209_181427-01.jpeg\"><img loading=\"lazy\" class=\"alignnone size-full wp-image-7755\" src=\"https:\/\/static-blogs.elcomercio.es\/wp-content\/uploads\/sites\/13\/2022\/02\/IMG_20220209_181427-01.jpeg\" alt=\"\" width=\"600\" height=\"457\" srcset=\"https:\/\/static-blogs.elcomercio.es\/wp-content\/uploads\/sites\/13\/2022\/02\/IMG_20220209_181427-01.jpeg 600w, https:\/\/static-blogs.elcomercio.es\/wp-content\/uploads\/sites\/13\/2022\/02\/IMG_20220209_181427-01-300x229.jpeg 300w\" sizes=\"(max-width: 600px) 100vw, 600px\" \/><\/a><\/p>\n<p>&nbsp;<\/p>\n<p>Con sigilo para no despertarles, recog\u00ed mis cosas, arranqu\u00e9 a &#8220;Maya&#8221; y me desped\u00ed de otro rinc\u00f3n de Asturias. Y es que si hay algo de lo que podemos presumir aqu\u00ed, es que a cualquier lugar que vayamos, tendremos siempre el para\u00edso bajo nuestros pies.<\/p>\n<p>Espero que os haya gustado.V\u00b4SSS.<\/p>\n<p>&nbsp;<\/p>\n<p>&nbsp;<\/p>\n<!-- AddThis Advanced Settings generic via filter on the_content --><!-- AddThis Share Buttons generic via filter on the_content -->","protected":false},"excerpt":{"rendered":"<p>En esta ocasi\u00f3n nos vamos hasta el Parque Natural de Redes. Aproximadamente a unos 12 kil\u00f3metros de la capital del concejo de Caso, es decir, de Campo de Caso,\u00a0 se encuentra este peque\u00f1o rinc\u00f3n paradis\u00edaco en el que nuestra vista encontrar\u00e1 un enorme placer para deleitarse con verdes inimitables, monta\u00f1as zig-zagueantes y prader\u00edas que visten [&hellip;]<!-- AddThis Advanced Settings generic via filter on get_the_excerpt --><!-- AddThis Share Buttons generic via filter on get_the_excerpt --><\/p>\n","protected":false},"author":14,"featured_media":7761,"comment_status":"open","ping_status":"closed","sticky":false,"template":"","format":"standard","meta":[],"categories":[15],"tags":[311,430,1356,1355,638,691,916],"_links":{"self":[{"href":"https:\/\/blogs.elcomercio.es\/explorando-paraiso-moto\/wp-json\/wp\/v2\/posts\/7753"}],"collection":[{"href":"https:\/\/blogs.elcomercio.es\/explorando-paraiso-moto\/wp-json\/wp\/v2\/posts"}],"about":[{"href":"https:\/\/blogs.elcomercio.es\/explorando-paraiso-moto\/wp-json\/wp\/v2\/types\/post"}],"author":[{"embeddable":true,"href":"https:\/\/blogs.elcomercio.es\/explorando-paraiso-moto\/wp-json\/wp\/v2\/users\/14"}],"replies":[{"embeddable":true,"href":"https:\/\/blogs.elcomercio.es\/explorando-paraiso-moto\/wp-json\/wp\/v2\/comments?post=7753"}],"version-history":[{"count":2,"href":"https:\/\/blogs.elcomercio.es\/explorando-paraiso-moto\/wp-json\/wp\/v2\/posts\/7753\/revisions"}],"predecessor-version":[{"id":7775,"href":"https:\/\/blogs.elcomercio.es\/explorando-paraiso-moto\/wp-json\/wp\/v2\/posts\/7753\/revisions\/7775"}],"wp:featuredmedia":[{"embeddable":true,"href":"https:\/\/blogs.elcomercio.es\/explorando-paraiso-moto\/wp-json\/wp\/v2\/media\/7761"}],"wp:attachment":[{"href":"https:\/\/blogs.elcomercio.es\/explorando-paraiso-moto\/wp-json\/wp\/v2\/media?parent=7753"}],"wp:term":[{"taxonomy":"category","embeddable":true,"href":"https:\/\/blogs.elcomercio.es\/explorando-paraiso-moto\/wp-json\/wp\/v2\/categories?post=7753"},{"taxonomy":"post_tag","embeddable":true,"href":"https:\/\/blogs.elcomercio.es\/explorando-paraiso-moto\/wp-json\/wp\/v2\/tags?post=7753"}],"curies":[{"name":"wp","href":"https:\/\/api.w.org\/{rel}","templated":true}]}}