{"id":7784,"date":"2022-03-12T19:55:58","date_gmt":"2022-03-12T18:55:58","guid":{"rendered":"https:\/\/blogs.elcomercio.es\/explorando-paraiso-moto\/?p=7784"},"modified":"2022-03-12T19:57:30","modified_gmt":"2022-03-12T18:57:30","slug":"los-acantilados-de-pria","status":"publish","type":"post","link":"https:\/\/blogs.elcomercio.es\/explorando-paraiso-moto\/2022\/03\/12\/los-acantilados-de-pria\/","title":{"rendered":"Los acantilados de Pr\u00eda"},"content":{"rendered":"<p>Esta semana viajaremos en moto hasta el oriente del para\u00edso asturiano. En el concejo de Llanes se encuentra la agrupaci\u00f3n de bufones m\u00e1s occidental de la costa de Asturias y hasta all\u00ed sus acantilados ser\u00e1n los protagonistas de la cr\u00f3nica de hoy. Era un d\u00eda soleado de verano cuando el sol luc\u00eda pero, desafortunadamente, no rug\u00edan las olas del mar con lo cual no pudimos ser testigos\u00a0 del espect\u00e1culo que genera la fuerza con la que el agua golpea sus paredes(raz\u00f3n dem\u00e1s para poder volver en otra ocasi\u00f3n).<\/p>\n<p>El acceso se realiza a trav\u00e9s del pueblo de Belmonte, en la AS-263 y est\u00e1 prohibido aparcar en el entorno de los bufones. Hay aparcamientos de gran capacidad muy cerca, en La Gara\u00f1a y en la Rotella.<\/p>\n<p>&nbsp;<\/p>\n<p><a href=\"https:\/\/static-blogs.elcomercio.es\/wp-content\/uploads\/sites\/13\/2022\/03\/IMG20200819115316.jpg\"><img loading=\"lazy\" class=\"alignnone size-full wp-image-7777\" src=\"https:\/\/static-blogs.elcomercio.es\/wp-content\/uploads\/sites\/13\/2022\/03\/IMG20200819115316.jpg\" alt=\"\" width=\"604\" height=\"454\" srcset=\"https:\/\/static-blogs.elcomercio.es\/wp-content\/uploads\/sites\/13\/2022\/03\/IMG20200819115316.jpg 604w, https:\/\/static-blogs.elcomercio.es\/wp-content\/uploads\/sites\/13\/2022\/03\/IMG20200819115316-300x225.jpg 300w\" sizes=\"(max-width: 604px) 100vw, 604px\" \/><\/a><\/p>\n<p>&nbsp;<\/p>\n<p>Unos 1, 300 metros hay hasta estos impresionantes paisajes tan caracter\u00edsticos de esta zona de Asturias. Los bufones son una especie de g\u00e9iseres costeros donde el agua se cuela por las rocas y sale con gran fuerza dando lugar a un impresionante espect\u00e1culo visual.<\/p>\n<p>La zona en la que se encuentran posee una belleza \u00fanica.<\/p>\n<p>&nbsp;<\/p>\n<p><a href=\"https:\/\/static-blogs.elcomercio.es\/wp-content\/uploads\/sites\/13\/2022\/03\/IMG20200819120145.jpg\"><img loading=\"lazy\" class=\"alignnone size-full wp-image-7778\" src=\"https:\/\/static-blogs.elcomercio.es\/wp-content\/uploads\/sites\/13\/2022\/03\/IMG20200819120145.jpg\" alt=\"\" width=\"604\" height=\"454\" srcset=\"https:\/\/static-blogs.elcomercio.es\/wp-content\/uploads\/sites\/13\/2022\/03\/IMG20200819120145.jpg 604w, https:\/\/static-blogs.elcomercio.es\/wp-content\/uploads\/sites\/13\/2022\/03\/IMG20200819120145-300x225.jpg 300w\" sizes=\"(max-width: 604px) 100vw, 604px\" \/><\/a> <a href=\"https:\/\/static-blogs.elcomercio.es\/wp-content\/uploads\/sites\/13\/2022\/03\/IMG20200819121101.jpg\"><img loading=\"lazy\" class=\"alignnone size-full wp-image-7781\" src=\"https:\/\/static-blogs.elcomercio.es\/wp-content\/uploads\/sites\/13\/2022\/03\/IMG20200819121101.jpg\" alt=\"\" width=\"604\" height=\"454\" srcset=\"https:\/\/static-blogs.elcomercio.es\/wp-content\/uploads\/sites\/13\/2022\/03\/IMG20200819121101.jpg 604w, https:\/\/static-blogs.elcomercio.es\/wp-content\/uploads\/sites\/13\/2022\/03\/IMG20200819121101-300x225.jpg 300w\" sizes=\"(max-width: 604px) 100vw, 604px\" \/><\/a><\/p>\n<p>&nbsp;<\/p>\n<p><a href=\"https:\/\/static-blogs.elcomercio.es\/wp-content\/uploads\/sites\/13\/2022\/03\/IMG20200819122723.jpg\"><img loading=\"lazy\" class=\"alignnone size-full wp-image-7783\" src=\"https:\/\/static-blogs.elcomercio.es\/wp-content\/uploads\/sites\/13\/2022\/03\/IMG20200819122723.jpg\" alt=\"\" width=\"604\" height=\"454\" srcset=\"https:\/\/static-blogs.elcomercio.es\/wp-content\/uploads\/sites\/13\/2022\/03\/IMG20200819122723.jpg 604w, https:\/\/static-blogs.elcomercio.es\/wp-content\/uploads\/sites\/13\/2022\/03\/IMG20200819122723-300x225.jpg 300w\" sizes=\"(max-width: 604px) 100vw, 604px\" \/><\/a><\/p>\n<p>&nbsp;<\/p>\n<p>Con cautela, darse un peque\u00f1o paseo por la zona es actividad obligatoria para cualquiera.<\/p>\n<p>&nbsp;<\/p>\n<p><a href=\"https:\/\/static-blogs.elcomercio.es\/wp-content\/uploads\/sites\/13\/2022\/03\/IMG20200819122250.jpg\"><img loading=\"lazy\" class=\"alignnone size-full wp-image-7782\" src=\"https:\/\/static-blogs.elcomercio.es\/wp-content\/uploads\/sites\/13\/2022\/03\/IMG20200819122250.jpg\" alt=\"\" width=\"604\" height=\"454\" srcset=\"https:\/\/static-blogs.elcomercio.es\/wp-content\/uploads\/sites\/13\/2022\/03\/IMG20200819122250.jpg 604w, https:\/\/static-blogs.elcomercio.es\/wp-content\/uploads\/sites\/13\/2022\/03\/IMG20200819122250-300x225.jpg 300w\" sizes=\"(max-width: 604px) 100vw, 604px\" \/><\/a><\/p>\n<p>&nbsp;<\/p>\n<p>Aqu\u00ed, las fuerzas de la naturaleza, en especial, el mar, puede llegar a mostrarnos una actividad espectacular que no dejar\u00e1 indiferente a nadie. Invito a todo el que quiera descubrir la magia de este singular fen\u00f3meno a que se acerque a descubrirlo. Eso s\u00ed, no hag\u00e1is como nosotros y acercaros con oleaje y en pleamar. Si no, siempre habr\u00e1 otra oportunidad para volver.<\/p>\n<!-- AddThis Advanced Settings generic via filter on the_content --><!-- AddThis Share Buttons generic via filter on the_content -->","protected":false},"excerpt":{"rendered":"<p>Esta semana viajaremos en moto hasta el oriente del para\u00edso asturiano. En el concejo de Llanes se encuentra la agrupaci\u00f3n de bufones m\u00e1s occidental de la costa de Asturias y hasta all\u00ed sus acantilados ser\u00e1n los protagonistas de la cr\u00f3nica de hoy. Era un d\u00eda soleado de verano cuando el sol luc\u00eda pero, desafortunadamente, no [&hellip;]<!-- AddThis Advanced Settings generic via filter on get_the_excerpt --><!-- AddThis Share Buttons generic via filter on get_the_excerpt --><\/p>\n","protected":false},"author":14,"featured_media":7777,"comment_status":"open","ping_status":"closed","sticky":false,"template":"","format":"standard","meta":[],"categories":[39],"tags":[186,1358,431,1357,916],"_links":{"self":[{"href":"https:\/\/blogs.elcomercio.es\/explorando-paraiso-moto\/wp-json\/wp\/v2\/posts\/7784"}],"collection":[{"href":"https:\/\/blogs.elcomercio.es\/explorando-paraiso-moto\/wp-json\/wp\/v2\/posts"}],"about":[{"href":"https:\/\/blogs.elcomercio.es\/explorando-paraiso-moto\/wp-json\/wp\/v2\/types\/post"}],"author":[{"embeddable":true,"href":"https:\/\/blogs.elcomercio.es\/explorando-paraiso-moto\/wp-json\/wp\/v2\/users\/14"}],"replies":[{"embeddable":true,"href":"https:\/\/blogs.elcomercio.es\/explorando-paraiso-moto\/wp-json\/wp\/v2\/comments?post=7784"}],"version-history":[{"count":1,"href":"https:\/\/blogs.elcomercio.es\/explorando-paraiso-moto\/wp-json\/wp\/v2\/posts\/7784\/revisions"}],"predecessor-version":[{"id":7785,"href":"https:\/\/blogs.elcomercio.es\/explorando-paraiso-moto\/wp-json\/wp\/v2\/posts\/7784\/revisions\/7785"}],"wp:featuredmedia":[{"embeddable":true,"href":"https:\/\/blogs.elcomercio.es\/explorando-paraiso-moto\/wp-json\/wp\/v2\/media\/7777"}],"wp:attachment":[{"href":"https:\/\/blogs.elcomercio.es\/explorando-paraiso-moto\/wp-json\/wp\/v2\/media?parent=7784"}],"wp:term":[{"taxonomy":"category","embeddable":true,"href":"https:\/\/blogs.elcomercio.es\/explorando-paraiso-moto\/wp-json\/wp\/v2\/categories?post=7784"},{"taxonomy":"post_tag","embeddable":true,"href":"https:\/\/blogs.elcomercio.es\/explorando-paraiso-moto\/wp-json\/wp\/v2\/tags?post=7784"}],"curies":[{"name":"wp","href":"https:\/\/api.w.org\/{rel}","templated":true}]}}