{"id":7923,"date":"2022-11-14T01:35:00","date_gmt":"2022-11-14T00:35:00","guid":{"rendered":"https:\/\/blogs.elcomercio.es\/explorando-paraiso-moto\/?p=7923"},"modified":"2022-11-15T12:45:25","modified_gmt":"2022-11-15T11:45:25","slug":"descubre-picos-de-europa-con-bikerfriendly","status":"publish","type":"post","link":"https:\/\/blogs.elcomercio.es\/explorando-paraiso-moto\/2022\/11\/14\/descubre-picos-de-europa-con-bikerfriendly\/","title":{"rendered":"Descubre Picos de Europa con BikerFriendly"},"content":{"rendered":"<p>&#8220;Ama lo que haces y lo que haces te amar\u00e1 cien veces m\u00e1s&#8221; dice Enric Corbera y no hacen falta m\u00e1s de 5 minutos de conversaci\u00f3n con Ernesto, creador y responsable , junto a su mujer Esther y sus 4 hijos(porque esto no ser\u00eda posible sin el apoyo de su familia como \u00e9l bien resalta) de <a href=\"https:\/\/bikerfriendly.es\/\" rel=\"external nofollow\">BikerFriendly<\/a>, la primera plataforma de Espa\u00f1a de servicios para el motorista, para darnos cuenta que si hay algo que valora es el trato con las personas. Algo en lo que coincidimos al 100% y que ha tenido como resultado esta peque\u00f1a colaboraci\u00f3n en la cual me da la oportunidad de ense\u00f1ar el impresionante para\u00edso de Picos de Europa a un variopinto grupo de moteros procedente de diferentes ciudades .<\/p>\n<p>Como sucede en la mayor\u00eda de los casos, muchas acciones se inician con ideas surgidas en los momentos m\u00e1s inesperados y \u00e9sta, en concreto, surgi\u00f3 en una pulper\u00eda del concejo asturiano de Corvera en el cual no hubo posibilidad alguna de tomar un dulce chocolate pero s\u00ed de una peque\u00f1a toma de contacto que a d\u00eda de hoy ha dado sus frutos. Ante el ofrecimiento de una nueva experiencia como \u00e9sta por su parte, solo pod\u00eda responder con un \u00bfpor qu\u00e9 no intentarlo?. As\u00ed que los pasados d\u00edas 11, 12 y 13 de noviembre y, una vez completada la ruta por Picos de Europa junto a BikerFriendly y nuestros intr\u00e9pidos moteros, me he decidido a escribir este peque\u00f1o diario de un viaje que espero que, al igual que Ernesto y yo, hayan disfrutado.<\/p>\n<p><strong><em>Viernes 11<\/em><\/strong><\/p>\n<p>Eran poco m\u00e1s de las 16:00 horas cuando el rugir de las motos de Paolo, \u00c1ngel y Antonio(Yamoti) romp\u00eda el silencio del parking del<a href=\"https:\/\/bikerfriendly.es\/negocio\/hotel-spa-maria-manuela\/\" target=\"_blank\" rel=\"noopener external nofollow\"> Hotel Spa Maria Manuela<\/a>, establecimiento BikerFriendly. El primero, procedente de Bragan\u00e7a(Portugal) y los dem\u00e1s del Escorial, despu\u00e9s de largos viajes en los cuales los kil\u00f3metros se caracterizaron por el intenso fr\u00edo, realizaron el <em>check-in<\/em> y juntos esperamos\u00a0 en la cafeter\u00eda.<\/p>\n<p>&nbsp;<\/p>\n<p><a href=\"https:\/\/static-blogs.elcomercio.es\/wp-content\/uploads\/sites\/13\/2022\/11\/IMG20221111162436.jpg\"><img loading=\"lazy\" class=\"alignnone size-full wp-image-7883\" src=\"https:\/\/static-blogs.elcomercio.es\/wp-content\/uploads\/sites\/13\/2022\/11\/IMG20221111162436.jpg\" alt=\"\" width=\"604\" height=\"454\" srcset=\"https:\/\/static-blogs.elcomercio.es\/wp-content\/uploads\/sites\/13\/2022\/11\/IMG20221111162436.jpg 604w, https:\/\/static-blogs.elcomercio.es\/wp-content\/uploads\/sites\/13\/2022\/11\/IMG20221111162436-300x225.jpg 300w\" sizes=\"(max-width: 604px) 100vw, 604px\" \/><\/a><\/p>\n<p>&nbsp;<\/p>\n<p>Manu Vampa no tard\u00f3 en llegar. All\u00ed se llev\u00f3 a cabo el\u00a0<em>briefing\u00a0<\/em>por parte de Ernesto sobre las recomendaciones a seguir durante la ruta del fin de semana en la cual se esperaba que todo saliera seg\u00fan lo previsto o, por lo menos, sin incidencias, como finalmente ha sucedido. El \u00faltimo en llegar fue Juanma pues hab\u00eda trabajado por la ma\u00f1ana y es que,desde Pontevedra, a\u00fan le quedaban casi 500 kil\u00f3metros. La tardanza no le impidi\u00f3 disfrutar junto al grupo de una sidra en un bar del pueblo. Seguramente, si estaba destemplado, de esta forma entr\u00f3 en calor.<\/p>\n<p>&nbsp;<\/p>\n<p><a href=\"https:\/\/static-blogs.elcomercio.es\/wp-content\/uploads\/sites\/13\/2022\/11\/IMG20221111190539.jpg\"><img loading=\"lazy\" class=\"alignnone size-full wp-image-7884\" src=\"https:\/\/static-blogs.elcomercio.es\/wp-content\/uploads\/sites\/13\/2022\/11\/IMG20221111190539.jpg\" alt=\"\" width=\"604\" height=\"454\" srcset=\"https:\/\/static-blogs.elcomercio.es\/wp-content\/uploads\/sites\/13\/2022\/11\/IMG20221111190539.jpg 604w, https:\/\/static-blogs.elcomercio.es\/wp-content\/uploads\/sites\/13\/2022\/11\/IMG20221111190539-300x225.jpg 300w\" sizes=\"(max-width: 604px) 100vw, 604px\" \/><\/a><\/p>\n<p>&nbsp;<\/p>\n<p>Una suculenta cena buffet llen\u00f3 nuestros est\u00f3magos y nuestras camas no tardaron en acoger nuestros cansados cuerpos. Hab\u00eda que recuperar fuerzas para recorrer Picos de Europa de la mejor forma que conocemos, en moto.<\/p>\n<p>&nbsp;<\/p>\n<p><em><strong>S\u00e1bado 12<\/strong><\/em><\/p>\n<p>A las 9:10h aproximadamente salimos del hotel con tremendas ansias de explorar. Abrimos la puerta del para\u00edso rumbo a Arenas de Cabrales donde, poco antes de llegar, realizamos una parada en el Mirador Pozo de la Oraci\u00f3n para poder contemplar nuestro famoso Pico Urriellu. Los verdes del paisaje ofrec\u00edan diversas tonalidades seg\u00fan la aparici\u00f3n, o no, de nubes gris\u00e1ceas cubriendo el astro sol.<\/p>\n<p>&nbsp;<\/p>\n<p><a href=\"https:\/\/static-blogs.elcomercio.es\/wp-content\/uploads\/sites\/13\/2022\/11\/IMG20221112094339.jpg\"><img loading=\"lazy\" class=\"alignnone size-full wp-image-7886\" src=\"https:\/\/static-blogs.elcomercio.es\/wp-content\/uploads\/sites\/13\/2022\/11\/IMG20221112094339.jpg\" alt=\"\" width=\"604\" height=\"454\" srcset=\"https:\/\/static-blogs.elcomercio.es\/wp-content\/uploads\/sites\/13\/2022\/11\/IMG20221112094339.jpg 604w, https:\/\/static-blogs.elcomercio.es\/wp-content\/uploads\/sites\/13\/2022\/11\/IMG20221112094339-300x225.jpg 300w\" sizes=\"(max-width: 604px) 100vw, 604px\" \/><\/a><\/p>\n<p>&nbsp;<\/p>\n<p><a href=\"https:\/\/static-blogs.elcomercio.es\/wp-content\/uploads\/sites\/13\/2022\/11\/IMG20221112094302.jpg\"><img loading=\"lazy\" class=\"alignnone size-full wp-image-7885\" src=\"https:\/\/static-blogs.elcomercio.es\/wp-content\/uploads\/sites\/13\/2022\/11\/IMG20221112094302.jpg\" alt=\"\" width=\"604\" height=\"454\" srcset=\"https:\/\/static-blogs.elcomercio.es\/wp-content\/uploads\/sites\/13\/2022\/11\/IMG20221112094302.jpg 604w, https:\/\/static-blogs.elcomercio.es\/wp-content\/uploads\/sites\/13\/2022\/11\/IMG20221112094302-300x225.jpg 300w\" sizes=\"(max-width: 604px) 100vw, 604px\" \/><\/a><\/p>\n<p>&nbsp;<\/p>\n<p>Despu\u00e9s de dar de beber a nuestras monturas, nos esperaba una visita imperdible estando en esta zona, <a href=\"https:\/\/bikerfriendly.es\/negocio\/fundacion-cabrales\/\" target=\"_blank\" rel=\"noopener external nofollow\">La Cueva del Queso de Cabrales<\/a>. Por supuesto, un nuevo establecimiento BikerFriendly. Poco antes de las 10:15h, la hora se\u00f1alada para recorrer este peque\u00f1o trozo de historia de un producto t\u00edpicamente asturiano, estacionamos nuestras motos en la entrada.<\/p>\n<p>&nbsp;<\/p>\n<p><a href=\"https:\/\/static-blogs.elcomercio.es\/wp-content\/uploads\/sites\/13\/2022\/11\/IMG20221112101012.jpg\"><img loading=\"lazy\" class=\"alignnone size-full wp-image-7887\" src=\"https:\/\/static-blogs.elcomercio.es\/wp-content\/uploads\/sites\/13\/2022\/11\/IMG20221112101012.jpg\" alt=\"\" width=\"604\" height=\"454\" srcset=\"https:\/\/static-blogs.elcomercio.es\/wp-content\/uploads\/sites\/13\/2022\/11\/IMG20221112101012.jpg 604w, https:\/\/static-blogs.elcomercio.es\/wp-content\/uploads\/sites\/13\/2022\/11\/IMG20221112101012-300x225.jpg 300w\" sizes=\"(max-width: 604px) 100vw, 604px\" \/><\/a><\/p>\n<p>&nbsp;<\/p>\n<p><a href=\"https:\/\/static-blogs.elcomercio.es\/wp-content\/uploads\/sites\/13\/2022\/11\/IMG20221112101152.jpg\"><img loading=\"lazy\" class=\"alignnone size-full wp-image-7888\" src=\"https:\/\/static-blogs.elcomercio.es\/wp-content\/uploads\/sites\/13\/2022\/11\/IMG20221112101152.jpg\" alt=\"\" width=\"604\" height=\"454\" srcset=\"https:\/\/static-blogs.elcomercio.es\/wp-content\/uploads\/sites\/13\/2022\/11\/IMG20221112101152.jpg 604w, https:\/\/static-blogs.elcomercio.es\/wp-content\/uploads\/sites\/13\/2022\/11\/IMG20221112101152-300x225.jpg 300w\" sizes=\"(max-width: 604px) 100vw, 604px\" \/><\/a><\/p>\n<p>&nbsp;<\/p>\n<p>Sin lugar a dudas, el entorno es id\u00edlico.<\/p>\n<p>&nbsp;<\/p>\n<p><a href=\"https:\/\/static-blogs.elcomercio.es\/wp-content\/uploads\/sites\/13\/2022\/11\/IMG20221112101210.jpg\"><img loading=\"lazy\" class=\"alignnone size-full wp-image-7925\" src=\"https:\/\/static-blogs.elcomercio.es\/wp-content\/uploads\/sites\/13\/2022\/11\/IMG20221112101210.jpg\" alt=\"\" width=\"504\" height=\"379\" srcset=\"https:\/\/static-blogs.elcomercio.es\/wp-content\/uploads\/sites\/13\/2022\/11\/IMG20221112101210.jpg 504w, https:\/\/static-blogs.elcomercio.es\/wp-content\/uploads\/sites\/13\/2022\/11\/IMG20221112101210-300x226.jpg 300w\" sizes=\"(max-width: 504px) 100vw, 504px\" \/><\/a><\/p>\n<p>&nbsp;<\/p>\n<p><a href=\"https:\/\/static-blogs.elcomercio.es\/wp-content\/uploads\/sites\/13\/2022\/11\/IMG20221112101357.jpg\"><img loading=\"lazy\" class=\"alignnone size-full wp-image-7926\" src=\"https:\/\/static-blogs.elcomercio.es\/wp-content\/uploads\/sites\/13\/2022\/11\/IMG20221112101357.jpg\" alt=\"\" width=\"304\" height=\"404\" srcset=\"https:\/\/static-blogs.elcomercio.es\/wp-content\/uploads\/sites\/13\/2022\/11\/IMG20221112101357.jpg 304w, https:\/\/static-blogs.elcomercio.es\/wp-content\/uploads\/sites\/13\/2022\/11\/IMG20221112101357-226x300.jpg 226w\" sizes=\"(max-width: 304px) 100vw, 304px\" \/><\/a><\/p>\n<p>&nbsp;<\/p>\n<p>No perdimos oportunidad de poder inmortalizar tan bellas estampas de la naturaleza.<\/p>\n<p>&nbsp;<\/p>\n<p><a href=\"https:\/\/static-blogs.elcomercio.es\/wp-content\/uploads\/sites\/13\/2022\/11\/IMG20221112101252.jpg\"><img loading=\"lazy\" class=\"alignnone size-full wp-image-7927\" src=\"https:\/\/static-blogs.elcomercio.es\/wp-content\/uploads\/sites\/13\/2022\/11\/IMG20221112101252.jpg\" alt=\"\" width=\"604\" height=\"454\" srcset=\"https:\/\/static-blogs.elcomercio.es\/wp-content\/uploads\/sites\/13\/2022\/11\/IMG20221112101252.jpg 604w, https:\/\/static-blogs.elcomercio.es\/wp-content\/uploads\/sites\/13\/2022\/11\/IMG20221112101252-300x225.jpg 300w\" sizes=\"(max-width: 604px) 100vw, 604px\" \/><\/a><\/p>\n<p>&nbsp;<\/p>\n<p>Es hora de entrar&#8230;.<\/p>\n<p>&nbsp;<\/p>\n<p><a href=\"https:\/\/static-blogs.elcomercio.es\/wp-content\/uploads\/sites\/13\/2022\/11\/IMG20221112104519.jpg\"><img loading=\"lazy\" class=\"alignnone size-full wp-image-7928\" src=\"https:\/\/static-blogs.elcomercio.es\/wp-content\/uploads\/sites\/13\/2022\/11\/IMG20221112104519.jpg\" alt=\"\" width=\"604\" height=\"454\" srcset=\"https:\/\/static-blogs.elcomercio.es\/wp-content\/uploads\/sites\/13\/2022\/11\/IMG20221112104519.jpg 604w, https:\/\/static-blogs.elcomercio.es\/wp-content\/uploads\/sites\/13\/2022\/11\/IMG20221112104519-300x225.jpg 300w\" sizes=\"(max-width: 604px) 100vw, 604px\" \/><\/a><\/p>\n<p>&nbsp;<\/p>\n<p>&nbsp;<\/p>\n<p>Interesante y recomendable visita guiada en la cual nos explicaron el proceso de fabricaci\u00f3n del Queso Cabrales, condiciones de conservaci\u00f3n&#8230;Pero la cual es mejor que cada uno realice por s\u00ed mismo y, a la vez, pueda comprobar la amabilidad de su personal.<\/p>\n<p>&nbsp;<\/p>\n<p><a href=\"https:\/\/static-blogs.elcomercio.es\/wp-content\/uploads\/sites\/13\/2022\/11\/IMG20221112103646.jpg\"><img loading=\"lazy\" class=\"alignnone size-full wp-image-7929\" src=\"https:\/\/static-blogs.elcomercio.es\/wp-content\/uploads\/sites\/13\/2022\/11\/IMG20221112103646.jpg\" alt=\"\" width=\"604\" height=\"454\" srcset=\"https:\/\/static-blogs.elcomercio.es\/wp-content\/uploads\/sites\/13\/2022\/11\/IMG20221112103646.jpg 604w, https:\/\/static-blogs.elcomercio.es\/wp-content\/uploads\/sites\/13\/2022\/11\/IMG20221112103646-300x225.jpg 300w\" sizes=\"(max-width: 604px) 100vw, 604px\" \/><\/a><\/p>\n<p>&nbsp;<\/p>\n<p><a href=\"https:\/\/static-blogs.elcomercio.es\/wp-content\/uploads\/sites\/13\/2022\/11\/IMG20221112104221-1.jpg\"><img loading=\"lazy\" class=\"alignnone size-full wp-image-7930\" src=\"https:\/\/static-blogs.elcomercio.es\/wp-content\/uploads\/sites\/13\/2022\/11\/IMG20221112104221-1.jpg\" alt=\"\" width=\"604\" height=\"454\" srcset=\"https:\/\/static-blogs.elcomercio.es\/wp-content\/uploads\/sites\/13\/2022\/11\/IMG20221112104221-1.jpg 604w, https:\/\/static-blogs.elcomercio.es\/wp-content\/uploads\/sites\/13\/2022\/11\/IMG20221112104221-1-300x225.jpg 300w\" sizes=\"(max-width: 604px) 100vw, 604px\" \/><\/a><\/p>\n<p>&nbsp;<\/p>\n<p>Despu\u00e9s del audiovisual de unos 10 minutos aproximadamente, no pod\u00eda faltar una degustaci\u00f3n. Comenz\u00e1bamos fuerte el d\u00eda.<\/p>\n<p>&nbsp;<\/p>\n<p><a href=\"https:\/\/static-blogs.elcomercio.es\/wp-content\/uploads\/sites\/13\/2022\/11\/IMG20221112105236.jpg\"><img loading=\"lazy\" class=\"alignnone size-full wp-image-7892\" src=\"https:\/\/static-blogs.elcomercio.es\/wp-content\/uploads\/sites\/13\/2022\/11\/IMG20221112105236.jpg\" alt=\"\" width=\"604\" height=\"454\" srcset=\"https:\/\/static-blogs.elcomercio.es\/wp-content\/uploads\/sites\/13\/2022\/11\/IMG20221112105236.jpg 604w, https:\/\/static-blogs.elcomercio.es\/wp-content\/uploads\/sites\/13\/2022\/11\/IMG20221112105236-300x225.jpg 300w\" sizes=\"(max-width: 604px) 100vw, 604px\" \/><\/a><\/p>\n<p>&nbsp;<\/p>\n<p><a href=\"https:\/\/static-blogs.elcomercio.es\/wp-content\/uploads\/sites\/13\/2022\/11\/IMG20221112105727.jpg\"><img loading=\"lazy\" class=\"alignnone size-full wp-image-7893\" src=\"https:\/\/static-blogs.elcomercio.es\/wp-content\/uploads\/sites\/13\/2022\/11\/IMG20221112105727.jpg\" alt=\"\" width=\"604\" height=\"454\" srcset=\"https:\/\/static-blogs.elcomercio.es\/wp-content\/uploads\/sites\/13\/2022\/11\/IMG20221112105727.jpg 604w, https:\/\/static-blogs.elcomercio.es\/wp-content\/uploads\/sites\/13\/2022\/11\/IMG20221112105727-300x225.jpg 300w\" sizes=\"(max-width: 604px) 100vw, 604px\" \/><\/a><\/p>\n<p>&nbsp;<\/p>\n<p><a href=\"https:\/\/static-blogs.elcomercio.es\/wp-content\/uploads\/sites\/13\/2022\/11\/IMG20221112110055.jpg\"><img loading=\"lazy\" class=\"alignnone size-full wp-image-7894\" src=\"https:\/\/static-blogs.elcomercio.es\/wp-content\/uploads\/sites\/13\/2022\/11\/IMG20221112110055.jpg\" alt=\"\" width=\"604\" height=\"454\" srcset=\"https:\/\/static-blogs.elcomercio.es\/wp-content\/uploads\/sites\/13\/2022\/11\/IMG20221112110055.jpg 604w, https:\/\/static-blogs.elcomercio.es\/wp-content\/uploads\/sites\/13\/2022\/11\/IMG20221112110055-300x225.jpg 300w\" sizes=\"(max-width: 604px) 100vw, 604px\" \/><\/a><\/p>\n<p>&nbsp;<\/p>\n<p>Era hora de irse y no pod\u00edamos hacerlo sin sellar antes nuestro pasaporte BikerFriendly.<\/p>\n<p>&nbsp;<\/p>\n<p>&#8212;<a href=\"https:\/\/static-blogs.elcomercio.es\/wp-content\/uploads\/sites\/13\/2022\/11\/IMG20221113223919.jpg\"><img loading=\"lazy\" class=\"alignnone size-full wp-image-7931\" src=\"https:\/\/static-blogs.elcomercio.es\/wp-content\/uploads\/sites\/13\/2022\/11\/IMG20221113223919.jpg\" alt=\"\" width=\"379\" height=\"504\" srcset=\"https:\/\/static-blogs.elcomercio.es\/wp-content\/uploads\/sites\/13\/2022\/11\/IMG20221113223919.jpg 379w, https:\/\/static-blogs.elcomercio.es\/wp-content\/uploads\/sites\/13\/2022\/11\/IMG20221113223919-226x300.jpg 226w\" sizes=\"(max-width: 379px) 100vw, 379px\" \/><\/a><\/p>\n<p>&nbsp;<\/p>\n<p><a href=\"https:\/\/static-blogs.elcomercio.es\/wp-content\/uploads\/sites\/13\/2022\/11\/IMG20221112101426-1.jpg\"><img loading=\"lazy\" class=\"alignnone size-full wp-image-7932\" src=\"https:\/\/static-blogs.elcomercio.es\/wp-content\/uploads\/sites\/13\/2022\/11\/IMG20221112101426-1.jpg\" alt=\"\" width=\"604\" height=\"454\" srcset=\"https:\/\/static-blogs.elcomercio.es\/wp-content\/uploads\/sites\/13\/2022\/11\/IMG20221112101426-1.jpg 604w, https:\/\/static-blogs.elcomercio.es\/wp-content\/uploads\/sites\/13\/2022\/11\/IMG20221112101426-1-300x225.jpg 300w\" sizes=\"(max-width: 604px) 100vw, 604px\" \/><\/a><\/p>\n<p>&nbsp;<\/p>\n<p><a href=\"https:\/\/static-blogs.elcomercio.es\/wp-content\/uploads\/sites\/13\/2022\/11\/IMG20221112101441-1.jpg\"><img loading=\"lazy\" class=\"alignnone size-full wp-image-7933\" src=\"https:\/\/static-blogs.elcomercio.es\/wp-content\/uploads\/sites\/13\/2022\/11\/IMG20221112101441-1.jpg\" alt=\"\" width=\"604\" height=\"454\" srcset=\"https:\/\/static-blogs.elcomercio.es\/wp-content\/uploads\/sites\/13\/2022\/11\/IMG20221112101441-1.jpg 604w, https:\/\/static-blogs.elcomercio.es\/wp-content\/uploads\/sites\/13\/2022\/11\/IMG20221112101441-1-300x225.jpg 300w\" sizes=\"(max-width: 604px) 100vw, 604px\" \/><\/a><\/p>\n<p>&nbsp;<\/p>\n<p>La huida de lo convencional, caracter\u00edstica por la que apuesta BikerFriendly, nos llev\u00f3 a llegar a Panes rodando por carreteras alternativas y no por la tradicional AS-114. Desde Arenas, la zig-zagueante AS-345 sorprendi\u00f3 a los moteros con su escaso tr\u00e1fico rodado y sus paradis\u00edacos\u00a0 paisajes. En oposici\u00f3n a esto, en El Desfiladero de la Hermida, estuvimos parados algo m\u00e1s de diez minutos por la presencia de un sem\u00e1foro de obras y llamaba la atenci\u00f3n la mayor afluencia de veh\u00edculos puesto que en Potes se celebraba la Fiesta del Orujo. Afortunadamente, en el Restaurante <a href=\"https:\/\/bikerfriendly.es\/negocio\/la-casa-del-capitan\/\" target=\"_blank\" rel=\"noopener external nofollow\">El Cenador del Capit\u00e1n<\/a>, donde comimos, ten\u00edamos reservado nuestro espacio.<\/p>\n<p>&nbsp;<\/p>\n<p><a href=\"https:\/\/static-blogs.elcomercio.es\/wp-content\/uploads\/sites\/13\/2022\/11\/IMG_20221113_203053-1.jpg\"><img loading=\"lazy\" class=\"alignnone size-full wp-image-7934\" src=\"https:\/\/static-blogs.elcomercio.es\/wp-content\/uploads\/sites\/13\/2022\/11\/IMG_20221113_203053-1.jpg\" alt=\"\" width=\"604\" height=\"454\" srcset=\"https:\/\/static-blogs.elcomercio.es\/wp-content\/uploads\/sites\/13\/2022\/11\/IMG_20221113_203053-1.jpg 604w, https:\/\/static-blogs.elcomercio.es\/wp-content\/uploads\/sites\/13\/2022\/11\/IMG_20221113_203053-1-300x225.jpg 300w\" sizes=\"(max-width: 604px) 100vw, 604px\" \/><\/a><\/p>\n<p>&nbsp;<\/p>\n<p>Estupendo lugar para degustar el cocido lebaniego y cocina tradicional c\u00e1ntabra, en el cual se unieron a la ruta, Marta desde Suances, y Goyo desde Le\u00f3n.<\/p>\n<p>&nbsp;<\/p>\n<p><a href=\"https:\/\/static-blogs.elcomercio.es\/wp-content\/uploads\/sites\/13\/2022\/11\/IMG20221112140224.jpg\"><img loading=\"lazy\" class=\"alignnone size-full wp-image-7937\" src=\"https:\/\/static-blogs.elcomercio.es\/wp-content\/uploads\/sites\/13\/2022\/11\/IMG20221112140224.jpg\" alt=\"\" width=\"604\" height=\"454\" srcset=\"https:\/\/static-blogs.elcomercio.es\/wp-content\/uploads\/sites\/13\/2022\/11\/IMG20221112140224.jpg 604w, https:\/\/static-blogs.elcomercio.es\/wp-content\/uploads\/sites\/13\/2022\/11\/IMG20221112140224-300x225.jpg 300w\" sizes=\"(max-width: 604px) 100vw, 604px\" \/><\/a><\/p>\n<p>&nbsp;<\/p>\n<p><a href=\"https:\/\/static-blogs.elcomercio.es\/wp-content\/uploads\/sites\/13\/2022\/11\/IMG20221112140819.jpg\"><img loading=\"lazy\" class=\"alignnone size-full wp-image-7938\" src=\"https:\/\/static-blogs.elcomercio.es\/wp-content\/uploads\/sites\/13\/2022\/11\/IMG20221112140819.jpg\" alt=\"\" width=\"604\" height=\"454\" srcset=\"https:\/\/static-blogs.elcomercio.es\/wp-content\/uploads\/sites\/13\/2022\/11\/IMG20221112140819.jpg 604w, https:\/\/static-blogs.elcomercio.es\/wp-content\/uploads\/sites\/13\/2022\/11\/IMG20221112140819-300x225.jpg 300w\" sizes=\"(max-width: 604px) 100vw, 604px\" \/><\/a><\/p>\n<p>&nbsp;<\/p>\n<p><a href=\"https:\/\/static-blogs.elcomercio.es\/wp-content\/uploads\/sites\/13\/2022\/11\/IMG20221112140829.jpg\"><img loading=\"lazy\" class=\"alignnone size-full wp-image-7939\" src=\"https:\/\/static-blogs.elcomercio.es\/wp-content\/uploads\/sites\/13\/2022\/11\/IMG20221112140829.jpg\" alt=\"\" width=\"604\" height=\"454\" srcset=\"https:\/\/static-blogs.elcomercio.es\/wp-content\/uploads\/sites\/13\/2022\/11\/IMG20221112140829.jpg 604w, https:\/\/static-blogs.elcomercio.es\/wp-content\/uploads\/sites\/13\/2022\/11\/IMG20221112140829-300x225.jpg 300w\" sizes=\"(max-width: 604px) 100vw, 604px\" \/><\/a><\/p>\n<p>&nbsp;<\/p>\n<p>Las vistas no pod\u00edan haber sido mejores, sin duda.<\/p>\n<p>&nbsp;<\/p>\n<p><a href=\"https:\/\/static-blogs.elcomercio.es\/wp-content\/uploads\/sites\/13\/2022\/11\/IMG20221112132113.jpg\"><img loading=\"lazy\" class=\"alignnone size-full wp-image-7898\" src=\"https:\/\/static-blogs.elcomercio.es\/wp-content\/uploads\/sites\/13\/2022\/11\/IMG20221112132113.jpg\" alt=\"\" width=\"604\" height=\"454\" srcset=\"https:\/\/static-blogs.elcomercio.es\/wp-content\/uploads\/sites\/13\/2022\/11\/IMG20221112132113.jpg 604w, https:\/\/static-blogs.elcomercio.es\/wp-content\/uploads\/sites\/13\/2022\/11\/IMG20221112132113-300x225.jpg 300w\" sizes=\"(max-width: 604px) 100vw, 604px\" \/><\/a><\/p>\n<p>&nbsp;<\/p>\n<p>Despu\u00e9s de comprar alg\u00fan souvenir\u00a0 y esperar cola a la entrada de este precioso pueblo considerado como uno de los m\u00e1s bonitos de Espa\u00f1a (y no les falta raz\u00f3n), por fin pudimos, sacarnos la foto de rigor.<\/p>\n<p>&nbsp;<\/p>\n<p><a href=\"https:\/\/static-blogs.elcomercio.es\/wp-content\/uploads\/sites\/13\/2022\/11\/IMG20221112130252-01.jpeg\"><img loading=\"lazy\" class=\"alignnone size-full wp-image-7897\" src=\"https:\/\/static-blogs.elcomercio.es\/wp-content\/uploads\/sites\/13\/2022\/11\/IMG20221112130252-01.jpeg\" alt=\"\" width=\"604\" height=\"580\" srcset=\"https:\/\/static-blogs.elcomercio.es\/wp-content\/uploads\/sites\/13\/2022\/11\/IMG20221112130252-01.jpeg 604w, https:\/\/static-blogs.elcomercio.es\/wp-content\/uploads\/sites\/13\/2022\/11\/IMG20221112130252-01-300x288.jpeg 300w\" sizes=\"(max-width: 604px) 100vw, 604px\" \/><\/a><\/p>\n<p>&nbsp;<\/p>\n<p>Y nadie se libr\u00f3 de ser fotografiado.<\/p>\n<p>&nbsp;<\/p>\n<p><a href=\"https:\/\/static-blogs.elcomercio.es\/wp-content\/uploads\/sites\/13\/2022\/11\/IMG_20221113_230525.jpg\"><img loading=\"lazy\" class=\"alignnone size-full wp-image-7935\" src=\"https:\/\/static-blogs.elcomercio.es\/wp-content\/uploads\/sites\/13\/2022\/11\/IMG_20221113_230525.jpg\" alt=\"\" width=\"315\" height=\"504\" srcset=\"https:\/\/static-blogs.elcomercio.es\/wp-content\/uploads\/sites\/13\/2022\/11\/IMG_20221113_230525.jpg 315w, https:\/\/static-blogs.elcomercio.es\/wp-content\/uploads\/sites\/13\/2022\/11\/IMG_20221113_230525-188x300.jpg 188w\" sizes=\"(max-width: 315px) 100vw, 315px\" \/><\/a><\/p>\n<p>&nbsp;<\/p>\n<p><a href=\"https:\/\/static-blogs.elcomercio.es\/wp-content\/uploads\/sites\/13\/2022\/11\/IMG20221112125809.jpg\"><img loading=\"lazy\" class=\"alignnone size-full wp-image-7896\" src=\"https:\/\/static-blogs.elcomercio.es\/wp-content\/uploads\/sites\/13\/2022\/11\/IMG20221112125809.jpg\" alt=\"\" width=\"604\" height=\"454\" srcset=\"https:\/\/static-blogs.elcomercio.es\/wp-content\/uploads\/sites\/13\/2022\/11\/IMG20221112125809.jpg 604w, https:\/\/static-blogs.elcomercio.es\/wp-content\/uploads\/sites\/13\/2022\/11\/IMG20221112125809-300x225.jpg 300w\" sizes=\"(max-width: 604px) 100vw, 604px\" \/><\/a><\/p>\n<p>&nbsp;<\/p>\n<p>Aunque, sin duda, lo que m\u00e1s abundaba eran las fotos de grupo y, si en ellas aparecen los lugare\u00f1os, su valor se convierte en incalculable.<\/p>\n<p>&nbsp;<\/p>\n<p><a href=\"https:\/\/static-blogs.elcomercio.es\/wp-content\/uploads\/sites\/13\/2022\/11\/IMG20221112125614.jpg\"><img loading=\"lazy\" class=\"alignnone size-full wp-image-7895\" src=\"https:\/\/static-blogs.elcomercio.es\/wp-content\/uploads\/sites\/13\/2022\/11\/IMG20221112125614.jpg\" alt=\"\" width=\"604\" height=\"454\" srcset=\"https:\/\/static-blogs.elcomercio.es\/wp-content\/uploads\/sites\/13\/2022\/11\/IMG20221112125614.jpg 604w, https:\/\/static-blogs.elcomercio.es\/wp-content\/uploads\/sites\/13\/2022\/11\/IMG20221112125614-300x225.jpg 300w\" sizes=\"(max-width: 604px) 100vw, 604px\" \/><\/a><\/p>\n<p>&nbsp;<\/p>\n<p>Fuente D\u00e9 fue nuestro siguiente destino. Los 23 kil\u00f3metros que nos separaban de este lugar con vistas a la gran mole caliza nos dieron alg\u00fan que otro susto puesto que el asfalto de la CA-185 en una de las curvas se convirti\u00f3 en una trampa inesperada. Afortunadamente, solo se qued\u00f3 en eso.<\/p>\n<p>&nbsp;<\/p>\n<p><a href=\"https:\/\/static-blogs.elcomercio.es\/wp-content\/uploads\/sites\/13\/2022\/11\/IMG_20221112_225459.jpg\"><img loading=\"lazy\" class=\"alignnone size-full wp-image-7870\" src=\"https:\/\/static-blogs.elcomercio.es\/wp-content\/uploads\/sites\/13\/2022\/11\/IMG_20221112_225459.jpg\" alt=\"\" width=\"604\" height=\"454\" srcset=\"https:\/\/static-blogs.elcomercio.es\/wp-content\/uploads\/sites\/13\/2022\/11\/IMG_20221112_225459.jpg 604w, https:\/\/static-blogs.elcomercio.es\/wp-content\/uploads\/sites\/13\/2022\/11\/IMG_20221112_225459-300x225.jpg 300w\" sizes=\"(max-width: 604px) 100vw, 604px\" \/><\/a><\/p>\n<p>&nbsp;<\/p>\n<p>El ascenso al colosal Puerto de San Glorio estuvo condicionado en un peque\u00f1o tramo por una breve parada a ra\u00edz de un inesperado encuentro con el ganado suelto.<\/p>\n<p>&nbsp;<\/p>\n<p><a href=\"https:\/\/static-blogs.elcomercio.es\/wp-content\/uploads\/sites\/13\/2022\/11\/IMG-20221112-WA0033.jpg\"><img loading=\"lazy\" class=\"alignnone size-full wp-image-7879\" src=\"https:\/\/static-blogs.elcomercio.es\/wp-content\/uploads\/sites\/13\/2022\/11\/IMG-20221112-WA0033.jpg\" alt=\"\" width=\"604\" height=\"274\" srcset=\"https:\/\/static-blogs.elcomercio.es\/wp-content\/uploads\/sites\/13\/2022\/11\/IMG-20221112-WA0033.jpg 604w, https:\/\/static-blogs.elcomercio.es\/wp-content\/uploads\/sites\/13\/2022\/11\/IMG-20221112-WA0033-300x136.jpg 300w\" sizes=\"(max-width: 604px) 100vw, 604px\" \/><\/a><\/p>\n<p>&nbsp;<\/p>\n<p>Curvas, curvas y m\u00e1s curvas, todo ello adornado con una impresionante gama crom\u00e1tica de colores que no dejaba lugar a dudas de la estaci\u00f3n del a\u00f1o en la que nos encontramos y es que, si el oto\u00f1o es una de las mejores \u00e9pocas del a\u00f1o para rodar, tambi\u00e9n lo es para tomar precauci\u00f3n en aquellas zonas sombr\u00edas en las que la ca\u00edda de las hojas pueden llegar a causar estragos nada apetecibles. Los tonos ocres, amarillos, naranjas y rojizos dibujaron un paisaje en el que las curvas se entrelazaban y, tras muchas de ellas, era habitual encontrar excrementos de ganado agudizando nuestra precauci\u00f3n.<\/p>\n<p>Precisamente en una de ellas se encuentra el m\u00edtico <a href=\"https:\/\/bikerfriendly.es\/negocio\/mirador-del-corzo-puerto-de-san-glorio\/\" rel=\"external nofollow\">mirador del Corzo<\/a>. En \u00e9l, las vistas son de infarto y el fr\u00edo, a las horas que hicimos nuestra parada, aproximadamente las 17;30 h, comenzaba a acentuarse.<\/p>\n<p>&nbsp;<\/p>\n<p><a href=\"https:\/\/static-blogs.elcomercio.es\/wp-content\/uploads\/sites\/13\/2022\/11\/IMG_20221113_190729.jpg\"><img loading=\"lazy\" class=\"alignnone size-full wp-image-7877\" src=\"https:\/\/static-blogs.elcomercio.es\/wp-content\/uploads\/sites\/13\/2022\/11\/IMG_20221113_190729.jpg\" alt=\"\" width=\"604\" height=\"380\" srcset=\"https:\/\/static-blogs.elcomercio.es\/wp-content\/uploads\/sites\/13\/2022\/11\/IMG_20221113_190729.jpg 604w, https:\/\/static-blogs.elcomercio.es\/wp-content\/uploads\/sites\/13\/2022\/11\/IMG_20221113_190729-300x189.jpg 300w\" sizes=\"(max-width: 604px) 100vw, 604px\" \/><\/a><\/p>\n<p>&nbsp;<\/p>\n<p>Nuestra \u00faltima parada de hoy se encontraba en el alto del Puerto donde, a tan solo 2 kil\u00f3metros, pudimos visitar el <a href=\"https:\/\/bikerfriendly.es\/ubicacion\/spain\/cantabria\/vega-de-liebana\/\" target=\"_blank\" rel=\"noopener external nofollow\">Collado de Llesba<\/a> con el &#8220;<em>monumento al oso<\/em>&#8221; al que solo unos pocos valientes se atrevieron a subir.<\/p>\n<p>&nbsp;<\/p>\n<p><a href=\"https:\/\/static-blogs.elcomercio.es\/wp-content\/uploads\/sites\/13\/2022\/11\/IMG-20221113-WA0000.jpg\"><img loading=\"lazy\" class=\"alignnone size-full wp-image-7880\" src=\"https:\/\/static-blogs.elcomercio.es\/wp-content\/uploads\/sites\/13\/2022\/11\/IMG-20221113-WA0000.jpg\" alt=\"\" width=\"604\" height=\"510\" srcset=\"https:\/\/static-blogs.elcomercio.es\/wp-content\/uploads\/sites\/13\/2022\/11\/IMG-20221113-WA0000.jpg 604w, https:\/\/static-blogs.elcomercio.es\/wp-content\/uploads\/sites\/13\/2022\/11\/IMG-20221113-WA0000-300x253.jpg 300w\" sizes=\"(max-width: 604px) 100vw, 604px\" \/><\/a><\/p>\n<p>&nbsp;<\/p>\n<p>Mientras, los dem\u00e1s, con el cuerpo ya entumecido por el intenso fr\u00edo, decidimos esperar abajo junto a nuestras motos.<\/p>\n<p>&nbsp;<\/p>\n<p><a href=\"https:\/\/static-blogs.elcomercio.es\/wp-content\/uploads\/sites\/13\/2022\/11\/IMG20221112173732.jpg\"><img loading=\"lazy\" class=\"alignnone size-full wp-image-7901\" src=\"https:\/\/static-blogs.elcomercio.es\/wp-content\/uploads\/sites\/13\/2022\/11\/IMG20221112173732.jpg\" alt=\"\" width=\"604\" height=\"454\" srcset=\"https:\/\/static-blogs.elcomercio.es\/wp-content\/uploads\/sites\/13\/2022\/11\/IMG20221112173732.jpg 604w, https:\/\/static-blogs.elcomercio.es\/wp-content\/uploads\/sites\/13\/2022\/11\/IMG20221112173732-300x225.jpg 300w\" sizes=\"(max-width: 604px) 100vw, 604px\" \/><\/a><\/p>\n<p>&nbsp;<\/p>\n<p>Eso s\u00ed, no desaprovechamos la oportunidad de poder contemplar, una vez m\u00e1s, Picos de Europa en un momento m\u00e1gico, el atardecer.<\/p>\n<p>&nbsp;<\/p>\n<p><a href=\"https:\/\/static-blogs.elcomercio.es\/wp-content\/uploads\/sites\/13\/2022\/11\/IMG20221112173827.jpg\"><img loading=\"lazy\" class=\"alignnone size-full wp-image-7902\" src=\"https:\/\/static-blogs.elcomercio.es\/wp-content\/uploads\/sites\/13\/2022\/11\/IMG20221112173827.jpg\" alt=\"\" width=\"604\" height=\"454\" srcset=\"https:\/\/static-blogs.elcomercio.es\/wp-content\/uploads\/sites\/13\/2022\/11\/IMG20221112173827.jpg 604w, https:\/\/static-blogs.elcomercio.es\/wp-content\/uploads\/sites\/13\/2022\/11\/IMG20221112173827-300x225.jpg 300w\" sizes=\"(max-width: 604px) 100vw, 604px\" \/><\/a><\/p>\n<p>&nbsp;<\/p>\n<p>No tardar\u00eda en cernirse la noche sobre nosotros. La humedad del asfalto y la poca luz hicieron que extrem\u00e1ramos la precauci\u00f3n hasta llegar al <a href=\"https:\/\/bikerfriendly.es\/negocio\/hostal-sainz\/\" target=\"_blank\" rel=\"noopener external nofollow\">Hostal Sainz<\/a>, en Ria\u00f1o donde una buena ducha hizo que entr\u00e1ramos en calor y, si a eso le a\u00f1adimos una estupenda cena propia de un establecimiento BikerfRiendly, la combinaci\u00f3n era perfecta. El trato de Alberto y Cristina fue de diez y nuestros est\u00f3magos nada tuvieron que objetar al men\u00fa que nos pusieron. Deliciosamente exquisito se podr\u00eda decir.<\/p>\n<p>&nbsp;<\/p>\n<p><a href=\"https:\/\/static-blogs.elcomercio.es\/wp-content\/uploads\/sites\/13\/2022\/11\/IMG20221112211307.jpg\"><img loading=\"lazy\" class=\"alignnone size-full wp-image-7903\" src=\"https:\/\/static-blogs.elcomercio.es\/wp-content\/uploads\/sites\/13\/2022\/11\/IMG20221112211307.jpg\" alt=\"\" width=\"604\" height=\"454\" srcset=\"https:\/\/static-blogs.elcomercio.es\/wp-content\/uploads\/sites\/13\/2022\/11\/IMG20221112211307.jpg 604w, https:\/\/static-blogs.elcomercio.es\/wp-content\/uploads\/sites\/13\/2022\/11\/IMG20221112211307-300x225.jpg 300w\" sizes=\"(max-width: 604px) 100vw, 604px\" \/><\/a><\/p>\n<p>&nbsp;<\/p>\n<p><a href=\"https:\/\/static-blogs.elcomercio.es\/wp-content\/uploads\/sites\/13\/2022\/11\/IMG20221112211311.jpg\"><img loading=\"lazy\" class=\"alignnone size-full wp-image-7904\" src=\"https:\/\/static-blogs.elcomercio.es\/wp-content\/uploads\/sites\/13\/2022\/11\/IMG20221112211311.jpg\" alt=\"\" width=\"604\" height=\"454\" srcset=\"https:\/\/static-blogs.elcomercio.es\/wp-content\/uploads\/sites\/13\/2022\/11\/IMG20221112211311.jpg 604w, https:\/\/static-blogs.elcomercio.es\/wp-content\/uploads\/sites\/13\/2022\/11\/IMG20221112211311-300x225.jpg 300w\" sizes=\"(max-width: 604px) 100vw, 604px\" \/><\/a><\/p>\n<p>&nbsp;<\/p>\n<p><a href=\"https:\/\/static-blogs.elcomercio.es\/wp-content\/uploads\/sites\/13\/2022\/11\/IMG20221112211939.jpg\"><img loading=\"lazy\" class=\"alignnone size-full wp-image-7905\" src=\"https:\/\/static-blogs.elcomercio.es\/wp-content\/uploads\/sites\/13\/2022\/11\/IMG20221112211939.jpg\" alt=\"\" width=\"604\" height=\"454\" srcset=\"https:\/\/static-blogs.elcomercio.es\/wp-content\/uploads\/sites\/13\/2022\/11\/IMG20221112211939.jpg 604w, https:\/\/static-blogs.elcomercio.es\/wp-content\/uploads\/sites\/13\/2022\/11\/IMG20221112211939-300x225.jpg 300w\" sizes=\"(max-width: 604px) 100vw, 604px\" \/><\/a><\/p>\n<p>&nbsp;<\/p>\n<p>Sin duda, cogimos fuerzas para rodar por Picos de Europa para nuestro tercer y \u00faltimo dia.<\/p>\n<p><strong>Domingo 13<\/strong><\/p>\n<p>Nos reunimos en la puerta del hostal para salir sobre las 10:00 horas. Algo m\u00e1s tarde de lo que nos hubiera gustado en un principio pero fue una acertada decisi\u00f3n basada en las heladas ca\u00eddas en la zona durante los \u00faltimos d\u00edas.<\/p>\n<p>&nbsp;<\/p>\n<p><a href=\"https:\/\/static-blogs.elcomercio.es\/wp-content\/uploads\/sites\/13\/2022\/11\/IMG_20221113_185834.jpg\"><img loading=\"lazy\" class=\"alignnone size-full wp-image-7876\" src=\"https:\/\/static-blogs.elcomercio.es\/wp-content\/uploads\/sites\/13\/2022\/11\/IMG_20221113_185834.jpg\" alt=\"\" width=\"604\" height=\"455\" srcset=\"https:\/\/static-blogs.elcomercio.es\/wp-content\/uploads\/sites\/13\/2022\/11\/IMG_20221113_185834.jpg 604w, https:\/\/static-blogs.elcomercio.es\/wp-content\/uploads\/sites\/13\/2022\/11\/IMG_20221113_185834-300x226.jpg 300w\" sizes=\"(max-width: 604px) 100vw, 604px\" \/><\/a><\/p>\n<p>&nbsp;<\/p>\n<p>Desde mi habitaci\u00f3n, el amanecer me ofrec\u00eda esta impresionante imagen.<\/p>\n<p>&nbsp;<\/p>\n<p><a href=\"https:\/\/static-blogs.elcomercio.es\/wp-content\/uploads\/sites\/13\/2022\/11\/IMG20221113081740.jpg\"><img loading=\"lazy\" class=\"alignnone size-full wp-image-7908\" src=\"https:\/\/static-blogs.elcomercio.es\/wp-content\/uploads\/sites\/13\/2022\/11\/IMG20221113081740.jpg\" alt=\"\" width=\"604\" height=\"454\" srcset=\"https:\/\/static-blogs.elcomercio.es\/wp-content\/uploads\/sites\/13\/2022\/11\/IMG20221113081740.jpg 604w, https:\/\/static-blogs.elcomercio.es\/wp-content\/uploads\/sites\/13\/2022\/11\/IMG20221113081740-300x225.jpg 300w\" sizes=\"(max-width: 604px) 100vw, 604px\" \/><\/a><\/p>\n<p>&nbsp;<\/p>\n<p>Ante la gran suerte de no haber sufrido bajas temperaturas esa noche, llegar hasta Ca\u00edn se convirti\u00f3 en el broche estrella de ese d\u00eda. Aproximadamente a una hora de Ria\u00f1o, la bajada a ese peque\u00f1o tesoro monta\u00f1\u00e9s es algo que todo motero deber\u00eda hacer por lo menos una vez en la vida. Hasta Posada de Valde\u00f3n la carretera es bastante ancha pero a partir de ah\u00ed, su angostura y sus empinadas rampas ser\u00e1n caracter\u00edsticas en todo el recorrido. Un domingo poco at\u00edpico con escaso tr\u00e1fico nos ayud\u00f3 bastante a que la ruta no se complicase. Desde atr\u00e1s, observaba c\u00f3mo la hilera de motoristas dibujaba una imaginaria serpiente motera dirigida por Ernesto ante el cual se abr\u00eda un impresionante paisaje.<\/p>\n<p>&nbsp;<\/p>\n<p><a href=\"https:\/\/static-blogs.elcomercio.es\/wp-content\/uploads\/sites\/13\/2022\/11\/IMG_20221113_184000.jpg\"><img loading=\"lazy\" class=\"alignnone size-full wp-image-7874\" src=\"https:\/\/static-blogs.elcomercio.es\/wp-content\/uploads\/sites\/13\/2022\/11\/IMG_20221113_184000.jpg\" alt=\"\" width=\"604\" height=\"404\" srcset=\"https:\/\/static-blogs.elcomercio.es\/wp-content\/uploads\/sites\/13\/2022\/11\/IMG_20221113_184000.jpg 604w, https:\/\/static-blogs.elcomercio.es\/wp-content\/uploads\/sites\/13\/2022\/11\/IMG_20221113_184000-300x201.jpg 300w\" sizes=\"(max-width: 604px) 100vw, 604px\" \/><\/a><\/p>\n<p>&nbsp;<\/p>\n<p>Despu\u00e9s de la parada obligada en el Chorco de los Lobos, las paredes del desfiladero de entrada al pueblo nos acompa\u00f1aban como si nos abrazaran y es que\u00a0 Ca\u00edn nunca decepciona a nadie. La temperatura era excepcionalmente agradable y, una vez all\u00ed aparcados, pudimos bajarnos de las motos y sacar alguna fotograf\u00eda.<\/p>\n<p>&nbsp;<\/p>\n<p><a href=\"https:\/\/static-blogs.elcomercio.es\/wp-content\/uploads\/sites\/13\/2022\/11\/IMG_20221113_184146.jpg\"><img loading=\"lazy\" class=\"alignnone size-full wp-image-7875\" src=\"https:\/\/static-blogs.elcomercio.es\/wp-content\/uploads\/sites\/13\/2022\/11\/IMG_20221113_184146.jpg\" alt=\"\" width=\"415\" height=\"604\" srcset=\"https:\/\/static-blogs.elcomercio.es\/wp-content\/uploads\/sites\/13\/2022\/11\/IMG_20221113_184146.jpg 415w, https:\/\/static-blogs.elcomercio.es\/wp-content\/uploads\/sites\/13\/2022\/11\/IMG_20221113_184146-206x300.jpg 206w\" sizes=\"(max-width: 415px) 100vw, 415px\" \/><\/a><\/p>\n<p>&nbsp;<\/p>\n<p><a href=\"https:\/\/static-blogs.elcomercio.es\/wp-content\/uploads\/sites\/13\/2022\/11\/IMG20221113110727.jpg\"><img loading=\"lazy\" class=\"alignnone size-full wp-image-7909\" src=\"https:\/\/static-blogs.elcomercio.es\/wp-content\/uploads\/sites\/13\/2022\/11\/IMG20221113110727.jpg\" alt=\"\" width=\"604\" height=\"454\" srcset=\"https:\/\/static-blogs.elcomercio.es\/wp-content\/uploads\/sites\/13\/2022\/11\/IMG20221113110727.jpg 604w, https:\/\/static-blogs.elcomercio.es\/wp-content\/uploads\/sites\/13\/2022\/11\/IMG20221113110727-300x225.jpg 300w\" sizes=\"(max-width: 604px) 100vw, 604px\" \/><\/a><\/p>\n<p>&nbsp;<\/p>\n<p><a href=\"https:\/\/static-blogs.elcomercio.es\/wp-content\/uploads\/sites\/13\/2022\/11\/IMG20221113110747.jpg\"><img loading=\"lazy\" class=\"alignnone size-full wp-image-7910\" src=\"https:\/\/static-blogs.elcomercio.es\/wp-content\/uploads\/sites\/13\/2022\/11\/IMG20221113110747.jpg\" alt=\"\" width=\"604\" height=\"454\" srcset=\"https:\/\/static-blogs.elcomercio.es\/wp-content\/uploads\/sites\/13\/2022\/11\/IMG20221113110747.jpg 604w, https:\/\/static-blogs.elcomercio.es\/wp-content\/uploads\/sites\/13\/2022\/11\/IMG20221113110747-300x225.jpg 300w\" sizes=\"(max-width: 604px) 100vw, 604px\" \/><\/a><\/p>\n<p>&nbsp;<\/p>\n<p><a href=\"https:\/\/static-blogs.elcomercio.es\/wp-content\/uploads\/sites\/13\/2022\/11\/IMG20221113110807.jpg\"><img loading=\"lazy\" class=\"alignnone size-full wp-image-7911\" src=\"https:\/\/static-blogs.elcomercio.es\/wp-content\/uploads\/sites\/13\/2022\/11\/IMG20221113110807.jpg\" alt=\"\" width=\"604\" height=\"454\" srcset=\"https:\/\/static-blogs.elcomercio.es\/wp-content\/uploads\/sites\/13\/2022\/11\/IMG20221113110807.jpg 604w, https:\/\/static-blogs.elcomercio.es\/wp-content\/uploads\/sites\/13\/2022\/11\/IMG20221113110807-300x225.jpg 300w\" sizes=\"(max-width: 604px) 100vw, 604px\" \/><\/a><\/p>\n<p>&nbsp;<\/p>\n<p>Poca gente en el pueblo a estas horas. Apenas ruido y, alguno de los paseantes, ten\u00eda cuatro patas en vez de dos.<\/p>\n<p>&nbsp;<\/p>\n<p><a href=\"https:\/\/static-blogs.elcomercio.es\/wp-content\/uploads\/sites\/13\/2022\/11\/IMG20221113111142.jpg\"><img loading=\"lazy\" class=\"alignnone size-full wp-image-7912\" src=\"https:\/\/static-blogs.elcomercio.es\/wp-content\/uploads\/sites\/13\/2022\/11\/IMG20221113111142.jpg\" alt=\"\" width=\"604\" height=\"454\" srcset=\"https:\/\/static-blogs.elcomercio.es\/wp-content\/uploads\/sites\/13\/2022\/11\/IMG20221113111142.jpg 604w, https:\/\/static-blogs.elcomercio.es\/wp-content\/uploads\/sites\/13\/2022\/11\/IMG20221113111142-300x225.jpg 300w\" sizes=\"(max-width: 604px) 100vw, 604px\" \/><\/a><\/p>\n<p>&nbsp;<\/p>\n<p>Volviendo sobre nuestros pasos, el mirador del Tombo fue nuestra siguiente punto de parada. Ernesto miraba el reloj y todo iba seg\u00fan lo previsto. Desde este enclave, la pared de piedra caliza se iluminaba en su parte alta con los rayos del sol.<\/p>\n<p>&nbsp;<\/p>\n<p><a href=\"https:\/\/static-blogs.elcomercio.es\/wp-content\/uploads\/sites\/13\/2022\/11\/IMG20221113112915.jpg\"><img loading=\"lazy\" class=\"alignnone size-full wp-image-7914\" src=\"https:\/\/static-blogs.elcomercio.es\/wp-content\/uploads\/sites\/13\/2022\/11\/IMG20221113112915.jpg\" alt=\"\" width=\"604\" height=\"454\" srcset=\"https:\/\/static-blogs.elcomercio.es\/wp-content\/uploads\/sites\/13\/2022\/11\/IMG20221113112915.jpg 604w, https:\/\/static-blogs.elcomercio.es\/wp-content\/uploads\/sites\/13\/2022\/11\/IMG20221113112915-300x225.jpg 300w\" sizes=\"(max-width: 604px) 100vw, 604px\" \/><\/a><\/p>\n<p>&nbsp;<\/p>\n<p><a href=\"https:\/\/static-blogs.elcomercio.es\/wp-content\/uploads\/sites\/13\/2022\/11\/IMG20221113112945.jpg\"><img loading=\"lazy\" class=\"alignnone size-full wp-image-7915\" src=\"https:\/\/static-blogs.elcomercio.es\/wp-content\/uploads\/sites\/13\/2022\/11\/IMG20221113112945.jpg\" alt=\"\" width=\"604\" height=\"454\" srcset=\"https:\/\/static-blogs.elcomercio.es\/wp-content\/uploads\/sites\/13\/2022\/11\/IMG20221113112945.jpg 604w, https:\/\/static-blogs.elcomercio.es\/wp-content\/uploads\/sites\/13\/2022\/11\/IMG20221113112945-300x225.jpg 300w\" sizes=\"(max-width: 604px) 100vw, 604px\" \/><\/a><\/p>\n<p>&nbsp;<\/p>\n<p><a href=\"https:\/\/static-blogs.elcomercio.es\/wp-content\/uploads\/sites\/13\/2022\/11\/IMG20221113113143.jpg\"><img loading=\"lazy\" class=\"alignnone size-full wp-image-7917\" src=\"https:\/\/static-blogs.elcomercio.es\/wp-content\/uploads\/sites\/13\/2022\/11\/IMG20221113113143.jpg\" alt=\"\" width=\"604\" height=\"454\" srcset=\"https:\/\/static-blogs.elcomercio.es\/wp-content\/uploads\/sites\/13\/2022\/11\/IMG20221113113143.jpg 604w, https:\/\/static-blogs.elcomercio.es\/wp-content\/uploads\/sites\/13\/2022\/11\/IMG20221113113143-300x225.jpg 300w\" sizes=\"(max-width: 604px) 100vw, 604px\" \/><\/a><\/p>\n<p>&nbsp;<\/p>\n<p>Las c\u00e1maras de nuestros tel\u00e9fonos echaban humo.<\/p>\n<p>&nbsp;<\/p>\n<p><a href=\"https:\/\/static-blogs.elcomercio.es\/wp-content\/uploads\/sites\/13\/2022\/11\/IMG20221113113219.jpg\"><img loading=\"lazy\" class=\"alignnone size-full wp-image-7918\" src=\"https:\/\/static-blogs.elcomercio.es\/wp-content\/uploads\/sites\/13\/2022\/11\/IMG20221113113219.jpg\" alt=\"\" width=\"504\" height=\"379\" srcset=\"https:\/\/static-blogs.elcomercio.es\/wp-content\/uploads\/sites\/13\/2022\/11\/IMG20221113113219.jpg 504w, https:\/\/static-blogs.elcomercio.es\/wp-content\/uploads\/sites\/13\/2022\/11\/IMG20221113113219-300x226.jpg 300w\" sizes=\"(max-width: 504px) 100vw, 504px\" \/><\/a><\/p>\n<p>&nbsp;<\/p>\n<p>De nuevo, el baile de nuestras motos discurri\u00f3 por el Desfiladero de los Beyos, donde paramos en <a href=\"https:\/\/bikerfriendly.es\/negocio\/vidosa-multiaventura\/\" target=\"_blank\" rel=\"noopener external nofollow\">puente Vidosa<\/a>, otro enclave Bikerfriendly.<\/p>\n<p>&nbsp;<\/p>\n<p><a href=\"https:\/\/static-blogs.elcomercio.es\/wp-content\/uploads\/sites\/13\/2022\/11\/IMG20221113124049.jpg\"><img loading=\"lazy\" class=\"alignnone size-full wp-image-7920\" src=\"https:\/\/static-blogs.elcomercio.es\/wp-content\/uploads\/sites\/13\/2022\/11\/IMG20221113124049.jpg\" alt=\"\" width=\"604\" height=\"454\" srcset=\"https:\/\/static-blogs.elcomercio.es\/wp-content\/uploads\/sites\/13\/2022\/11\/IMG20221113124049.jpg 604w, https:\/\/static-blogs.elcomercio.es\/wp-content\/uploads\/sites\/13\/2022\/11\/IMG20221113124049-300x225.jpg 300w\" sizes=\"(max-width: 604px) 100vw, 604px\" \/><\/a><\/p>\n<p>&nbsp;<\/p>\n<p><a href=\"https:\/\/static-blogs.elcomercio.es\/wp-content\/uploads\/sites\/13\/2022\/11\/IMG20221113123750.jpg\"><img loading=\"lazy\" class=\"alignnone size-full wp-image-7919\" src=\"https:\/\/static-blogs.elcomercio.es\/wp-content\/uploads\/sites\/13\/2022\/11\/IMG20221113123750.jpg\" alt=\"\" width=\"304\" height=\"404\" srcset=\"https:\/\/static-blogs.elcomercio.es\/wp-content\/uploads\/sites\/13\/2022\/11\/IMG20221113123750.jpg 304w, https:\/\/static-blogs.elcomercio.es\/wp-content\/uploads\/sites\/13\/2022\/11\/IMG20221113123750-226x300.jpg 226w\" sizes=\"(max-width: 304px) 100vw, 304px\" \/><\/a><\/p>\n<p>&nbsp;<\/p>\n<p>Y desde aqu\u00ed salimos rumbo a Cangas de On\u00eds. All\u00ed calmamos nuestros est\u00f3magos en el <a href=\"https:\/\/bikerfriendly.es\/negocio\/los-arcos-restaurante\/\" target=\"_blank\" rel=\"noopener external nofollow\">Restaurante Los Arcos<\/a> donde nos prepararon una fabada exquisita la cual, espero, que a ninguno le haya sentado pesada esa tarde.<\/p>\n<p>&nbsp;<\/p>\n<p><a href=\"https:\/\/static-blogs.elcomercio.es\/wp-content\/uploads\/sites\/13\/2022\/11\/IMG-20221113-WA0004.jpg\"><img loading=\"lazy\" class=\"alignnone size-full wp-image-7881\" src=\"https:\/\/static-blogs.elcomercio.es\/wp-content\/uploads\/sites\/13\/2022\/11\/IMG-20221113-WA0004.jpg\" alt=\"\" width=\"604\" height=\"454\" srcset=\"https:\/\/static-blogs.elcomercio.es\/wp-content\/uploads\/sites\/13\/2022\/11\/IMG-20221113-WA0004.jpg 604w, https:\/\/static-blogs.elcomercio.es\/wp-content\/uploads\/sites\/13\/2022\/11\/IMG-20221113-WA0004-300x225.jpg 300w\" sizes=\"(max-width: 604px) 100vw, 604px\" \/><\/a><\/p>\n<p>&nbsp;<\/p>\n<p><a href=\"https:\/\/static-blogs.elcomercio.es\/wp-content\/uploads\/sites\/13\/2022\/11\/IMG20221113133801.jpg\"><img loading=\"lazy\" class=\"alignnone size-full wp-image-7921\" src=\"https:\/\/static-blogs.elcomercio.es\/wp-content\/uploads\/sites\/13\/2022\/11\/IMG20221113133801.jpg\" alt=\"\" width=\"604\" height=\"454\" srcset=\"https:\/\/static-blogs.elcomercio.es\/wp-content\/uploads\/sites\/13\/2022\/11\/IMG20221113133801.jpg 604w, https:\/\/static-blogs.elcomercio.es\/wp-content\/uploads\/sites\/13\/2022\/11\/IMG20221113133801-300x225.jpg 300w\" sizes=\"(max-width: 604px) 100vw, 604px\" \/><\/a><\/p>\n<p>&nbsp;<\/p>\n<p>Despedimos la ruta visitando en la plaza Camila Bece\u00f1a, la escultura homenaje al mundo de la moto, con un peso que ronda los 2500 kilos e ideada por Silfredo Torrado, en la cual me sent\u00ed muy arropada por el grupo.<\/p>\n<p>&nbsp;<\/p>\n<p><a href=\"https:\/\/static-blogs.elcomercio.es\/wp-content\/uploads\/sites\/13\/2022\/11\/IMG_20221113_183752.jpg\"><img loading=\"lazy\" class=\"alignnone size-full wp-image-7872\" src=\"https:\/\/static-blogs.elcomercio.es\/wp-content\/uploads\/sites\/13\/2022\/11\/IMG_20221113_183752.jpg\" alt=\"\" width=\"604\" height=\"432\" srcset=\"https:\/\/static-blogs.elcomercio.es\/wp-content\/uploads\/sites\/13\/2022\/11\/IMG_20221113_183752.jpg 604w, https:\/\/static-blogs.elcomercio.es\/wp-content\/uploads\/sites\/13\/2022\/11\/IMG_20221113_183752-300x215.jpg 300w\" sizes=\"(max-width: 604px) 100vw, 604px\" \/><\/a><\/p>\n<p>&nbsp;<\/p>\n<p>Y, por supuesto, por Ernesto o, lo que es lo mismo, BikerFriendly quien ha confiado en mi para este proyecto.<\/p>\n<p>&nbsp;<\/p>\n<p><a href=\"https:\/\/static-blogs.elcomercio.es\/wp-content\/uploads\/sites\/13\/2022\/11\/IMG_20221113_183857.jpg\"><img loading=\"lazy\" class=\"alignnone size-full wp-image-7873\" src=\"https:\/\/static-blogs.elcomercio.es\/wp-content\/uploads\/sites\/13\/2022\/11\/IMG_20221113_183857.jpg\" alt=\"\" width=\"604\" height=\"549\" srcset=\"https:\/\/static-blogs.elcomercio.es\/wp-content\/uploads\/sites\/13\/2022\/11\/IMG_20221113_183857.jpg 604w, https:\/\/static-blogs.elcomercio.es\/wp-content\/uploads\/sites\/13\/2022\/11\/IMG_20221113_183857-300x273.jpg 300w\" sizes=\"(max-width: 604px) 100vw, 604px\" \/><\/a><\/p>\n<p>&nbsp;<\/p>\n<p>\u00a1Muchas gracias a todos por haber hecho de ese finde un finde especial en vuestra compa\u00f1\u00eda!.<\/p>\n<p>\u00a1Nos vemos en la carretera!.<\/p>\n<!-- AddThis Advanced Settings generic via filter on the_content --><!-- AddThis Share Buttons generic via filter on the_content -->","protected":false},"excerpt":{"rendered":"<p>&#8220;Ama lo que haces y lo que haces te amar\u00e1 cien veces m\u00e1s&#8221; dice Enric Corbera y no hacen falta m\u00e1s de 5 minutos de conversaci\u00f3n con Ernesto, creador y responsable , junto a su mujer Esther y sus 4 hijos(porque esto no ser\u00eda posible sin el apoyo de su familia como \u00e9l bien resalta) [&hellip;]<!-- AddThis Advanced Settings generic via filter on get_the_excerpt --><!-- AddThis Share Buttons generic via filter on get_the_excerpt --><\/p>\n","protected":false},"author":14,"featured_media":7942,"comment_status":"open","ping_status":"closed","sticky":false,"template":"","format":"standard","meta":[],"categories":[67],"tags":[1371,1374,430,1373,638,690,691,725,1375,1372,1376,800,916],"_links":{"self":[{"href":"https:\/\/blogs.elcomercio.es\/explorando-paraiso-moto\/wp-json\/wp\/v2\/posts\/7923"}],"collection":[{"href":"https:\/\/blogs.elcomercio.es\/explorando-paraiso-moto\/wp-json\/wp\/v2\/posts"}],"about":[{"href":"https:\/\/blogs.elcomercio.es\/explorando-paraiso-moto\/wp-json\/wp\/v2\/types\/post"}],"author":[{"embeddable":true,"href":"https:\/\/blogs.elcomercio.es\/explorando-paraiso-moto\/wp-json\/wp\/v2\/users\/14"}],"replies":[{"embeddable":true,"href":"https:\/\/blogs.elcomercio.es\/explorando-paraiso-moto\/wp-json\/wp\/v2\/comments?post=7923"}],"version-history":[{"count":8,"href":"https:\/\/blogs.elcomercio.es\/explorando-paraiso-moto\/wp-json\/wp\/v2\/posts\/7923\/revisions"}],"predecessor-version":[{"id":7947,"href":"https:\/\/blogs.elcomercio.es\/explorando-paraiso-moto\/wp-json\/wp\/v2\/posts\/7923\/revisions\/7947"}],"wp:featuredmedia":[{"embeddable":true,"href":"https:\/\/blogs.elcomercio.es\/explorando-paraiso-moto\/wp-json\/wp\/v2\/media\/7942"}],"wp:attachment":[{"href":"https:\/\/blogs.elcomercio.es\/explorando-paraiso-moto\/wp-json\/wp\/v2\/media?parent=7923"}],"wp:term":[{"taxonomy":"category","embeddable":true,"href":"https:\/\/blogs.elcomercio.es\/explorando-paraiso-moto\/wp-json\/wp\/v2\/categories?post=7923"},{"taxonomy":"post_tag","embeddable":true,"href":"https:\/\/blogs.elcomercio.es\/explorando-paraiso-moto\/wp-json\/wp\/v2\/tags?post=7923"}],"curies":[{"name":"wp","href":"https:\/\/api.w.org\/{rel}","templated":true}]}}