{"id":7971,"date":"2023-02-04T17:10:24","date_gmt":"2023-02-04T16:10:24","guid":{"rendered":"https:\/\/blogs.elcomercio.es\/explorando-paraiso-moto\/?p=7971"},"modified":"2023-02-04T17:10:24","modified_gmt":"2023-02-04T16:10:24","slug":"ii-marcha-motera-sindrome-de-noonan-cantabria","status":"publish","type":"post","link":"https:\/\/blogs.elcomercio.es\/explorando-paraiso-moto\/2023\/02\/04\/ii-marcha-motera-sindrome-de-noonan-cantabria\/","title":{"rendered":"II Marcha Motera S\u00edndrome de Noonan Cantabria"},"content":{"rendered":"<p><a href=\"https:\/\/static-blogs.elcomercio.es\/wp-content\/uploads\/sites\/13\/2023\/02\/IMG-20230130-WA0014.jpg\"><img loading=\"lazy\" class=\"alignnone size-large wp-image-7972\" src=\"https:\/\/static-blogs.elcomercio.es\/wp-content\/uploads\/sites\/13\/2023\/02\/IMG-20230130-WA0014-724x1024.jpg\" alt=\"\" width=\"724\" height=\"1024\" srcset=\"https:\/\/static-blogs.elcomercio.es\/wp-content\/uploads\/sites\/13\/2023\/02\/IMG-20230130-WA0014-724x1024.jpg 724w, https:\/\/static-blogs.elcomercio.es\/wp-content\/uploads\/sites\/13\/2023\/02\/IMG-20230130-WA0014-212x300.jpg 212w, https:\/\/static-blogs.elcomercio.es\/wp-content\/uploads\/sites\/13\/2023\/02\/IMG-20230130-WA0014-768x1086.jpg 768w, https:\/\/static-blogs.elcomercio.es\/wp-content\/uploads\/sites\/13\/2023\/02\/IMG-20230130-WA0014.jpg 1131w\" sizes=\"(max-width: 724px) 100vw, 724px\" \/><\/a><\/p>\n<p>&nbsp;<\/p>\n<p>El pr\u00f3ximo d\u00eda 26 de febrero pondr\u00e9 mi granito de arena para dar visibilidad a esta enfermedad rara, S\u00edndrome de Noonan, dando una charla en Puente San Miguel(Cantabria)a las\u00a0 17:30horas.<\/p>\n<!-- AddThis Advanced Settings generic via filter on the_content --><!-- AddThis Share Buttons generic via filter on the_content -->","protected":false},"excerpt":{"rendered":"<p>&nbsp; El pr\u00f3ximo d\u00eda 26 de febrero pondr\u00e9 mi granito de arena para dar visibilidad a esta enfermedad rara, S\u00edndrome de Noonan, dando una charla en Puente San Miguel(Cantabria)a las\u00a0 17:30horas.<!-- AddThis Advanced Settings generic via filter on get_the_excerpt --><!-- AddThis Share Buttons generic via filter on get_the_excerpt --><\/p>\n","protected":false},"author":14,"featured_media":0,"comment_status":"open","ping_status":"closed","sticky":false,"template":"","format":"standard","meta":[],"categories":[20],"tags":[1379],"_links":{"self":[{"href":"https:\/\/blogs.elcomercio.es\/explorando-paraiso-moto\/wp-json\/wp\/v2\/posts\/7971"}],"collection":[{"href":"https:\/\/blogs.elcomercio.es\/explorando-paraiso-moto\/wp-json\/wp\/v2\/posts"}],"about":[{"href":"https:\/\/blogs.elcomercio.es\/explorando-paraiso-moto\/wp-json\/wp\/v2\/types\/post"}],"author":[{"embeddable":true,"href":"https:\/\/blogs.elcomercio.es\/explorando-paraiso-moto\/wp-json\/wp\/v2\/users\/14"}],"replies":[{"embeddable":true,"href":"https:\/\/blogs.elcomercio.es\/explorando-paraiso-moto\/wp-json\/wp\/v2\/comments?post=7971"}],"version-history":[{"count":1,"href":"https:\/\/blogs.elcomercio.es\/explorando-paraiso-moto\/wp-json\/wp\/v2\/posts\/7971\/revisions"}],"predecessor-version":[{"id":7973,"href":"https:\/\/blogs.elcomercio.es\/explorando-paraiso-moto\/wp-json\/wp\/v2\/posts\/7971\/revisions\/7973"}],"wp:attachment":[{"href":"https:\/\/blogs.elcomercio.es\/explorando-paraiso-moto\/wp-json\/wp\/v2\/media?parent=7971"}],"wp:term":[{"taxonomy":"category","embeddable":true,"href":"https:\/\/blogs.elcomercio.es\/explorando-paraiso-moto\/wp-json\/wp\/v2\/categories?post=7971"},{"taxonomy":"post_tag","embeddable":true,"href":"https:\/\/blogs.elcomercio.es\/explorando-paraiso-moto\/wp-json\/wp\/v2\/tags?post=7971"}],"curies":[{"name":"wp","href":"https:\/\/api.w.org\/{rel}","templated":true}]}}