{"id":8049,"date":"2023-02-26T20:54:10","date_gmt":"2023-02-26T19:54:10","guid":{"rendered":"https:\/\/blogs.elcomercio.es\/explorando-paraiso-moto\/?p=8049"},"modified":"2023-02-27T15:52:32","modified_gmt":"2023-02-27T14:52:32","slug":"rescatando-del-olvido-toda-una-vida-el-hotel-bar-cadario-1925","status":"publish","type":"post","link":"https:\/\/blogs.elcomercio.es\/explorando-paraiso-moto\/2023\/02\/26\/rescatando-del-olvido-toda-una-vida-el-hotel-bar-cadario-1925\/","title":{"rendered":"Rescatando del olvido toda una vida: el Hotel-Bar Cadario 1925"},"content":{"rendered":"<p style=\"text-align: center\">Ubicado a orillas de la AS-15, y a tan solo 11 kil\u00f3metros de Cangas del Narcea, ante la atenta mirada de las discretas y verdes monta\u00f1as que lo contemplan, se encuentra nuestro destino de hoy en el cual viajaremos al pasado para rescatar de \u00e9l toda una tradici\u00f3n gracias a Adolfo Llano y Carmen Zuazua. Una historia digna de ser contada por su af\u00e1n emprendedor en un lugar, Tebongo, en el que los propios lugare\u00f1os del pueblo, ante la apertura de este bar-hotel les han comentado &#8220;nos hab\u00e9is dado la vida puesto que antes no sal\u00edamos de casa para nada&#8221;.<\/p>\n<p>Tengo que rese\u00f1ar que siempre he cre\u00eddo que el &#8220;boca a boca&#8221; ha sido una de las mejores publicidades que existen y que, en este caso, supe de este lugar gracias a mi amigo Jose, tambi\u00e9n motero el cual, hace un par de semanas me puso en conocimiento del mismo.<\/p>\n<p>La historia de la finca Cadario comienza en 1925 cuando el bisabuelo de Adolfo la compr\u00f3 e instal\u00f3 un vi\u00f1edo. Actualmente, podemos ver las vi\u00f1as en la parte alta de la misma.<\/p>\n<p>&nbsp;<\/p>\n<p><a href=\"https:\/\/static-blogs.elcomercio.es\/wp-content\/uploads\/sites\/13\/2023\/02\/IMG20230225122239.jpg\"><img loading=\"lazy\" class=\"alignnone size-full wp-image-8023\" src=\"https:\/\/static-blogs.elcomercio.es\/wp-content\/uploads\/sites\/13\/2023\/02\/IMG20230225122239.jpg\" alt=\"\" width=\"604\" height=\"454\" srcset=\"https:\/\/static-blogs.elcomercio.es\/wp-content\/uploads\/sites\/13\/2023\/02\/IMG20230225122239.jpg 604w, https:\/\/static-blogs.elcomercio.es\/wp-content\/uploads\/sites\/13\/2023\/02\/IMG20230225122239-300x225.jpg 300w\" sizes=\"(max-width: 604px) 100vw, 604px\" \/><\/a><\/p>\n<p>&nbsp;<\/p>\n<p>Adem\u00e1s, adquiri\u00f3 este edificio donde instal\u00f3 su negocio, una tienda de ultramarinos de la cual a\u00fan quedan muchos ejemplos y, seguramente, a m\u00e1s de un lector, estas im\u00e1genes le traigan recuerdos.<\/p>\n<p>&nbsp;<\/p>\n<p><a href=\"https:\/\/static-blogs.elcomercio.es\/wp-content\/uploads\/sites\/13\/2023\/02\/IMG20230225122016.jpg\"><img loading=\"lazy\" class=\"alignnone size-full wp-image-8020\" src=\"https:\/\/static-blogs.elcomercio.es\/wp-content\/uploads\/sites\/13\/2023\/02\/IMG20230225122016.jpg\" alt=\"\" width=\"604\" height=\"454\" srcset=\"https:\/\/static-blogs.elcomercio.es\/wp-content\/uploads\/sites\/13\/2023\/02\/IMG20230225122016.jpg 604w, https:\/\/static-blogs.elcomercio.es\/wp-content\/uploads\/sites\/13\/2023\/02\/IMG20230225122016-300x225.jpg 300w\" sizes=\"(max-width: 604px) 100vw, 604px\" \/><\/a><\/p>\n<p>&nbsp;<\/p>\n<p><a href=\"https:\/\/static-blogs.elcomercio.es\/wp-content\/uploads\/sites\/13\/2023\/02\/IMG20230225122032.jpg\"><img loading=\"lazy\" class=\"alignnone size-full wp-image-8021\" src=\"https:\/\/static-blogs.elcomercio.es\/wp-content\/uploads\/sites\/13\/2023\/02\/IMG20230225122032.jpg\" alt=\"\" width=\"604\" height=\"454\" srcset=\"https:\/\/static-blogs.elcomercio.es\/wp-content\/uploads\/sites\/13\/2023\/02\/IMG20230225122032.jpg 604w, https:\/\/static-blogs.elcomercio.es\/wp-content\/uploads\/sites\/13\/2023\/02\/IMG20230225122032-300x225.jpg 300w\" sizes=\"(max-width: 604px) 100vw, 604px\" \/><\/a><\/p>\n<p>&nbsp;<\/p>\n<p><a href=\"https:\/\/static-blogs.elcomercio.es\/wp-content\/uploads\/sites\/13\/2023\/02\/IMG20230225122053.jpg\"><img loading=\"lazy\" class=\"alignnone size-full wp-image-8022\" src=\"https:\/\/static-blogs.elcomercio.es\/wp-content\/uploads\/sites\/13\/2023\/02\/IMG20230225122053.jpg\" alt=\"\" width=\"604\" height=\"454\" srcset=\"https:\/\/static-blogs.elcomercio.es\/wp-content\/uploads\/sites\/13\/2023\/02\/IMG20230225122053.jpg 604w, https:\/\/static-blogs.elcomercio.es\/wp-content\/uploads\/sites\/13\/2023\/02\/IMG20230225122053-300x225.jpg 300w\" sizes=\"(max-width: 604px) 100vw, 604px\" \/>&#8211;<\/a><\/p>\n<p>&nbsp;<\/p>\n<p>Su abuelo lo lleg\u00f3 a usar como bodega. Prueba de ello son los falsos techos en los cuales se usaron maderas de las barricas que hab\u00eda, e incluso fueron colocadas en el mostrador y en los percheros, siendo un claro ejemplo de decoraci\u00f3n creativa.<\/p>\n<p>&nbsp;<\/p>\n<p><a href=\"https:\/\/static-blogs.elcomercio.es\/wp-content\/uploads\/sites\/13\/2023\/02\/IMG20230225122548.jpg\"><img loading=\"lazy\" class=\"alignnone size-full wp-image-8025\" src=\"https:\/\/static-blogs.elcomercio.es\/wp-content\/uploads\/sites\/13\/2023\/02\/IMG20230225122548.jpg\" alt=\"\" width=\"604\" height=\"454\" srcset=\"https:\/\/static-blogs.elcomercio.es\/wp-content\/uploads\/sites\/13\/2023\/02\/IMG20230225122548.jpg 604w, https:\/\/static-blogs.elcomercio.es\/wp-content\/uploads\/sites\/13\/2023\/02\/IMG20230225122548-300x225.jpg 300w\" sizes=\"(max-width: 604px) 100vw, 604px\" \/><\/a><\/p>\n<p>&nbsp;<\/p>\n<p><a href=\"https:\/\/static-blogs.elcomercio.es\/wp-content\/uploads\/sites\/13\/2023\/02\/IMG20230225122554.jpg\"><img loading=\"lazy\" class=\"alignnone size-full wp-image-8050\" src=\"https:\/\/static-blogs.elcomercio.es\/wp-content\/uploads\/sites\/13\/2023\/02\/IMG20230225122554.jpg\" alt=\"\" width=\"604\" height=\"454\" srcset=\"https:\/\/static-blogs.elcomercio.es\/wp-content\/uploads\/sites\/13\/2023\/02\/IMG20230225122554.jpg 604w, https:\/\/static-blogs.elcomercio.es\/wp-content\/uploads\/sites\/13\/2023\/02\/IMG20230225122554-300x225.jpg 300w\" sizes=\"(max-width: 604px) 100vw, 604px\" \/><\/a><\/p>\n<p>&nbsp;<\/p>\n<p><a href=\"https:\/\/static-blogs.elcomercio.es\/wp-content\/uploads\/sites\/13\/2023\/02\/IMG20230225122623.jpg\"><img loading=\"lazy\" class=\"alignnone size-full wp-image-8029\" src=\"https:\/\/static-blogs.elcomercio.es\/wp-content\/uploads\/sites\/13\/2023\/02\/IMG20230225122623.jpg\" alt=\"\" width=\"604\" height=\"454\" srcset=\"https:\/\/static-blogs.elcomercio.es\/wp-content\/uploads\/sites\/13\/2023\/02\/IMG20230225122623.jpg 604w, https:\/\/static-blogs.elcomercio.es\/wp-content\/uploads\/sites\/13\/2023\/02\/IMG20230225122623-300x225.jpg 300w\" sizes=\"(max-width: 604px) 100vw, 604px\" \/><\/a><\/p>\n<p>&nbsp;<\/p>\n<p>El ambiente en general es muy acogedor e invita a disfrutar del lugar en el que, seg\u00fan me coment\u00f3 Carmen, siempre que ella est\u00e9, nadie se quedar\u00e1 sin comer pues la cocina permanecer\u00e1 abierta. Una cocina donde todo es artesanal, como as\u00ed lo fue el bizcocho que me com\u00ed hecho por la anfitriona que, junto a un Nesquik, lograron mermar el intenso fr\u00edo que tra\u00eda en el cuerpo despu\u00e9s de haber rodado durante m\u00e1s de una hora a 3,5.4 grados cent\u00edgrados.<\/p>\n<p>&nbsp;<\/p>\n<p><a href=\"https:\/\/static-blogs.elcomercio.es\/wp-content\/uploads\/sites\/13\/2023\/02\/IMG20230225115745.jpg\"><img loading=\"lazy\" class=\"alignnone size-full wp-image-8016\" src=\"https:\/\/static-blogs.elcomercio.es\/wp-content\/uploads\/sites\/13\/2023\/02\/IMG20230225115745.jpg\" alt=\"\" width=\"604\" height=\"454\" srcset=\"https:\/\/static-blogs.elcomercio.es\/wp-content\/uploads\/sites\/13\/2023\/02\/IMG20230225115745.jpg 604w, https:\/\/static-blogs.elcomercio.es\/wp-content\/uploads\/sites\/13\/2023\/02\/IMG20230225115745-300x225.jpg 300w\" sizes=\"(max-width: 604px) 100vw, 604px\" \/><\/a><\/p>\n<p>&nbsp;<\/p>\n<p>Y, mientras continu\u00e1bamos\u00a0 la visita, Marta en la cocina preparaba donuts caseros.<\/p>\n<p>&nbsp;<\/p>\n<p><a href=\"https:\/\/static-blogs.elcomercio.es\/wp-content\/uploads\/sites\/13\/2023\/02\/IMG20230225123357.jpg\"><img loading=\"lazy\" class=\"alignnone size-full wp-image-8045\" src=\"https:\/\/static-blogs.elcomercio.es\/wp-content\/uploads\/sites\/13\/2023\/02\/IMG20230225123357.jpg\" alt=\"\" width=\"604\" height=\"454\" srcset=\"https:\/\/static-blogs.elcomercio.es\/wp-content\/uploads\/sites\/13\/2023\/02\/IMG20230225123357.jpg 604w, https:\/\/static-blogs.elcomercio.es\/wp-content\/uploads\/sites\/13\/2023\/02\/IMG20230225123357-300x225.jpg 300w\" sizes=\"(max-width: 604px) 100vw, 604px\" \/><\/a><\/p>\n<p>&nbsp;<\/p>\n<p>De hecho, la pareja quiere reactivar la econom\u00eda local con productos hechos por gente de aqu\u00ed. Me coment\u00f3 Carmen que, anta\u00f1o hab\u00eda 4 bares en Tebongo pero a d\u00eda de hoy solo quedan ellos.<\/p>\n<p>Desde el 2017 el edificio llevaba sin actividad hostelera y en el a\u00f1o 2021 Adolfo y su padre, ambos arquitectos, decidieron comenzar la reconversi\u00f3n del mismo en un bar-hotel. En la planta baja, el comedor invita a sentarse y disfrutar de la gastronom\u00eda asturiana de la mano de Carmen.<\/p>\n<p>&nbsp;<\/p>\n<p><a href=\"https:\/\/static-blogs.elcomercio.es\/wp-content\/uploads\/sites\/13\/2023\/02\/IMG20230225122801.jpg\"><img loading=\"lazy\" class=\"alignnone size-full wp-image-8033\" src=\"https:\/\/static-blogs.elcomercio.es\/wp-content\/uploads\/sites\/13\/2023\/02\/IMG20230225122801.jpg\" alt=\"\" width=\"604\" height=\"454\" srcset=\"https:\/\/static-blogs.elcomercio.es\/wp-content\/uploads\/sites\/13\/2023\/02\/IMG20230225122801.jpg 604w, https:\/\/static-blogs.elcomercio.es\/wp-content\/uploads\/sites\/13\/2023\/02\/IMG20230225122801-300x225.jpg 300w\" sizes=\"(max-width: 604px) 100vw, 604px\" \/><\/a><\/p>\n<p>&nbsp;<\/p>\n<p><a href=\"https:\/\/static-blogs.elcomercio.es\/wp-content\/uploads\/sites\/13\/2023\/02\/IMG20230225122720.jpg\"><img loading=\"lazy\" class=\"alignnone size-full wp-image-8032\" src=\"https:\/\/static-blogs.elcomercio.es\/wp-content\/uploads\/sites\/13\/2023\/02\/IMG20230225122720.jpg\" alt=\"\" width=\"604\" height=\"454\" srcset=\"https:\/\/static-blogs.elcomercio.es\/wp-content\/uploads\/sites\/13\/2023\/02\/IMG20230225122720.jpg 604w, https:\/\/static-blogs.elcomercio.es\/wp-content\/uploads\/sites\/13\/2023\/02\/IMG20230225122720-300x225.jpg 300w\" sizes=\"(max-width: 604px) 100vw, 604px\" \/><\/a><\/p>\n<p>&nbsp;<\/p>\n<p><a href=\"https:\/\/static-blogs.elcomercio.es\/wp-content\/uploads\/sites\/13\/2023\/02\/IMG20230225122608-crop.jpg\"><img loading=\"lazy\" class=\"alignnone size-full wp-image-8028\" src=\"https:\/\/static-blogs.elcomercio.es\/wp-content\/uploads\/sites\/13\/2023\/02\/IMG20230225122608-crop.jpg\" alt=\"\" width=\"343\" height=\"502\" srcset=\"https:\/\/static-blogs.elcomercio.es\/wp-content\/uploads\/sites\/13\/2023\/02\/IMG20230225122608-crop.jpg 343w, https:\/\/static-blogs.elcomercio.es\/wp-content\/uploads\/sites\/13\/2023\/02\/IMG20230225122608-crop-205x300.jpg 205w\" sizes=\"(max-width: 343px) 100vw, 343px\" \/><\/a><\/p>\n<p>&nbsp;<\/p>\n<p>Y, donde despu\u00e9s de degustar un buen plato, no nos faltar\u00e1 un sitio para descansar, como este peque\u00f1o sal\u00f3n en el que todo est\u00e1 cuidado al detalle y con mucho mimo-<\/p>\n<p>&nbsp;<\/p>\n<p><a href=\"https:\/\/static-blogs.elcomercio.es\/wp-content\/uploads\/sites\/13\/2023\/02\/IMG20230225122815.jpg\"><img loading=\"lazy\" class=\"alignnone size-full wp-image-8034\" src=\"https:\/\/static-blogs.elcomercio.es\/wp-content\/uploads\/sites\/13\/2023\/02\/IMG20230225122815.jpg\" alt=\"\" width=\"604\" height=\"454\" srcset=\"https:\/\/static-blogs.elcomercio.es\/wp-content\/uploads\/sites\/13\/2023\/02\/IMG20230225122815.jpg 604w, https:\/\/static-blogs.elcomercio.es\/wp-content\/uploads\/sites\/13\/2023\/02\/IMG20230225122815-300x225.jpg 300w\" sizes=\"(max-width: 604px) 100vw, 604px\" \/><\/a><\/p>\n<p>&nbsp;<\/p>\n<p>O incluso para aquellos que no quieran aburrirse, siempre estar\u00e1 disponible, un rinc\u00f3n para jugar.<\/p>\n<p>&nbsp;<\/p>\n<p><a href=\"https:\/\/static-blogs.elcomercio.es\/wp-content\/uploads\/sites\/13\/2023\/02\/IMG20230225122828.jpg\"><img loading=\"lazy\" class=\"alignnone size-full wp-image-8035\" src=\"https:\/\/static-blogs.elcomercio.es\/wp-content\/uploads\/sites\/13\/2023\/02\/IMG20230225122828.jpg\" alt=\"\" width=\"604\" height=\"454\" srcset=\"https:\/\/static-blogs.elcomercio.es\/wp-content\/uploads\/sites\/13\/2023\/02\/IMG20230225122828.jpg 604w, https:\/\/static-blogs.elcomercio.es\/wp-content\/uploads\/sites\/13\/2023\/02\/IMG20230225122828-300x225.jpg 300w\" sizes=\"(max-width: 604px) 100vw, 604px\" \/><\/a><\/p>\n<p>&nbsp;<\/p>\n<p>En el Hotel-Bar Cadario est\u00e1 presente, desde luego, la creatividad. Esta mesa fue dise\u00f1ada por el suegro de Carmen.<\/p>\n<p>&nbsp;<\/p>\n<p><a href=\"https:\/\/static-blogs.elcomercio.es\/wp-content\/uploads\/sites\/13\/2023\/02\/IMG20230225122703.jpg\"><img loading=\"lazy\" class=\"alignnone size-full wp-image-8031\" src=\"https:\/\/static-blogs.elcomercio.es\/wp-content\/uploads\/sites\/13\/2023\/02\/IMG20230225122703.jpg\" alt=\"\" width=\"604\" height=\"454\" srcset=\"https:\/\/static-blogs.elcomercio.es\/wp-content\/uploads\/sites\/13\/2023\/02\/IMG20230225122703.jpg 604w, https:\/\/static-blogs.elcomercio.es\/wp-content\/uploads\/sites\/13\/2023\/02\/IMG20230225122703-300x225.jpg 300w\" sizes=\"(max-width: 604px) 100vw, 604px\" \/><\/a><\/p>\n<p>&nbsp;<\/p>\n<p>Y en el interior de otras nos encontramos utensilios tan dispares como artilugios de caza, o libros antiguos.<\/p>\n<p>&nbsp;<\/p>\n<p><a href=\"https:\/\/static-blogs.elcomercio.es\/wp-content\/uploads\/sites\/13\/2023\/02\/IMG20230225122845.jpg\"><img loading=\"lazy\" class=\"alignnone size-full wp-image-8037\" src=\"https:\/\/static-blogs.elcomercio.es\/wp-content\/uploads\/sites\/13\/2023\/02\/IMG20230225122845.jpg\" alt=\"\" width=\"604\" height=\"454\" srcset=\"https:\/\/static-blogs.elcomercio.es\/wp-content\/uploads\/sites\/13\/2023\/02\/IMG20230225122845.jpg 604w, https:\/\/static-blogs.elcomercio.es\/wp-content\/uploads\/sites\/13\/2023\/02\/IMG20230225122845-300x225.jpg 300w\" sizes=\"(max-width: 604px) 100vw, 604px\" \/><\/a><\/p>\n<p>&nbsp;<\/p>\n<p><a href=\"https:\/\/static-blogs.elcomercio.es\/wp-content\/uploads\/sites\/13\/2023\/02\/IMG20230225122933.jpg\"><img loading=\"lazy\" class=\"alignnone size-full wp-image-8038\" src=\"https:\/\/static-blogs.elcomercio.es\/wp-content\/uploads\/sites\/13\/2023\/02\/IMG20230225122933.jpg\" alt=\"\" width=\"604\" height=\"454\" srcset=\"https:\/\/static-blogs.elcomercio.es\/wp-content\/uploads\/sites\/13\/2023\/02\/IMG20230225122933.jpg 604w, https:\/\/static-blogs.elcomercio.es\/wp-content\/uploads\/sites\/13\/2023\/02\/IMG20230225122933-300x225.jpg 300w\" sizes=\"(max-width: 604px) 100vw, 604px\" \/><\/a><\/p>\n<p>&nbsp;<\/p>\n<p>Todo ello, ante unas ventanas a trav\u00e9s de las cuales, nuestras miradas podr\u00e1n disfrutar del para\u00edso asturiano.<\/p>\n<p>&nbsp;<\/p>\n<p><a href=\"https:\/\/static-blogs.elcomercio.es\/wp-content\/uploads\/sites\/13\/2023\/02\/IMG20230225123003.jpg\"><img loading=\"lazy\" class=\"alignnone size-full wp-image-8040\" src=\"https:\/\/static-blogs.elcomercio.es\/wp-content\/uploads\/sites\/13\/2023\/02\/IMG20230225123003.jpg\" alt=\"\" width=\"604\" height=\"454\" srcset=\"https:\/\/static-blogs.elcomercio.es\/wp-content\/uploads\/sites\/13\/2023\/02\/IMG20230225123003.jpg 604w, https:\/\/static-blogs.elcomercio.es\/wp-content\/uploads\/sites\/13\/2023\/02\/IMG20230225123003-300x225.jpg 300w\" sizes=\"(max-width: 604px) 100vw, 604px\" \/><\/a><\/p>\n<p>&nbsp;<\/p>\n<p>En el exterior, nuestra anfitriona me explic\u00f3 la cantidad de proyectos que a\u00fan est\u00e1n en el aire pero que, en unos d\u00edas, ser\u00e1n realidad. Entre ellos, colocar una atractiva terraza que despierte la curiosidad del que pase por la zona, en la cual no podr\u00e1 faltar una barbacoa y as\u00ed poder disfrutar al aire libre de nuestra estancia.<\/p>\n<p>&nbsp;<\/p>\n<p><a href=\"https:\/\/static-blogs.elcomercio.es\/wp-content\/uploads\/sites\/13\/2023\/02\/IMG20230225121914.jpg\"><img loading=\"lazy\" class=\"alignnone size-full wp-image-8019\" src=\"https:\/\/static-blogs.elcomercio.es\/wp-content\/uploads\/sites\/13\/2023\/02\/IMG20230225121914.jpg\" alt=\"\" width=\"604\" height=\"454\" srcset=\"https:\/\/static-blogs.elcomercio.es\/wp-content\/uploads\/sites\/13\/2023\/02\/IMG20230225121914.jpg 604w, https:\/\/static-blogs.elcomercio.es\/wp-content\/uploads\/sites\/13\/2023\/02\/IMG20230225121914-300x225.jpg 300w\" sizes=\"(max-width: 604px) 100vw, 604px\" \/><\/a><\/p>\n<p>&nbsp;<\/p>\n<p>Asimismo, pretenden ampliar la oferta hotelera rehabilitando el edificio anexo y convirti\u00e9ndolo en una casa rural cuyo alquiler ser\u00e1 \u00edntegro, mientras que el h\u00f3rreo estar\u00e1 destinado a vivienda habitual de la pareja(una vez reformado).<\/p>\n<p>&nbsp;<\/p>\n<p><a href=\"https:\/\/static-blogs.elcomercio.es\/wp-content\/uploads\/sites\/13\/2023\/02\/IMG20230225121642.jpg\"><img loading=\"lazy\" class=\"alignnone size-full wp-image-8018\" src=\"https:\/\/static-blogs.elcomercio.es\/wp-content\/uploads\/sites\/13\/2023\/02\/IMG20230225121642.jpg\" alt=\"\" width=\"604\" height=\"454\" srcset=\"https:\/\/static-blogs.elcomercio.es\/wp-content\/uploads\/sites\/13\/2023\/02\/IMG20230225121642.jpg 604w, https:\/\/static-blogs.elcomercio.es\/wp-content\/uploads\/sites\/13\/2023\/02\/IMG20230225121642-300x225.jpg 300w\" sizes=\"(max-width: 604px) 100vw, 604px\" \/><\/a>.<\/p>\n<p>&nbsp;<\/p>\n<p>Sin lugar a dudas, tendr\u00e1n unas vistas envidiables.<\/p>\n<p>&nbsp;<\/p>\n<p><a href=\"https:\/\/static-blogs.elcomercio.es\/wp-content\/uploads\/sites\/13\/2023\/02\/IMG20230225121624.jpg\"><img loading=\"lazy\" class=\"alignnone size-full wp-image-8017\" src=\"https:\/\/static-blogs.elcomercio.es\/wp-content\/uploads\/sites\/13\/2023\/02\/IMG20230225121624.jpg\" alt=\"\" width=\"604\" height=\"454\" srcset=\"https:\/\/static-blogs.elcomercio.es\/wp-content\/uploads\/sites\/13\/2023\/02\/IMG20230225121624.jpg 604w, https:\/\/static-blogs.elcomercio.es\/wp-content\/uploads\/sites\/13\/2023\/02\/IMG20230225121624-300x225.jpg 300w\" sizes=\"(max-width: 604px) 100vw, 604px\" \/><\/a><\/p>\n<p>&nbsp;<\/p>\n<p>En Semana Santa el hotel se abrir\u00e1 al p\u00fablico con 7 habitaciones: 6 dobles y una individual.<\/p>\n<p>&nbsp;<\/p>\n<p><a href=\"https:\/\/static-blogs.elcomercio.es\/wp-content\/uploads\/sites\/13\/2023\/02\/IMG20230225123110.jpg\"><img loading=\"lazy\" class=\"alignnone size-full wp-image-8042\" src=\"https:\/\/static-blogs.elcomercio.es\/wp-content\/uploads\/sites\/13\/2023\/02\/IMG20230225123110.jpg\" alt=\"\" width=\"604\" height=\"454\" srcset=\"https:\/\/static-blogs.elcomercio.es\/wp-content\/uploads\/sites\/13\/2023\/02\/IMG20230225123110.jpg 604w, https:\/\/static-blogs.elcomercio.es\/wp-content\/uploads\/sites\/13\/2023\/02\/IMG20230225123110-300x225.jpg 300w\" sizes=\"(max-width: 604px) 100vw, 604px\" \/><\/a><\/p>\n<p>&nbsp;<\/p>\n<p><a href=\"https:\/\/static-blogs.elcomercio.es\/wp-content\/uploads\/sites\/13\/2023\/02\/IMG20230225123210.jpg\"><img loading=\"lazy\" class=\"alignnone size-full wp-image-8043\" src=\"https:\/\/static-blogs.elcomercio.es\/wp-content\/uploads\/sites\/13\/2023\/02\/IMG20230225123210.jpg\" alt=\"\" width=\"604\" height=\"454\" srcset=\"https:\/\/static-blogs.elcomercio.es\/wp-content\/uploads\/sites\/13\/2023\/02\/IMG20230225123210.jpg 604w, https:\/\/static-blogs.elcomercio.es\/wp-content\/uploads\/sites\/13\/2023\/02\/IMG20230225123210-300x225.jpg 300w\" sizes=\"(max-width: 604px) 100vw, 604px\" \/><\/a><\/p>\n<p>&nbsp;<\/p>\n<p><a href=\"https:\/\/static-blogs.elcomercio.es\/wp-content\/uploads\/sites\/13\/2023\/02\/IMG20230225123230.jpg\"><img loading=\"lazy\" class=\"alignnone size-full wp-image-8044\" src=\"https:\/\/static-blogs.elcomercio.es\/wp-content\/uploads\/sites\/13\/2023\/02\/IMG20230225123230.jpg\" alt=\"\" width=\"604\" height=\"454\" srcset=\"https:\/\/static-blogs.elcomercio.es\/wp-content\/uploads\/sites\/13\/2023\/02\/IMG20230225123230.jpg 604w, https:\/\/static-blogs.elcomercio.es\/wp-content\/uploads\/sites\/13\/2023\/02\/IMG20230225123230-300x225.jpg 300w\" sizes=\"(max-width: 604px) 100vw, 604px\" \/><\/a><\/p>\n<p>&nbsp;<\/p>\n<p>Despu\u00e9s de haber vivido en lugares como Italia, Berl\u00edn, Madrid, Miami,&#8230;para Carmen el objetivo principal es volver a casa, como as\u00ed han hecho. Pero con ellos, se traen la fuerza necesaria para rescatar del olvido no solo este edificio de 1925 sino tambi\u00e9n, y mucho m\u00e1s importante, toda la historia que la cubr\u00eda de polvo. Ambos son un claro ejemplo de personas j\u00f3venes que han decidido que el pasado no se quede atr\u00e1s, sino que han tratado de reavivarlo dando vida a esta peque\u00f1a poblaci\u00f3n canguesa y, a su vez, a esa Asturias que necesitaba una inyecci\u00f3n econ\u00f3mica.<\/p>\n<p>Estoy convencida de que Alipio, el abuelo de Adolfo y a quien todo el mundo quer\u00eda en la zona, estar\u00eda muy orgulloso de todo lo que esta pareja ha logrado y, lo que es m\u00e1s importante, de todo lo que lograr\u00e1n porque, gracias a todos, podremos colaborar a que su trabajo no haya sido en vano y, personalmente, con esta cr\u00f3nica, espero poder aportar mi granito de arena a que sean m\u00e1s visibles. Ojal\u00e1 a partir de ahora, en la AS-15 haya un lugar que ha dejado de ser &#8220;de paso&#8221; para convertirse en un lugar &#8220;de parada&#8221;.<\/p>\n<p>Para informaci\u00f3n y reservas:\u00a0<a href=\"https:\/\/cadario1925.com\/\" target=\"_blank\" rel=\"noopener external nofollow\">https:\/\/cadario1925.com\/<\/a><\/p>\n<p>&nbsp;<\/p>\n<p><a href=\"https:\/\/static-blogs.elcomercio.es\/wp-content\/uploads\/sites\/13\/2023\/02\/IMG_20230226_084150.jpg\"><img loading=\"lazy\" class=\"alignnone size-full wp-image-8056\" src=\"https:\/\/static-blogs.elcomercio.es\/wp-content\/uploads\/sites\/13\/2023\/02\/IMG_20230226_084150.jpg\" alt=\"\" width=\"604\" height=\"364\" srcset=\"https:\/\/static-blogs.elcomercio.es\/wp-content\/uploads\/sites\/13\/2023\/02\/IMG_20230226_084150.jpg 604w, https:\/\/static-blogs.elcomercio.es\/wp-content\/uploads\/sites\/13\/2023\/02\/IMG_20230226_084150-300x181.jpg 300w\" sizes=\"(max-width: 604px) 100vw, 604px\" \/><\/a><\/p>\n<p>&nbsp;<\/p>\n<p>&nbsp;<\/p>\n<p>&nbsp;<\/p>\n<p>&nbsp;<\/p>\n<p>&nbsp;<\/p>\n<p>&nbsp;<\/p>\n<p>&nbsp;<\/p>\n<p>&nbsp;<\/p>\n<p>&nbsp;<\/p>\n<p>&nbsp;<\/p>\n<p>&nbsp;<\/p>\n<p>&nbsp;<\/p>\n<p>&nbsp;<\/p>\n<p>&nbsp;<\/p>\n<p>&nbsp;<\/p>\n<p>&nbsp;<\/p>\n<p>&nbsp;<\/p>\n<p>&nbsp;<\/p>\n<p>&nbsp;<\/p>\n<p>&nbsp;<\/p>\n<p>&nbsp;<\/p>\n<p>&nbsp;<\/p>\n<p>&nbsp;<\/p>\n<p>&nbsp;<\/p>\n<p>&nbsp;<\/p>\n<p>&nbsp;<\/p>\n<p>&nbsp;<\/p>\n<p>&nbsp;<\/p>\n<p>&nbsp;<\/p>\n<p>&nbsp;<\/p>\n<p>&nbsp;<\/p>\n<p>&nbsp;<\/p>\n<p>&nbsp;<\/p>\n<p>&nbsp;<\/p>\n<p>&nbsp;<\/p>\n<p>&nbsp;<\/p>\n<p>&nbsp;<\/p>\n<p>&nbsp;<\/p>\n<p>&nbsp;<\/p>\n<p>&nbsp;<\/p>\n<p>&nbsp;<\/p>\n<p>&nbsp;<\/p>\n<p>&nbsp;<\/p>\n<p>&nbsp;<\/p>\n<p>&nbsp;<\/p>\n<p>&nbsp;<\/p>\n<p>&nbsp;<\/p>\n<p>&nbsp;<\/p>\n<p>&nbsp;<\/p>\n<!-- AddThis Advanced Settings generic via filter on the_content --><!-- AddThis Share Buttons generic via filter on the_content -->","protected":false},"excerpt":{"rendered":"<p>Ubicado a orillas de la AS-15, y a tan solo 11 kil\u00f3metros de Cangas del Narcea, ante la atenta mirada de las discretas y verdes monta\u00f1as que lo contemplan, se encuentra nuestro destino de hoy en el cual viajaremos al pasado para rescatar de \u00e9l toda una tradici\u00f3n gracias a Adolfo Llano y Carmen Zuazua. [&hellip;]<!-- AddThis Advanced Settings generic via filter on get_the_excerpt --><!-- AddThis Share Buttons generic via filter on get_the_excerpt --><\/p>\n","protected":false},"author":14,"featured_media":8048,"comment_status":"open","ping_status":"closed","sticky":false,"template":"","format":"standard","meta":[],"categories":[11],"tags":[168,275,430,1383,638,691,1384],"_links":{"self":[{"href":"https:\/\/blogs.elcomercio.es\/explorando-paraiso-moto\/wp-json\/wp\/v2\/posts\/8049"}],"collection":[{"href":"https:\/\/blogs.elcomercio.es\/explorando-paraiso-moto\/wp-json\/wp\/v2\/posts"}],"about":[{"href":"https:\/\/blogs.elcomercio.es\/explorando-paraiso-moto\/wp-json\/wp\/v2\/types\/post"}],"author":[{"embeddable":true,"href":"https:\/\/blogs.elcomercio.es\/explorando-paraiso-moto\/wp-json\/wp\/v2\/users\/14"}],"replies":[{"embeddable":true,"href":"https:\/\/blogs.elcomercio.es\/explorando-paraiso-moto\/wp-json\/wp\/v2\/comments?post=8049"}],"version-history":[{"count":7,"href":"https:\/\/blogs.elcomercio.es\/explorando-paraiso-moto\/wp-json\/wp\/v2\/posts\/8049\/revisions"}],"predecessor-version":[{"id":8058,"href":"https:\/\/blogs.elcomercio.es\/explorando-paraiso-moto\/wp-json\/wp\/v2\/posts\/8049\/revisions\/8058"}],"wp:featuredmedia":[{"embeddable":true,"href":"https:\/\/blogs.elcomercio.es\/explorando-paraiso-moto\/wp-json\/wp\/v2\/media\/8048"}],"wp:attachment":[{"href":"https:\/\/blogs.elcomercio.es\/explorando-paraiso-moto\/wp-json\/wp\/v2\/media?parent=8049"}],"wp:term":[{"taxonomy":"category","embeddable":true,"href":"https:\/\/blogs.elcomercio.es\/explorando-paraiso-moto\/wp-json\/wp\/v2\/categories?post=8049"},{"taxonomy":"post_tag","embeddable":true,"href":"https:\/\/blogs.elcomercio.es\/explorando-paraiso-moto\/wp-json\/wp\/v2\/tags?post=8049"}],"curies":[{"name":"wp","href":"https:\/\/api.w.org\/{rel}","templated":true}]}}