{"id":8059,"date":"2023-10-04T18:47:58","date_gmt":"2023-10-04T16:47:58","guid":{"rendered":"https:\/\/blogs.elcomercio.es\/explorando-paraiso-moto\/?p=8059"},"modified":"2023-10-04T18:47:58","modified_gmt":"2023-10-04T16:47:58","slug":"el-puerto-de-san-lorenzo","status":"publish","type":"post","link":"https:\/\/blogs.elcomercio.es\/explorando-paraiso-moto\/2023\/10\/04\/el-puerto-de-san-lorenzo\/","title":{"rendered":"El Puerto de San Lorenzo"},"content":{"rendered":"<p>Pudiendo realizar el ascenso a este m\u00edtico puerto asturiano o bien desde La Riera o bien desde la zona de Teverga, me decid\u00ed en esta ocasi\u00f3n a realizarlo desde esta zona. Si bien es cierto que en varias ocasiones lo hice a la inversa.<\/p>\n<p>Ser\u00e1 la AS-265 la carretera que recorreremos y pasaremos por pueblos como Villanueva.<\/p>\n<p>&nbsp;<\/p>\n<p><a href=\"https:\/\/static-blogs.elcomercio.es\/wp-content\/uploads\/sites\/13\/2023\/03\/IMG20230215143114.jpg\"><img loading=\"lazy\" class=\"alignnone size-full wp-image-8183\" src=\"https:\/\/static-blogs.elcomercio.es\/wp-content\/uploads\/sites\/13\/2023\/03\/IMG20230215143114.jpg\" alt=\"\" width=\"604\" height=\"454\" srcset=\"https:\/\/static-blogs.elcomercio.es\/wp-content\/uploads\/sites\/13\/2023\/03\/IMG20230215143114.jpg 604w, https:\/\/static-blogs.elcomercio.es\/wp-content\/uploads\/sites\/13\/2023\/03\/IMG20230215143114-300x225.jpg 300w\" sizes=\"(max-width: 604px) 100vw, 604px\" \/><\/a><\/p>\n<p>&nbsp;<\/p>\n<p><a href=\"https:\/\/static-blogs.elcomercio.es\/wp-content\/uploads\/sites\/13\/2023\/03\/IMG20230215142941.jpg\"><img loading=\"lazy\" class=\"alignnone size-full wp-image-8182\" src=\"https:\/\/static-blogs.elcomercio.es\/wp-content\/uploads\/sites\/13\/2023\/03\/IMG20230215142941.jpg\" alt=\"\" width=\"604\" height=\"454\" srcset=\"https:\/\/static-blogs.elcomercio.es\/wp-content\/uploads\/sites\/13\/2023\/03\/IMG20230215142941.jpg 604w, https:\/\/static-blogs.elcomercio.es\/wp-content\/uploads\/sites\/13\/2023\/03\/IMG20230215142941-300x225.jpg 300w\" sizes=\"(max-width: 604px) 100vw, 604px\" \/><\/a><\/p>\n<p>&nbsp;<\/p>\n<p>El ascenso estuvo caracterizado por un buen estado del asfalto y curvas y m\u00e1s curvas que hicieron la delicia de este breve viaje en moto. No pudo faltar la parada para detenerse a contemplar el paisaje impresionante que ten\u00eda ante mis ojos.<\/p>\n<p>&nbsp;<\/p>\n<p><a href=\"https:\/\/static-blogs.elcomercio.es\/wp-content\/uploads\/sites\/13\/2023\/03\/IMG20230215143652.jpg\"><img loading=\"lazy\" class=\"alignnone size-full wp-image-8184\" src=\"https:\/\/static-blogs.elcomercio.es\/wp-content\/uploads\/sites\/13\/2023\/03\/IMG20230215143652.jpg\" alt=\"\" width=\"604\" height=\"454\" srcset=\"https:\/\/static-blogs.elcomercio.es\/wp-content\/uploads\/sites\/13\/2023\/03\/IMG20230215143652.jpg 604w, https:\/\/static-blogs.elcomercio.es\/wp-content\/uploads\/sites\/13\/2023\/03\/IMG20230215143652-300x225.jpg 300w\" sizes=\"(max-width: 604px) 100vw, 604px\" \/><\/a><\/p>\n<p>&nbsp;<\/p>\n<p>Sin olvidarme de que hasta hace bien poco en este puerto hab\u00eda que llevar cadenas para atravesarlo y que la nieve a\u00fan no hab\u00eda desaparecido con lo cual toda precauci\u00f3n era poca.<\/p>\n<p>&nbsp;<\/p>\n<p><a href=\"https:\/\/static-blogs.elcomercio.es\/wp-content\/uploads\/sites\/13\/2023\/03\/IMG20230215143819.jpg\"><img loading=\"lazy\" class=\"alignnone size-full wp-image-8185\" src=\"https:\/\/static-blogs.elcomercio.es\/wp-content\/uploads\/sites\/13\/2023\/03\/IMG20230215143819.jpg\" alt=\"\" width=\"604\" height=\"454\" srcset=\"https:\/\/static-blogs.elcomercio.es\/wp-content\/uploads\/sites\/13\/2023\/03\/IMG20230215143819.jpg 604w, https:\/\/static-blogs.elcomercio.es\/wp-content\/uploads\/sites\/13\/2023\/03\/IMG20230215143819-300x225.jpg 300w\" sizes=\"(max-width: 604px) 100vw, 604px\" \/><\/a><\/p>\n<p>&nbsp;<\/p>\n<p>Unos 11 kil\u00f3metros desde Teverga me separaban de mi destino, el puerto de San Lorenzo, en pleno Cam\u00edn Real de la Mesa.<\/p>\n<p>&nbsp;<\/p>\n<p><a href=\"https:\/\/static-blogs.elcomercio.es\/wp-content\/uploads\/sites\/13\/2023\/03\/IMG20230215144355.jpg\"><img loading=\"lazy\" class=\"alignnone size-full wp-image-8186\" src=\"https:\/\/static-blogs.elcomercio.es\/wp-content\/uploads\/sites\/13\/2023\/03\/IMG20230215144355.jpg\" alt=\"\" width=\"604\" height=\"454\" srcset=\"https:\/\/static-blogs.elcomercio.es\/wp-content\/uploads\/sites\/13\/2023\/03\/IMG20230215144355.jpg 604w, https:\/\/static-blogs.elcomercio.es\/wp-content\/uploads\/sites\/13\/2023\/03\/IMG20230215144355-300x225.jpg 300w\" sizes=\"(max-width: 604px) 100vw, 604px\" \/><\/a><\/p>\n<p>&nbsp;<\/p>\n<p>&#8220;Trailera&#8221; esper\u00f3 durante unos minutos estacionada en lo alto.<\/p>\n<p>&nbsp;<\/p>\n<p><a href=\"https:\/\/static-blogs.elcomercio.es\/wp-content\/uploads\/sites\/13\/2023\/03\/IMG20230215144825.jpg\"><img loading=\"lazy\" class=\"alignnone size-full wp-image-8187\" src=\"https:\/\/static-blogs.elcomercio.es\/wp-content\/uploads\/sites\/13\/2023\/03\/IMG20230215144825.jpg\" alt=\"\" width=\"604\" height=\"454\" srcset=\"https:\/\/static-blogs.elcomercio.es\/wp-content\/uploads\/sites\/13\/2023\/03\/IMG20230215144825.jpg 604w, https:\/\/static-blogs.elcomercio.es\/wp-content\/uploads\/sites\/13\/2023\/03\/IMG20230215144825-300x225.jpg 300w\" sizes=\"(max-width: 604px) 100vw, 604px\" \/><\/a><\/p>\n<p>&nbsp;<\/p>\n<p>Ahora me tocaba a m\u00ed, no solo disfrutar del paisaje.<\/p>\n<p>&nbsp;<\/p>\n<p><a href=\"https:\/\/static-blogs.elcomercio.es\/wp-content\/uploads\/sites\/13\/2023\/03\/IMG_20230215_145416.jpg\"><img loading=\"lazy\" class=\"alignnone size-full wp-image-8180\" src=\"https:\/\/static-blogs.elcomercio.es\/wp-content\/uploads\/sites\/13\/2023\/03\/IMG_20230215_145416.jpg\" alt=\"\" width=\"604\" height=\"551\" srcset=\"https:\/\/static-blogs.elcomercio.es\/wp-content\/uploads\/sites\/13\/2023\/03\/IMG_20230215_145416.jpg 604w, https:\/\/static-blogs.elcomercio.es\/wp-content\/uploads\/sites\/13\/2023\/03\/IMG_20230215_145416-300x274.jpg 300w\" sizes=\"(max-width: 604px) 100vw, 604px\" \/><\/a><\/p>\n<p>&nbsp;<\/p>\n<p><a href=\"https:\/\/static-blogs.elcomercio.es\/wp-content\/uploads\/sites\/13\/2023\/03\/IMG20230215150246.jpg\"><img loading=\"lazy\" class=\"alignnone size-full wp-image-8189\" src=\"https:\/\/static-blogs.elcomercio.es\/wp-content\/uploads\/sites\/13\/2023\/03\/IMG20230215150246.jpg\" alt=\"\" width=\"604\" height=\"454\" srcset=\"https:\/\/static-blogs.elcomercio.es\/wp-content\/uploads\/sites\/13\/2023\/03\/IMG20230215150246.jpg 604w, https:\/\/static-blogs.elcomercio.es\/wp-content\/uploads\/sites\/13\/2023\/03\/IMG20230215150246-300x225.jpg 300w\" sizes=\"(max-width: 604px) 100vw, 604px\" \/><\/a><\/p>\n<p>&nbsp;<\/p>\n<p>Sino tambi\u00e9n de la comida en un comedor que no hubiera cambiado por uno de mantel en ese momento y en el que las vistas dif\u00edcilmente podr\u00edan ser mejorables.<\/p>\n<p>&nbsp;<\/p>\n<p><a href=\"https:\/\/static-blogs.elcomercio.es\/wp-content\/uploads\/sites\/13\/2023\/03\/IMG20230215145100.jpg\"><img loading=\"lazy\" class=\"alignnone size-full wp-image-8188\" src=\"https:\/\/static-blogs.elcomercio.es\/wp-content\/uploads\/sites\/13\/2023\/03\/IMG20230215145100.jpg\" alt=\"\" width=\"604\" height=\"454\" srcset=\"https:\/\/static-blogs.elcomercio.es\/wp-content\/uploads\/sites\/13\/2023\/03\/IMG20230215145100.jpg 604w, https:\/\/static-blogs.elcomercio.es\/wp-content\/uploads\/sites\/13\/2023\/03\/IMG20230215145100-300x225.jpg 300w\" sizes=\"(max-width: 604px) 100vw, 604px\" \/><\/a><\/p>\n<p>&nbsp;<\/p>\n<p>Hacia La Riera me esperaban unos otros 10 kil\u00f3metros de carretera solitaria, curvas de herradura, monta\u00f1as vestidas de blanca nieve y donde pas\u00e9 por pueblos como <a href=\"https:\/\/blogs.elcomercio.es\/explorando-paraiso-moto\/2021\/01\/24\/rincones-de-somiedo-las-morteras\/\" target=\"_blank\" rel=\"noopener\">Las Morteras<\/a> en el cual ya hice previamente una parada para este blog recomendada por mi amigo Cuco Manzano.<\/p>\n<p>Y me volv\u00ed a casa con las pilas cargadas pensando en lo poco que cuesta un momento de felicidad y en lo poco que se valoran los mismos. En eso y en mi siguiente destino.\u00bfSer\u00e1 occidente?. Ser\u00e1 oriente?. Sea el que sea, ser\u00e1 en Asturias y eso ya es un broche de oro.<\/p>\n<!-- AddThis Advanced Settings generic via filter on the_content --><!-- AddThis Share Buttons generic via filter on the_content -->","protected":false},"excerpt":{"rendered":"<p>Pudiendo realizar el ascenso a este m\u00edtico puerto asturiano o bien desde La Riera o bien desde la zona de Teverga, me decid\u00ed en esta ocasi\u00f3n a realizarlo desde esta zona. Si bien es cierto que en varias ocasiones lo hice a la inversa. Ser\u00e1 la AS-265 la carretera que recorreremos y pasaremos por pueblos [&hellip;]<!-- AddThis Advanced Settings generic via filter on get_the_excerpt --><!-- AddThis Share Buttons generic via filter on get_the_excerpt --><\/p>\n","protected":false},"author":14,"featured_media":0,"comment_status":"open","ping_status":"closed","sticky":false,"template":"","format":"standard","meta":[],"categories":[77,81],"tags":[431,1090,916],"_links":{"self":[{"href":"https:\/\/blogs.elcomercio.es\/explorando-paraiso-moto\/wp-json\/wp\/v2\/posts\/8059"}],"collection":[{"href":"https:\/\/blogs.elcomercio.es\/explorando-paraiso-moto\/wp-json\/wp\/v2\/posts"}],"about":[{"href":"https:\/\/blogs.elcomercio.es\/explorando-paraiso-moto\/wp-json\/wp\/v2\/types\/post"}],"author":[{"embeddable":true,"href":"https:\/\/blogs.elcomercio.es\/explorando-paraiso-moto\/wp-json\/wp\/v2\/users\/14"}],"replies":[{"embeddable":true,"href":"https:\/\/blogs.elcomercio.es\/explorando-paraiso-moto\/wp-json\/wp\/v2\/comments?post=8059"}],"version-history":[{"count":2,"href":"https:\/\/blogs.elcomercio.es\/explorando-paraiso-moto\/wp-json\/wp\/v2\/posts\/8059\/revisions"}],"predecessor-version":[{"id":8190,"href":"https:\/\/blogs.elcomercio.es\/explorando-paraiso-moto\/wp-json\/wp\/v2\/posts\/8059\/revisions\/8190"}],"wp:attachment":[{"href":"https:\/\/blogs.elcomercio.es\/explorando-paraiso-moto\/wp-json\/wp\/v2\/media?parent=8059"}],"wp:term":[{"taxonomy":"category","embeddable":true,"href":"https:\/\/blogs.elcomercio.es\/explorando-paraiso-moto\/wp-json\/wp\/v2\/categories?post=8059"},{"taxonomy":"post_tag","embeddable":true,"href":"https:\/\/blogs.elcomercio.es\/explorando-paraiso-moto\/wp-json\/wp\/v2\/tags?post=8059"}],"curies":[{"name":"wp","href":"https:\/\/api.w.org\/{rel}","templated":true}]}}