{"id":813,"date":"2017-07-13T13:17:47","date_gmt":"2017-07-13T11:17:47","guid":{"rendered":"http:\/\/blogs.elcomercio.es\/explorando-paraiso-moto\/?p=813"},"modified":"2017-07-14T00:39:34","modified_gmt":"2017-07-13T22:39:34","slug":"el-alto-de-la-cobertoria","status":"publish","type":"post","link":"https:\/\/blogs.elcomercio.es\/explorando-paraiso-moto\/2017\/07\/13\/el-alto-de-la-cobertoria\/","title":{"rendered":"El Alto de la Cobertoria"},"content":{"rendered":"<p>En realidad, aunque parezca mentira, ese d\u00eda no ten\u00eda ninguna ruta planeada. Solamente muchas ganas de salir con &#8220;Trailera&#8221; y\u00a0 no me importaba hasta d\u00f3nde llegar. Una de mis zonas predilectas es la del Valle del Trubia as\u00ed que.. \u00a0\u00bf Por qu\u00e9 no ir hasta all\u00ed ?.<\/p>\n<p>&nbsp;<\/p>\n<p><a href=\"\/explorando-paraiso-moto\/wp-content\/uploads\/sites\/13\/2015\/06\/la-cobertoria-14.jpg\"><img loading=\"lazy\" src=\"\/explorando-paraiso-moto\/wp-content\/uploads\/sites\/13\/2015\/06\/la-cobertoria-14.jpg\" alt=\"\" width=\"866\" height=\"582\" \/><\/a><\/p>\n<p><!--more--><\/p>\n<p>&nbsp;<\/p>\n<p>Aunque esta vez sub\u00ed La Cobertoria por la AS-230, la carretera &#8220;tradicional&#8221; podr\u00edamos decir, la m\u00e1s frecuentada, en otras ocasiones lo he hecho por\u00a0 &#8221; el lado salvaje&#8221; como yo le llamo ( la QU-5 primero y luego la QU-4)\u00a0 y cuyo acceso encontramos al poco de pasar B\u00e1rzana.<\/p>\n<p>&nbsp;<\/p>\n<p><a href=\"\/explorando-paraiso-moto\/wp-content\/uploads\/sites\/13\/2015\/06\/la-cobertoria-1.jpg\"><img loading=\"lazy\" src=\"\/explorando-paraiso-moto\/wp-content\/uploads\/sites\/13\/2015\/06\/la-cobertoria-1.jpg\" alt=\"\" width=\"716\" height=\"541\" \/><\/a><\/p>\n<p>&nbsp;<\/p>\n<p>Esta es la ruta que muy pocos siguen para llegar a la cima y que , personalmente, me encanta a pesar de que la carretera sea estrecha, muy parcheada y con mucha gravilla, algo que dificulta su tr\u00e1nsito.<\/p>\n<p>En el km 10 aproximadamente y despu\u00e9s de pasar por Cortes, este cruce nos indica la direcci\u00f3n a seguir ( si continuamos de frente llegar\u00edamos hasta el pueblo de Lindes). A\u00fan quedan otros 10 kms.<\/p>\n<p>&nbsp;<\/p>\n<p><a href=\"\/explorando-paraiso-moto\/wp-content\/uploads\/sites\/13\/2015\/06\/la-cobertoria-4.jpg\"><img loading=\"lazy\" src=\"\/explorando-paraiso-moto\/wp-content\/uploads\/sites\/13\/2015\/06\/la-cobertoria-4.jpg\" alt=\"\" width=\"716\" height=\"541\" \/><\/a><\/p>\n<p>&nbsp;<\/p>\n<p>Un fuerte descenso con asfalto en mal estado..<\/p>\n<p>&nbsp;<\/p>\n<p><a href=\"\/explorando-paraiso-moto\/wp-content\/uploads\/sites\/13\/2015\/06\/la-cobertoria-5.jpg\"><img loading=\"lazy\" src=\"\/explorando-paraiso-moto\/wp-content\/uploads\/sites\/13\/2015\/06\/la-cobertoria-5.jpg\" alt=\"\" width=\"716\" height=\"541\" \/><\/a><\/p>\n<p>&nbsp;<\/p>\n<p>Ya no queda mucho..\u00a0 \u00a1Menudas vistas!.<\/p>\n<p>&nbsp;<\/p>\n<p><a href=\"\/explorando-paraiso-moto\/wp-content\/uploads\/sites\/13\/2015\/06\/la-cobertoria-6.jpg\"><img loading=\"lazy\" src=\"\/explorando-paraiso-moto\/wp-content\/uploads\/sites\/13\/2015\/06\/la-cobertoria-6.jpg\" alt=\"\" width=\"816\" height=\"616\" \/><\/a><\/p>\n<p>&nbsp;<\/p>\n<p>&nbsp;<\/p>\n<p><a href=\"\/explorando-paraiso-moto\/wp-content\/uploads\/sites\/13\/2015\/06\/la-cobertoria-7.jpg\"><img loading=\"lazy\" src=\"\/explorando-paraiso-moto\/wp-content\/uploads\/sites\/13\/2015\/06\/la-cobertoria-7.jpg\" alt=\"\" width=\"716\" height=\"541\" \/><\/a><\/p>\n<p>&nbsp;<\/p>\n<p>En el Alto.. a 1173 metros.<\/p>\n<p>&nbsp;<\/p>\n<p><a href=\"\/explorando-paraiso-moto\/wp-content\/uploads\/sites\/13\/2015\/06\/la-cobertoria-8.jpg\"><img loading=\"lazy\" src=\"\/explorando-paraiso-moto\/wp-content\/uploads\/sites\/13\/2015\/06\/la-cobertoria-8.jpg\" alt=\"\" width=\"716\" height=\"541\" \/><\/a><\/p>\n<p>&nbsp;<\/p>\n<p>Por la AS-230 me cruzo con varios ciclistas..<\/p>\n<p>&nbsp;<\/p>\n<p><a href=\"\/explorando-paraiso-moto\/wp-content\/uploads\/sites\/13\/2015\/06\/la-cobertoria-2.jpg\"><img loading=\"lazy\" src=\"\/explorando-paraiso-moto\/wp-content\/uploads\/sites\/13\/2015\/06\/la-cobertoria-2.jpg\" alt=\"\" width=\"716\" height=\"541\" \/><\/a><\/p>\n<p>&nbsp;<\/p>\n<p>Tengo pendiente una parada en Llanuces desde que v\u00ed este pueblo en una cr\u00f3nica de <em><a href=\"http:\/\/5000curvas.blogspot.com.es\/2015\/04\/clasicas-llanuces-y-bermiego-29032015.html\" target=\"_blank\" rel=\"external nofollow\">Slow Rider<\/a><\/em>. Uno de tantos que uno &#8220;se pasa de largo &#8221; y que, cuando, por f\u00edn, dedicamos un poco de nuestro tiempo a explorarlo nos damos cuenta de lo que nos est\u00e1bamos perdiendo.<\/p>\n<p>En el ascenso, una parada para contemplar el paisaje.<\/p>\n<p>&nbsp;<\/p>\n<p><a href=\"\/explorando-paraiso-moto\/wp-content\/uploads\/sites\/13\/2015\/06\/la-cobertoria-13.jpg\"><img loading=\"lazy\" src=\"\/explorando-paraiso-moto\/wp-content\/uploads\/sites\/13\/2015\/06\/la-cobertoria-13.jpg\" alt=\"\" width=\"816\" height=\"549\" \/><\/a><\/p>\n<p>&nbsp;<\/p>\n<p><a href=\"\/explorando-paraiso-moto\/wp-content\/uploads\/sites\/13\/2015\/06\/la-cobertoria-11.jpg\"><img loading=\"lazy\" src=\"\/explorando-paraiso-moto\/wp-content\/uploads\/sites\/13\/2015\/06\/la-cobertoria-11.jpg\" alt=\"\" width=\"716\" height=\"482\" \/><\/a><\/p>\n<p>&nbsp;<\/p>\n<p>\u00bf Esto existe ? Si no lo veo, no lo creo..<\/p>\n<p>&nbsp;<\/p>\n<p><a href=\"\/explorando-paraiso-moto\/wp-content\/uploads\/sites\/13\/2015\/06\/la-cobertoria-10.jpg\"><img loading=\"lazy\" src=\"\/explorando-paraiso-moto\/wp-content\/uploads\/sites\/13\/2015\/06\/la-cobertoria-10.jpg\" alt=\"\" width=\"816\" height=\"549\" \/><\/a><\/p>\n<p>&nbsp;<\/p>\n<p>Pe\u00f1a Rueda..<\/p>\n<p>&nbsp;<\/p>\n<p><a href=\"\/explorando-paraiso-moto\/wp-content\/uploads\/sites\/13\/2015\/06\/la-cobertoria-17.jpg\"><img loading=\"lazy\" src=\"\/explorando-paraiso-moto\/wp-content\/uploads\/sites\/13\/2015\/06\/la-cobertoria-17.jpg\" alt=\"\" width=\"716\" height=\"482\" \/><\/a><\/p>\n<p>&nbsp;<\/p>\n<p>Las antenas del Gamoniteiru, el techo del Aramo.<\/p>\n<p>&nbsp;<\/p>\n<p><a href=\"\/explorando-paraiso-moto\/wp-content\/uploads\/sites\/13\/2015\/06\/la-cobertoria-15.jpg\"><img loading=\"lazy\" src=\"\/explorando-paraiso-moto\/wp-content\/uploads\/sites\/13\/2015\/06\/la-cobertoria-15.jpg\" alt=\"\" width=\"716\" height=\"482\" \/><\/a><\/p>\n<p>&nbsp;<\/p>\n<p>Y cuando llego arriba&#8230;<\/p>\n<p>&nbsp;<\/p>\n<p><a href=\"\/explorando-paraiso-moto\/wp-content\/uploads\/sites\/13\/2015\/06\/la-cobertoria-16.jpg\"><img loading=\"lazy\" src=\"\/explorando-paraiso-moto\/wp-content\/uploads\/sites\/13\/2015\/06\/la-cobertoria-16.jpg\" alt=\"\" width=\"716\" height=\"482\" \/><\/a><\/p>\n<p>&nbsp;<\/p>\n<p>&nbsp;<\/p>\n<p><a href=\"\/explorando-paraiso-moto\/wp-content\/uploads\/sites\/13\/2015\/06\/la-cobertoria-181.jpg\"><img loading=\"lazy\" src=\"\/explorando-paraiso-moto\/wp-content\/uploads\/sites\/13\/2015\/06\/la-cobertoria-181.jpg\" alt=\"\" width=\"716\" height=\"482\" \/><\/a><\/p>\n<p>&nbsp;<\/p>\n<p>\u00a1\u00a1 S\u00f3lo se me ocurre a m\u00ed venir hasta\u00a0La Cobertoria el d\u00eda que pasa por ella\u00a0 la Vuelta Ciclista a Asturias !! Seguro que si lo hubiera buscado no lo hubiera encontrado.. Suele pasar.<\/p>\n<p>Aqu\u00ed se celebra la Fiesta del Cordero (primer domingo de julio), declarada de Inter\u00e9s Tur\u00edstico Regional. En este lugar hay una arquitectura megal\u00edtica con t\u00famulos funerarios y d\u00f3lmenes, concretamente en el Prau Llag\u00fcezos, Los Fitos (donde hay piedras hincadas \u2014hitos) y Mata&#8217; l Casare.<\/p>\n<p>Ya en el descenso hacia Lena tenemos la opci\u00f3n de desviarnos por un camino asfaltado hacia el \u00e1rea recreativa de La Peral y poder disfrutar all\u00ed de un buen descanso.<\/p>\n<p>La verdad que nunca tuve tanto p\u00fablico\u00a0rodando\u00a0por este puerto y es que parece que no he escogido precisamente el d\u00eda m\u00e1s id\u00f3neo para venir aunque ello no me ha impedido disfrutarlo. Ni siquiera el haber pillado el agua a la vuelta pudo hacerlo. Asturias es impredecible.<\/p>\n<p>&nbsp;<\/p>\n<p><a href=\"\/explorando-paraiso-moto\/wp-content\/uploads\/sites\/13\/2015\/06\/la-cobertoria-18.jpg\"><img loading=\"lazy\" src=\"\/explorando-paraiso-moto\/wp-content\/uploads\/sites\/13\/2015\/06\/la-cobertoria-18.jpg\" alt=\"\" width=\"716\" height=\"541\" \/><\/a><\/p>\n<p>&nbsp;<\/p>\n<p>Espero que os haya gustado. V\u00b4SSSS.<\/p>\n<p><a href=\"https:\/\/maps.google.es\/maps\/myplaces?ctz=300&amp;t=m&amp;z=14&amp;dg=feature\" target=\"_blank\" rel=\"external nofollow\">Mapa<\/a> de la ruta:<\/p>\n<p><a href=\"\/explorando-paraiso-moto\/wp-content\/uploads\/sites\/13\/2015\/06\/ruta-La-Cobertoria.jpg\"><img loading=\"lazy\" src=\"\/explorando-paraiso-moto\/wp-content\/uploads\/sites\/13\/2015\/06\/ruta-La-Cobertoria.jpg\" alt=\"\" width=\"516\" height=\"391\" \/><\/a><\/p>\n<p>&nbsp;<\/p>\n<p>Agradecimientos a las colaboraciones de: Neum\u00e1ticos Motoval Oviedo, Triocar Motorrad, Alquiler de Motos Kariburen, Rom(rutas organizadas en moto), Motos Gij\u00f3n,Dynamic Line.<\/p>\n<!-- AddThis Advanced Settings generic via filter on the_content --><!-- AddThis Share Buttons generic via filter on the_content -->","protected":false},"excerpt":{"rendered":"<p>En realidad, aunque parezca mentira, ese d\u00eda no ten\u00eda ninguna ruta planeada. Solamente muchas ganas de salir con &#8220;Trailera&#8221; y\u00a0 no me importaba hasta d\u00f3nde llegar. Una de mis zonas predilectas es la del Valle del Trubia as\u00ed que.. \u00a0\u00bf Por qu\u00e9 no ir hasta all\u00ed ?. &nbsp;<!-- AddThis Advanced Settings generic via filter on get_the_excerpt --><!-- AddThis Share Buttons generic via filter on get_the_excerpt --><\/p>\n","protected":false},"author":14,"featured_media":0,"comment_status":"open","ping_status":"closed","sticky":false,"template":"","format":"standard","meta":[],"categories":[36,61],"tags":[125,149,176,370,430,562,567,571,638,691,788,789,968],"_links":{"self":[{"href":"https:\/\/blogs.elcomercio.es\/explorando-paraiso-moto\/wp-json\/wp\/v2\/posts\/813"}],"collection":[{"href":"https:\/\/blogs.elcomercio.es\/explorando-paraiso-moto\/wp-json\/wp\/v2\/posts"}],"about":[{"href":"https:\/\/blogs.elcomercio.es\/explorando-paraiso-moto\/wp-json\/wp\/v2\/types\/post"}],"author":[{"embeddable":true,"href":"https:\/\/blogs.elcomercio.es\/explorando-paraiso-moto\/wp-json\/wp\/v2\/users\/14"}],"replies":[{"embeddable":true,"href":"https:\/\/blogs.elcomercio.es\/explorando-paraiso-moto\/wp-json\/wp\/v2\/comments?post=813"}],"version-history":[{"count":3,"href":"https:\/\/blogs.elcomercio.es\/explorando-paraiso-moto\/wp-json\/wp\/v2\/posts\/813\/revisions"}],"predecessor-version":[{"id":3558,"href":"https:\/\/blogs.elcomercio.es\/explorando-paraiso-moto\/wp-json\/wp\/v2\/posts\/813\/revisions\/3558"}],"wp:attachment":[{"href":"https:\/\/blogs.elcomercio.es\/explorando-paraiso-moto\/wp-json\/wp\/v2\/media?parent=813"}],"wp:term":[{"taxonomy":"category","embeddable":true,"href":"https:\/\/blogs.elcomercio.es\/explorando-paraiso-moto\/wp-json\/wp\/v2\/categories?post=813"},{"taxonomy":"post_tag","embeddable":true,"href":"https:\/\/blogs.elcomercio.es\/explorando-paraiso-moto\/wp-json\/wp\/v2\/tags?post=813"}],"curies":[{"name":"wp","href":"https:\/\/api.w.org\/{rel}","templated":true}]}}