{"id":8279,"date":"2023-04-09T19:13:58","date_gmt":"2023-04-09T17:13:58","guid":{"rendered":"https:\/\/blogs.elcomercio.es\/explorando-paraiso-moto\/?p=8279"},"modified":"2023-04-09T19:13:58","modified_gmt":"2023-04-09T17:13:58","slug":"el-alto-de-la-colladiella-y-el-monumento-al-minero","status":"publish","type":"post","link":"https:\/\/blogs.elcomercio.es\/explorando-paraiso-moto\/2023\/04\/09\/el-alto-de-la-colladiella-y-el-monumento-al-minero\/","title":{"rendered":"El Alto de la Colladiella y el monumento al minero"},"content":{"rendered":"<p>Huyendo de las aglomeraciones tan caracter\u00edsticas en las que Asturias se llena de gente en fechas tan se\u00f1aladas como Semana Santa, ese d\u00eda decid\u00ed irme hasta una zona, la Monta\u00f1a Central Asturiana, en la que supuestamente y, as\u00ed fue, pude disfrutar algo m\u00e1s de carreteras no tan saturadas y a la vez de los impresionantes paisajes que son protagonistas habituales de la misma.<\/p>\n<p>Desde Sotrondio, inici\u00e9 el ascenso, bastante empinado en algunos casos y, lamentablemente, con un asfalto que deja mucho que desear puesto que la carretera est\u00e1 en obras hasta Los Caleyos(apenas 1, 5 kms antes de culminar).\u00a0 Mucha gravilla y superficie rayada en algunos tramos hicieron que extremara las precauciones las cuales, en moto, siempre son pocas. Despu\u00e9s de desayunar con Marco Antonio Pazos que vino desde Galicia a visitar a su familia y de paso a m\u00ed, no tard\u00e9 en sacar a &#8220;Trailera&#8221; del garage y dirigirme hacia la desconexi\u00f3n de esa zona no tan tur\u00edstica como pudieran ser las pr\u00f3ximas a la costa que, seguramente, estar\u00edan a reventar de turistas.<\/p>\n<p>&nbsp;<\/p>\n<p><a href=\"https:\/\/static-blogs.elcomercio.es\/wp-content\/uploads\/sites\/13\/2023\/04\/1680992187678.jpg\"><img loading=\"lazy\" class=\"alignnone size-full wp-image-8261\" src=\"https:\/\/static-blogs.elcomercio.es\/wp-content\/uploads\/sites\/13\/2023\/04\/1680992187678.jpg\" alt=\"\" width=\"604\" height=\"342\" srcset=\"https:\/\/static-blogs.elcomercio.es\/wp-content\/uploads\/sites\/13\/2023\/04\/1680992187678.jpg 604w, https:\/\/static-blogs.elcomercio.es\/wp-content\/uploads\/sites\/13\/2023\/04\/1680992187678-300x170.jpg 300w\" sizes=\"(max-width: 604px) 100vw, 604px\" \/><\/a><\/p>\n<p>&nbsp;<\/p>\n<p>La AS-337 en unos 9, 4 kil\u00f3metros me llev\u00f3 hasta Los Caleyos y poco me falt\u00f3 m\u00e1s que girar la cabeza para ver c\u00f3mo de casualidad, veo que alguien alza un brazo y me saluda. Sab\u00eda que mi amigo Joaqu\u00edn, a quien algunos conocer\u00e9is de otras rutas como San Emiliano(Allande) o el mechero de Sa\u00fas, ten\u00eda una caba\u00f1ita en esta zona pero lo que no imagin\u00e9 fue encontr\u00e1rmelo en esta ocasi\u00f3n por all\u00ed junto a Ana. Me baj\u00e9 de la moto y me invitaron a entrar en su propiedad desde la cual, las vistas pon\u00edan la piel de gallina a cualquiera.<\/p>\n<p>&nbsp;<\/p>\n<p><a href=\"https:\/\/static-blogs.elcomercio.es\/wp-content\/uploads\/sites\/13\/2023\/04\/1680992187560.jpeg\"><img loading=\"lazy\" class=\"alignnone size-full wp-image-8280\" src=\"https:\/\/static-blogs.elcomercio.es\/wp-content\/uploads\/sites\/13\/2023\/04\/1680992187560.jpeg\" alt=\"\" width=\"604\" height=\"342\" srcset=\"https:\/\/static-blogs.elcomercio.es\/wp-content\/uploads\/sites\/13\/2023\/04\/1680992187560.jpeg 604w, https:\/\/static-blogs.elcomercio.es\/wp-content\/uploads\/sites\/13\/2023\/04\/1680992187560-300x170.jpeg 300w\" sizes=\"(max-width: 604px) 100vw, 604px\" \/><\/a><\/p>\n<p>&nbsp;<\/p>\n<p>Despu\u00e9s de llenar unos minutos con esta pareja, durante los cuales me ense\u00f1aron su peque\u00f1o y acogedor refugio e, incluso a su peque\u00f1a inquilina Petra, una gatina tricolor, me dirig\u00ed al Alto de la Colladiella donde apenas hab\u00eda gente.<\/p>\n<p>&nbsp;<\/p>\n<p><a href=\"https:\/\/static-blogs.elcomercio.es\/wp-content\/uploads\/sites\/13\/2023\/04\/1680992187665.jpg\"><img loading=\"lazy\" class=\"alignnone size-full wp-image-8274\" src=\"https:\/\/static-blogs.elcomercio.es\/wp-content\/uploads\/sites\/13\/2023\/04\/1680992187665.jpg\" alt=\"\" width=\"604\" height=\"342\" srcset=\"https:\/\/static-blogs.elcomercio.es\/wp-content\/uploads\/sites\/13\/2023\/04\/1680992187665.jpg 604w, https:\/\/static-blogs.elcomercio.es\/wp-content\/uploads\/sites\/13\/2023\/04\/1680992187665-300x170.jpg 300w\" sizes=\"(max-width: 604px) 100vw, 604px\" \/><\/a><\/p>\n<p>&nbsp;<\/p>\n<p><a href=\"https:\/\/static-blogs.elcomercio.es\/wp-content\/uploads\/sites\/13\/2023\/04\/1680992187546.jpeg\"><img loading=\"lazy\" class=\"alignnone size-full wp-image-8281\" src=\"https:\/\/static-blogs.elcomercio.es\/wp-content\/uploads\/sites\/13\/2023\/04\/1680992187546.jpeg\" alt=\"\" width=\"604\" height=\"342\" srcset=\"https:\/\/static-blogs.elcomercio.es\/wp-content\/uploads\/sites\/13\/2023\/04\/1680992187546.jpeg 604w, https:\/\/static-blogs.elcomercio.es\/wp-content\/uploads\/sites\/13\/2023\/04\/1680992187546-300x170.jpeg 300w\" sizes=\"(max-width: 604px) 100vw, 604px\" \/><\/a><\/p>\n<p>&nbsp;<\/p>\n<p>Alg\u00fan ciclista, un par de senderistas y, como no, los locales.<\/p>\n<p>&nbsp;<\/p>\n<p><a href=\"https:\/\/static-blogs.elcomercio.es\/wp-content\/uploads\/sites\/13\/2023\/04\/1680992187591.jpg\"><img loading=\"lazy\" class=\"alignnone size-full wp-image-8265\" src=\"https:\/\/static-blogs.elcomercio.es\/wp-content\/uploads\/sites\/13\/2023\/04\/1680992187591.jpg\" alt=\"\" width=\"590\" height=\"604\" srcset=\"https:\/\/static-blogs.elcomercio.es\/wp-content\/uploads\/sites\/13\/2023\/04\/1680992187591.jpg 590w, https:\/\/static-blogs.elcomercio.es\/wp-content\/uploads\/sites\/13\/2023\/04\/1680992187591-293x300.jpg 293w\" sizes=\"(max-width: 590px) 100vw, 590px\" \/><\/a><\/p>\n<p>&nbsp;<\/p>\n<p>Claramente se notaba que estaban acostumbrados a ver pasar gente por estos lares. Ni se inmutaban.<\/p>\n<p>&nbsp;<\/p>\n<p><a href=\"https:\/\/static-blogs.elcomercio.es\/wp-content\/uploads\/sites\/13\/2023\/04\/1680992187602.jpeg\"><img loading=\"lazy\" class=\"alignnone size-full wp-image-8266\" src=\"https:\/\/static-blogs.elcomercio.es\/wp-content\/uploads\/sites\/13\/2023\/04\/1680992187602.jpeg\" alt=\"\" width=\"604\" height=\"342\" srcset=\"https:\/\/static-blogs.elcomercio.es\/wp-content\/uploads\/sites\/13\/2023\/04\/1680992187602.jpeg 604w, https:\/\/static-blogs.elcomercio.es\/wp-content\/uploads\/sites\/13\/2023\/04\/1680992187602-300x170.jpeg 300w\" sizes=\"(max-width: 604px) 100vw, 604px\" \/><\/a><\/p>\n<p>&nbsp;<\/p>\n<p>Toc\u00f3 caminar un poco para alcanzar el monumento al minero ubicado en lo alto del monte.<\/p>\n<p>&nbsp;<\/p>\n<p><a href=\"https:\/\/static-blogs.elcomercio.es\/wp-content\/uploads\/sites\/13\/2023\/04\/1680992187510.jpeg\"><img loading=\"lazy\" class=\"alignnone size-full wp-image-8282\" src=\"https:\/\/static-blogs.elcomercio.es\/wp-content\/uploads\/sites\/13\/2023\/04\/1680992187510.jpeg\" alt=\"\" width=\"604\" height=\"342\" srcset=\"https:\/\/static-blogs.elcomercio.es\/wp-content\/uploads\/sites\/13\/2023\/04\/1680992187510.jpeg 604w, https:\/\/static-blogs.elcomercio.es\/wp-content\/uploads\/sites\/13\/2023\/04\/1680992187510-300x170.jpeg 300w\" sizes=\"(max-width: 604px) 100vw, 604px\" \/><\/a><\/p>\n<p>&nbsp;<\/p>\n<p>Pero mereci\u00f3 la pena el ascenso. Las vistas all\u00e1 arriba dejan boquiabierto a cualquiera. Y no es para menos pues esto es el para\u00edso.<\/p>\n<p>&nbsp;<\/p>\n<p><a href=\"https:\/\/static-blogs.elcomercio.es\/wp-content\/uploads\/sites\/13\/2023\/04\/1680992187449.jpeg\"><img loading=\"lazy\" class=\"alignnone size-full wp-image-8283\" src=\"https:\/\/static-blogs.elcomercio.es\/wp-content\/uploads\/sites\/13\/2023\/04\/1680992187449.jpeg\" alt=\"\" width=\"604\" height=\"342\" srcset=\"https:\/\/static-blogs.elcomercio.es\/wp-content\/uploads\/sites\/13\/2023\/04\/1680992187449.jpeg 604w, https:\/\/static-blogs.elcomercio.es\/wp-content\/uploads\/sites\/13\/2023\/04\/1680992187449-300x170.jpeg 300w\" sizes=\"(max-width: 604px) 100vw, 604px\" \/><\/a><\/p>\n<p>&nbsp;<\/p>\n<p><a href=\"https:\/\/static-blogs.elcomercio.es\/wp-content\/uploads\/sites\/13\/2023\/04\/1680992187478-1.jpeg\"><img loading=\"lazy\" class=\"alignnone size-full wp-image-8284\" src=\"https:\/\/static-blogs.elcomercio.es\/wp-content\/uploads\/sites\/13\/2023\/04\/1680992187478-1.jpeg\" alt=\"\" width=\"604\" height=\"342\" srcset=\"https:\/\/static-blogs.elcomercio.es\/wp-content\/uploads\/sites\/13\/2023\/04\/1680992187478-1.jpeg 604w, https:\/\/static-blogs.elcomercio.es\/wp-content\/uploads\/sites\/13\/2023\/04\/1680992187478-1-300x170.jpeg 300w\" sizes=\"(max-width: 604px) 100vw, 604px\" \/><\/a><\/p>\n<p>&nbsp;<\/p>\n<p>Y alcanc\u00e9 el monumento al minero tras ir fotografiando toda la subida, el cual se localiza coronando la cima del Pico Arquera . Est\u00e1 dedicado a la memoria de los mineros de las cuencas del Nal\u00f3n y del Caudal. que durante d\u00e9cadas perforaron la tierra sacando a la luz el profundo y oscuro mineral. En las entra\u00f1as de esta monta\u00f1a se han horadado unas galer\u00edas simulando un taller minero adaptado para ser visitado como atracci\u00f3n did\u00e1ctica y que tuvo el mayor auge de visitas en los a\u00f1os 70.<\/p>\n<p>&nbsp;<\/p>\n<p><a href=\"https:\/\/static-blogs.elcomercio.es\/wp-content\/uploads\/sites\/13\/2023\/04\/1680992187582-1.jpg\"><img loading=\"lazy\" class=\"alignnone size-full wp-image-8285\" src=\"https:\/\/static-blogs.elcomercio.es\/wp-content\/uploads\/sites\/13\/2023\/04\/1680992187582-1.jpg\" alt=\"\" width=\"285\" height=\"504\" srcset=\"https:\/\/static-blogs.elcomercio.es\/wp-content\/uploads\/sites\/13\/2023\/04\/1680992187582-1.jpg 285w, https:\/\/static-blogs.elcomercio.es\/wp-content\/uploads\/sites\/13\/2023\/04\/1680992187582-1-170x300.jpg 170w\" sizes=\"(max-width: 285px) 100vw, 285px\" \/><\/a><\/p>\n<p>&nbsp;<\/p>\n<p><a href=\"https:\/\/static-blogs.elcomercio.es\/wp-content\/uploads\/sites\/13\/2023\/04\/1681059945326.jpg\"><img loading=\"lazy\" class=\"alignnone size-full wp-image-8312\" src=\"https:\/\/static-blogs.elcomercio.es\/wp-content\/uploads\/sites\/13\/2023\/04\/1681059945326.jpg\" alt=\"\" width=\"604\" height=\"342\" srcset=\"https:\/\/static-blogs.elcomercio.es\/wp-content\/uploads\/sites\/13\/2023\/04\/1681059945326.jpg 604w, https:\/\/static-blogs.elcomercio.es\/wp-content\/uploads\/sites\/13\/2023\/04\/1681059945326-300x170.jpg 300w\" sizes=\"(max-width: 604px) 100vw, 604px\" \/><\/a><\/p>\n<p>&nbsp;<\/p>\n<p><a href=\"https:\/\/static-blogs.elcomercio.es\/wp-content\/uploads\/sites\/13\/2023\/04\/1680992187657.jpg\"><img loading=\"lazy\" class=\"alignnone size-full wp-image-8273\" src=\"https:\/\/static-blogs.elcomercio.es\/wp-content\/uploads\/sites\/13\/2023\/04\/1680992187657.jpg\" alt=\"\" width=\"604\" height=\"342\" srcset=\"https:\/\/static-blogs.elcomercio.es\/wp-content\/uploads\/sites\/13\/2023\/04\/1680992187657.jpg 604w, https:\/\/static-blogs.elcomercio.es\/wp-content\/uploads\/sites\/13\/2023\/04\/1680992187657-300x170.jpg 300w\" sizes=\"(max-width: 604px) 100vw, 604px\" \/><\/a><\/p>\n<p>&nbsp;<\/p>\n<p>Aunque inaugurado de manera oficial en junio de 1972, la idea rondaba en la cabeza de Desiderio Fern\u00e1ndez desde a\u00f1os atr\u00e1s. Su emplazamiento en el Alto de la Colladiella, en un punto que sirve de l\u00edmite al concejo de Mieres con el de San Mart\u00edn del Rey Aurelio, Laviana y Aller, result\u00f3 estrat\u00e9gico. El dibujo original de la obra es de Sabi del Viso y representaba a dos mineros estrechamente unidos con la l\u00e1mpara, el hacho y el martillo como atributos y que simbolizaban la uni\u00f3n ante la injusticia, la tragedia o la alegr\u00eda, teniendo como centro gu\u00eda la l\u00e1mpara de mina(la cual fue robada hace a\u00f1os). La obra se realiz\u00f3 en los talleres de La Cuadriella.<\/p>\n<p>Descend\u00ed de nuevo al parking y tan solo unos metros m\u00e1s all\u00e1 se encuentra el monumento a la Paz.<\/p>\n<p>&nbsp;<\/p>\n<p><a href=\"https:\/\/static-blogs.elcomercio.es\/wp-content\/uploads\/sites\/13\/2023\/04\/1680992187645.jpg\"><img loading=\"lazy\" class=\"alignnone size-full wp-image-8271\" src=\"https:\/\/static-blogs.elcomercio.es\/wp-content\/uploads\/sites\/13\/2023\/04\/1680992187645.jpg\" alt=\"\" width=\"604\" height=\"342\" srcset=\"https:\/\/static-blogs.elcomercio.es\/wp-content\/uploads\/sites\/13\/2023\/04\/1680992187645.jpg 604w, https:\/\/static-blogs.elcomercio.es\/wp-content\/uploads\/sites\/13\/2023\/04\/1680992187645-300x170.jpg 300w\" sizes=\"(max-width: 604px) 100vw, 604px\" \/><\/a><\/p>\n<p>&nbsp;<\/p>\n<p><a href=\"https:\/\/static-blogs.elcomercio.es\/wp-content\/uploads\/sites\/13\/2023\/04\/1680992187612.jpeg\"><img loading=\"lazy\" class=\"alignnone size-full wp-image-8267\" src=\"https:\/\/static-blogs.elcomercio.es\/wp-content\/uploads\/sites\/13\/2023\/04\/1680992187612.jpeg\" alt=\"\" width=\"604\" height=\"452\" srcset=\"https:\/\/static-blogs.elcomercio.es\/wp-content\/uploads\/sites\/13\/2023\/04\/1680992187612.jpeg 604w, https:\/\/static-blogs.elcomercio.es\/wp-content\/uploads\/sites\/13\/2023\/04\/1680992187612-300x225.jpeg 300w\" sizes=\"(max-width: 604px) 100vw, 604px\" \/><\/a><\/p>\n<p>&nbsp;<\/p>\n<p>Donde puede leerse:&#8221; <em>Quien vive no olvida a todos los guerrilleros, enlaces y puntos de apoyo leales de la resistencia en su lucha por la paz, la libertad y un mundo m\u00e1s humano y justo. Esta lucha de guerrillas en Asturias se prolong\u00f3 a lo largo de 15 a\u00f1os desde el 15 de octubre del a\u00f1o 1937 hasta el 13 de octubre del a\u00f1o 1952<\/em>&#8220;.<\/p>\n<p>&nbsp;<\/p>\n<p><a href=\"https:\/\/static-blogs.elcomercio.es\/wp-content\/uploads\/sites\/13\/2023\/04\/1680992187620.jpg\"><img loading=\"lazy\" class=\"alignnone size-full wp-image-8268\" src=\"https:\/\/static-blogs.elcomercio.es\/wp-content\/uploads\/sites\/13\/2023\/04\/1680992187620.jpg\" alt=\"\" width=\"604\" height=\"342\" srcset=\"https:\/\/static-blogs.elcomercio.es\/wp-content\/uploads\/sites\/13\/2023\/04\/1680992187620.jpg 604w, https:\/\/static-blogs.elcomercio.es\/wp-content\/uploads\/sites\/13\/2023\/04\/1680992187620-300x170.jpg 300w\" sizes=\"(max-width: 604px) 100vw, 604px\" \/><\/a><\/p>\n<p>&nbsp;<\/p>\n<p><em>&#8220;Por la Paz, a la memoria de todos los que lucharon y dieron sus vidas en defensa la libertad y de los pueblos oprimidos&#8221;<\/em>.<\/p>\n<p>&nbsp;<\/p>\n<p><a href=\"https:\/\/static-blogs.elcomercio.es\/wp-content\/uploads\/sites\/13\/2023\/04\/1680992187629.jpg\"><img loading=\"lazy\" class=\"alignnone size-full wp-image-8269\" src=\"https:\/\/static-blogs.elcomercio.es\/wp-content\/uploads\/sites\/13\/2023\/04\/1680992187629.jpg\" alt=\"\" width=\"604\" height=\"342\" srcset=\"https:\/\/static-blogs.elcomercio.es\/wp-content\/uploads\/sites\/13\/2023\/04\/1680992187629.jpg 604w, https:\/\/static-blogs.elcomercio.es\/wp-content\/uploads\/sites\/13\/2023\/04\/1680992187629-300x170.jpg 300w\" sizes=\"(max-width: 604px) 100vw, 604px\" \/><\/a><\/p>\n<p>&nbsp;<\/p>\n<p>El sol apretaba y con \u00e9l tambi\u00e9n mi est\u00f3mago, as\u00ed que, sin dudarlo, escog\u00ed ese lugar como mi comedor de ese d\u00eda. No pod\u00eda haber sido mejor.<\/p>\n<p>&nbsp;<\/p>\n<p><a href=\"https:\/\/static-blogs.elcomercio.es\/wp-content\/uploads\/sites\/13\/2023\/04\/1681035380991.jpeg\"><img loading=\"lazy\" class=\"alignnone size-full wp-image-8286\" src=\"https:\/\/static-blogs.elcomercio.es\/wp-content\/uploads\/sites\/13\/2023\/04\/1681035380991.jpeg\" alt=\"\" width=\"604\" height=\"342\" srcset=\"https:\/\/static-blogs.elcomercio.es\/wp-content\/uploads\/sites\/13\/2023\/04\/1681035380991.jpeg 604w, https:\/\/static-blogs.elcomercio.es\/wp-content\/uploads\/sites\/13\/2023\/04\/1681035380991-300x170.jpeg 300w\" sizes=\"(max-width: 604px) 100vw, 604px\" \/><\/a><\/p>\n<p>&nbsp;<\/p>\n<p>El descenso lo hice por Urbi\u00e9s hacia Mieres recorriendo la AS-337 la cual en esta vertiente presentaba mejor aspecto que desde Sotrondio. Un recorrido por un trocito del Valle de Tur\u00f3n en el cual los m\u00edticos Pozu Fortuna o el Pozu Santa B\u00e1rbara ser\u00e1n f\u00e1cilmente visibles en nuestra ruta. No sin olvidarnos que para acceder a la Colladiella, quien quisiera, como me dijo mi amigo Cuco, podr\u00eda hacerlo tambi\u00e9n por el Alto de la Mozqueta desde Cia\u00f1o. Lo hagamos por donde lo hagamos, esta ruta es todo un imperdible en nuestras experiencias moteras por el para\u00edso asturiano.<\/p>\n<!-- AddThis Advanced Settings generic via filter on the_content --><!-- AddThis Share Buttons generic via filter on the_content -->","protected":false},"excerpt":{"rendered":"<p>Huyendo de las aglomeraciones tan caracter\u00edsticas en las que Asturias se llena de gente en fechas tan se\u00f1aladas como Semana Santa, ese d\u00eda decid\u00ed irme hasta una zona, la Monta\u00f1a Central Asturiana, en la que supuestamente y, as\u00ed fue, pude disfrutar algo m\u00e1s de carreteras no tan saturadas y a la vez de los impresionantes [&hellip;]<!-- AddThis Advanced Settings generic via filter on get_the_excerpt --><!-- AddThis Share Buttons generic via filter on get_the_excerpt --><\/p>\n","protected":false},"author":14,"featured_media":8263,"comment_status":"open","ping_status":"closed","sticky":false,"template":"","format":"standard","meta":[],"categories":[40,69],"tags":[1397,1400,431,1396,1399,1398,1395,916,1401],"_links":{"self":[{"href":"https:\/\/blogs.elcomercio.es\/explorando-paraiso-moto\/wp-json\/wp\/v2\/posts\/8279"}],"collection":[{"href":"https:\/\/blogs.elcomercio.es\/explorando-paraiso-moto\/wp-json\/wp\/v2\/posts"}],"about":[{"href":"https:\/\/blogs.elcomercio.es\/explorando-paraiso-moto\/wp-json\/wp\/v2\/types\/post"}],"author":[{"embeddable":true,"href":"https:\/\/blogs.elcomercio.es\/explorando-paraiso-moto\/wp-json\/wp\/v2\/users\/14"}],"replies":[{"embeddable":true,"href":"https:\/\/blogs.elcomercio.es\/explorando-paraiso-moto\/wp-json\/wp\/v2\/comments?post=8279"}],"version-history":[{"count":2,"href":"https:\/\/blogs.elcomercio.es\/explorando-paraiso-moto\/wp-json\/wp\/v2\/posts\/8279\/revisions"}],"predecessor-version":[{"id":8313,"href":"https:\/\/blogs.elcomercio.es\/explorando-paraiso-moto\/wp-json\/wp\/v2\/posts\/8279\/revisions\/8313"}],"wp:featuredmedia":[{"embeddable":true,"href":"https:\/\/blogs.elcomercio.es\/explorando-paraiso-moto\/wp-json\/wp\/v2\/media\/8263"}],"wp:attachment":[{"href":"https:\/\/blogs.elcomercio.es\/explorando-paraiso-moto\/wp-json\/wp\/v2\/media?parent=8279"}],"wp:term":[{"taxonomy":"category","embeddable":true,"href":"https:\/\/blogs.elcomercio.es\/explorando-paraiso-moto\/wp-json\/wp\/v2\/categories?post=8279"},{"taxonomy":"post_tag","embeddable":true,"href":"https:\/\/blogs.elcomercio.es\/explorando-paraiso-moto\/wp-json\/wp\/v2\/tags?post=8279"}],"curies":[{"name":"wp","href":"https:\/\/api.w.org\/{rel}","templated":true}]}}