{"id":8399,"date":"2023-04-25T21:07:37","date_gmt":"2023-04-25T19:07:37","guid":{"rendered":"https:\/\/blogs.elcomercio.es\/explorando-paraiso-moto\/?p=8399"},"modified":"2023-05-06T15:20:59","modified_gmt":"2023-05-06T13:20:59","slug":"el-taller-de-vidrio-de-ovio-un-viaje-a-la-imaginacion","status":"publish","type":"post","link":"https:\/\/blogs.elcomercio.es\/explorando-paraiso-moto\/2023\/04\/25\/el-taller-de-vidrio-de-ovio-un-viaje-a-la-imaginacion\/","title":{"rendered":"El taller de Vidrio de Ovio, un viaje a la imaginaci\u00f3n"},"content":{"rendered":"<p>Ubicado muy cerca de la playa de Cuevas del Mar y a tan solo 1 kil\u00f3metro de Nueva, en el pueblo llanisco de Ovio, se esconde una peque\u00f1a joya(y nunca mejor dicho)la cual descubriremos en esta ocasi\u00f3n explorando el para\u00edso asturiano y donde nuestra protagonista, Aline, nos transportar\u00e1 hasta un sinf\u00edn de posibilidades en la manipulaci\u00f3n de un material que nos dejar\u00e1 prendados de su versatilidad: el vidrio.\u00a0 Apresur\u00e9monos y pongamos los cinco sentidos en esta visita tan especial porque este taller abre sus puertas a todo un mundo de imaginaci\u00f3n.<\/p>\n<p>Eran las 15:30 horas de un d\u00eda cualquiera de mi descanso laboral cuando &#8220;Trailera&#8221; y yo entr\u00e1bamos en el pueblo.<\/p>\n<p>&nbsp;<\/p>\n<p><a href=\"https:\/\/static-blogs.elcomercio.es\/wp-content\/uploads\/sites\/13\/2023\/04\/1682287479017.jpg\"><img loading=\"lazy\" class=\"alignnone size-full wp-image-8398\" src=\"https:\/\/static-blogs.elcomercio.es\/wp-content\/uploads\/sites\/13\/2023\/04\/1682287479017.jpg\" alt=\"\" width=\"604\" height=\"342\" srcset=\"https:\/\/static-blogs.elcomercio.es\/wp-content\/uploads\/sites\/13\/2023\/04\/1682287479017.jpg 604w, https:\/\/static-blogs.elcomercio.es\/wp-content\/uploads\/sites\/13\/2023\/04\/1682287479017-300x170.jpg 300w\" sizes=\"(max-width: 604px) 100vw, 604px\" \/><\/a><\/p>\n<p>&nbsp;<\/p>\n<p>Los diferentes letreros de madera en la carretera hacia nuestro ansiado destino facilitaron que lleg\u00e1semos sin dificultad alguna.<\/p>\n<p>&nbsp;<\/p>\n<p><a href=\"https:\/\/static-blogs.elcomercio.es\/wp-content\/uploads\/sites\/13\/2023\/04\/1682287478999.jpg\"><img loading=\"lazy\" class=\"alignnone size-full wp-image-8396\" src=\"https:\/\/static-blogs.elcomercio.es\/wp-content\/uploads\/sites\/13\/2023\/04\/1682287478999.jpg\" alt=\"\" width=\"604\" height=\"342\" srcset=\"https:\/\/static-blogs.elcomercio.es\/wp-content\/uploads\/sites\/13\/2023\/04\/1682287478999.jpg 604w, https:\/\/static-blogs.elcomercio.es\/wp-content\/uploads\/sites\/13\/2023\/04\/1682287478999-300x170.jpg 300w\" sizes=\"(max-width: 604px) 100vw, 604px\" \/><\/a><\/p>\n<p>&nbsp;<\/p>\n<p>El sol calentaba fuerte y mi compa\u00f1era de rutas se qued\u00f3 a la entrada resguardada del mismo.<\/p>\n<p>&nbsp;<\/p>\n<p><a href=\"https:\/\/static-blogs.elcomercio.es\/wp-content\/uploads\/sites\/13\/2023\/04\/1682287479007.jpg\"><img loading=\"lazy\" class=\"alignnone size-full wp-image-8397\" src=\"https:\/\/static-blogs.elcomercio.es\/wp-content\/uploads\/sites\/13\/2023\/04\/1682287479007.jpg\" alt=\"\" width=\"604\" height=\"342\" srcset=\"https:\/\/static-blogs.elcomercio.es\/wp-content\/uploads\/sites\/13\/2023\/04\/1682287479007.jpg 604w, https:\/\/static-blogs.elcomercio.es\/wp-content\/uploads\/sites\/13\/2023\/04\/1682287479007-300x170.jpg 300w\" sizes=\"(max-width: 604px) 100vw, 604px\" \/><\/a><\/p>\n<p>&nbsp;<\/p>\n<p>No es indispensable la cita previa, pero si quiere asegurar una visita en condiciones es lo indicado.<\/p>\n<p>&nbsp;<\/p>\n<p><a href=\"https:\/\/static-blogs.elcomercio.es\/wp-content\/uploads\/sites\/13\/2023\/04\/1682287478989.jpg\"><img loading=\"lazy\" class=\"alignnone size-full wp-image-8395\" src=\"https:\/\/static-blogs.elcomercio.es\/wp-content\/uploads\/sites\/13\/2023\/04\/1682287478989.jpg\" alt=\"\" width=\"285\" height=\"504\" srcset=\"https:\/\/static-blogs.elcomercio.es\/wp-content\/uploads\/sites\/13\/2023\/04\/1682287478989.jpg 285w, https:\/\/static-blogs.elcomercio.es\/wp-content\/uploads\/sites\/13\/2023\/04\/1682287478989-170x300.jpg 170w\" sizes=\"(max-width: 285px) 100vw, 285px\" \/><\/a><\/p>\n<p>&nbsp;<\/p>\n<p>As\u00ed que, haciendo caso al cartel, acced\u00ed por su jard\u00edn.<\/p>\n<p>&nbsp;<\/p>\n<p><a href=\"https:\/\/static-blogs.elcomercio.es\/wp-content\/uploads\/sites\/13\/2023\/04\/1682287478977.jpg\"><img loading=\"lazy\" class=\"alignnone size-full wp-image-8394\" src=\"https:\/\/static-blogs.elcomercio.es\/wp-content\/uploads\/sites\/13\/2023\/04\/1682287478977.jpg\" alt=\"\" width=\"604\" height=\"342\" srcset=\"https:\/\/static-blogs.elcomercio.es\/wp-content\/uploads\/sites\/13\/2023\/04\/1682287478977.jpg 604w, https:\/\/static-blogs.elcomercio.es\/wp-content\/uploads\/sites\/13\/2023\/04\/1682287478977-300x170.jpg 300w\" sizes=\"(max-width: 604px) 100vw, 604px\" \/><\/a><\/p>\n<p>&nbsp;<\/p>\n<p>Y mientras Aline llegaba, la esper\u00e9 rodeada de utensilios y de joyas.<\/p>\n<p>&nbsp;<\/p>\n<p><a href=\"https:\/\/static-blogs.elcomercio.es\/wp-content\/uploads\/sites\/13\/2023\/04\/1682287478937.jpg\"><img loading=\"lazy\" class=\"alignnone size-full wp-image-8391\" src=\"https:\/\/static-blogs.elcomercio.es\/wp-content\/uploads\/sites\/13\/2023\/04\/1682287478937.jpg\" alt=\"\" width=\"604\" height=\"342\" srcset=\"https:\/\/static-blogs.elcomercio.es\/wp-content\/uploads\/sites\/13\/2023\/04\/1682287478937.jpg 604w, https:\/\/static-blogs.elcomercio.es\/wp-content\/uploads\/sites\/13\/2023\/04\/1682287478937-300x170.jpg 300w\" sizes=\"(max-width: 604px) 100vw, 604px\" \/><\/a><\/p>\n<p>&nbsp;<\/p>\n<p><a href=\"https:\/\/static-blogs.elcomercio.es\/wp-content\/uploads\/sites\/13\/2023\/04\/1682287478967.jpg\"><img loading=\"lazy\" class=\"alignnone size-full wp-image-8393\" src=\"https:\/\/static-blogs.elcomercio.es\/wp-content\/uploads\/sites\/13\/2023\/04\/1682287478967.jpg\" alt=\"\" width=\"604\" height=\"342\" srcset=\"https:\/\/static-blogs.elcomercio.es\/wp-content\/uploads\/sites\/13\/2023\/04\/1682287478967.jpg 604w, https:\/\/static-blogs.elcomercio.es\/wp-content\/uploads\/sites\/13\/2023\/04\/1682287478967-300x170.jpg 300w\" sizes=\"(max-width: 604px) 100vw, 604px\" \/><\/a><\/p>\n<p>&nbsp;<\/p>\n<p>Con toda una vida dedicada a la artesan\u00eda, las manos de esta artista convierten en magia todo aquello que tocan. Se define a s\u00ed misma como una persona muy activa que hered\u00f3 de su padre una asombrosa precisi\u00f3n la cual le ayud\u00f3 enormemente en su trabajo. Curs\u00f3 estudios de gemolog\u00eda y joyer\u00eda pero, a ello, se sum\u00f3 el trabajo del cuero el cual realiz\u00f3 en Zaragoza. Un buen d\u00eda, en un mercado, vio una cuenta de vidrio y qued\u00f3 impresionada por su belleza. Supo en ese momento que ten\u00eda que probar y decidi\u00f3 irse a La Real F\u00e1brica de la Granja, en Segovia, a realizar un curso. All\u00ed, junto a sus compa\u00f1eras, indagando se percataron de que la materia prima era mucho m\u00e1s barata\u00a0 en Alemania por lo que, de nuevo, decidi\u00f3 lanzarse a la aventura y viaj\u00f3 hasta\u00a0 Hamburgo. Lo que iba a ser una estancia para comprar vidrio, acab\u00f3 en 5 a\u00f1os de formaci\u00f3n con profesores de todo el mundo. Sus manos, poco a poco, fueron aprendiendo a crear en este material todo aquello que pudiera imaginarse(aunque apunta que a la gente le gusta, especialmente, encargar figuras personalizadas).<\/p>\n<p>&nbsp;<\/p>\n<p><a href=\"https:\/\/static-blogs.elcomercio.es\/wp-content\/uploads\/sites\/13\/2023\/04\/1682287478726.jpg\"><img loading=\"lazy\" class=\"alignnone size-full wp-image-8376\" src=\"https:\/\/static-blogs.elcomercio.es\/wp-content\/uploads\/sites\/13\/2023\/04\/1682287478726.jpg\" alt=\"\" width=\"286\" height=\"504\" srcset=\"https:\/\/static-blogs.elcomercio.es\/wp-content\/uploads\/sites\/13\/2023\/04\/1682287478726.jpg 286w, https:\/\/static-blogs.elcomercio.es\/wp-content\/uploads\/sites\/13\/2023\/04\/1682287478726-170x300.jpg 170w\" sizes=\"(max-width: 286px) 100vw, 286px\" \/><\/a><\/p>\n<p>&nbsp;<\/p>\n<p>Aquella fue una intensa y emocionante etapa de su vida de la que guarda un grato recuerdo.<\/p>\n<p>Seg\u00fan Aline, tendr\u00edamos que remontarnos a la historia del vidrio para poder entender la actualidad y por ello es inevitable hablar de Murano, una isla en la cual se empleaban dos tipos: el s\u00f3dico c\u00e1lcico(con la propiedad del choque t\u00e9rmico)y el p\u00edrex o borosilicato. Estaba penado con muerte revelar secretos de fabricaci\u00f3n con lo cual no era muy conveniente salir de la isla.\u00a0 Parece ser que en el S.XIX declinan la industria del vidrio pero en los a\u00f1os 70, mucha gente de Estados Unidos\u00a0 comenz\u00f3 a interesarse por este trabajo de la mano de los antiguos trabajadores emigrados.<\/p>\n<p>Principalmente se trabaja sobre varillas de acero inoxidable que son las que dan el di\u00e1metro del agujero(sin embargo en Murano se trabajaba y a\u00fan se sigue en algunos talleres, sobre varillas de cobre).<\/p>\n<p>&nbsp;<\/p>\n<p><a href=\"https:\/\/static-blogs.elcomercio.es\/wp-content\/uploads\/sites\/13\/2023\/04\/1682287478833.jpg\"><img loading=\"lazy\" class=\"alignnone size-full wp-image-8384\" src=\"https:\/\/static-blogs.elcomercio.es\/wp-content\/uploads\/sites\/13\/2023\/04\/1682287478833.jpg\" alt=\"\" width=\"604\" height=\"342\" srcset=\"https:\/\/static-blogs.elcomercio.es\/wp-content\/uploads\/sites\/13\/2023\/04\/1682287478833.jpg 604w, https:\/\/static-blogs.elcomercio.es\/wp-content\/uploads\/sites\/13\/2023\/04\/1682287478833-300x170.jpg 300w\" sizes=\"(max-width: 604px) 100vw, 604px\" \/><\/a><\/p>\n<p>&nbsp;<\/p>\n<p><a href=\"https:\/\/static-blogs.elcomercio.es\/wp-content\/uploads\/sites\/13\/2023\/04\/1682287478790.jpg\"><img loading=\"lazy\" class=\"alignnone size-full wp-image-8380\" src=\"https:\/\/static-blogs.elcomercio.es\/wp-content\/uploads\/sites\/13\/2023\/04\/1682287478790.jpg\" alt=\"\" width=\"604\" height=\"342\" srcset=\"https:\/\/static-blogs.elcomercio.es\/wp-content\/uploads\/sites\/13\/2023\/04\/1682287478790.jpg 604w, https:\/\/static-blogs.elcomercio.es\/wp-content\/uploads\/sites\/13\/2023\/04\/1682287478790-300x170.jpg 300w\" sizes=\"(max-width: 604px) 100vw, 604px\" \/><\/a><\/p>\n<p>&nbsp;<\/p>\n<p>A \u00faltima hora de la tarde llegaba una barcaza, recog\u00eda la producci\u00f3n y la introduc\u00eda en \u00e1cido n\u00edtrico para disolver la varilla de cobre(el cual contamina much\u00edsimo), por lo que en la actualidad, se emplea la f\u00f3rmula desarrollada en colaboraci\u00f3n con aquellos emigrantes italianos a Estados Unidos. La varilla de acero se impregna de una pasta, que se llama &#8220;<em>separador<\/em>&#8220;, que permite desprender la pieza de vidrio de la varilla de acero y reutilizarla.. Un \u00faltimo paso se hace imprescindible, hay que introducir el vidrio en el horno para que las mol\u00e9culas se ordenen de forma homog\u00e9nea y de esta forma el vidrio se temple y no rompa.<\/p>\n<p>Es la misma t\u00e9cnica y el mismo tipo de vidrio\u00a0 que se emplea para hacer las canicas. La \u00fanica diferencia es que no se trabaja sobre varillas de acero.<\/p>\n<p>&nbsp;<\/p>\n<p><a href=\"https:\/\/static-blogs.elcomercio.es\/wp-content\/uploads\/sites\/13\/2023\/04\/1682287478812.jpg\"><img loading=\"lazy\" class=\"alignnone size-full wp-image-8382\" src=\"https:\/\/static-blogs.elcomercio.es\/wp-content\/uploads\/sites\/13\/2023\/04\/1682287478812.jpg\" alt=\"\" width=\"604\" height=\"342\" srcset=\"https:\/\/static-blogs.elcomercio.es\/wp-content\/uploads\/sites\/13\/2023\/04\/1682287478812.jpg 604w, https:\/\/static-blogs.elcomercio.es\/wp-content\/uploads\/sites\/13\/2023\/04\/1682287478812-300x170.jpg 300w\" sizes=\"(max-width: 604px) 100vw, 604px\" \/><\/a><\/p>\n<p>&nbsp;<\/p>\n<p><a href=\"https:\/\/static-blogs.elcomercio.es\/wp-content\/uploads\/sites\/13\/2023\/04\/1682287478801.jpg\"><img loading=\"lazy\" class=\"alignnone size-full wp-image-8381\" src=\"https:\/\/static-blogs.elcomercio.es\/wp-content\/uploads\/sites\/13\/2023\/04\/1682287478801.jpg\" alt=\"\" width=\"604\" height=\"342\" srcset=\"https:\/\/static-blogs.elcomercio.es\/wp-content\/uploads\/sites\/13\/2023\/04\/1682287478801.jpg 604w, https:\/\/static-blogs.elcomercio.es\/wp-content\/uploads\/sites\/13\/2023\/04\/1682287478801-300x170.jpg 300w\" sizes=\"(max-width: 604px) 100vw, 604px\" \/><\/a><\/p>\n<p>&nbsp;<\/p>\n<p>Cualquiera que lo desee puede acercarse a Ovio y asistir a una demostraci\u00f3n en directo de c\u00f3mo realiza su trabajo(algo que recomiendo sin ninguna duda pues no tiene desperdicio). En esta ocasi\u00f3n, Aline realiz\u00f3 para mi una peque\u00f1a tortuguita de cuyo proceso de fabricaci\u00f3n no quise perder detalle.<\/p>\n<p>&nbsp;<\/p>\n<p><a href=\"https:\/\/static-blogs.elcomercio.es\/wp-content\/uploads\/sites\/13\/2023\/04\/1682287478759.jpg\"><img loading=\"lazy\" class=\"alignnone size-full wp-image-8378\" src=\"https:\/\/static-blogs.elcomercio.es\/wp-content\/uploads\/sites\/13\/2023\/04\/1682287478759.jpg\" alt=\"\" width=\"604\" height=\"342\" srcset=\"https:\/\/static-blogs.elcomercio.es\/wp-content\/uploads\/sites\/13\/2023\/04\/1682287478759.jpg 604w, https:\/\/static-blogs.elcomercio.es\/wp-content\/uploads\/sites\/13\/2023\/04\/1682287478759-300x170.jpg 300w\" sizes=\"(max-width: 604px) 100vw, 604px\" \/><\/a><\/p>\n<p>&nbsp;<\/p>\n<p><a href=\"https:\/\/static-blogs.elcomercio.es\/wp-content\/uploads\/sites\/13\/2023\/04\/1682287478770.jpg\"><img loading=\"lazy\" class=\"alignnone size-full wp-image-8379\" src=\"https:\/\/static-blogs.elcomercio.es\/wp-content\/uploads\/sites\/13\/2023\/04\/1682287478770.jpg\" alt=\"\" width=\"604\" height=\"342\" srcset=\"https:\/\/static-blogs.elcomercio.es\/wp-content\/uploads\/sites\/13\/2023\/04\/1682287478770.jpg 604w, https:\/\/static-blogs.elcomercio.es\/wp-content\/uploads\/sites\/13\/2023\/04\/1682287478770-300x170.jpg 300w\" sizes=\"(max-width: 604px) 100vw, 604px\" \/><\/a><\/p>\n<p>&nbsp;<\/p>\n<p><a href=\"https:\/\/static-blogs.elcomercio.es\/wp-content\/uploads\/sites\/13\/2023\/04\/1682287478743.jpg\"><img loading=\"lazy\" class=\"alignnone size-full wp-image-8377\" src=\"https:\/\/static-blogs.elcomercio.es\/wp-content\/uploads\/sites\/13\/2023\/04\/1682287478743.jpg\" alt=\"\" width=\"604\" height=\"342\" srcset=\"https:\/\/static-blogs.elcomercio.es\/wp-content\/uploads\/sites\/13\/2023\/04\/1682287478743.jpg 604w, https:\/\/static-blogs.elcomercio.es\/wp-content\/uploads\/sites\/13\/2023\/04\/1682287478743-300x170.jpg 300w\" sizes=\"(max-width: 604px) 100vw, 604px\" \/><\/a><\/p>\n<p>&nbsp;<\/p>\n<p>La cual, por supuesto, me llev\u00e9 de viaje en mi &#8220;Trailera&#8221; y ya tiene un hueco en mi casa, donde la guardar\u00e9 con mucho cari\u00f1o.<\/p>\n<p>&nbsp;<\/p>\n<p><a href=\"https:\/\/static-blogs.elcomercio.es\/wp-content\/uploads\/sites\/13\/2023\/04\/1682287478712.jpg\"><img loading=\"lazy\" class=\"alignnone size-full wp-image-8375\" src=\"https:\/\/static-blogs.elcomercio.es\/wp-content\/uploads\/sites\/13\/2023\/04\/1682287478712.jpg\" alt=\"\" width=\"604\" height=\"342\" srcset=\"https:\/\/static-blogs.elcomercio.es\/wp-content\/uploads\/sites\/13\/2023\/04\/1682287478712.jpg 604w, https:\/\/static-blogs.elcomercio.es\/wp-content\/uploads\/sites\/13\/2023\/04\/1682287478712-300x170.jpg 300w\" sizes=\"(max-width: 604px) 100vw, 604px\" \/><\/a><\/p>\n<p>&nbsp;<\/p>\n<p><a href=\"https:\/\/static-blogs.elcomercio.es\/wp-content\/uploads\/sites\/13\/2023\/04\/1682447756820.jpeg\"><img loading=\"lazy\" class=\"alignnone size-full wp-image-8403\" src=\"https:\/\/static-blogs.elcomercio.es\/wp-content\/uploads\/sites\/13\/2023\/04\/1682447756820.jpeg\" alt=\"\" width=\"316\" height=\"404\" srcset=\"https:\/\/static-blogs.elcomercio.es\/wp-content\/uploads\/sites\/13\/2023\/04\/1682447756820.jpeg 316w, https:\/\/static-blogs.elcomercio.es\/wp-content\/uploads\/sites\/13\/2023\/04\/1682447756820-235x300.jpeg 235w\" sizes=\"(max-width: 316px) 100vw, 316px\" \/><\/a><\/p>\n<p>&nbsp;<\/p>\n<p>Le pregunto c\u00f3mo es ser artesana y vivir de ello en una aldea llanisca y me comenta que su \u00fanica visibilidad ahora mismo, es un peque\u00f1o puesto los s\u00e1bados\u00a0 en el mercado semanal de Nueva.<\/p>\n<p>Junto a otras compa\u00f1eras tratar\u00e1n de reivindicar un espacio donde satisfacer una demanda social, que no es atendida, que ayudar\u00eda adem\u00e1s, a desestacionalizar de la mano de otros sectores.<\/p>\n<p>Espero poder aportar mi granito de arena a que esa visibilidad aumente y a que, por fin, las escuchen y atiendan sus peticiones.<\/p>\n<p>&nbsp;<\/p>\n<p><a href=\"https:\/\/static-blogs.elcomercio.es\/wp-content\/uploads\/sites\/13\/2023\/04\/1682449792172.jpg\"><img loading=\"lazy\" class=\"alignnone size-full wp-image-8406\" src=\"https:\/\/static-blogs.elcomercio.es\/wp-content\/uploads\/sites\/13\/2023\/04\/1682449792172.jpg\" alt=\"\" width=\"388\" height=\"400\" srcset=\"https:\/\/static-blogs.elcomercio.es\/wp-content\/uploads\/sites\/13\/2023\/04\/1682449792172.jpg 388w, https:\/\/static-blogs.elcomercio.es\/wp-content\/uploads\/sites\/13\/2023\/04\/1682449792172-291x300.jpg 291w\" sizes=\"(max-width: 388px) 100vw, 388px\" \/><\/a><\/p>\n<p>&nbsp;<\/p>\n<p>Podr\u00e9is abandonar Ovio visitando sus agrestes acantilados que conforman el singular perfil de un paisaje t\u00edpico del oriente asturiano, pero si encima ten\u00e9is la suerte de poder hacerlo de la mano de los lugare\u00f1os, como fue mi caso, repetir\u00e9is visita seguro.<\/p>\n<p>&nbsp;<\/p>\n<p><a href=\"https:\/\/static-blogs.elcomercio.es\/wp-content\/uploads\/sites\/13\/2023\/04\/1682287478665.jpg\"><img loading=\"lazy\" class=\"alignnone size-full wp-image-8372\" src=\"https:\/\/static-blogs.elcomercio.es\/wp-content\/uploads\/sites\/13\/2023\/04\/1682287478665.jpg\" alt=\"\" width=\"604\" height=\"342\" srcset=\"https:\/\/static-blogs.elcomercio.es\/wp-content\/uploads\/sites\/13\/2023\/04\/1682287478665.jpg 604w, https:\/\/static-blogs.elcomercio.es\/wp-content\/uploads\/sites\/13\/2023\/04\/1682287478665-300x170.jpg 300w\" sizes=\"(max-width: 604px) 100vw, 604px\" \/><\/a><\/p>\n<p>&nbsp;<\/p>\n<p><a href=\"https:\/\/static-blogs.elcomercio.es\/wp-content\/uploads\/sites\/13\/2023\/04\/1682287478685.jpg\"><img loading=\"lazy\" class=\"alignnone size-full wp-image-8373\" src=\"https:\/\/static-blogs.elcomercio.es\/wp-content\/uploads\/sites\/13\/2023\/04\/1682287478685.jpg\" alt=\"\" width=\"604\" height=\"342\" srcset=\"https:\/\/static-blogs.elcomercio.es\/wp-content\/uploads\/sites\/13\/2023\/04\/1682287478685.jpg 604w, https:\/\/static-blogs.elcomercio.es\/wp-content\/uploads\/sites\/13\/2023\/04\/1682287478685-300x170.jpg 300w\" sizes=\"(max-width: 604px) 100vw, 604px\" \/><\/a><\/p>\n<!-- AddThis Advanced Settings generic via filter on the_content --><!-- AddThis Share Buttons generic via filter on the_content -->","protected":false},"excerpt":{"rendered":"<p>Ubicado muy cerca de la playa de Cuevas del Mar y a tan solo 1 kil\u00f3metro de Nueva, en el pueblo llanisco de Ovio, se esconde una peque\u00f1a joya(y nunca mejor dicho)la cual descubriremos en esta ocasi\u00f3n explorando el para\u00edso asturiano y donde nuestra protagonista, Aline, nos transportar\u00e1 hasta un sinf\u00edn de posibilidades en la [&hellip;]<!-- AddThis Advanced Settings generic via filter on get_the_excerpt --><!-- AddThis Share Buttons generic via filter on get_the_excerpt --><\/p>\n","protected":false},"author":14,"featured_media":0,"comment_status":"open","ping_status":"closed","sticky":false,"template":"","format":"standard","meta":[],"categories":[39],"tags":[1413,431,1357,916],"_links":{"self":[{"href":"https:\/\/blogs.elcomercio.es\/explorando-paraiso-moto\/wp-json\/wp\/v2\/posts\/8399"}],"collection":[{"href":"https:\/\/blogs.elcomercio.es\/explorando-paraiso-moto\/wp-json\/wp\/v2\/posts"}],"about":[{"href":"https:\/\/blogs.elcomercio.es\/explorando-paraiso-moto\/wp-json\/wp\/v2\/types\/post"}],"author":[{"embeddable":true,"href":"https:\/\/blogs.elcomercio.es\/explorando-paraiso-moto\/wp-json\/wp\/v2\/users\/14"}],"replies":[{"embeddable":true,"href":"https:\/\/blogs.elcomercio.es\/explorando-paraiso-moto\/wp-json\/wp\/v2\/comments?post=8399"}],"version-history":[{"count":7,"href":"https:\/\/blogs.elcomercio.es\/explorando-paraiso-moto\/wp-json\/wp\/v2\/posts\/8399\/revisions"}],"predecessor-version":[{"id":8425,"href":"https:\/\/blogs.elcomercio.es\/explorando-paraiso-moto\/wp-json\/wp\/v2\/posts\/8399\/revisions\/8425"}],"wp:attachment":[{"href":"https:\/\/blogs.elcomercio.es\/explorando-paraiso-moto\/wp-json\/wp\/v2\/media?parent=8399"}],"wp:term":[{"taxonomy":"category","embeddable":true,"href":"https:\/\/blogs.elcomercio.es\/explorando-paraiso-moto\/wp-json\/wp\/v2\/categories?post=8399"},{"taxonomy":"post_tag","embeddable":true,"href":"https:\/\/blogs.elcomercio.es\/explorando-paraiso-moto\/wp-json\/wp\/v2\/tags?post=8399"}],"curies":[{"name":"wp","href":"https:\/\/api.w.org\/{rel}","templated":true}]}}