{"id":858,"date":"2015-06-15T08:01:19","date_gmt":"2015-06-15T06:01:19","guid":{"rendered":"http:\/\/blogs.elcomercio.es\/explorando-paraiso-moto\/?p=858"},"modified":"2019-08-19T12:13:19","modified_gmt":"2019-08-19T10:13:19","slug":"el-prerromanico-asturiano-patrimonio-de-la-humanidad","status":"publish","type":"post","link":"https:\/\/blogs.elcomercio.es\/explorando-paraiso-moto\/2015\/06\/15\/el-prerromanico-asturiano-patrimonio-de-la-humanidad\/","title":{"rendered":"Recorriendo en moto el Prerrom\u00e1nico Asturiano, Patrimonio de la Humanidad"},"content":{"rendered":"<p style=\"padding-left: 30px\">Este es mi peque\u00f1o grano de arena para promocionar un arte \u00fanico en el mundo y que, por suerte tenemos tan cercano: el Arte de la Monarqu\u00eda Asturiana declarado Patrimonio de la Humanidad por la UNESCO\u00a0en Diciembre de 1985.<\/p>\n<p><em><strong>SANTA MARIA DEL NARANCO<\/strong><\/em><\/p>\n<p><a href=\"\/explorando-paraiso-moto\/wp-content\/uploads\/sites\/13\/2015\/06\/santa-maria-del-naranco.jpg\"><img loading=\"lazy\" src=\"\/explorando-paraiso-moto\/wp-content\/uploads\/sites\/13\/2015\/06\/santa-maria-del-naranco.jpg\" alt=\"\" width=\"950\" height=\"716\" \/><\/a><\/p>\n<p>&nbsp;<\/p>\n<p><!--more--><\/p>\n<p>&nbsp;<\/p>\n<p><a href=\"\/explorando-paraiso-moto\/wp-content\/uploads\/sites\/13\/2015\/06\/P5250103.jpg\"><img loading=\"lazy\" src=\"\/explorando-paraiso-moto\/wp-content\/uploads\/sites\/13\/2015\/06\/P5250103.jpg\" alt=\"\" width=\"866\" height=\"653\" \/><\/a><\/p>\n<p>&nbsp;<\/p>\n<p><a href=\"\/explorando-paraiso-moto\/wp-content\/uploads\/sites\/13\/2015\/06\/P5250082.jpg\"><img loading=\"lazy\" src=\"\/explorando-paraiso-moto\/wp-content\/uploads\/sites\/13\/2015\/06\/P5250082.jpg\" alt=\"\" width=\"816\" height=\"616\" \/><\/a><\/p>\n<p>&nbsp;<\/p>\n<p>Se encuentra a 300 metros de San Miguel de Lillo en la falda del Monte Naranco. Fue mandada construir por el rey Don Ramiro I (842-850). Se compone de dos plantas, la superior, de doble altura que la inferior o cripta. En cada una de sus dos fachadas laterales (norte y sur ) se alzan 8 altos contrafuertes estriados que se elevan\u00a0 desde el z\u00f3calo hasta la cornisa y que le proporcionan una sensaci\u00f3n de verticalidad admirable.<\/p>\n<p>Re\u00fane innovaciones constructivas: b\u00f3vedas de ca\u00f1\u00f3n, arquer\u00edas murales ciegas,&#8230; En el mirador oriental se conserva un altar con funciones eucar\u00edsticas: podio y mesa con una inscripci\u00f3n en la que se refleja el momento de construcci\u00f3n del edificio por mandato regio de Ramiro I y su esposa Paterna y la fecha de dedicaci\u00f3n: 23 de Junio de 848.<\/p>\n<p><em><strong>SAN MIGUEL DE LILLO<\/strong><\/em><\/p>\n<p><a href=\"\/explorando-paraiso-moto\/wp-content\/uploads\/sites\/13\/2015\/06\/P5250048.jpg\"><img loading=\"lazy\" src=\"\/explorando-paraiso-moto\/wp-content\/uploads\/sites\/13\/2015\/06\/P5250048.jpg\" alt=\"\" width=\"816\" height=\"616\" \/><\/a><\/p>\n<p>&nbsp;<\/p>\n<p><a href=\"\/explorando-paraiso-moto\/wp-content\/uploads\/sites\/13\/2015\/06\/P5250055.jpg\"><img loading=\"lazy\" src=\"\/explorando-paraiso-moto\/wp-content\/uploads\/sites\/13\/2015\/06\/P5250055.jpg\" alt=\"\" width=\"816\" height=\"616\" \/><\/a><\/p>\n<p>&nbsp;<\/p>\n<p>Ramiro I erigi\u00f3 un palacio ( Santa Mar\u00eda del Naranco) y como iglesia palatina construy\u00f3 hacia el 848 la presente iglesia , en un primer momento bajo la advocaci\u00f3n de Santa Mar\u00eda y San Miguel, m\u00e1s tarde conocida como San Miguel de Lillo. Derru\u00edda en parte en el siglo XI, hoy se conserva el sector occidental.Tiene tres naves, tribuna regia, y en origen tres capillas en el sector oriental. Elevada importancia adquiere la decoraci\u00f3n escult\u00f3rica. Se conservan varias celos\u00edas caladas de fina labra, con el t\u00edmpano decorado con una espl\u00e9ndida labor de c\u00edrculos entrelazados. Labor escult\u00f3rica que se extiende al interior, en donde destacan los capiteles, columnas y las basas con la representaci\u00f3n tallada de los s\u00edmbolos de los Evangelistas, \u00fanicas en el conjunto del Arte altomedieval europeo.<\/p>\n<p>Las jambas de la entrada principal de la iglesia de San Miguel est\u00e1n decoradas con dos bajorrelieves de extraordinario inter\u00e9s art\u00edstico.\u00a0Son copia de un d\u00edptico consular romano- bizantino pero con tratamiento iconogr\u00e1fico adaptado a la Corte real. En la decoraci\u00f3n pict\u00f3rica por primera vez en el Arte Asturiano se representa la figura humana en sus frescos. Se conservan una figura entronizada y la imagen de un m\u00fasico.<\/p>\n<p><em><strong>SAN JULIAN DE LOS PRADOS ( SANTULLANO )<\/strong><\/em><\/p>\n<p><a href=\"\/explorando-paraiso-moto\/wp-content\/uploads\/sites\/13\/2015\/06\/P5250125.jpg\"><img loading=\"lazy\" src=\"\/explorando-paraiso-moto\/wp-content\/uploads\/sites\/13\/2015\/06\/P5250125.jpg\" alt=\"\" width=\"816\" height=\"616\" \/><\/a><\/p>\n<p>&nbsp;<\/p>\n<p><a href=\"\/explorando-paraiso-moto\/wp-content\/uploads\/sites\/13\/2015\/06\/P5250128.jpg\"><img loading=\"lazy\" src=\"\/explorando-paraiso-moto\/wp-content\/uploads\/sites\/13\/2015\/06\/P5250128.jpg\" alt=\"\" width=\"816\" height=\"616\" \/><\/a><\/p>\n<p>&nbsp;<\/p>\n<p>Constru\u00edda bajo el reinado de Alfonso II (791-842). La iglesia es alabada por la Cr\u00f3nica de Alfonso III Rotense (a\u00f1o 883) \u201c&#8230;por su mucho arte y admirable disposici\u00f3n\u201d.<\/p>\n<p>Popularmente conocida como Santullano, formaba parte de una villa palatina suburbana de la que ya no quedan restos. Se construye entre los a\u00f1os 826 y 838. Estaba dedicada a los Santos Juli\u00e1n y Basilisa de Antioqu\u00eda que en Toledo recib\u00edan un culto importante.<\/p>\n<p>Su aspecto actual es fruto de una restauraci\u00f3n llevada a cabo entre 1912 y 1915 por Fortunato de Selgas. En ella se derribaron toda una serie de a\u00f1adidos que desvirtuaban el conjunto, son sustitu\u00eddas las b\u00f3vedas por cubiertas de madera y se reponen todas las celos\u00edas menos la del \u00e1bside norte que todav\u00eda se conservaba. Al levantar el encalado que recubr\u00eda los muros, encontr\u00f3 el conjunto de pinturas m\u00e1s importante del arte asturiano.<\/p>\n<p><em><strong>LA FONCALADA<\/strong><\/em><\/p>\n<p><a href=\"\/explorando-paraiso-moto\/wp-content\/uploads\/sites\/13\/2015\/06\/P1010142.jpg\"><img loading=\"lazy\" src=\"\/explorando-paraiso-moto\/wp-content\/uploads\/sites\/13\/2015\/06\/P1010142.jpg\" alt=\"\" width=\"816\" height=\"616\" \/><\/a><\/p>\n<p>&nbsp;<\/p>\n<p>La Foncalada se encuentra situada al NO de Oviedo, en la confluencia de la calle Gascona y calle Foncalada.<\/p>\n<p>Alfonso III la mand\u00f3 construir para proteger un manantial de agua potable que brotaba junto al antiguo camino que un\u00eda los palacios del Naranco y la ciudad de Oviedo. La menci\u00f3n m\u00e1s antigua de este monumento data del 1096: en una donaci\u00f3n de Alfonso VI a la catedral de Oviedo se cita &#8221; <em>Fonte incalata &#8220;<\/em>.<\/p>\n<p>En la fachada oriental est\u00e1 labrada una cruz de la victoria y, al lado, podemos leer: \u201cCon este signo se protege al piadoso. Con este signo se vence al enemigo\u201d. Y debajo: \u201cPon, Se\u00f1or, el signo de salvaci\u00f3n en esta fuente, para que no permitas la entrada del \u00e1ngel exterminador\u201d.<\/p>\n<p>&nbsp;<\/p>\n<p><em><strong>SANTA MARIA DE BENDONES<\/strong><\/em><\/p>\n<p><a href=\"\/explorando-paraiso-moto\/wp-content\/uploads\/sites\/13\/2015\/06\/IMG-20150610-WA0023.jpg\"><img loading=\"lazy\" src=\"\/explorando-paraiso-moto\/wp-content\/uploads\/sites\/13\/2015\/06\/IMG-20150610-WA0023.jpg\" alt=\"\" width=\"716\" height=\"541\" \/><\/a><\/p>\n<p>&nbsp;<\/p>\n<p><a href=\"\/explorando-paraiso-moto\/wp-content\/uploads\/sites\/13\/2015\/06\/IMG-20150610-WA0031.jpg\"><img loading=\"lazy\" src=\"\/explorando-paraiso-moto\/wp-content\/uploads\/sites\/13\/2015\/06\/IMG-20150610-WA0031.jpg\" alt=\"\" width=\"716\" height=\"541\" \/><\/a><\/p>\n<p>&nbsp;<\/p>\n<p>La iglesia de Santa Mar\u00eda de Bendones situada en el centro de la aldea Bendones, es un templo construido entre 792 y 842. No se conserva ning\u00fan documento en el que quede reflejado el a\u00f1o de su construcci\u00f3n, pero gracias a su estilo la podemos datar dentro de la \u00e9poca del reinado de Alfonso II de Asturias, debido a su gran similitud con otra obra prerrom\u00e1nica del municipio de Oviedo como es San Juli\u00e1n de los Prados.<\/p>\n<p>Destru\u00edda en 1936, e identificadas sus ruinas en 1954 por Joaqu\u00edn Manzanares, fue sometida a una pol\u00e9mica reconstrucci\u00f3n en 1958. El templo actual presenta una nave central \u00fanica, cabecera tripartita y n\u00e1rtex a los pies. Ante la iglesia, en su \u00e1ngulo suroeste, se ha reconstruido una torre campanario.<\/p>\n<p><em><strong>SAN PEDRO DE NORA<\/strong><\/em><\/p>\n<p><a href=\"\/explorando-paraiso-moto\/wp-content\/uploads\/sites\/13\/2015\/06\/P5250002.jpg\"><img loading=\"lazy\" src=\"\/explorando-paraiso-moto\/wp-content\/uploads\/sites\/13\/2015\/06\/P5250002.jpg\" alt=\"\" width=\"816\" height=\"616\" \/><\/a><\/p>\n<p>&nbsp;<\/p>\n<p><a href=\"\/explorando-paraiso-moto\/wp-content\/uploads\/sites\/13\/2015\/06\/P5250007.jpg\"><img loading=\"lazy\" src=\"\/explorando-paraiso-moto\/wp-content\/uploads\/sites\/13\/2015\/06\/P5250007.jpg\" alt=\"\" width=\"816\" height=\"616\" \/><\/a><\/p>\n<p>&nbsp;<\/p>\n<p><a href=\"\/explorando-paraiso-moto\/wp-content\/uploads\/sites\/13\/2015\/06\/SAN-PEDRO-DE-NORA.jpg\"><img loading=\"lazy\" src=\"\/explorando-paraiso-moto\/wp-content\/uploads\/sites\/13\/2015\/06\/SAN-PEDRO-DE-NORA.jpg\" alt=\"SAN PEDRO DE NORA\" width=\"716\" height=\"541\" \/><\/a><\/p>\n<p>&nbsp;<\/p>\n<p>San Pedro de Nora est\u00e1 situada en la margen derecha del r\u00edo Nora, en el municipio de Las Regueras. Fue construida durante el reinado de Alfonso II, aunque la primera constancia documental date del a\u00f1o 905.\u00a0\u00a0Fue declarada <strong>Monumento Nacional <\/strong>en 1931, incendiada durante Guerra Civil y reconstru\u00edda en la d\u00e9cada de los cincuenta. Durante esta \u00faltima restauraci\u00f3n se eliminaron todos los elementos que a lo largo de la historia se hab\u00edan ido a\u00f1adiendo a la estructura original y, sorprendentemente, se construy\u00f3 en las proximidades, a la manera de los <em>campanile<\/em>s italianos,\u00a0 una torre-campanario de la cual no existe constancia de que formara parte de la edificaci\u00f3n original.<\/p>\n<p>Su planta es de tipo basilical de tres naves con tres \u00e1bsides, formando un trapecio de 18m de largo, 13 de anchura en la fachada principal y 12 en la cabecera, que es plana con tres \u00e1bsides y con una ventana rectangular en cada \u00e1bside. Adem\u00e1s de estas tres ventanas, adinteladas con arco de descarga en ladrillo y protegidas por una celos\u00eda, en la planta superior de la cabecera existe otra ventana tr\u00edfora sobre una c\u00e1mara que, a semejanza de Santullano, existe encima del \u00e1bside central y que, como en aquella, tampoco ofrece ninguna comunicaci\u00f3n con el interior de la iglesia.<\/p>\n<p><strong><em>SAN TIRSO EL REAL<\/em><\/strong><\/p>\n<p><a href=\"\/explorando-paraiso-moto\/wp-content\/uploads\/sites\/13\/2015\/06\/P1010149.jpg\"><img loading=\"lazy\" src=\"\/explorando-paraiso-moto\/wp-content\/uploads\/sites\/13\/2015\/06\/P1010149.jpg\" alt=\"\" width=\"816\" height=\"616\" \/><\/a><\/p>\n<p>&nbsp;<\/p>\n<p><a href=\"\/explorando-paraiso-moto\/wp-content\/uploads\/sites\/13\/2015\/06\/P1010151.jpg\"><img loading=\"lazy\" src=\"\/explorando-paraiso-moto\/wp-content\/uploads\/sites\/13\/2015\/06\/P1010151.jpg\" alt=\"\" width=\"816\" height=\"616\" \/><\/a><\/p>\n<p>&nbsp;<\/p>\n<p>Iglesia edificada por Alfonso II (791-842) en Oviedo que, como relatan las Cr\u00f3nicas Asturianas y la Historia Silense, era de gran hermosura. Se levant\u00f3 pr\u00f3xima al Palacio Real y C\u00e1mara Santa y el conjunto catedralicio de la Bas\u00edlica de San Salvador y las iglesias de Santa Mar\u00eda y San Miguel. Detr\u00e1s de San Tirso sal\u00edan las calles que constitu\u00edan el resto de la ciudad.<\/p>\n<p>Tiene un ventanal ajimezado de tres huecos formados por tres arquillos semicirculares de ladrillo sobre cuatro peque\u00f1as columnas de m\u00e1rmol con capiteles de tipo romano, enmarcado por un alfiz formado por una moldura. La iglesia consta de tres naves separadas por pilares de secci\u00f3n cuadrada sobre los que apoyan arcos de medio punto y apuntados. La nave central se cubre con b\u00f3veda de arista nervada y de ca\u00f1\u00f3n con lunetos las laterales.<\/p>\n<p>&nbsp;<\/p>\n<p><strong><em>SANTA CRISTINA DE LENA<\/em><\/strong><\/p>\n<p><a href=\"\/explorando-paraiso-moto\/wp-content\/uploads\/sites\/13\/2015\/06\/IMG_5704.jpg\"><img loading=\"lazy\" src=\"\/explorando-paraiso-moto\/wp-content\/uploads\/sites\/13\/2015\/06\/IMG_5704.jpg\" alt=\"Santa cRistina de Lena\" width=\"916\" height=\"616\" \/><\/a><\/p>\n<p>&nbsp;<\/p>\n<p><a href=\"\/explorando-paraiso-moto\/wp-content\/uploads\/sites\/13\/2015\/06\/IMG_5629.jpg\"><img loading=\"lazy\" src=\"\/explorando-paraiso-moto\/wp-content\/uploads\/sites\/13\/2015\/06\/IMG_5629.jpg\" alt=\"Santa Cristina de Lena\" width=\"816\" height=\"549\" \/><\/a><\/p>\n<p>&nbsp;<\/p>\n<p><a href=\"\/explorando-paraiso-moto\/wp-content\/uploads\/sites\/13\/2015\/06\/IMG_5600.jpg\"><img loading=\"lazy\" src=\"\/explorando-paraiso-moto\/wp-content\/uploads\/sites\/13\/2015\/06\/IMG_5600.jpg\" alt=\"interior Santa CRistina de Lena\" width=\"816\" height=\"549\" \/><\/a><\/p>\n<p>&nbsp;<\/p>\n<p>Sobre una colina y en un paraje de gran belleza se alza Santa Cristina de Lena. Su dataci\u00f3n es compleja porque, misteriosamente, es un monumento olvidado por las cr\u00f3nicas y documentos altomedievales asturianos. Su advocaci\u00f3n original tampoco es segura. La primera menci\u00f3n que se hace de ella data de inicios del siglo XVII y es extra\u00f1a porque en Asturias se profesa un escaso culto a esta m\u00e1rtir.<\/p>\n<p>Est\u00e1, sin duda, relacionada con las obras del Naranco, aunque detecta mayor tosquedad ornamental.<\/p>\n<p>Pudo desarrollarse en \u00e9poca de Ramiro I (842-850) o en la de su sucesor Ordo\u00f1o I (850-866), pero siempre con posterioridad al maestro que crea el estilo ramirense.<\/p>\n<p>&nbsp;<\/p>\n<p><strong><em>SANTO ADRIANO DE TU\u00d1\u00d3N<\/em><\/strong><\/p>\n<p><a href=\"\/explorando-paraiso-moto\/wp-content\/uploads\/sites\/13\/2015\/06\/P5250014.jpg\"><img loading=\"lazy\" src=\"\/explorando-paraiso-moto\/wp-content\/uploads\/sites\/13\/2015\/06\/P5250014.jpg\" alt=\"\" width=\"816\" height=\"616\" \/><\/a><\/p>\n<p>&nbsp;<\/p>\n<p><a href=\"\/explorando-paraiso-moto\/wp-content\/uploads\/sites\/13\/2015\/06\/P5250020.jpg\"><img loading=\"lazy\" src=\"\/explorando-paraiso-moto\/wp-content\/uploads\/sites\/13\/2015\/06\/P5250020.jpg\" alt=\"\" width=\"816\" height=\"616\" \/><\/a><\/p>\n<p>&nbsp;<\/p>\n<p><a href=\"\/explorando-paraiso-moto\/wp-content\/uploads\/sites\/13\/2015\/06\/P5250023.jpg\"><img loading=\"lazy\" src=\"\/explorando-paraiso-moto\/wp-content\/uploads\/sites\/13\/2015\/06\/P5250023.jpg\" alt=\"\" width=\"816\" height=\"616\" \/><\/a><\/p>\n<p>&nbsp;<\/p>\n<p>Declarada Monumento Nacional en 1931, la iglesia prerrom\u00e1nica de Santo Adriano de Tu\u00f1\u00f3n fue fundada por Alfonso III el Magno y su esposa Jimena en el a\u00f1o 891, como parte integrante de un monasterio. En el a\u00f1o 1108 fue nuevamente consagrada, seg\u00fan se lee en una l\u00e1pida que se conserva encajada en el muro sur de la nave mayor. \u00a0Consta de una planta basilical de tres naves, cubiertas por techumbre de madera, sin nave de crucero, quiz\u00e1 por su escasa importancia, con tres \u00e1bsides cubiertos por b\u00f3vedas de ca\u00f1\u00f3n, formando una cabecera plana, y la habitual c\u00e1mara secreta encima del \u00e1bside central. Declarada Bien de Int\u00e9res Cultural el 4 de Junio de 1931 conserva las pinturas moz\u00e1rabes m\u00e1s antiguas conocidas hasta el momento.<\/p>\n<p>&nbsp;<\/p>\n<p><strong><em>SAN SALVADOR DE VALDEDI\u00d3S<\/em><\/strong><\/p>\n<p><a href=\"\/explorando-paraiso-moto\/wp-content\/uploads\/sites\/13\/2015\/06\/P6126659.jpg\"><img loading=\"lazy\" src=\"\/explorando-paraiso-moto\/wp-content\/uploads\/sites\/13\/2015\/06\/P6126659.jpg\" alt=\"\" width=\"816\" height=\"616\" \/><\/a><\/p>\n<p>&nbsp;<\/p>\n<p><a href=\"\/explorando-paraiso-moto\/wp-content\/uploads\/sites\/13\/2015\/06\/P6126653.jpg\"><img loading=\"lazy\" src=\"\/explorando-paraiso-moto\/wp-content\/uploads\/sites\/13\/2015\/06\/P6126653.jpg\" alt=\"\" width=\"816\" height=\"616\" \/><\/a><\/p>\n<p>&nbsp;<\/p>\n<p><a href=\"\/explorando-paraiso-moto\/wp-content\/uploads\/sites\/13\/2015\/06\/P6126626.jpg\"><img loading=\"lazy\" src=\"\/explorando-paraiso-moto\/wp-content\/uploads\/sites\/13\/2015\/06\/P6126626.jpg\" alt=\"\" width=\"541\" height=\"716\" \/><\/a><\/p>\n<p>&nbsp;<\/p>\n<p><a href=\"\/explorando-paraiso-moto\/wp-content\/uploads\/sites\/13\/2015\/06\/P6126663.jpg\"><img loading=\"lazy\" src=\"\/explorando-paraiso-moto\/wp-content\/uploads\/sites\/13\/2015\/06\/P6126663.jpg\" alt=\"\" width=\"816\" height=\"616\" \/><\/a><\/p>\n<p>&nbsp;<\/p>\n<p>Fue consagrada en el 893 por siete obispos, seg\u00fan reza la l\u00e1pida que se conserva en la capilla lateral sur. Se trata de un templo basilical de tres naves sin crucero separadas por cuatro tramos de arquer\u00edas de medio punto apoyadas sobre gruesos pilares. A ambos lados se adosa una dependencia (la norte reconstru\u00edda). Como pavimento se usa un <em>opus signinum<\/em>, t\u00edpico de la arquitectura asturiana. La gran altura que alcanza el edificio es debida a la situaci\u00f3n de una tribuna sobre el vest\u00edbulo. Est\u00e1 abovedada y ocupa todo el ancho de la nave central. Se la conoce como\u00a0&#8221; el Convent\u00edn&#8221;.<\/p>\n<p>Sobre el dintel de la puerta principal aparece una interesante inscripci\u00f3n:<\/p>\n<p><em>\u00ab\u00a1OH SALVADOR! SEA DEDICADO A TU NOMBRE ESTE SANTO TEMPLO \u2014 \u2014 Y TAMBIEN CUANTAS DONACIONES AQUI HEMOS CONSAGRADO CON AMOR \u2014 POR EL CONTRARIO, CUALQUIERA QUE TEMERARIAMENTE INTENTASE QUEBRANTAR MIS OFRENDAS \u2014 CAREZCA \u00a1OH CRISTO! DE TU LUZ Y TRAGUELO LA TIERRA \u2014 LA MENDICIDAD Y LA LEPRA SE APODEREN DE SU DESCENDENCIA\u00bb.<\/em><\/p>\n<p>&nbsp;<\/p>\n<p><strong><em>SAN SALVADOR DE PRIESCA<\/em><\/strong><\/p>\n<p><a href=\"\/explorando-paraiso-moto\/wp-content\/uploads\/sites\/13\/2015\/06\/P6126688.jpg\"><img loading=\"lazy\" src=\"\/explorando-paraiso-moto\/wp-content\/uploads\/sites\/13\/2015\/06\/P6126688.jpg\" alt=\"\" width=\"716\" height=\"541\" \/><\/a><\/p>\n<p>&nbsp;<\/p>\n<p><a href=\"\/explorando-paraiso-moto\/wp-content\/uploads\/sites\/13\/2015\/06\/P6126698.jpg\"><img loading=\"lazy\" src=\"\/explorando-paraiso-moto\/wp-content\/uploads\/sites\/13\/2015\/06\/P6126698.jpg\" alt=\"\" width=\"716\" height=\"541\" \/><\/a><\/p>\n<p>&nbsp;<\/p>\n<p><a href=\"\/explorando-paraiso-moto\/wp-content\/uploads\/sites\/13\/2015\/06\/P6126692.jpg\"><img loading=\"lazy\" src=\"\/explorando-paraiso-moto\/wp-content\/uploads\/sites\/13\/2015\/06\/P6126692.jpg\" alt=\"\" width=\"716\" height=\"541\" \/><\/a><\/p>\n<p>&nbsp;<\/p>\n<p>La iglesia de San Salvador se encuentra situada a escasos kil\u00f3metros del t\u00e9rmino municipal de Villaviciosa, en la localidad de Priesca. En el a\u00f1o 1913 fue declarada Monumento Nacional y, como consecuencia de ello, entre 1914 y 1924 sufri\u00f3 una desafortunada restauraci\u00f3n en la que se destruy\u00f3 la l\u00e1pida de consagraci\u00f3n del edificio. \u00c9sta se encontraba en el interior del templo, sobre una pilastra en el lado sur, frente al \u00e1bside central. Consta de tres naves de planta basilical cubiertas con armadura de madera vista, y los \u00e1bsides con b\u00f3veda de ca\u00f1\u00f3n, y adem\u00e1s de tres capillas orientadas al este, conservando en el interior pinturas murales con diversos motivos. Se considera, dentro del arte asturiano, el ejemplo m\u00e1s tard\u00edo de este estilo.<\/p>\n<p>&nbsp;<\/p>\n<p><strong><em>SANTIAGO DE GOBIENDES<\/em><\/strong><\/p>\n<p><a href=\"\/explorando-paraiso-moto\/wp-content\/uploads\/sites\/13\/2015\/06\/P6126674.jpg\"><img loading=\"lazy\" src=\"\/explorando-paraiso-moto\/wp-content\/uploads\/sites\/13\/2015\/06\/P6126674.jpg\" alt=\"\" width=\"716\" height=\"541\" \/><\/a><\/p>\n<p>&nbsp;<\/p>\n<p><a href=\"\/explorando-paraiso-moto\/wp-content\/uploads\/sites\/13\/2015\/06\/P6126672.jpg\"><img loading=\"lazy\" src=\"\/explorando-paraiso-moto\/wp-content\/uploads\/sites\/13\/2015\/06\/P6126672.jpg\" alt=\"\" width=\"816\" height=\"707\" \/><\/a><\/p>\n<p>&nbsp;<\/p>\n<p><a href=\"\/explorando-paraiso-moto\/wp-content\/uploads\/sites\/13\/2015\/06\/P6126677.jpg\"><img loading=\"lazy\" src=\"\/explorando-paraiso-moto\/wp-content\/uploads\/sites\/13\/2015\/06\/P6126677.jpg\" alt=\"\" width=\"716\" height=\"541\" \/><\/a><\/p>\n<p>&nbsp;<\/p>\n<p>La primera menci\u00f3n de la iglesia que se conoce es en una donaci\u00f3n que el rey Ordo\u00f1o II (914-924) realiza a la Catedral de Oviedo con fecha 8 de agosto de 921 (siglo X), por lo que se considera que su construcci\u00f3n se realizar\u00eda a finales del siglo IX, ya en la \u00faltima etapa del arte Prerrom\u00e1nico Asturiano. La iglesia tiene planta basilical de tres naves y cuatro tramos, la central m\u00e1s ancha y alta que las laterales. La separaci\u00f3n entre ellas se realiza por arcos de medio punto con dovelaje de ladrillo, que apoyan en capiteles imposta y pilares de secci\u00f3n cuadrada con basa moldurada. Sin embargo algunos de los pilares de los extremos de la cabecera y los pies son sustituidas por una columna de tradici\u00f3n corintia.<\/p>\n<p>Declarada Monumento Hist\u00f3rico-Art\u00edstico el 3 de junio de 1931 en los siglos XVIII y XIX sufri\u00f3 grandes transformaciones en las que se sustituy\u00f3 el \u00e1bside central por otro mucho mayor y de mayor altura que desfigura su aspecto exterior, se suprimieron las habitaciones laterales y se a\u00f1adieron la sacrist\u00eda, los p\u00f3rticos y la espada\u00f1a. Fue restaurada entre los a\u00f1os 1985 y 1987 por el Gobierno del Principado de Asturias.<\/p>\n<p>&nbsp;<\/p>\n<p><strong><em>IGLESIA DE SAN JUAN EVANGELISTA DE SANTIANES<\/em><\/strong><\/p>\n<p><a href=\"\/explorando-paraiso-moto\/wp-content\/uploads\/sites\/13\/2015\/06\/IMG_20150611_161604.jpg\"><img loading=\"lazy\" src=\"\/explorando-paraiso-moto\/wp-content\/uploads\/sites\/13\/2015\/06\/IMG_20150611_161604.jpg\" alt=\"\" width=\"716\" height=\"541\" \/><\/a><\/p>\n<p>&nbsp;<\/p>\n<p><a href=\"\/explorando-paraiso-moto\/wp-content\/uploads\/sites\/13\/2015\/06\/IMG_20150611_161723.jpg\"><img loading=\"lazy\" src=\"\/explorando-paraiso-moto\/wp-content\/uploads\/sites\/13\/2015\/06\/IMG_20150611_161723.jpg\" alt=\"\" width=\"766\" height=\"578\" \/><\/a><\/p>\n<p>&nbsp;<\/p>\n<p>Fue erigida por iniciativa del Rey Silo (774-783), tras el traslado de la corte desde Cangas de On\u00eds a Pravia, y concebida como iglesia palatina con funciones de pante\u00f3n real. La iglesia estar\u00eda enclavada en un lugar pr\u00f3ximo al conjunto palaciego del rey, cuya ubicaci\u00f3n no es posible determinar con exactitud, aunque parece que se construy\u00f3 sobre un edificio anterior del que no quedan trazas. A la muerte de Silo, tanto la iglesia como el palacio se convirtieron en la residencia dom\u00e9stica de la reina Adosinda.<\/p>\n<p>Declarada Bien de Inter\u00e9s Cultural, con categor\u00eda de Monumento Hist\u00f3rico-Art\u00edstico, el 3 de junio de 1931 a\u00a0lo largo de su historia ha sufrido varias intervenciones que hacen muy dif\u00edcil conocer su estructura original, la primera en 1637 con la sustituci\u00f3n de la cabecera; posteriormente, en el siglo XIX, se ampli\u00f3 del crucero y se reconstruy\u00f3 la fachada oeste.<\/p>\n<p>Entre 1975 y 1981 se llevaron a cabo excavaciones en la iglesia, y se efectu\u00f3 una completa restauraci\u00f3n dirigida por Jos\u00e9 Men\u00e9ndez-Pidal, con resultados muy discutidos.<\/p>\n<p>&nbsp;<\/p>\n<p><strong><em>C\u00c1MARA SANTA<\/em><\/strong><\/p>\n<p>Obra de Alfonso II el Casto, la C\u00e1mara Santa es el lugar en que el que se guardan los tesoros m\u00e1s valiosos de Asturias: la cruz de los \u00c1ngeles (s\u00edmbolo de la ciudad de Oviedo) y la Cruz de la Victoria s\u00edmbolo asturiano representado en la bandera. Aqu\u00ed se guarda adem\u00e1s el que se cree que es el Santo Sudario de Jesucristo.<\/p>\n<p>Es de planta rectangular y dos pisos, el inferior, llamado Capilla o Cripta de Santa Leocadia, se cubre con b\u00f3veda de ca\u00f1\u00f3n sobre plinto con toscos lunetos, y el superior,Capilla de San Miguel, est\u00e1 dividido en tres tramos, conservando la cabecera primitiva y el resto de la segunda mitad de siglo XII. Se cubre con b\u00f3veda de ca\u00f1\u00f3n reforzada por tres arcos fajones apoyados sobre seis columnas de piedra caliza, a las que est\u00e1n adosadas de dos en dos las estatuas de los doce Ap\u00f3stoles.<\/p>\n<p>Fue declarada Monumento Nacional y Patrimonio Mundial de la Humanidad por la UNESCO en 1998. El edificio se sit\u00faa de manera inmediata a la catedral ovetense, en su lado meridional, anexa a la Torre de San Miguel y al claustro del templo.<\/p>\n<p>&nbsp;<\/p>\n<p><strong><em>SAN ANDR\u00c9S DE BEDRI\u00d1ANA<\/em><\/strong><\/p>\n<p>Este templo, situado en la margen izquierda de la r\u00eda de Villaviciosa, conserva casi en su integridad la nave de un edificio prerrom\u00e1nico, identificada y documentada en los trabajos arqueol\u00f3gicos llevados a cabo en los a\u00f1os 2002 a 2004. Est\u00e1 formada por una nave \u00fanica rectangular, rematada por un \u00fanico \u00e1bside de planta cuadrada. Las ventanas son b\u00edforas, de caliza blanca, de decoraci\u00f3n similar, con una orla perimetral similando un falso alfiz; se han reproducido sus columnillas con capitel troncopiramidal liso. Su talla es similar a la de San Salvador de Valdedi\u00f3s.<\/p>\n<p>&nbsp;<\/p>\n<p><strong><em>SANTA MARIA DE ARBAZAL<\/em><\/strong><\/p>\n<p>Es un templo barroco de considerables dimensiones perteneciente al siglo XVII o XVIII, que vendr\u00eda a sustituir a una antigua construcci\u00f3n prerrom\u00e1nica del a\u00f1o 968 y puesta bajo la advocaci\u00f3n de San Saturnino.\u00a0La capilla\u00a0\u00a0se ha mantenido sin apenas alteraciones, tan s\u00f3lo la apertura de un vano en la pared sur y el derribo del frontispicio para anexarla a la iglesia moderna son las modificaciones que se realizaron.<\/p>\n<p>Se accede por un ramal que sale de la carretera AS-113, entre los Km 10 y 11, distando unos 10 Km. de Villaviciosa.<\/p>\n<p>&nbsp;<\/p>\n<p>&nbsp;<\/p>\n<p><em>Placa en las inmediaciones de San Juli\u00e1n de los Prados<\/em>.<\/p>\n<p><a href=\"\/explorando-paraiso-moto\/wp-content\/uploads\/sites\/13\/2015\/06\/P5250114.jpg\"><img loading=\"lazy\" src=\"\/explorando-paraiso-moto\/wp-content\/uploads\/sites\/13\/2015\/06\/P5250114.jpg\" alt=\"\" width=\"716\" height=\"541\" \/><\/a><\/p>\n<p>&nbsp;<\/p>\n<p>Un apasionante viaje por el Prerrom\u00e1nico Asturiano al cual quise acercarme con mi moto, como siempre hago en mis\u00a0rutas por nuestra tierrina.<\/p>\n<p>&nbsp;<\/p>\n<p><a href=\"\/explorando-paraiso-moto\/wp-content\/uploads\/sites\/13\/2015\/06\/IMG_20150525_104518.jpg\"><img loading=\"lazy\" src=\"\/explorando-paraiso-moto\/wp-content\/uploads\/sites\/13\/2015\/06\/IMG_20150525_104518.jpg\" alt=\"\" width=\"816\" height=\"616\" \/><\/a><\/p>\n<p>&nbsp;<\/p>\n<p><a href=\"\/explorando-paraiso-moto\/wp-content\/uploads\/sites\/13\/2015\/06\/IMG_20150525_104903.jpg\"><img loading=\"lazy\" src=\"\/explorando-paraiso-moto\/wp-content\/uploads\/sites\/13\/2015\/06\/IMG_20150525_104903.jpg\" alt=\"\" width=\"616\" height=\"466\" \/><\/a><\/p>\n<p>&nbsp;<\/p>\n<p>Centro de Interpretaci\u00f3n del Prerrom\u00e1nico Asturiano ubicado en las antiguas Escuelas del Naranco s\/n ( 902306600 ).<\/p>\n<p>&nbsp;<\/p>\n<p><a href=\"\/explorando-paraiso-moto\/wp-content\/uploads\/sites\/13\/2015\/06\/IMG_20150525_105036.jpg\"><img loading=\"lazy\" src=\"\/explorando-paraiso-moto\/wp-content\/uploads\/sites\/13\/2015\/06\/IMG_20150525_105036.jpg\" alt=\"\" width=\"616\" height=\"466\" \/><\/a><\/p>\n<p>&nbsp;<\/p>\n<p>Aula Did\u00e1ctica del Prerrom\u00e1nico de Lena en la antigua estaci\u00f3n de La Cobertoria ( Tfno.: 985 49 76 06 \/ 985 49 76 08 ).<\/p>\n<p>&nbsp;<\/p>\n<p><a href=\"\/explorando-paraiso-moto\/wp-content\/uploads\/sites\/13\/2015\/06\/P1010178.jpg\"><img loading=\"lazy\" src=\"\/explorando-paraiso-moto\/wp-content\/uploads\/sites\/13\/2015\/06\/P1010178.jpg\" alt=\"\" width=\"616\" height=\"466\" \/><\/a><\/p>\n<p>&nbsp;<\/p>\n<p>No necesitamos recorrer miles de kil\u00f3metros para encontrar\u00a0 aut\u00e9nticos tesoros porque estamos rodeados de ellos.\u00a0 El m\u00e1s grande se llama\u00a0 <em><strong>Asturias<\/strong><\/em>\u00a0 y como bien se dice&#8230; &#8220;Asturias s\u00f3lo hay una&#8221;. .\u00a0 Espero que os haya gustado. V\u00b4SSSSS.<\/p>\n<p>Para m\u00e1s informaci\u00f3n ( caracter\u00edsticas, horarios,\u00a0ubicaci\u00f3n..) \u00a0consultar los siguientes enlaces: <em><em><strong><a href=\"https:\/\/es-es.facebook.com\/TurismoAsturias\" target=\"_blank\" rel=\"external nofollow\">Turismo Asturias<\/a>,<\/strong><\/em><\/em><\/p>\n<p><em><strong><a href=\"https:\/\/es-es.facebook.com\/PrerromanicoAsturiano\" target=\"_blank\" rel=\"external nofollow\">Centro del Prerrom\u00e1nico Asturiano<\/a>.<\/strong><\/em><\/p>\n<!-- AddThis Advanced Settings generic via filter on the_content --><!-- AddThis Share Buttons generic via filter on the_content -->","protected":false},"excerpt":{"rendered":"<p>Este es mi peque\u00f1o grano de arena para promocionar un arte \u00fanico en el mundo y que, por suerte tenemos tan cercano: el Arte de la Monarqu\u00eda Asturiana declarado Patrimonio de la Humanidad por la UNESCO\u00a0en Diciembre de 1985. SANTA MARIA DEL NARANCO &nbsp;<!-- AddThis Advanced Settings generic via filter on get_the_excerpt --><!-- AddThis Share Buttons generic via filter on get_the_excerpt --><\/p>\n","protected":false},"author":14,"featured_media":5483,"comment_status":"open","ping_status":"closed","sticky":false,"template":"","format":"standard","meta":[],"categories":[75],"tags":[115,116,200,260,430,527,626,638,681,691,702,763,799,829,847,849,854,857,858,859,864,869,870,872,874,875,878,959],"_links":{"self":[{"href":"https:\/\/blogs.elcomercio.es\/explorando-paraiso-moto\/wp-json\/wp\/v2\/posts\/858"}],"collection":[{"href":"https:\/\/blogs.elcomercio.es\/explorando-paraiso-moto\/wp-json\/wp\/v2\/posts"}],"about":[{"href":"https:\/\/blogs.elcomercio.es\/explorando-paraiso-moto\/wp-json\/wp\/v2\/types\/post"}],"author":[{"embeddable":true,"href":"https:\/\/blogs.elcomercio.es\/explorando-paraiso-moto\/wp-json\/wp\/v2\/users\/14"}],"replies":[{"embeddable":true,"href":"https:\/\/blogs.elcomercio.es\/explorando-paraiso-moto\/wp-json\/wp\/v2\/comments?post=858"}],"version-history":[{"count":2,"href":"https:\/\/blogs.elcomercio.es\/explorando-paraiso-moto\/wp-json\/wp\/v2\/posts\/858\/revisions"}],"predecessor-version":[{"id":5482,"href":"https:\/\/blogs.elcomercio.es\/explorando-paraiso-moto\/wp-json\/wp\/v2\/posts\/858\/revisions\/5482"}],"wp:featuredmedia":[{"embeddable":true,"href":"https:\/\/blogs.elcomercio.es\/explorando-paraiso-moto\/wp-json\/wp\/v2\/media\/5483"}],"wp:attachment":[{"href":"https:\/\/blogs.elcomercio.es\/explorando-paraiso-moto\/wp-json\/wp\/v2\/media?parent=858"}],"wp:term":[{"taxonomy":"category","embeddable":true,"href":"https:\/\/blogs.elcomercio.es\/explorando-paraiso-moto\/wp-json\/wp\/v2\/categories?post=858"},{"taxonomy":"post_tag","embeddable":true,"href":"https:\/\/blogs.elcomercio.es\/explorando-paraiso-moto\/wp-json\/wp\/v2\/tags?post=858"}],"curies":[{"name":"wp","href":"https:\/\/api.w.org\/{rel}","templated":true}]}}