{"id":899,"date":"2016-10-05T21:01:44","date_gmt":"2016-10-05T19:01:44","guid":{"rendered":"http:\/\/blogs.elcomercio.es\/explorando-paraiso-moto\/?p=899"},"modified":"2016-10-05T21:01:44","modified_gmt":"2016-10-05T19:01:44","slug":"ruta-por-los-puertos-de-marabio","status":"publish","type":"post","link":"https:\/\/blogs.elcomercio.es\/explorando-paraiso-moto\/2016\/10\/05\/ruta-por-los-puertos-de-marabio\/","title":{"rendered":"Ruta por Los Puertos de Marabio"},"content":{"rendered":"<p>9:00 h de la ma\u00f1ana. El anunciado descenso de las temperaturas ha llegado. Procuro abrigarme bien y, aparte de la ropa t\u00e9rmica que llevo puesta, guardo en las maletas otro forro polar. Dicen que\u00a0&#8221; m\u00e1s vale prevenir &#8230;&#8221; Puede que no me haga falta pero la experiencia me ha ense\u00f1ado que, en estos casos, m\u00e1s vale que sobre a que falte.<\/p>\n<p>Esta ruta la hice para conocer un lugar paradis\u00edaco,\u00a0un Monumento Natural\u00a0 protegido por la existencia de un peculiar complejo k\u00e1rstico, formado por dolinas y valles ciegos que le dan un gran inter\u00e9s hidrogeol\u00f3gico y que \u00a0est\u00e1 incluido en el Paisaje Protegido del Pico Caldoveiro.<\/p>\n<p>&nbsp;<\/p>\n<p><a href=\"\/explorando-paraiso-moto\/wp-content\/uploads\/sites\/13\/2015\/06\/marabio-7.jpg\"><img loading=\"lazy\" src=\"\/explorando-paraiso-moto\/wp-content\/uploads\/sites\/13\/2015\/06\/marabio-7.jpg\" alt=\"\" width=\"866\" height=\"653\" \/><\/a><\/p>\n<p><!--more--><\/p>\n<p>&nbsp;<\/p>\n<p>En Caranga Baxu me encuentro esta peculiar se\u00f1alizaci\u00f3n.<\/p>\n<p>&nbsp;<\/p>\n<p><img loading=\"lazy\" src=\"\/explorando-paraiso-moto\/wp-content\/uploads\/sites\/13\/2015\/06\/marabio-2.jpg\" alt=\"\" width=\"816\" height=\"616\" \/><\/p>\n<p>&nbsp;<\/p>\n<p>Y al otro lado de la carretera..<\/p>\n<p>&nbsp;<\/p>\n<p><a href=\"\/explorando-paraiso-moto\/wp-content\/uploads\/sites\/13\/2015\/06\/marabio-3.jpg\"><img loading=\"lazy\" src=\"\/explorando-paraiso-moto\/wp-content\/uploads\/sites\/13\/2015\/06\/marabio-3.jpg\" alt=\"\" width=\"716\" height=\"541\" \/><\/a><\/p>\n<p>&nbsp;<\/p>\n<p>Muchos tramos de la ruta est\u00e1n acompa\u00f1ados por el\u00a0 recorrido paralelo de la <em><a href=\"http:\/\/www.sendadelosoaventura.com\/la-senda-del-oso\/\" target=\"_blank\" rel=\"external nofollow\">Senda del Oso<\/a><\/em>. Son frecuentes los carteles de advertencia &#8221; Peligro. Cruce Senda a 100 metros&#8221;.<\/p>\n<p>&nbsp;<\/p>\n<p><a href=\"\/explorando-paraiso-moto\/wp-content\/uploads\/sites\/13\/2015\/06\/marabio.jpg\"><img loading=\"lazy\" src=\"\/explorando-paraiso-moto\/wp-content\/uploads\/sites\/13\/2015\/06\/marabio.jpg\" alt=\"\" width=\"716\" height=\"541\" \/><\/a><\/p>\n<p>&nbsp;<\/p>\n<p>Desde Entrago (en Teverga ) empiezo un ascenso por una carretera en mal estado. Me separan 7 kil\u00f3metros\u00a0\u00a0de unas prader\u00edas inmensas, hoy nada vistosos sus colores por culpa de un cielo repleto de nubarrones que no tardar\u00e1n mucho en descargar. \u00a1Qu\u00e9 frio hace!.<\/p>\n<p>El ganado campa a sus anchas adue\u00f1\u00e1ndose no s\u00f3lo de los h\u00famedos prados sino tambi\u00e9n del peligroso asfalto. En mi cabeza, un \u00fanico estilo de conducci\u00f3n: MODO, EXTREMA SEGURIDAD. Mientras, las dejo pasar\u00a0&#8230;<\/p>\n<p>&nbsp;<\/p>\n<p><a href=\"\/explorando-paraiso-moto\/wp-content\/uploads\/sites\/13\/2015\/06\/marabio-4.jpg\"><img loading=\"lazy\" src=\"\/explorando-paraiso-moto\/wp-content\/uploads\/sites\/13\/2015\/06\/marabio-4.jpg\" alt=\"\" width=\"716\" height=\"541\" \/><\/a><\/p>\n<p>&nbsp;<\/p>\n<p>Y observo el para\u00edso.<\/p>\n<p>&nbsp;<\/p>\n<p><a href=\"\/explorando-paraiso-moto\/wp-content\/uploads\/sites\/13\/2015\/06\/marabio-6.jpg\"><img loading=\"lazy\" src=\"\/explorando-paraiso-moto\/wp-content\/uploads\/sites\/13\/2015\/06\/marabio-6.jpg\" alt=\"\" width=\"716\" height=\"541\" \/><\/a><\/p>\n<p>&nbsp;<\/p>\n<p>Caen las primeras gotas de lluvia&#8230;. Ser\u00e1 mejor que contin\u00fae antes de que empeore la situaci\u00f3n. \u00a1Qu\u00e9 lugar m\u00e1s bello !.<\/p>\n<p>&nbsp;<\/p>\n<p><a href=\"\/explorando-paraiso-moto\/wp-content\/uploads\/sites\/13\/2015\/06\/marabio-10.jpg\"><img loading=\"lazy\" src=\"\/explorando-paraiso-moto\/wp-content\/uploads\/sites\/13\/2015\/06\/marabio-10.jpg\" alt=\"\" width=\"816\" height=\"616\" \/><\/a><\/p>\n<p>&nbsp;<\/p>\n<p>&nbsp;<\/p>\n<p><a href=\"\/explorando-paraiso-moto\/wp-content\/uploads\/sites\/13\/2015\/06\/marabio-5.jpg\"><img loading=\"lazy\" src=\"\/explorando-paraiso-moto\/wp-content\/uploads\/sites\/13\/2015\/06\/marabio-5.jpg\" alt=\"\" width=\"816\" height=\"301\" \/><\/a><\/p>\n<p>&nbsp;<\/p>\n<p>Me acerco hasta la ermita de Santa Ana.<\/p>\n<p>&nbsp;<\/p>\n<p><a href=\"\/explorando-paraiso-moto\/wp-content\/uploads\/sites\/13\/2015\/06\/marabio-14.jpg\"><img loading=\"lazy\" src=\"\/explorando-paraiso-moto\/wp-content\/uploads\/sites\/13\/2015\/06\/marabio-14.jpg\" alt=\"\" width=\"616\" height=\"815\" \/><\/a><\/p>\n<p>&nbsp;<\/p>\n<p>&nbsp;<\/p>\n<p><a href=\"\/explorando-paraiso-moto\/wp-content\/uploads\/sites\/13\/2015\/06\/marabio-16.jpg\"><img loading=\"lazy\" src=\"\/explorando-paraiso-moto\/wp-content\/uploads\/sites\/13\/2015\/06\/marabio-16.jpg\" alt=\"\" width=\"616\" height=\"816\" \/><\/a><\/p>\n<p>&nbsp;<\/p>\n<p>&nbsp;<\/p>\n<p><a href=\"\/explorando-paraiso-moto\/wp-content\/uploads\/sites\/13\/2015\/06\/marabio-15.jpg\"><img loading=\"lazy\" src=\"\/explorando-paraiso-moto\/wp-content\/uploads\/sites\/13\/2015\/06\/marabio-15.jpg\" alt=\"\" width=\"616\" height=\"816\" \/><\/a><\/p>\n<p>&nbsp;<\/p>\n<p>Y desde el mirador&#8230;.<\/p>\n<p>&nbsp;<\/p>\n<p><a href=\"\/explorando-paraiso-moto\/wp-content\/uploads\/sites\/13\/2015\/06\/marabio-12.jpg\"><img loading=\"lazy\" src=\"\/explorando-paraiso-moto\/wp-content\/uploads\/sites\/13\/2015\/06\/marabio-12.jpg\" alt=\"\" width=\"816\" height=\"616\" \/><\/a><\/p>\n<p>&nbsp;<\/p>\n<p><a href=\"\/explorando-paraiso-moto\/wp-content\/uploads\/sites\/13\/2015\/06\/marabio-11.jpg\"><img loading=\"lazy\" src=\"\/explorando-paraiso-moto\/wp-content\/uploads\/sites\/13\/2015\/06\/marabio-11.jpg\" alt=\"\" width=\"816\" height=\"616\" \/><\/a><\/p>\n<p>&nbsp;<\/p>\n<p>Me apeno por el mal tiempo que hace.. No he escogido el mejor d\u00eda\u00a0para mi visita, aunque en Asturias\u00a0 a esto estamos m\u00e1s que acostumbrados y\u00a0estos colores de los que disfrutamos\u00a0 son un regalo.<\/p>\n<p>&nbsp;<\/p>\n<p><a href=\"\/explorando-paraiso-moto\/wp-content\/uploads\/sites\/13\/2015\/06\/marabio-9.jpg\"><img loading=\"lazy\" src=\"\/explorando-paraiso-moto\/wp-content\/uploads\/sites\/13\/2015\/06\/marabio-9.jpg\" alt=\"\" width=\"816\" height=\"616\" \/><\/a><\/p>\n<p>&nbsp;<\/p>\n<p><a href=\"\/explorando-paraiso-moto\/wp-content\/uploads\/sites\/13\/2015\/06\/marabio-19.jpg\"><img loading=\"lazy\" src=\"\/explorando-paraiso-moto\/wp-content\/uploads\/sites\/13\/2015\/06\/marabio-19.jpg\" alt=\"\" width=\"716\" height=\"541\" \/><\/a><\/p>\n<p>&nbsp;<\/p>\n<p><a href=\"\/explorando-paraiso-moto\/wp-content\/uploads\/sites\/13\/2015\/06\/marabio-13.jpg\"><img loading=\"lazy\" src=\"\/explorando-paraiso-moto\/wp-content\/uploads\/sites\/13\/2015\/06\/marabio-13.jpg\" alt=\"\" width=\"716\" height=\"949\" \/><\/a><\/p>\n<p>&nbsp;<\/p>\n<p><a href=\"\/explorando-paraiso-moto\/wp-content\/uploads\/sites\/13\/2015\/06\/marabio-17.jpg\"><img loading=\"lazy\" src=\"\/explorando-paraiso-moto\/wp-content\/uploads\/sites\/13\/2015\/06\/marabio-17.jpg\" alt=\"\" width=\"866\" height=\"653\" \/><\/a><\/p>\n<p>&nbsp;<\/p>\n<p>Desde este punto parten numerosas <em><a href=\"https:\/\/www.casasruralessendadeloso.com\/fr\/node\/70\" target=\"_blank\" rel=\"external nofollow\">rutas senderistas <\/a><\/em>que nos permitir\u00edan adentrarnos en el coraz\u00f3n del Marabio.<\/p>\n<p>Contin\u00fao ruta hacia el concejo de Yernes y Tameza. La carretera empeora\u00a0y tengo que ir esquivando\u00a0agujeros en el asfalto\u00a0en algunos tramos con el peligro de poder irme al suelo. No quise parar en esas zonas.<\/p>\n<p>&nbsp;<\/p>\n<p><a href=\"\/explorando-paraiso-moto\/wp-content\/uploads\/sites\/13\/2015\/06\/marabio-20.jpg\"><img loading=\"lazy\" src=\"\/explorando-paraiso-moto\/wp-content\/uploads\/sites\/13\/2015\/06\/marabio-20.jpg\" alt=\"\" width=\"716\" height=\"541\" \/><\/a><\/p>\n<p>&nbsp;<\/p>\n<p>Delante, a\u00fan me quedaba un buen trayecto y un paisaje impresionante.<\/p>\n<p>&nbsp;<\/p>\n<p><a href=\"\/explorando-paraiso-moto\/wp-content\/uploads\/sites\/13\/2015\/06\/marabio-21.jpg\"><img loading=\"lazy\" src=\"\/explorando-paraiso-moto\/wp-content\/uploads\/sites\/13\/2015\/06\/marabio-21.jpg\" alt=\"\" width=\"716\" height=\"541\" \/><\/a><\/p>\n<p>&nbsp;<\/p>\n<p>Y a mis espaldas,&#8230; \u00a1Qu\u00e9 puedo decir !.<\/p>\n<p>&nbsp;<\/p>\n<p><a href=\"\/explorando-paraiso-moto\/wp-content\/uploads\/sites\/13\/2015\/06\/marabio-22.jpg\"><img loading=\"lazy\" src=\"\/explorando-paraiso-moto\/wp-content\/uploads\/sites\/13\/2015\/06\/marabio-22.jpg\" alt=\"\" width=\"816\" height=\"310\" \/><\/a><\/p>\n<p>&nbsp;<\/p>\n<p>Una pesadilla de asfalto adornada por un dulce e inigualable tel\u00f3n de fondo.<\/p>\n<p>Hacia Tameza&#8230;.<\/p>\n<p>&nbsp;<\/p>\n<p><a href=\"\/explorando-paraiso-moto\/wp-content\/uploads\/sites\/13\/2015\/06\/marabio-23.jpg\"><img loading=\"lazy\" src=\"\/explorando-paraiso-moto\/wp-content\/uploads\/sites\/13\/2015\/06\/marabio-23.jpg\" alt=\"\" width=\"716\" height=\"541\" \/><\/a><\/p>\n<p>&nbsp;<\/p>\n<p>Ya en la AS-311 las condiciones mejoran pero, en contra, la carretera sigue siendo angosta y zig-zagueante y el amplio campo de visi\u00f3n que, por lo menos, disfrutaba en Marabio, ahora queda reducido . Afortunadamente, no me encontr\u00e9 con mucho tr\u00e1fico.<\/p>\n<p>En una de las curvas me cruzo con el cami\u00f3n de la basura que, por razones t\u00e9cnicas, tiene que abrirse para poder darla teniendo que ocupar el carril contrario en el que me encuentro. Una cautelosa conducci\u00f3n por parte de ambos, me permite reaccionar a tiempo lo cual convirti\u00f3 nuestro encuentro en uno m\u00e1s, sin sobresaltos\u00a0 ni incidencias.<\/p>\n<p>Un bonito rinc\u00f3n de la AS-311 conocido como la cueva de la Bocand\u00eda.<\/p>\n<p>&nbsp;<\/p>\n<p><a href=\"\/explorando-paraiso-moto\/wp-content\/uploads\/sites\/13\/2015\/06\/marabio-24.jpg\"><img loading=\"lazy\" src=\"\/explorando-paraiso-moto\/wp-content\/uploads\/sites\/13\/2015\/06\/marabio-24.jpg\" alt=\"\" width=\"716\" height=\"541\" \/><\/a><\/p>\n<p>&nbsp;<\/p>\n<p><a href=\"\/explorando-paraiso-moto\/wp-content\/uploads\/sites\/13\/2015\/06\/marabio-25.jpg\"><img loading=\"lazy\" src=\"\/explorando-paraiso-moto\/wp-content\/uploads\/sites\/13\/2015\/06\/marabio-25.jpg\" alt=\"\" width=\"716\" height=\"541\" \/><\/a><\/p>\n<p>&nbsp;<\/p>\n<p>Creo que \u00b4Trailera\u00b4 se lleva alg\u00fan recuerdo de Los Puertos de Marabio.<\/p>\n<p>&nbsp;<\/p>\n<p><a href=\"\/explorando-paraiso-moto\/wp-content\/uploads\/sites\/13\/2015\/06\/marabio-26.jpg\"><img loading=\"lazy\" src=\"\/explorando-paraiso-moto\/wp-content\/uploads\/sites\/13\/2015\/06\/marabio-26.jpg\" alt=\"\" width=\"716\" height=\"541\" \/><\/a><\/p>\n<p>&nbsp;<\/p>\n<p>Presencia de abundantes zonas h\u00famedas&#8230;<\/p>\n<p>&nbsp;<\/p>\n<p><a href=\"\/explorando-paraiso-moto\/wp-content\/uploads\/sites\/13\/2015\/06\/IMG_20150519_114113.jpg\"><img loading=\"lazy\" src=\"\/explorando-paraiso-moto\/wp-content\/uploads\/sites\/13\/2015\/06\/IMG_20150519_114113.jpg\" alt=\"\" width=\"766\" height=\"578\" \/><\/a><\/p>\n<p>&nbsp;<\/p>\n<p><a href=\"\/explorando-paraiso-moto\/wp-content\/uploads\/sites\/13\/2015\/06\/marabio-27.jpg\"><img loading=\"lazy\" src=\"\/explorando-paraiso-moto\/wp-content\/uploads\/sites\/13\/2015\/06\/marabio-27.jpg\" alt=\"\" width=\"516\" height=\"682\" \/><\/a><\/p>\n<p>&nbsp;<\/p>\n<p>A mi paso por Villanueva, a la cual tengo programada una visita en breve,\u00a0llama mi atenci\u00f3n su torre que se alza en el paisaje como enalteci\u00e9ndose y haci\u00e9ndose ver.<\/p>\n<p>Esta ha sido una ma\u00f1ana de las que yo llamo &#8220;muy bien aprovechadas&#8221;. Un lugar al que tendr\u00e9 que volver sin nubes, sin niebla, sin lluvia..<\/p>\n<p>Espero que os haya gustado. V\u00b4SSSS.<\/p>\n<p>&nbsp;<\/p>\n<p>Enlaces de inter\u00e9s:<a href=\"http:\/\/soniabarbosa.es\/\" target=\"_blank\" rel=\"external nofollow\"> www.soniabarbosa.es<\/a><\/p>\n<p>&nbsp;<\/p>\n<p>Agradecimientos a las colaboraciones de : <a href=\"https:\/\/www.facebook.com\/TriocarGijonAviles\/?fref=ts\" target=\"_blank\" rel=\"external nofollow\">BMW Triocar<\/a>, <a href=\"https:\/\/www.facebook.com\/motosgijon.slr\/?fref=ts\" target=\"_blank\" rel=\"external nofollow\">Motos Gij\u00f3n<\/a>, <a href=\"https:\/\/www.facebook.com\/motosgijon.slr\/?fref=ts\" target=\"_blank\" rel=\"external nofollow\">Dynamic Line,<\/a> <a href=\"https:\/\/www.facebook.com\/Neumaticos-Motoval-Oviedo-811068722322775\/?fref=ts\" target=\"_blank\" rel=\"external nofollow\">Neum\u00e1ticos motoval Oviedo.<\/a><\/p>\n<!-- AddThis Advanced Settings generic via filter on the_content --><!-- AddThis Share Buttons generic via filter on the_content -->","protected":false},"excerpt":{"rendered":"<p>9:00 h de la ma\u00f1ana. El anunciado descenso de las temperaturas ha llegado. Procuro abrigarme bien y, aparte de la ropa t\u00e9rmica que llevo puesta, guardo en las maletas otro forro polar. Dicen que\u00a0&#8221; m\u00e1s vale prevenir &#8230;&#8221; Puede que no me haga falta pero la experiencia me ha ense\u00f1ado que, en estos casos, m\u00e1s [&hellip;]<!-- AddThis Advanced Settings generic via filter on get_the_excerpt --><!-- AddThis Share Buttons generic via filter on get_the_excerpt --><\/p>\n","protected":false},"author":14,"featured_media":0,"comment_status":"open","ping_status":"closed","sticky":false,"template":"","format":"standard","meta":[],"categories":[59,81,88],"tags":[188,254,283,398,416,418,430,636,638,683,691,787,863,901,932,987,1041],"_links":{"self":[{"href":"https:\/\/blogs.elcomercio.es\/explorando-paraiso-moto\/wp-json\/wp\/v2\/posts\/899"}],"collection":[{"href":"https:\/\/blogs.elcomercio.es\/explorando-paraiso-moto\/wp-json\/wp\/v2\/posts"}],"about":[{"href":"https:\/\/blogs.elcomercio.es\/explorando-paraiso-moto\/wp-json\/wp\/v2\/types\/post"}],"author":[{"embeddable":true,"href":"https:\/\/blogs.elcomercio.es\/explorando-paraiso-moto\/wp-json\/wp\/v2\/users\/14"}],"replies":[{"embeddable":true,"href":"https:\/\/blogs.elcomercio.es\/explorando-paraiso-moto\/wp-json\/wp\/v2\/comments?post=899"}],"version-history":[{"count":0,"href":"https:\/\/blogs.elcomercio.es\/explorando-paraiso-moto\/wp-json\/wp\/v2\/posts\/899\/revisions"}],"wp:attachment":[{"href":"https:\/\/blogs.elcomercio.es\/explorando-paraiso-moto\/wp-json\/wp\/v2\/media?parent=899"}],"wp:term":[{"taxonomy":"category","embeddable":true,"href":"https:\/\/blogs.elcomercio.es\/explorando-paraiso-moto\/wp-json\/wp\/v2\/categories?post=899"},{"taxonomy":"post_tag","embeddable":true,"href":"https:\/\/blogs.elcomercio.es\/explorando-paraiso-moto\/wp-json\/wp\/v2\/tags?post=899"}],"curies":[{"name":"wp","href":"https:\/\/api.w.org\/{rel}","templated":true}]}}