{"id":1280,"date":"2019-03-04T21:51:58","date_gmt":"2019-03-04T20:51:58","guid":{"rendered":"https:\/\/blogs.elcomercio.es\/fonendoscopio\/?p=1280"},"modified":"2019-03-04T21:51:58","modified_gmt":"2019-03-04T20:51:58","slug":"el-insomnio-es-un-posible-factor-causal-de-la-cardiopatia-isquemica","status":"publish","type":"post","link":"https:\/\/blogs.elcomercio.es\/fonendoscopio\/2019\/03\/04\/el-insomnio-es-un-posible-factor-causal-de-la-cardiopatia-isquemica\/","title":{"rendered":"El insomnio es un posible factor causal de la cardiopat\u00eda isqu\u00e9mica"},"content":{"rendered":"<div class=\"new-article__content-cms\">\n<div class=\"content first-click-free__article-content--target\">\n<div class=\"wysiwyg\">\n<p>Un equipo internacional liderado por investigadores del Hospital General de Massachusetts (Estados Unidos) y la Escuela de Medicina de la Universidad de Exeter (Reino Unido) ha identificado 57 regiones gen\u00e9ticas asociadas a s\u00edntomas de insomnio. Su art\u00edculo, que tambi\u00e9n sugiere una relaci\u00f3n causal entre el insomnio y la cardiopat\u00eda isqu\u00e9mica, se publica en <em>Nature Genetics<\/em>.<\/p>\n<p>&#8220;Nuestros hallazgos confirman el papel de la gen\u00e9tica en los s\u00edntomas de insomnio y se extienden a los cuatro loci gen\u00e9ticos encontrados anteriormente para esta afecci\u00f3n&#8221;, dice la autora principal del art\u00edculo, Jacqueline M. Lane. &#8220;Todas estas regiones identificadas nos ayudan a comprender por qu\u00e9 algunas personas sufren insomnio, qu\u00e9 v\u00edas y sistemas se ven afectados y se\u00f1alan posibles nuevas dianas terap\u00e9uticas&#8221;, a\u00f1ade.<\/p>\n<div class=\"gcols block_ads top adgear_col-middle adgear_16-9\"><a href=\"https:\/\/static-blogs.elcomercio.es\/wp-content\/uploads\/sites\/22\/2019\/03\/insomnio.jpg\"><img loading=\"lazy\" class=\"size-full wp-image-1281 alignleft\" src=\"https:\/\/static-blogs.elcomercio.es\/wp-content\/uploads\/sites\/22\/2019\/03\/insomnio.jpg\" alt=\"insomnio\" width=\"271\" height=\"186\" \/><\/a>El insomnio afecta a alrededor del 10 al 20% de la poblaci\u00f3n, y estudios de gemelos y familiares han sugerido que se hereda aproximadamente un tercio del riesgo de insomnio. Aunque la evidencia ha sugerido que el insomnio incrementa el riesgo de trastornos de ansiedad, trastorno por consumo de alcohol, depresi\u00f3n mayor y enfermedad cardiometab\u00f3lica, se sabe poco acerca de los mecanismos involucrados.<\/div>\n<p>Un estudio de 2017 de <em>Nature Genetics<\/em> dirigido por Lane y Richa Saxena identific\u00f3 tres sitios gen\u00e9ticos asociados con s\u00edntomas de insomnio de los que informaron m\u00e1s de 112.500 participantes del Biobanco de Reino Unido. Para el estudio actual, el equipo analiz\u00f3 los datos de m\u00e1s de 450.000 participantes del Biobanco de Reino Unido, un 29% de los cuales informaron de s\u00edntomas de insomnio frecuentes.<\/p>\n<p>El an\u00e1lisis asoci\u00f3 57 sitios de genes con insomnio autoinformado, vinculaciones que no se vieron afectadas por factores de riesgo conocidos, como el estilo de vida, el consumo de cafe\u00edna, la depresi\u00f3n o el estr\u00e9s reciente. Las regiones gen\u00f3micas identificadas incluyen genes implicados en la prote\u00f3lisis mediada por ubiquitina -proceso mediante el cual las prote\u00ednas se etiquetan para su destrucci\u00f3n- y se expresan en varias regiones del cerebro, m\u00fasculos esquel\u00e9ticos y la gl\u00e1ndula suprarrenal.<\/p>\n<p>Aunque algunos de estos genes implican conexiones entre los s\u00edntomas del insomnio, el s\u00edndrome de las piernas inquietas y la enfermedad de las arterias coronarias, las regiones identificadas no inclu\u00edan genes de neurotransmisi\u00f3n que se sabe que est\u00e1n involucrados en la regulaci\u00f3n del sue\u00f1o.<\/p>\n<p>Para probar si los resultados del Biobanco de Reino Unido se generalizan a otras poblaciones, los autores analizaron datos del estudio HUNT, un an\u00e1lisis epidemiol\u00f3gico con sede en Noruega, y del Partners Biobank de Boston (Estados Unidos). Las comparaciones de 15.000 participantes del estudio HUNT que informaron de s\u00edntomas de insomnio con m\u00e1s de 47.600 controles y de 2.200 participantes de Partners Biobank con diagn\u00f3sticos cl\u00ednicos de insomnio con 14.240 controles confirmaron los hallazgos del Biobanco de Reino Unido.<\/p>\n<p>Los datos de un subconjunto de casi 85.000 participantes del Biobanco de Reino Unido que hab\u00edan usado dispositivos de detecci\u00f3n de movimiento llamados aceler\u00f3metros durante hasta siete d\u00edas sugirieron que las regiones de genes asociados con el insomnio redujeron la eficiencia del sue\u00f1o (una medida de la calidad del sue\u00f1o) y la duraci\u00f3n del sue\u00f1o, y elevaron de las variaciones diarias en la duraci\u00f3n del sue\u00f1o. Los factores gen\u00e9ticos compartidos ligados al insomnio y el s\u00edndrome de piernas inquietas respaldan el trabajo previo del equipo investigador y sugieren que el s\u00edndrome de piernas inquietas no diagnosticado puede ser la causa del insomnio en algunos pacientes.<\/p>\n<p>Una t\u00e9cnica de an\u00e1lisis llamada aleatorizaci\u00f3n mendeliana, que puede revelar si uno de los dos rasgos presentes en los individuos puede causar el otro, indic\u00f3 que el aumento de los s\u00edntomas de insomnio era causante de la enfermedad de la arteria coronaria -casi duplicando el riesgo-, s\u00edntomas de depresi\u00f3n y una sensaci\u00f3n reducida de bienestar. &#8220;El insomnio tiene un impacto realmente significativo en millones de personas en todo el mundo. Hace mucho que sabemos que existe un v\u00ednculo entre el insomnio y la enfermedad cr\u00f3nica. Ahora, nuestros hallazgos sugieren que la depresi\u00f3n y las enfermedades del coraz\u00f3n son en realidad el resultado de un insomnio persistente&#8221;, dice el coautor principal, Samuel Jones, de la Universidad de Exeter.<\/p>\n<p>Lane a\u00f1ade que &#8220;todas estas regiones identificadas son posibles nuevas dianas terap\u00e9uticas para el insomnio y 16 de estas regiones contienen dianas farmacol\u00f3gicas conocidas. Adem\u00e1s, las nuevas relaciones causales indican la utilidad potencial de las terapias para el insomnio como posibles tratamientos para la enfermedad de la arteria coronaria y la depresi\u00f3n&#8221;.<\/p>\n<p>El coautor principal Michael Weedon, de la Universidad de Exeter, apunta que &#8220;existen problemas con los tratamientos actuales para el insomnio, incluidos los problemas de accesibilidad, adicci\u00f3n y efectos secundarios. Esperamos que la comprensi\u00f3n m\u00e1s detallada de los procesos subyacentes involucrados en el insomnio allane el camino hacia tratamientos mejores y m\u00e1s personalizados, que a su vez podr\u00edan reducir el n\u00famero de personas que sufren de insomnio y mejorar la salud a largo plazo&#8221;.<\/p>\n<\/div>\n<\/div>\n<\/div>\n<!-- AddThis Advanced Settings generic via filter on the_content --><!-- AddThis Share Buttons generic via filter on the_content -->","protected":false},"excerpt":{"rendered":"<p>Un equipo internacional liderado por investigadores del Hospital General de Massachusetts (Estados Unidos) y la Escuela de Medicina de la Universidad de Exeter (Reino Unido) ha identificado 57 regiones gen\u00e9ticas asociadas a s\u00edntomas de insomnio. Su art\u00edculo, que tambi\u00e9n sugiere una relaci\u00f3n causal entre el insomnio y la cardiopat\u00eda isqu\u00e9mica, se publica en Nature Genetics. [&hellip;]<!-- AddThis Advanced Settings generic via filter on get_the_excerpt --><!-- AddThis Share Buttons generic via filter on get_the_excerpt --><\/p>\n","protected":false},"author":22,"featured_media":0,"comment_status":"open","ping_status":"closed","sticky":false,"template":"","format":"standard","meta":[],"categories":[2,3],"tags":[744,856],"_links":{"self":[{"href":"https:\/\/blogs.elcomercio.es\/fonendoscopio\/wp-json\/wp\/v2\/posts\/1280"}],"collection":[{"href":"https:\/\/blogs.elcomercio.es\/fonendoscopio\/wp-json\/wp\/v2\/posts"}],"about":[{"href":"https:\/\/blogs.elcomercio.es\/fonendoscopio\/wp-json\/wp\/v2\/types\/post"}],"author":[{"embeddable":true,"href":"https:\/\/blogs.elcomercio.es\/fonendoscopio\/wp-json\/wp\/v2\/users\/22"}],"replies":[{"embeddable":true,"href":"https:\/\/blogs.elcomercio.es\/fonendoscopio\/wp-json\/wp\/v2\/comments?post=1280"}],"version-history":[{"count":1,"href":"https:\/\/blogs.elcomercio.es\/fonendoscopio\/wp-json\/wp\/v2\/posts\/1280\/revisions"}],"predecessor-version":[{"id":1282,"href":"https:\/\/blogs.elcomercio.es\/fonendoscopio\/wp-json\/wp\/v2\/posts\/1280\/revisions\/1282"}],"wp:attachment":[{"href":"https:\/\/blogs.elcomercio.es\/fonendoscopio\/wp-json\/wp\/v2\/media?parent=1280"}],"wp:term":[{"taxonomy":"category","embeddable":true,"href":"https:\/\/blogs.elcomercio.es\/fonendoscopio\/wp-json\/wp\/v2\/categories?post=1280"},{"taxonomy":"post_tag","embeddable":true,"href":"https:\/\/blogs.elcomercio.es\/fonendoscopio\/wp-json\/wp\/v2\/tags?post=1280"}],"curies":[{"name":"wp","href":"https:\/\/api.w.org\/{rel}","templated":true}]}}