{"id":1286,"date":"2019-03-17T13:22:15","date_gmt":"2019-03-17T12:22:15","guid":{"rendered":"https:\/\/blogs.elcomercio.es\/fonendoscopio\/?p=1286"},"modified":"2019-03-17T13:28:26","modified_gmt":"2019-03-17T12:28:26","slug":"enfermedades-reumaticas-autoinmunes","status":"publish","type":"post","link":"https:\/\/blogs.elcomercio.es\/fonendoscopio\/2019\/03\/17\/enfermedades-reumaticas-autoinmunes\/","title":{"rendered":"Enfermedades Reum\u00e1ticas Autoinmunes"},"content":{"rendered":"<div class=\"new-article__content-cms\">\n<div class=\"content first-click-free__article-content--target\">\n<div class=\"wysiwyg\">\n<p>Alrededor de 120.000 espa\u00f1oles est\u00e1n afectados por el s\u00edndrome de Sj\u00f6gren y m\u00e1s de 75.000 por el lupus eritematoso sist\u00e9mico, seg\u00fan los datos del estudio de prevalencia de las enfermedades reum\u00e1ticas en poblaci\u00f3n adulta en Espa\u00f1a (EPISER 2016) de la Sociedad Espa\u00f1ola de Reumatolog\u00eda (SER).<\/p>\n<p>&#8220;La mayor\u00eda de las enfermedades autoinmunes sistem\u00e1ticas tienen inicialmente s\u00edntomas muy inespec\u00edficos por lo que son dif\u00edciles de identificar si no se est\u00e1 familiarizado con ellas&#8221;, ha asegurado Francisco Javier Navarro, presidente del Comit\u00e9 Local Organizador del VI Simposio de Enfermedades Autoinmunes Sist\u00e9micas.<a href=\"https:\/\/static-blogs.elcomercio.es\/wp-content\/uploads\/sites\/22\/2019\/03\/reumatismo.jpg\"><img loading=\"lazy\" class=\"size-medium wp-image-1287 alignleft\" src=\"https:\/\/static-blogs.elcomercio.es\/wp-content\/uploads\/sites\/22\/2019\/03\/reumatismo-300x132.jpg\" alt=\"reumatismo\" width=\"300\" height=\"132\" srcset=\"https:\/\/static-blogs.elcomercio.es\/wp-content\/uploads\/sites\/22\/2019\/03\/reumatismo-300x132.jpg 300w, https:\/\/static-blogs.elcomercio.es\/wp-content\/uploads\/sites\/22\/2019\/03\/reumatismo.jpg 338w\" sizes=\"(max-width: 300px) 100vw, 300px\" \/><\/a><\/p>\n<p>&#8220;Los s\u00edntomas suelen afectar al aparato locomotor, la capacidad funcional motriz del paciente y otros signos del estado general asociados a leves alteraciones anal\u00edticas&#8221;, explic\u00f3.<\/p>\n<div class=\"gcols block_ads top adgear_col-middle adgear_16-9\">\u00a0Entre las enfermedades autoinmunes sist\u00e9micas las m\u00e1s destacadas son el lupus eritematoso sist\u00e9mico (LES), el s\u00edndrome de Sj\u00f6gren, la esclerodermia, las miopat\u00edas inflamatorias, las vasculitis, la polimiositis y el s\u00edndrome antifosfolip\u00eddico. Entre sus causas se han descrito factores gen\u00e9ticos, hormonales, ambientales o agentes infecciosos.<\/div>\n<p>Es fundamental conseguir un diagn\u00f3stico precoz para evitar que el da\u00f1o se expanda hacia otros \u00f3rganos causando insuficiencia renal, alteraciones neurol\u00f3gicas persistentes, da\u00f1o pulmonar, card\u00edaco, etc.<\/p>\n<p>&#8220;Los conocimientos que est\u00e1n desarroll\u00e1ndose en el campo de la Inmunolog\u00eda e Inmunoterapia van a permitir en los pr\u00f3ximos a\u00f1os el control de estas EAS, que tienen una importante morbimortalidad&#8221;, declar\u00f3 el citado especialista.<\/p>\n<p>Esta jornada reuni\u00f3 a m\u00e1s de 300 especialistas en el Palacio de congresos de la localidad alicantina para debatir los avances cient\u00edficos m\u00e1s importantes sobre estas patolog\u00edas. Adem\u00e1s, se trataron otros procesos sist\u00e9micos como la enfermedad de Beh\u00e7et y su posible control evitando las graves secuelas que puede ocasionar a nivel neurol\u00f3gico y en las mucosas digestivas.<\/p>\n<p>Este a\u00f1o, la SER organiz\u00f3 en Elche Reumasalud 2019, un espacio que busc\u00f3 concienciar a la poblaci\u00f3n sobre estas enfermedades que afectan a uno de cada cuatro adultos en Espa\u00f1a.<\/p>\n<p>En este contexto, un equipo de reumat\u00f3logos dio una serie de consejos para prevenir estas dolencias, atenuar su dolor y hacer frente a sus s\u00edntomas. Adem\u00e1s, se pudo comprobar la utilidad de algunas pruebas como ecograf\u00edas o densitometr\u00edas.<\/p>\n<\/div>\n<\/div>\n<\/div>\n<!-- AddThis Advanced Settings generic via filter on the_content --><!-- AddThis Share Buttons generic via filter on the_content -->","protected":false},"excerpt":{"rendered":"<p>Alrededor de 120.000 espa\u00f1oles est\u00e1n afectados por el s\u00edndrome de Sj\u00f6gren y m\u00e1s de 75.000 por el lupus eritematoso sist\u00e9mico, seg\u00fan los datos del estudio de prevalencia de las enfermedades reum\u00e1ticas en poblaci\u00f3n adulta en Espa\u00f1a (EPISER 2016) de la Sociedad Espa\u00f1ola de Reumatolog\u00eda (SER). &#8220;La mayor\u00eda de las enfermedades autoinmunes sistem\u00e1ticas tienen inicialmente s\u00edntomas [&hellip;]<!-- AddThis Advanced Settings generic via filter on get_the_excerpt --><!-- AddThis Share Buttons generic via filter on get_the_excerpt --><\/p>\n","protected":false},"author":22,"featured_media":1287,"comment_status":"open","ping_status":"closed","sticky":false,"template":"","format":"standard","meta":[],"categories":[3],"tags":[858],"_links":{"self":[{"href":"https:\/\/blogs.elcomercio.es\/fonendoscopio\/wp-json\/wp\/v2\/posts\/1286"}],"collection":[{"href":"https:\/\/blogs.elcomercio.es\/fonendoscopio\/wp-json\/wp\/v2\/posts"}],"about":[{"href":"https:\/\/blogs.elcomercio.es\/fonendoscopio\/wp-json\/wp\/v2\/types\/post"}],"author":[{"embeddable":true,"href":"https:\/\/blogs.elcomercio.es\/fonendoscopio\/wp-json\/wp\/v2\/users\/22"}],"replies":[{"embeddable":true,"href":"https:\/\/blogs.elcomercio.es\/fonendoscopio\/wp-json\/wp\/v2\/comments?post=1286"}],"version-history":[{"count":1,"href":"https:\/\/blogs.elcomercio.es\/fonendoscopio\/wp-json\/wp\/v2\/posts\/1286\/revisions"}],"predecessor-version":[{"id":1288,"href":"https:\/\/blogs.elcomercio.es\/fonendoscopio\/wp-json\/wp\/v2\/posts\/1286\/revisions\/1288"}],"wp:featuredmedia":[{"embeddable":true,"href":"https:\/\/blogs.elcomercio.es\/fonendoscopio\/wp-json\/wp\/v2\/media\/1287"}],"wp:attachment":[{"href":"https:\/\/blogs.elcomercio.es\/fonendoscopio\/wp-json\/wp\/v2\/media?parent=1286"}],"wp:term":[{"taxonomy":"category","embeddable":true,"href":"https:\/\/blogs.elcomercio.es\/fonendoscopio\/wp-json\/wp\/v2\/categories?post=1286"},{"taxonomy":"post_tag","embeddable":true,"href":"https:\/\/blogs.elcomercio.es\/fonendoscopio\/wp-json\/wp\/v2\/tags?post=1286"}],"curies":[{"name":"wp","href":"https:\/\/api.w.org\/{rel}","templated":true}]}}