{"id":1291,"date":"2019-03-17T14:04:14","date_gmt":"2019-03-17T13:04:14","guid":{"rendered":"https:\/\/blogs.elcomercio.es\/fonendoscopio\/?p=1291"},"modified":"2019-03-17T14:04:14","modified_gmt":"2019-03-17T13:04:14","slug":"el-cancer-colorrectal-en-pacientes-con-inicio-temprano","status":"publish","type":"post","link":"https:\/\/blogs.elcomercio.es\/fonendoscopio\/2019\/03\/17\/el-cancer-colorrectal-en-pacientes-con-inicio-temprano\/","title":{"rendered":"El c\u00e1ncer colorrectal en pacientes con inicio temprano"},"content":{"rendered":"<p>Una nueva investigaci\u00f3n indica que el c\u00e1ncer colorrectal diagnosticado a una <strong>edad temprana<\/strong> tiene caracter\u00edsticas cl\u00ednicas y gen\u00e9ticas que son <strong>diferentes<\/strong> de las que se observan en el c\u00e1ncer colorrectal tradicional diagnosticado m\u00e1s adelante en la vida.<\/p>\n<p>Publicado en l\u00ednea en <a href=\"https:\/\/onlinelibrary.wiley.com\/doi\/abs\/10.1002\/cncr.31994\" target=\"_blank\" rel=\"external nofollow\">CANCER<\/a>, una revista revisada por pares de la American Cancer Society, el estudio tambi\u00e9n revel\u00f3 ciertas caracter\u00edsticas \u00fanicas en pacientes especialmente j\u00f3venes y en aquellos con condiciones predisponentes.<\/p>\n<div id=\"attachment_1292\" style=\"width: 310px\" class=\"wp-caption alignleft\"><a href=\"https:\/\/static-blogs.elcomercio.es\/wp-content\/uploads\/sites\/22\/2019\/03\/cancer-colorectal.jpg\"><img aria-describedby=\"caption-attachment-1292\" loading=\"lazy\" class=\"size-medium wp-image-1292\" src=\"https:\/\/static-blogs.elcomercio.es\/wp-content\/uploads\/sites\/22\/2019\/03\/cancer-colorectal-300x208.jpg\" alt=\"Untreated colorectal polyps can develop into colorectal cancer\" width=\"300\" height=\"208\" srcset=\"https:\/\/static-blogs.elcomercio.es\/wp-content\/uploads\/sites\/22\/2019\/03\/cancer-colorectal-300x208.jpg 300w, https:\/\/static-blogs.elcomercio.es\/wp-content\/uploads\/sites\/22\/2019\/03\/cancer-colorectal.jpg 650w\" sizes=\"(max-width: 300px) 100vw, 300px\" \/><\/a><p id=\"caption-attachment-1292\" class=\"wp-caption-text\">Untreated colorectal polyps can develop into colorectal cancer<\/p><\/div>\n<p>Las tasas de c\u00e1ncer colorrectal de aparici\u00f3n temprana han aumentado en las \u00faltimas dos d\u00e9cadas<\/p>\n<p>Aunque las tasas de incidencia y mortalidad del c\u00e1ncer colorrectal han disminuido en pacientes de 50 a\u00f1os o m\u00e1s, las tasas de c\u00e1ncer colorrectal de aparici\u00f3n temprana han aumentado en las \u00faltimas dos d\u00e9cadas.<\/p>\n<p>Para buscar diferencias entre el c\u00e1ncer colorrectal de aparici\u00f3n temprana y tard\u00eda, los investigadores del MD Anderson Cancer Center de la Universidad de Texas analizaron informaci\u00f3n sobre m\u00e1s de 36,000 pacientes de c\u00e1ncer colorrectal.<\/p>\n<p>Los investigadores descubrieron que los pacientes m\u00e1s j\u00f3venes ten\u00edan m\u00e1s probabilidades de tener ciertas <strong>mutaciones gen\u00e9ticas y ciertos subtipos de c\u00e1ncer <\/strong>colorrectal que los pacientes mayores.<\/p>\n<p>Adem\u00e1s, entre los pacientes con c\u00e1ncer colorrectal de inicio temprano, los pacientes muy j\u00f3venes (de 18 a 29 a\u00f1os de edad) eran \u00fanicos frente a los pacientes mayores (de 30 a 49 a\u00f1os de edad) en cuanto a las <strong>caracter\u00edsticas cl\u00ednicas y gen\u00e9ticas <\/strong>de su c\u00e1ncer.<\/p>\n<p>Del mismo modo, los pacientes con c\u00e1ncer colorrectal de inicio temprano que ten\u00edan <strong>condiciones predisponentes<\/strong>, como la enfermedad inflamatoria intestinal, ten\u00edan caracter\u00edsticas cl\u00ednicas y gen\u00e9ticas diferentes en comparaci\u00f3n con los pacientes sin condiciones predisponentes.<\/p>\n<p>&#8220;Necesitamos apreciar que existen <strong>subtipos biol\u00f3gicos<\/strong> \u00fanicos en pacientes j\u00f3venes que pueden afectar la forma en que se comportan sus c\u00e1nceres y pueden requerir un enfoque personalizado del tratamiento&#8221;, dijo el autor principal Jonathan Loree, MD. &#8220;En el futuro, se debe prestar especial atenci\u00f3n cl\u00ednica, y se deben realizar m\u00e1s investigaciones cient\u00edficas, tanto para pacientes muy j\u00f3venes con c\u00e1ncer colorrectal como para aquellos con afecciones m\u00e9dicas predisponentes&#8221;.<\/p>\n<p><strong>Marzo es el mes de la concientizaci\u00f3n sobre el c\u00e1ncer colorrectal.<\/strong><\/p>\n<!-- AddThis Advanced Settings generic via filter on the_content --><!-- AddThis Share Buttons generic via filter on the_content -->","protected":false},"excerpt":{"rendered":"<p>Una nueva investigaci\u00f3n indica que el c\u00e1ncer colorrectal diagnosticado a una edad temprana tiene caracter\u00edsticas cl\u00ednicas y gen\u00e9ticas que son diferentes de las que se observan en el c\u00e1ncer colorrectal tradicional diagnosticado m\u00e1s adelante en la vida. Publicado en l\u00ednea en CANCER, una revista revisada por pares de la American Cancer Society, el estudio tambi\u00e9n [&hellip;]<!-- AddThis Advanced Settings generic via filter on get_the_excerpt --><!-- AddThis Share Buttons generic via filter on get_the_excerpt --><\/p>\n","protected":false},"author":22,"featured_media":0,"comment_status":"open","ping_status":"closed","sticky":false,"template":"","format":"standard","meta":[],"categories":[3],"tags":[859],"_links":{"self":[{"href":"https:\/\/blogs.elcomercio.es\/fonendoscopio\/wp-json\/wp\/v2\/posts\/1291"}],"collection":[{"href":"https:\/\/blogs.elcomercio.es\/fonendoscopio\/wp-json\/wp\/v2\/posts"}],"about":[{"href":"https:\/\/blogs.elcomercio.es\/fonendoscopio\/wp-json\/wp\/v2\/types\/post"}],"author":[{"embeddable":true,"href":"https:\/\/blogs.elcomercio.es\/fonendoscopio\/wp-json\/wp\/v2\/users\/22"}],"replies":[{"embeddable":true,"href":"https:\/\/blogs.elcomercio.es\/fonendoscopio\/wp-json\/wp\/v2\/comments?post=1291"}],"version-history":[{"count":1,"href":"https:\/\/blogs.elcomercio.es\/fonendoscopio\/wp-json\/wp\/v2\/posts\/1291\/revisions"}],"predecessor-version":[{"id":1293,"href":"https:\/\/blogs.elcomercio.es\/fonendoscopio\/wp-json\/wp\/v2\/posts\/1291\/revisions\/1293"}],"wp:attachment":[{"href":"https:\/\/blogs.elcomercio.es\/fonendoscopio\/wp-json\/wp\/v2\/media?parent=1291"}],"wp:term":[{"taxonomy":"category","embeddable":true,"href":"https:\/\/blogs.elcomercio.es\/fonendoscopio\/wp-json\/wp\/v2\/categories?post=1291"},{"taxonomy":"post_tag","embeddable":true,"href":"https:\/\/blogs.elcomercio.es\/fonendoscopio\/wp-json\/wp\/v2\/tags?post=1291"}],"curies":[{"name":"wp","href":"https:\/\/api.w.org\/{rel}","templated":true}]}}