{"id":1766,"date":"2022-08-09T13:40:13","date_gmt":"2022-08-09T11:40:13","guid":{"rendered":"https:\/\/blogs.elcomercio.es\/fonendoscopio\/?p=1766"},"modified":"2022-08-10T11:08:56","modified_gmt":"2022-08-10T09:08:56","slug":"noticias-medicas-de-interes-verano-2022","status":"publish","type":"post","link":"https:\/\/blogs.elcomercio.es\/fonendoscopio\/2022\/08\/09\/noticias-medicas-de-interes-verano-2022\/","title":{"rendered":"Noticias M\u00e9dicas de inter\u00e9s . verano 2022"},"content":{"rendered":"<p>Una prueba no invasiva puede detectar el <strong>c\u00e1ncer colorrectal<\/strong> de aparici\u00f3n temprana <a href=\"https:\/\/www.univadis.es\/viewarticle\/una-prueba-no-invasiva-puede-detectar-el-cancer-colorrectal-de-aparicion-temprana\" rel=\"external nofollow\">https:\/\/www.univadis.es\/viewarticle\/una-prueba-no-invasiva-puede-detectar-el-cancer-colorrectal-de-aparicion-temprana<\/a><\/p>\n<h1 class=\"articulo_titulo\">El aislamiento social y la soledad aumentan la mortalidad cardiovascular<\/h1>\n<div class=\"articulo_copete\">El aislamiento social y la soledad aumentan el riesgo de muerte por infarto de miocardio y accidente cerebrovascular <a href=\"https:\/\/www.intramed.net\/contenidover.asp?contenidoid=101845\" rel=\"external nofollow\">https:\/\/www.intramed.net\/contenidover.asp?contenidoid=101845<\/a><\/div>\n<div><\/div>\n<div>\n<h1 class=\"articulo_titulo\">Uno<a href=\"https:\/\/static-blogs.elcomercio.es\/wp-content\/uploads\/sites\/22\/2019\/09\/depersion-en-jovenes.jpg\"><img loading=\"lazy\" class=\"size-medium wp-image-1398 alignleft\" src=\"https:\/\/static-blogs.elcomercio.es\/wp-content\/uploads\/sites\/22\/2019\/09\/depersion-en-jovenes-300x158.jpg\" alt=\"\" width=\"300\" height=\"158\" srcset=\"https:\/\/static-blogs.elcomercio.es\/wp-content\/uploads\/sites\/22\/2019\/09\/depersion-en-jovenes-300x158.jpg 300w, https:\/\/static-blogs.elcomercio.es\/wp-content\/uploads\/sites\/22\/2019\/09\/depersion-en-jovenes.jpg 309w\" sizes=\"(max-width: 300px) 100vw, 300px\" \/><\/a> de cada ocho pacientes con COVID-19 desarrolla s\u00edntomas prolongados<\/h1>\n<div class=\"articulo_copete\">Varios s\u00edntomas eran nuevos o m\u00e1s graves de tres a cinco meses despu\u00e9s de tener COVID-19. <a href=\"https:\/\/www.intramed.net\/contenidover.asp?contenidoid=101857\" rel=\"external nofollow\">https:\/\/www.intramed.net\/contenidover.asp?contenidoid=101857<\/a><\/div>\n<\/div>\n<div><\/div>\n<div>\n<h1 class=\"title\">10 puntos de la adaptaci\u00f3n espa\u00f1ola de las gu\u00edas de pr\u00e1ctica cl\u00ednica de <em>European Society of Cardiology<\/em> de 2021 <a href=\"https:\/\/espanol.medscape.com\/verarticulo\/5909491\" rel=\"external nofollow\">https:\/\/espanol.medscape.com\/verarticulo\/5909491<\/a><\/h1>\n<\/div>\n<!-- AddThis Advanced Settings generic via filter on the_content --><!-- AddThis Share Buttons generic via filter on the_content -->","protected":false},"excerpt":{"rendered":"<p>Una prueba no invasiva puede detectar el c\u00e1ncer colorrectal de aparici\u00f3n temprana https:\/\/www.univadis.es\/viewarticle\/una-prueba-no-invasiva-puede-detectar-el-cancer-colorrectal-de-aparicion-temprana El aislamiento social y la soledad aumentan la mortalidad cardiovascular El aislamiento social y la soledad aumentan el riesgo de muerte por infarto de miocardio y accidente cerebrovascular https:\/\/www.intramed.net\/contenidover.asp?contenidoid=101845 Uno de cada ocho pacientes con COVID-19 desarrolla s\u00edntomas prolongados Varios s\u00edntomas eran [&hellip;]<!-- AddThis Advanced Settings generic via filter on get_the_excerpt --><!-- AddThis Share Buttons generic via filter on get_the_excerpt --><\/p>\n","protected":false},"author":22,"featured_media":0,"comment_status":"open","ping_status":"closed","sticky":false,"template":"","format":"standard","meta":[],"categories":[3],"tags":[],"_links":{"self":[{"href":"https:\/\/blogs.elcomercio.es\/fonendoscopio\/wp-json\/wp\/v2\/posts\/1766"}],"collection":[{"href":"https:\/\/blogs.elcomercio.es\/fonendoscopio\/wp-json\/wp\/v2\/posts"}],"about":[{"href":"https:\/\/blogs.elcomercio.es\/fonendoscopio\/wp-json\/wp\/v2\/types\/post"}],"author":[{"embeddable":true,"href":"https:\/\/blogs.elcomercio.es\/fonendoscopio\/wp-json\/wp\/v2\/users\/22"}],"replies":[{"embeddable":true,"href":"https:\/\/blogs.elcomercio.es\/fonendoscopio\/wp-json\/wp\/v2\/comments?post=1766"}],"version-history":[{"count":2,"href":"https:\/\/blogs.elcomercio.es\/fonendoscopio\/wp-json\/wp\/v2\/posts\/1766\/revisions"}],"predecessor-version":[{"id":1768,"href":"https:\/\/blogs.elcomercio.es\/fonendoscopio\/wp-json\/wp\/v2\/posts\/1766\/revisions\/1768"}],"wp:attachment":[{"href":"https:\/\/blogs.elcomercio.es\/fonendoscopio\/wp-json\/wp\/v2\/media?parent=1766"}],"wp:term":[{"taxonomy":"category","embeddable":true,"href":"https:\/\/blogs.elcomercio.es\/fonendoscopio\/wp-json\/wp\/v2\/categories?post=1766"},{"taxonomy":"post_tag","embeddable":true,"href":"https:\/\/blogs.elcomercio.es\/fonendoscopio\/wp-json\/wp\/v2\/tags?post=1766"}],"curies":[{"name":"wp","href":"https:\/\/api.w.org\/{rel}","templated":true}]}}