{"id":1770,"date":"2022-10-29T21:56:13","date_gmt":"2022-10-29T19:56:13","guid":{"rendered":"https:\/\/blogs.elcomercio.es\/fonendoscopio\/?p=1770"},"modified":"2022-10-29T21:56:13","modified_gmt":"2022-10-29T19:56:13","slug":"las-enfermedades-cardiovasculares-se-relacionan-con-un-mayor-riesgo-de-cancer-de-pulmon","status":"publish","type":"post","link":"https:\/\/blogs.elcomercio.es\/fonendoscopio\/2022\/10\/29\/las-enfermedades-cardiovasculares-se-relacionan-con-un-mayor-riesgo-de-cancer-de-pulmon\/","title":{"rendered":"Las enfermedades cardiovasculares se relacionan con un mayor riesgo de c\u00e1ncer de pulm\u00f3n"},"content":{"rendered":"<div class=\"new-article__left-aside\">\n<div class=\"new-article__content\">\n<div class=\"new-article__content-cms\">\n<div class=\"content first-click-free__article-content--target\">\n<div class=\"wysiwyg\">\n<div class=\"article_visible_part\">\n<ul>\n<li>En un nuevo estudio m\u00e1s riguroso se hall\u00f3 que las enfermedades cardiovasculares se asocian con un 67\u00a0% m\u00e1s de riesgo de aparici\u00f3n de c\u00e1ncer de pulm\u00f3n y un 95\u00a0% m\u00e1s de riesgo de muerte por su causa. Este consist\u00eda en un estudio de cohortes emparejadas a nivel nacional de Dinamarca.<\/li>\n<li>En el estudio prospectivo y poblacional de cohortes se realiz\u00f3 el seguimiento de pacientes con enfermedades cardiovasculares durante un m\u00e1ximo de 42\u00a0a\u00f1os.<\/li>\n<li>El riesgo m\u00e1s elevado de c\u00e1ncer de pulm\u00f3n lo presentaban las personas con diagn\u00f3sticos de enfermedades cardiovasculares en la madurez (edad: &gt;40\u00a0a\u00f1os).<\/li>\n<\/ul>\n<\/div>\n<div class=\"article_hidden_part paywall\">\n<p><strong>Relevancia<\/strong><\/p>\n<ul>\n<li>Se desconoce el mecanismo detr\u00e1s de la asociaci\u00f3n entre las enfermedades cardiovasculares y el c\u00e1ncer de pulm\u00f3n, pero puede ser que en este participe la inflamaci\u00f3n cr\u00f3nica provocada por dichas enfermedades, pues se sabe que, con el tiempo, la inflamaci\u00f3n cr\u00f3nica favorece la aparici\u00f3n de c\u00e1ncer.<\/li>\n<li>Los autores del nuevo estudio animan a los profesionales sanitarios de atenci\u00f3n primaria a sopesar el cribado de c\u00e1ncer de pulm\u00f3n en el caso de las personas con nuevos diagn\u00f3sticos de enfermedades cardiovasculares en la madurez, la edad con el m\u00e1ximo riesgo de c\u00e1ncer de pulm\u00f3n.<\/li>\n<\/ul>\n<div class=\"block_ads landscape show\">\n<div id=\"ads-pos-520_30007315907136\" class=\"adUnit globalpromoadsunit es\">\n<div id=\"google_ads_iframe_\/4312434\/profnetwork\/univadis\/univadis.es_0__container__\"><a href=\"https:\/\/static-blogs.elcomercio.es\/wp-content\/uploads\/sites\/22\/2019\/02\/cancer-de-pulmon.jpg\"><img loading=\"lazy\" class=\"size-full wp-image-1244 alignleft\" src=\"https:\/\/static-blogs.elcomercio.es\/wp-content\/uploads\/sites\/22\/2019\/02\/cancer-de-pulmon.jpg\" alt=\"\" width=\"230\" height=\"230\" srcset=\"https:\/\/static-blogs.elcomercio.es\/wp-content\/uploads\/sites\/22\/2019\/02\/cancer-de-pulmon.jpg 230w, https:\/\/static-blogs.elcomercio.es\/wp-content\/uploads\/sites\/22\/2019\/02\/cancer-de-pulmon-150x150.jpg 150w\" sizes=\"(max-width: 230px) 100vw, 230px\" \/><\/a><\/div>\n<\/div>\n<\/div>\n<p><strong>Dise\u00f1o del estudio<\/strong><\/p>\n<ul>\n<li>Estudio prospectivo y poblacional de cohortes emparejadas a nivel nacional de todos los pacientes con nuevos diagn\u00f3sticos de enfermedades cardiovasculares (n=\u00a0306.285), emparejados por sexo y edad, cada uno, con 4\u00a0participantes de control sin enfermedades cardiovasculares (n=\u00a01.222.140) en Dinamarca.<\/li>\n<li>Los nuevos casos de enfermedades cardiovasculares se obtuvieron a trav\u00e9s del registro Danish National Patient Registry (1967-2006). Estas personas se consideraron la cohorte \u201ccon exposici\u00f3n\u201d, mientras que los participantes de control emparejados se consideraron la cohorte \u201csin exposici\u00f3n\u201d.<\/li>\n<li>Los criterios de valoraci\u00f3n principales fueron la incidencia de c\u00e1ncer de pulm\u00f3n y la mortalidad por su causa, de acuerdo con los registros Danish Cancer Registry y Danish Causes of Death Register.<\/li>\n<li>Los resultados se ajustaron por posibles factores de confusi\u00f3n, como la obesidad, la diabetes mellitus, el tabaquismo, los trastornos relacionados con el alcohol, la cohabitaci\u00f3n y el nivel educativo.<\/li>\n<li>Financiaci\u00f3n: Fondo de Dinamarca para la Investigaci\u00f3n Independiente, Uni\u00f3n N\u00f3rdica contra el C\u00e1ncer, entre otros.<\/li>\n<\/ul>\n<div id=\"browsi_adWrapper_ai_0_ati_1_rc_0\">\n<div id=\"browsi_adContainer_ai_0_ati_1_rc_0\" class=\"browsi_adContainer_ai_0_ati_1_rc_0\">\n<div class=\"inStreamAd browsiAd\">\n<div id=\"browsiAd_0\">\n<div id=\"google_ads_iframe_\/4312434\/profnetwork\/univadis\/univadis.es_6__container__\"><\/div>\n<\/div>\n<\/div>\n<\/div>\n<\/div>\n<p><strong>Resultados fundamentales<\/strong><\/p>\n<ul>\n<li>El seguimiento se hizo durante un m\u00e1ximo de 42\u00a0a\u00f1os, con una mediana de seguimiento de 10,2\u00a0a\u00f1os.<\/li>\n<li>En la poblaci\u00f3n con exposici\u00f3n apareci\u00f3 c\u00e1ncer de pulm\u00f3n en una tasa del 0,08\u00a0%, mientras que la tasa de aparici\u00f3n de la enfermedad en los participantes sin exposici\u00f3n fue del 0,04\u00a0%.<\/li>\n<li>Despu\u00e9s del ajuste por los factores de confusi\u00f3n, la diferencia entre las tasas se tradujo en un 67\u00a0% m\u00e1s de riesgo de c\u00e1ncer de pulm\u00f3n en los participantes con exposici\u00f3n que en aquellos sin exposici\u00f3n (hazard ratio [HR] ajustado: 1,67; intervalo de confianza 95\u00a0% [IC 95\u00a0%]: 1,42-1,96). El intervalo de confianza es el intervalo de valores entre los que se encuentra el HR, con solo un 5\u00a0% de probabilidades de error.<\/li>\n<li>El riesgo de mortalidad fue incluso mayor: los participantes con exposici\u00f3n presentaron, en comparaci\u00f3n con aquellos sin exposici\u00f3n, un aumento del riesgo de mortalidad por c\u00e1ncer de pulm\u00f3n del 95\u00a0% (HR ajustado: 1,95; IC 95\u00a0%: 1,50-2,55).<\/li>\n<li>La asociaci\u00f3n entre las enfermedades cardiovasculares y la incidencia de c\u00e1ncer de pulm\u00f3n fue patente en 3\u00a0subtipos principales de enfermedades cardiovasculares:\n<ul>\n<li>Las cardiopat\u00edas mostraron un aumento del riesgo del 93\u00a0% (HR ajustado: 1,93; IC 95\u00a0%: 1,30-2,85).<\/li>\n<li>Las vasculopat\u00edas mostraron un aumento del riesgo del 88\u00a0% (HR ajustado: 1,88; IC 95\u00a0%: 1,35-2,61).<\/li>\n<li>Las enfermedades hipertensivas mostraron un aumento del riesgo del 46\u00a0% (HR ajustado: 1,46; IC 95\u00a0%: 1,15-1,85).<\/li>\n<\/ul>\n<\/li>\n<li>La incidencia de c\u00e1ncer de pulm\u00f3n y la mortalidad por su causa parecieron incrementar con el aumento de la edad en el momento del diagn\u00f3stico de la enfermedad cardiovascular. El grupo de edad m\u00e1s avanzada (&gt;40\u00a0a\u00f1os) present\u00f3, de los participantes con exposici\u00f3n, el riesgo m\u00e1s elevado de incidencia de c\u00e1ncer de pulm\u00f3n (HR ajustado: 3,44; IC 95\u00a0%: 2,28-5,19) y de mortalidad por su causa (HR ajustado: 3,67; IC 95\u00a0%: 1,80-7,46) en comparaci\u00f3n con aquellos sin exposici\u00f3n.<\/li>\n<\/ul>\n<div id=\"browsi_adWrapper_ai_1_ati_1_rc_0\">\n<div id=\"browsi_adContainer_ai_1_ati_1_rc_0\" class=\"browsi_adContainer_ai_1_ati_1_rc_0\">\n<div class=\"inStreamAd browsiAd\">\n<div id=\"browsiAd_1\">\n<div id=\"google_ads_iframe_\/4312434\/profnetwork\/univadis\/univadis.es_7__container__\"><\/div>\n<\/div>\n<\/div>\n<\/div>\n<\/div>\n<p><strong>Limitaciones<\/strong><\/p>\n<ul>\n<li>Dise\u00f1o observacional.<\/li>\n<li>Posibilidad de confusi\u00f3n residual por factores sin controlar.<\/li>\n<\/ul>\n<\/div>\n<\/div>\n<\/div>\n<\/div>\n<\/div>\n<\/div>\n<aside class=\"new-article__aside\">\n<div class=\"block_ads square show\">\n<div id=\"ads-pos-122\" class=\"adUnit globalpromoadsunit es\">\n<div id=\"google_ads_iframe_\/4312434\/profnetwork\/univadis\/univadis.es_2__container__\"><\/div>\n<\/div>\n<\/div>\n<div class=\"related__article\">\n<div class=\"gcol-2 sm klp_filter_already_seen\">\n<header>\n<h2 class=\"header__title\">Temas relacionados<\/h2>\n<\/header>\n<article>\n<div class=\"content\">\n<ul>\n<li>J Am Heart Assoc de <i>Thurston RC et al.<\/i><\/li>\n<\/ul>\n<h4>El historial de maltrato infantil se relaciona con un riesgo un 65 % mayor de enfermedad cardiovascular en las mujeres<\/h4>\n<\/div>\n<\/article>\n<article>\n<div class=\"content\">\n<ul>\n<li>Clinical Summary de <i>Lu-Yao G &amp; al.<\/i><\/li>\n<\/ul>\n<h4>C\u00e1ncer de pr\u00f3stata: la enfermedad cardiovascular asociada se relaciona con una mayor mortalidad con TPA<\/h4>\n<\/div>\n<\/article>\n<article>\n<div class=\"content\">\n<ul>\n<li><\/li>\n<\/ul>\n<h4>Los aguacates se relacionan con un menor riesgo de enfermedad cardiovascular<\/h4>\n<\/div>\n<\/article>\n<\/div>\n<\/div>\n<div class=\"block_ads square show\">\n<div id=\"ads-pos-910\" class=\"adUnit globalpromoadsunit es\">\n<div id=\"google_ads_iframe_\/4312434\/profnetwork\/univadis\/univadis.es_3__container__\"><\/div>\n<\/div>\n<\/div>\n<\/aside>\n<!-- AddThis Advanced Settings generic via filter on the_content --><!-- AddThis Share Buttons generic via filter on the_content -->","protected":false},"excerpt":{"rendered":"<p>En un nuevo estudio m\u00e1s riguroso se hall\u00f3 que las enfermedades cardiovasculares se asocian con un 67\u00a0% m\u00e1s de riesgo de aparici\u00f3n de c\u00e1ncer de pulm\u00f3n y un 95\u00a0% m\u00e1s de riesgo de muerte por su causa. Este consist\u00eda en un estudio de cohortes emparejadas a nivel nacional de Dinamarca. En el estudio prospectivo y [&hellip;]<!-- AddThis Advanced Settings generic via filter on get_the_excerpt --><!-- AddThis Share Buttons generic via filter on get_the_excerpt --><\/p>\n","protected":false},"author":22,"featured_media":0,"comment_status":"open","ping_status":"closed","sticky":false,"template":"","format":"standard","meta":[],"categories":[1],"tags":[],"_links":{"self":[{"href":"https:\/\/blogs.elcomercio.es\/fonendoscopio\/wp-json\/wp\/v2\/posts\/1770"}],"collection":[{"href":"https:\/\/blogs.elcomercio.es\/fonendoscopio\/wp-json\/wp\/v2\/posts"}],"about":[{"href":"https:\/\/blogs.elcomercio.es\/fonendoscopio\/wp-json\/wp\/v2\/types\/post"}],"author":[{"embeddable":true,"href":"https:\/\/blogs.elcomercio.es\/fonendoscopio\/wp-json\/wp\/v2\/users\/22"}],"replies":[{"embeddable":true,"href":"https:\/\/blogs.elcomercio.es\/fonendoscopio\/wp-json\/wp\/v2\/comments?post=1770"}],"version-history":[{"count":1,"href":"https:\/\/blogs.elcomercio.es\/fonendoscopio\/wp-json\/wp\/v2\/posts\/1770\/revisions"}],"predecessor-version":[{"id":1771,"href":"https:\/\/blogs.elcomercio.es\/fonendoscopio\/wp-json\/wp\/v2\/posts\/1770\/revisions\/1771"}],"wp:attachment":[{"href":"https:\/\/blogs.elcomercio.es\/fonendoscopio\/wp-json\/wp\/v2\/media?parent=1770"}],"wp:term":[{"taxonomy":"category","embeddable":true,"href":"https:\/\/blogs.elcomercio.es\/fonendoscopio\/wp-json\/wp\/v2\/categories?post=1770"},{"taxonomy":"post_tag","embeddable":true,"href":"https:\/\/blogs.elcomercio.es\/fonendoscopio\/wp-json\/wp\/v2\/tags?post=1770"}],"curies":[{"name":"wp","href":"https:\/\/api.w.org\/{rel}","templated":true}]}}