{"id":1775,"date":"2023-03-22T20:37:53","date_gmt":"2023-03-22T19:37:53","guid":{"rendered":"https:\/\/blogs.elcomercio.es\/fonendoscopio\/?p=1775"},"modified":"2023-03-22T20:37:53","modified_gmt":"2023-03-22T19:37:53","slug":"asturpar-xxvii-congreso-oviedo","status":"publish","type":"post","link":"https:\/\/blogs.elcomercio.es\/fonendoscopio\/2023\/03\/22\/asturpar-xxvii-congreso-oviedo\/","title":{"rendered":"ASTURPAR  XXVII Congreso Oviedo"},"content":{"rendered":"<p>Con fechas 16 y 17 de Marzo del presenta a\u00f1o 2023, celebramos en el Palacio de Congresos de Oviedo el congreso anual de la Sociedad de Patologia Respiratoria de Asturias. Con aceptable participaci\u00f3n de los socios M\u00e9dicos especialistas y Enfermeras tuvieron lugar distintas y variadas comunicaciones y ponencias<\/p>\n<p>El primer d\u00eda se habl\u00f3 sobre : Crio EBUS, Gasometria y dolor durante la punci\u00f3n, Espirometrias t\u00e9cnica y realizaci\u00f3n, Auto CPAP, Infecci\u00f3n por Pneumocystis Jacovechi en pacientes\u00a0 con SARS Covid, Ecobroncoscopia en Carcinoma de pulm\u00f3n, Tuberculosis y EPOC, Hipertensi\u00f3n Pulmonar en EPID , Me\u00e1nica Pulmonar y Oscilometria,, Tuberculosis extrapulmonar, Tratamiento con Biol\u00f3gicos en el asma grave,\u00a0 Covid y disnea, Resistencia a la Rifampicina en Tuberculosis , EBUS para el diagn\u00f3stico de c\u00e1ncer de pulmon estadios N2 y N3 L. S Izdo. Marcadores tipo EGFR como dianas terap\u00e9uticas en c\u00e1ncer , Covid y EPOC.<\/p>\n<p>Mesas redondas sobre Neumonitis por Hipersensibilidad tipos fibr\u00f3tica y no fibr\u00f3tica inter\u00e9s del BAL ( linfocitosis) patron compatible en el TACAR, cuando hay progresion valorar antifibr\u00f3ticos e incluso transplante pulmonar. En la FPI ( patron NIU) reticular subpleural y panalizacion es suficiente para el diagn\u00f3tico, en la forma progresiva Nintedanib<\/p>\n<p>Una conferencia con base fisiol\u00f3gica investigadora vers\u00f3 sobre estiramiento celular , est\u00edmulo mec\u00e1nico y c\u00e9lulas senescentes.<\/p>\n<p>Dupilumab nuevo biol\u00f3gico en el tratamiento del asma grave se habl\u00f3 de marcadores T2 como el FeNo y la eosinofilia<\/p>\n<p>En la segunda jornada del Viernes\u00a0 las comunicaciones y ponencias versaron sobre ventilacion domiciliaria, tratamientos no habituales en TBC,\u00a0 Neumonias en SARS Covid, Ecografias en Obesidad, Capnografia subcut\u00e1nea, nuevo ytratamiento gen\u00e9tico en Fibrosis quistica, perfil de pacientes ingresados por asma\u00a0 durante la pandemia por Covid y otras<\/p>\n<p>Mesa redonda sobre el tiempo de espera en pacientes con c\u00e1ncer de pulmon desde que se sospecha hasta que se trata diferentes tiempos\u00a0 de los diferentes hospitales publicos asturianos, algunas variables como la disponibilidad de tecnolog\u00eda EBUS, PET TAC y oros fueron determinantes en el tiempo de demora. Se solicit\u00f3 a la directiva de la sociedad diera cuenta al SESPA a efectos de corregir y minimizar estos tiempos que el algunos hospitales eran de mas de 130 d\u00edas, se valor\u00f3 positivanente una consulta espec\u00edfica de Diagn\u00f3stico r\u00e1pido y preferente del c\u00e1ncer de pulm\u00f3n como la existente en el Hospital de Cabue\u00f1es en Gij\u00f3n, que por otra parte tenia el menor tiempo de demora desde el diagn\u00f3stico hasta la resolucion del prob\u00f1ema<\/p>\n<p>Durante la asamblea de la sociedad ASTURPAR se puso de manifiesto los testimonios de afecto y admiracion a <a href=\"https:\/\/static-blogs.elcomercio.es\/wp-content\/uploads\/sites\/22\/2018\/03\/asturpar.jpg\"><img loading=\"lazy\" class=\"size-full wp-image-1057 alignleft\" src=\"https:\/\/static-blogs.elcomercio.es\/wp-content\/uploads\/sites\/22\/2018\/03\/asturpar.jpg\" alt=\"\" width=\"200\" height=\"133\" \/><\/a>Jos\u00e9 Antonio Mosquera Pesta\u00f1a quien fue Jefe de Servicio de Neumologia del Instituto Nacional de Silicosis , durante m\u00e1s de cuarenta a\u00f1os fallecido de forma inesperada unos dias antes.<\/p>\n<!-- AddThis Advanced Settings generic via filter on the_content --><!-- AddThis Share Buttons generic via filter on the_content -->","protected":false},"excerpt":{"rendered":"<p>Con fechas 16 y 17 de Marzo del presenta a\u00f1o 2023, celebramos en el Palacio de Congresos de Oviedo el congreso anual de la Sociedad de Patologia Respiratoria de Asturias. Con aceptable participaci\u00f3n de los socios M\u00e9dicos especialistas y Enfermeras tuvieron lugar distintas y variadas comunicaciones y ponencias El primer d\u00eda se habl\u00f3 sobre : [&hellip;]<!-- AddThis Advanced Settings generic via filter on get_the_excerpt --><!-- AddThis Share Buttons generic via filter on get_the_excerpt --><\/p>\n","protected":false},"author":22,"featured_media":0,"comment_status":"open","ping_status":"closed","sticky":false,"template":"","format":"standard","meta":[],"categories":[3],"tags":[],"_links":{"self":[{"href":"https:\/\/blogs.elcomercio.es\/fonendoscopio\/wp-json\/wp\/v2\/posts\/1775"}],"collection":[{"href":"https:\/\/blogs.elcomercio.es\/fonendoscopio\/wp-json\/wp\/v2\/posts"}],"about":[{"href":"https:\/\/blogs.elcomercio.es\/fonendoscopio\/wp-json\/wp\/v2\/types\/post"}],"author":[{"embeddable":true,"href":"https:\/\/blogs.elcomercio.es\/fonendoscopio\/wp-json\/wp\/v2\/users\/22"}],"replies":[{"embeddable":true,"href":"https:\/\/blogs.elcomercio.es\/fonendoscopio\/wp-json\/wp\/v2\/comments?post=1775"}],"version-history":[{"count":2,"href":"https:\/\/blogs.elcomercio.es\/fonendoscopio\/wp-json\/wp\/v2\/posts\/1775\/revisions"}],"predecessor-version":[{"id":1777,"href":"https:\/\/blogs.elcomercio.es\/fonendoscopio\/wp-json\/wp\/v2\/posts\/1775\/revisions\/1777"}],"wp:attachment":[{"href":"https:\/\/blogs.elcomercio.es\/fonendoscopio\/wp-json\/wp\/v2\/media?parent=1775"}],"wp:term":[{"taxonomy":"category","embeddable":true,"href":"https:\/\/blogs.elcomercio.es\/fonendoscopio\/wp-json\/wp\/v2\/categories?post=1775"},{"taxonomy":"post_tag","embeddable":true,"href":"https:\/\/blogs.elcomercio.es\/fonendoscopio\/wp-json\/wp\/v2\/tags?post=1775"}],"curies":[{"name":"wp","href":"https:\/\/api.w.org\/{rel}","templated":true}]}}