{"id":431,"date":"2016-10-10T10:32:45","date_gmt":"2016-10-10T08:32:45","guid":{"rendered":"http:\/\/blogs.elcomercio.es\/fonendoscopio\/?p=431"},"modified":"2016-10-10T10:32:45","modified_gmt":"2016-10-10T08:32:45","slug":"campana-de-deteccion-precoz-y-prevencion-de-la-diabetes","status":"publish","type":"post","link":"https:\/\/blogs.elcomercio.es\/fonendoscopio\/2016\/10\/10\/campana-de-deteccion-precoz-y-prevencion-de-la-diabetes\/","title":{"rendered":"Campa\u00f1a de detecci\u00f3n precoz y prevenci\u00f3n de la diabetes"},"content":{"rendered":"<div>\n<p><strong>M\u00e1s del 45% de las personas con diabetes est\u00e1n por diagnosticar.<\/strong><\/p>\n<\/div>\n<p>La Socieda<a href=\"\/fonendoscopio\/wp-content\/uploads\/sites\/22\/2016\/10\/diabetes.jpg\"><img loading=\"lazy\" class=\"alignleft size-full wp-image-432\" src=\"\/fonendoscopio\/wp-content\/uploads\/sites\/22\/2016\/10\/diabetes.jpg\" alt=\"\" width=\"300\" height=\"168\" \/><\/a>d Espa\u00f1ola de M\u00e9dicos de Atenci\u00f3n Primaria (SEMERGEN) y la Federaci\u00f3n Espa\u00f1ola de Diabetes (FEDE) han firmado un convenio de colaboraci\u00f3n para poner en marcha una campa\u00f1a de detecci\u00f3n precoz y prevenci\u00f3n de la diabetes que pretende propiciar la mejor formaci\u00f3n de los profesionales de Atenci\u00f3n Primaria, as\u00ed como contribuir al apoyo y mejora de la educaci\u00f3n diabetol\u00f3gica dirigida a los pacientes con diabetes.<\/p>\n<p>El convenio, suscrito por los presidentes de ambas entidades, Jos\u00e9 Luis Llisterri (SEMERGEN), y Andoni Lorenzo (FEDE), pretende no solo beneficiar a los asociados de ambas entidades, sino tambi\u00e9n a las personas que atienden estos colectivos profesionales y a los pacientes con diabetes que no forman parte actualmente de ninguna asociaci\u00f3n.<\/p>\n<p>Seg\u00fan ha afirmado el presidente de FEDE, Andoni Lorenzo, &#8220;el acuerdo entre estas entidades va a permitir que se lleve a cabo una importante campa\u00f1a de detecci\u00f3n precoz y prevenci\u00f3n de la diabetes en el mes de noviembre, coincidiendo con la celebraci\u00f3n del D\u00eda Mundial de esta patolog\u00eda. Adem\u00e1s, se realizar\u00e1 una encuesta para conocer el grado de conocimiento de los pacientes sobre la dieta mediterr\u00e1nea&#8221;.<\/p>\n<p>&#8220;M\u00e1s del 45% de las personas con diabetes est\u00e1n por diagnosticar y en las fases iniciales ya se pueden desarrollar complicaciones micro o macrovasculares, de ah\u00ed la importancia de un diagn\u00f3stico y tratamiento precoz&#8221;, ha subrayado Jos\u00e9 Luis Llisterri, presidente de SEMERGEN.<\/p>\n<p>En este sentido, el Dr. Llisterri ha remarcado que &#8220;la Atenci\u00f3n Primaria es la mejor herramienta para la prevenci\u00f3n primaria de la diabetes por su accesibilidad, longitudinalidad, e implantaci\u00f3n en todo el territorio nacional&#8221;, y ha puesto de relieve la necesidad de impulsar convenios, &#8220;como el que acabamos de firmar con FEDE, para poner en marcha acciones formativas y de investigaci\u00f3n que ayuden al m\u00e9dico de Familia a mejorar la calidad de vida de estos pacientes&#8221;.<\/p>\n<p>Seg\u00fan datos proporcionados por FEDE, se calcula que la prevalencia de diabetes en Espa\u00f1a ronda los seis millones de personas, cifra que sigue aumentando, y se prev\u00e9 que en una d\u00e9cada se incremente un 55%. En el caso de la poblaci\u00f3n infantil, hay m\u00e1s de 10.000 ni\u00f1os espa\u00f1oles menores de 15 a\u00f1os afectados por diabetes mellitus tipo 1.<\/p>\n<!-- AddThis Advanced Settings generic via filter on the_content --><!-- AddThis Share Buttons generic via filter on the_content -->","protected":false},"excerpt":{"rendered":"<p>M\u00e1s del 45% de las personas con diabetes est\u00e1n por diagnosticar. La Sociedad Espa\u00f1ola de M\u00e9dicos de Atenci\u00f3n Primaria (SEMERGEN) y la Federaci\u00f3n Espa\u00f1ola de Diabetes (FEDE) han firmado un convenio de colaboraci\u00f3n para poner en marcha una campa\u00f1a de detecci\u00f3n precoz y prevenci\u00f3n de la diabetes que pretende propiciar la mejor formaci\u00f3n de los [&hellip;]<!-- AddThis Advanced Settings generic via filter on get_the_excerpt --><!-- AddThis Share Buttons generic via filter on get_the_excerpt --><\/p>\n","protected":false},"author":22,"featured_media":0,"comment_status":"open","ping_status":"closed","sticky":false,"template":"","format":"standard","meta":[],"categories":[2],"tags":[153,197,214,299,328,376,391,502],"_links":{"self":[{"href":"https:\/\/blogs.elcomercio.es\/fonendoscopio\/wp-json\/wp\/v2\/posts\/431"}],"collection":[{"href":"https:\/\/blogs.elcomercio.es\/fonendoscopio\/wp-json\/wp\/v2\/posts"}],"about":[{"href":"https:\/\/blogs.elcomercio.es\/fonendoscopio\/wp-json\/wp\/v2\/types\/post"}],"author":[{"embeddable":true,"href":"https:\/\/blogs.elcomercio.es\/fonendoscopio\/wp-json\/wp\/v2\/users\/22"}],"replies":[{"embeddable":true,"href":"https:\/\/blogs.elcomercio.es\/fonendoscopio\/wp-json\/wp\/v2\/comments?post=431"}],"version-history":[{"count":0,"href":"https:\/\/blogs.elcomercio.es\/fonendoscopio\/wp-json\/wp\/v2\/posts\/431\/revisions"}],"wp:attachment":[{"href":"https:\/\/blogs.elcomercio.es\/fonendoscopio\/wp-json\/wp\/v2\/media?parent=431"}],"wp:term":[{"taxonomy":"category","embeddable":true,"href":"https:\/\/blogs.elcomercio.es\/fonendoscopio\/wp-json\/wp\/v2\/categories?post=431"},{"taxonomy":"post_tag","embeddable":true,"href":"https:\/\/blogs.elcomercio.es\/fonendoscopio\/wp-json\/wp\/v2\/tags?post=431"}],"curies":[{"name":"wp","href":"https:\/\/api.w.org\/{rel}","templated":true}]}}