{"id":476,"date":"2016-11-25T19:58:38","date_gmt":"2016-11-25T18:58:38","guid":{"rendered":"http:\/\/blogs.elcomercio.es\/fonendoscopio\/?p=476"},"modified":"2016-11-25T19:58:38","modified_gmt":"2016-11-25T18:58:38","slug":"uso-de-cepillos-interdentales","status":"publish","type":"post","link":"https:\/\/blogs.elcomercio.es\/fonendoscopio\/2016\/11\/25\/uso-de-cepillos-interdentales\/","title":{"rendered":"Uso de Cepillos interdentales"},"content":{"rendered":"<p>Especialmente personas que llevan brackets u ortodoncia.<\/p>\n<p>Los brack<a href=\"\/fonendoscopio\/wp-content\/uploads\/sites\/22\/2016\/11\/cepillos-interdentales.gif\"><img loading=\"lazy\" class=\"alignleft size-full wp-image-477\" src=\"\/fonendoscopio\/wp-content\/uploads\/sites\/22\/2016\/11\/cepillos-interdentales.gif\" alt=\"\" width=\"160\" height=\"105\" \/><\/a>ets o frenillos dentales, m\u00e1s conocidos como &#8216;aparatos, son una de las herramientas utilizadas por la ortodoncia para modificar la posici\u00f3n de los dientes no s\u00f3lo por una cuesti\u00f3n est\u00e9tica, sino porque un mal posicionamiento puede ayudar a la aparici\u00f3n de enfermedades como la gingivitis, la periodontitis o la caries.<\/p>\n<p>Sin embargo, una vez colocada la ortodoncia, esto no significa que haya que descuidarla porque los brackets, por su forma, tienden a acumular restos de comida, por lo que la higiene dental de estos &#8216;aparatos&#8217; es fundamental para evitar desagradables consecuencias como la caries o el mal aliento.<\/p>\n<p>El Colegio de Dentistas de Santa Cruz de Tenerife recomienda a los pacientes con este tipo de tratamiento que extremen la higiene dental y se cepillen los dientes tras cada comida, con especial cuidado antes de acostarse, e incorporen el cepillo interdental a la hora de limpiar los brackets, ya que permiten acceder a zonas de contactos entre \u00e9stos y los dientes mejor que los tradicionales. Es precisamente esta \u00e1rea la que necesita una especial dedicaci\u00f3n a la hora del cepillado.<\/p>\n<p>En el caso de que dentro del tratamiento se usen tambi\u00e9n gomas o el\u00e1sticos, que complementa a los brackets y se suelen emplear para corregir una deficiente mordida del paciente, \u00e9stos deben ser retirados antes de la limpieza bucal y del empleo del hilo dental.<\/p>\n<p>En todo caso, el Colegio de Dentistas de Santa Cruz de Tenerife recomienda consultar con el odont\u00f3logo la forma m\u00e1s adecuada de realizar la higiene dental si se le ha aplicado una ortodoncia para despejar cualquier duda y recibir recomendaciones espec\u00edficas seg\u00fan el caso particular de cada tratamiento.<a href=\"\/fonendoscopio\/wp-content\/uploads\/sites\/22\/2016\/11\/cepillo-2.gif\"><img loading=\"lazy\" class=\"alignright size-full wp-image-478\" src=\"\/fonendoscopio\/wp-content\/uploads\/sites\/22\/2016\/11\/cepillo-2.gif\" alt=\"\" width=\"160\" height=\"105\" \/><\/a><\/p>\n<p>Cepillarse entre los dientes debe convertirse en una rutina diaria si queremos mantener la enc\u00eda sana, prevenir la inflamaci\u00f3n de enc\u00edas y la caries. Los cepillos interdentales tambi\u00e9n son \u00fatiles para la limpieza diaria de implantes y aparatos de ortodoncia.<\/p>\n<p>Use un cepillo interdental recto entre los dientes anteriores. Introduzca el cepillo cuidadosamente entre los dientes, sin forzarlo, al nivel de la enc\u00eda. Si no entra, cambie por un tama\u00f1o m\u00e1s fino. Mueva el cepillo en toda su longitud hacia dentro y hacia fuera un par de veces.<\/p>\n<p>Para acceder con m\u00e1s facilidad <strong>entre los dientes posteriores<\/strong>, si usa\u00a0un cepillo interdental TePe fino (tama\u00f1os: rosa, naranja, rojo o azul), puede c<a href=\"\/fonendoscopio\/wp-content\/uploads\/sites\/22\/2016\/11\/cepillo-11.gif\"><img loading=\"lazy\" class=\"alignleft size-full wp-image-480\" src=\"\/fonendoscopio\/wp-content\/uploads\/sites\/22\/2016\/11\/cepillo-11.gif\" alt=\"\" width=\"160\" height=\"105\" \/><\/a>urvar el cuello del mismo, aplicando un poco de presi\u00f3n con el dedo, como indica el dibujo.<\/p>\n<p>Para acceder con m\u00e1s facilidad entre los dientes posteriores, si usa\u00a0<strong>un cepillo interdental TePe m\u00e1s grueso (tama\u00f1os: amarillo, verde, morado, gris o negro)<\/strong>, puede curvar el alambre ligeramente. Para que le dure m\u00e1s el cepillo, evite enderezarlo ni curvarlo de nuevo con otro \u00e1ngulo.<\/p>\n<!-- AddThis Advanced Settings generic via filter on the_content --><!-- AddThis Share Buttons generic via filter on the_content -->","protected":false},"excerpt":{"rendered":"<p>Especialmente personas que llevan brackets u ortodoncia. Los brackets o frenillos dentales, m\u00e1s conocidos como &#8216;aparatos, son una de las herramientas utilizadas por la ortodoncia para modificar la posici\u00f3n de los dientes no s\u00f3lo por una cuesti\u00f3n est\u00e9tica, sino porque un mal posicionamiento puede ayudar a la aparici\u00f3n de enfermedades como la gingivitis, la periodontitis [&hellip;]<!-- AddThis Advanced Settings generic via filter on get_the_excerpt --><!-- AddThis Share Buttons generic via filter on get_the_excerpt --><\/p>\n","protected":false},"author":22,"featured_media":0,"comment_status":"open","ping_status":"closed","sticky":false,"template":"","format":"standard","meta":[],"categories":[2,3],"tags":[83,305],"_links":{"self":[{"href":"https:\/\/blogs.elcomercio.es\/fonendoscopio\/wp-json\/wp\/v2\/posts\/476"}],"collection":[{"href":"https:\/\/blogs.elcomercio.es\/fonendoscopio\/wp-json\/wp\/v2\/posts"}],"about":[{"href":"https:\/\/blogs.elcomercio.es\/fonendoscopio\/wp-json\/wp\/v2\/types\/post"}],"author":[{"embeddable":true,"href":"https:\/\/blogs.elcomercio.es\/fonendoscopio\/wp-json\/wp\/v2\/users\/22"}],"replies":[{"embeddable":true,"href":"https:\/\/blogs.elcomercio.es\/fonendoscopio\/wp-json\/wp\/v2\/comments?post=476"}],"version-history":[{"count":0,"href":"https:\/\/blogs.elcomercio.es\/fonendoscopio\/wp-json\/wp\/v2\/posts\/476\/revisions"}],"wp:attachment":[{"href":"https:\/\/blogs.elcomercio.es\/fonendoscopio\/wp-json\/wp\/v2\/media?parent=476"}],"wp:term":[{"taxonomy":"category","embeddable":true,"href":"https:\/\/blogs.elcomercio.es\/fonendoscopio\/wp-json\/wp\/v2\/categories?post=476"},{"taxonomy":"post_tag","embeddable":true,"href":"https:\/\/blogs.elcomercio.es\/fonendoscopio\/wp-json\/wp\/v2\/tags?post=476"}],"curies":[{"name":"wp","href":"https:\/\/api.w.org\/{rel}","templated":true}]}}