{"id":489,"date":"2016-12-03T13:55:04","date_gmt":"2016-12-03T12:55:04","guid":{"rendered":"http:\/\/blogs.elcomercio.es\/fonendoscopio\/?p=489"},"modified":"2016-12-03T13:55:04","modified_gmt":"2016-12-03T12:55:04","slug":"anuncio-de-una-nueva-ley-que-pretende-acabar-con-el-consumo-de-alcohol-en-menores","status":"publish","type":"post","link":"https:\/\/blogs.elcomercio.es\/fonendoscopio\/2016\/12\/03\/anuncio-de-una-nueva-ley-que-pretende-acabar-con-el-consumo-de-alcohol-en-menores\/","title":{"rendered":"Anuncio de una nueva Ley que pretende acabar con el consumo de alcohol en menores"},"content":{"rendered":"<div>\n<p>Para los menores, el alcohol es un producto sin riesgos, accesible y normalizado.<\/p>\n<\/div>\n<p>La ministra de Sanidad, Dolors Monserrat, ha anunciado que el Gobierno va a desarrollar un nueva Ley con la que pretende acabar con el consumo de alcohol en menores, ya que el Ejecutivo es consciente de que &#8220;hay que promover y adoptar medidas preventivas para reducir su dimensi\u00f3n<a href=\"\/fonendoscopio\/wp-content\/uploads\/sites\/22\/2016\/12\/botellones.jpg\"><img loading=\"lazy\" class=\"alignleft size-full wp-image-490\" src=\"\/fonendoscopio\/wp-content\/uploads\/sites\/22\/2016\/12\/botellones.jpg\" alt=\"\" width=\"321\" height=\"157\" srcset=\"https:\/\/static-blogs.elcomercio.es\/wp-content\/uploads\/sites\/22\/2016\/12\/botellones.jpg 321w, https:\/\/static-blogs.elcomercio.es\/wp-content\/uploads\/sites\/22\/2016\/12\/botellones-300x147.jpg 300w\" sizes=\"(max-width: 321px) 100vw, 321px\" \/><\/a> y garantizar la protecci\u00f3n de los menores&#8221;.<\/p>\n<p>&#8220;Queremos progresar con paso firme y decidido por el consumo cero en menores&#8221;, y, para ello, se ha comprometido a buscar el consenso con todas las administraciones p\u00fablicas, grupos pol\u00edticos, educadores, instituciones educativas, etc. para desarrollar una ley que &#8220;genere un efecto educativo&#8221; como el que consiguieron en la sociedad la Ley de violencia del g\u00e9nero, la ley contra el consumo de tabaco y la de seguridad vial que incorpor\u00f3 el carnet por puntos.<\/p>\n<p>En estos t\u00e9rminos se ha referido el Pleno del Congreso en respuesta a una interpelaci\u00f3n del Grupo Vasco, defendida por Joseba Andoni Agirretxea Urresti, sobre las medidas a adoptar para paliar el preocupante aumento del consumo de alcohol en menores.<\/p>\n<p>La ministra ha lamentado que, &#8220;para los menores, el alcohol es un producto sin riesgos, accesible y normalizado&#8221;, lo que &#8220;conlleva a mayor prevalencia de consumo y mayor riesgo de la salud&#8221;. Ante esta situaci\u00f3n ha manifestado que pondr\u00e1 todo su &#8220;empe\u00f1o&#8221; en conseguir el consenso y desarrollar una norma que &#8220;genere debate&#8221; y &#8220;pedagog\u00eda en la sociedad&#8221;.<\/p>\n<p>As\u00ed, ha avanzado que se estudiar\u00e1 para dicha norma elevar la edad de inicio del consumo del alcohol; reducir y limitar su acceso al alcohol; garantizar la salud de los menores y evitar que el consumo temprano comporte dependencia o adicci\u00f3n. Para ello se van a desarrollar iniciativas en los \u00e1mbitos de la prevenci\u00f3n y sensibilizaci\u00f3n.<\/p>\n<p>Bajo la premisa de que &#8220;la finalidad de la ley ser\u00e1 el objetivo com\u00fan de consumo cero entre los j\u00f3venes&#8221;, se trabajar\u00e1 la prevenci\u00f3n desde el apoyo de las familias. &#8220;La familia es imprescindible para conseguir la erradicaci\u00f3n del consumo del alcohol&#8221;, ha afirmado la ministra, que adem\u00e1s espera contar con el apoyo de las instituciones educativas; &#8220;aunque en ning\u00fan caso podemos pretender que la escuela sea un sustituto de la familia en la trasmisi\u00f3n de valores&#8221;, ha recordado.<\/p>\n<p>Un tercer \u00e1mbito en la prevenci\u00f3n se dedicar\u00e1 a buscar iniciativas alternativas dentro del tiempo de ocio y tiempo libre de los adolescentes. &#8220;Tenemos que plantear alternativas atractivas sin asociarlas al consumo del alcohol en los menores&#8221;, ha se\u00f1alado.<\/p>\n<p>Por otro lado, en el \u00e1mbito de la sensibilizaci\u00f3n, se ha mostrado convencida de que es importante abrir un debate &#8220;para que todos tomemos conciencia real del riesgo del consumo del alcohol por nuestros menores&#8221;; y, aqu\u00ed, espera involucrar a medios de comunicaci\u00f3n y redes sociales.<\/p>\n<p>&#8220;Esta ley pretende complementar la actual regulaci\u00f3n estatal, auton\u00f3mica y local sobre el acceso y consumo del alcohol entre los menores. La ley pretende completar el actual marco normativo de la Ley vigente sobre el acceso y venta del alcohol; consumo del alcohol en espacios p\u00fablicos y establecimiento de p\u00fablica concurrencia&#8221;, ha se\u00f1alado Montserrat.<\/p>\n<p>En su opini\u00f3n, &#8220;esto solo lo podemos hacer juntos con consenso, con acuerdo, con todas las Administraciones p\u00fablicas, todos los partidos pol\u00edticos, toda la sociedad cient\u00edfica, las asociaciones del tercer sector, los sectores productores y de distribuci\u00f3n, los padres y las madres, la sociedad y las escuelas. Estoy convencida de que si nos ponemos lo vamos a conseguir&#8221;.<\/p>\n<p>Asimismo, con el mismo objetivo, la ministra tambi\u00e9n ha se\u00f1alado que la posici\u00f3n espa\u00f1ola dentro de Europa ser\u00e1 defender una Estrategia Europea &#8220;de la que en este momento carecemos&#8221;; aprobar la estrategia Nacional de Drogas, que termina este a\u00f1o; y desarrollar en el marco de la Estrategia de Promoci\u00f3n de la Salud que se impulse el cribado de dependencia de alcohol en las consultas de Atenci\u00f3n Primaria.<\/p>\n<p>Durante su intervenci\u00f3n, el diputado vasco ha recordado que, aunque &#8220;pueden ser muchos m\u00e1s&#8221;, las estad\u00edsticas muestran que unos 5.000 j\u00f3venes son ingresados en hospitales al a\u00f1o por esta causa. A su juicio &#8220;el dato no es relevante&#8221;, lo importante es el &#8220;drama&#8221; en el que se ha convertido el consumo de alcohol en menores.<\/p>\n<p>Agirretxea Urresti ha destacado la ley de Adicciones desarrollada por el Departamento de Salud del Gobierno vasco, y ha echado en cara a la nueva ministra que el Gobierno no haya &#8220;hecho nada&#8221; durante estos a\u00f1os contra esta problem\u00e1tica.<\/p>\n<p>No obstante, el diputado ha terminado su intervenci\u00f3n dando su confianza al compromiso de la ministra y el Gobierno, y, por tanto, ha apoyado el desarrollo de esta nueva Ley, siempre que se respete &#8220;el \u00e1mbito competencial&#8221;.<\/p>\n<p>Antes de acabar su intervenci\u00f3n, la ministra le ha recordado que los j\u00f3venes del Pa\u00eds Vasco est\u00e1n entre los j\u00f3venes que antes se inician en el consumo del alcohol. As\u00ed, ha se\u00f1alado que es importante hacer &#8220;autocr\u00e1tica&#8221; para avanzar en la prevenci\u00f3n del consumo de alcohol.<\/p>\n<!-- AddThis Advanced Settings generic via filter on the_content --><!-- AddThis Share Buttons generic via filter on the_content -->","protected":false},"excerpt":{"rendered":"<p>Para los menores, el alcohol es un producto sin riesgos, accesible y normalizado. La ministra de Sanidad, Dolors Monserrat, ha anunciado que el Gobierno va a desarrollar un nueva Ley con la que pretende acabar con el consumo de alcohol en menores, ya que el Ejecutivo es consciente de que &#8220;hay que promover y adoptar [&hellip;]<!-- AddThis Advanced Settings generic via filter on get_the_excerpt --><!-- AddThis Share Buttons generic via filter on get_the_excerpt --><\/p>\n","protected":false},"author":22,"featured_media":0,"comment_status":"open","ping_status":"closed","sticky":false,"template":"","format":"standard","meta":[],"categories":[2],"tags":[22,128,382,396,499,585],"_links":{"self":[{"href":"https:\/\/blogs.elcomercio.es\/fonendoscopio\/wp-json\/wp\/v2\/posts\/489"}],"collection":[{"href":"https:\/\/blogs.elcomercio.es\/fonendoscopio\/wp-json\/wp\/v2\/posts"}],"about":[{"href":"https:\/\/blogs.elcomercio.es\/fonendoscopio\/wp-json\/wp\/v2\/types\/post"}],"author":[{"embeddable":true,"href":"https:\/\/blogs.elcomercio.es\/fonendoscopio\/wp-json\/wp\/v2\/users\/22"}],"replies":[{"embeddable":true,"href":"https:\/\/blogs.elcomercio.es\/fonendoscopio\/wp-json\/wp\/v2\/comments?post=489"}],"version-history":[{"count":0,"href":"https:\/\/blogs.elcomercio.es\/fonendoscopio\/wp-json\/wp\/v2\/posts\/489\/revisions"}],"wp:attachment":[{"href":"https:\/\/blogs.elcomercio.es\/fonendoscopio\/wp-json\/wp\/v2\/media?parent=489"}],"wp:term":[{"taxonomy":"category","embeddable":true,"href":"https:\/\/blogs.elcomercio.es\/fonendoscopio\/wp-json\/wp\/v2\/categories?post=489"},{"taxonomy":"post_tag","embeddable":true,"href":"https:\/\/blogs.elcomercio.es\/fonendoscopio\/wp-json\/wp\/v2\/tags?post=489"}],"curies":[{"name":"wp","href":"https:\/\/api.w.org\/{rel}","templated":true}]}}